{"id":8749,"date":"2020-08-31T09:19:08","date_gmt":"2020-08-31T09:19:08","guid":{"rendered":"https:\/\/www.valparaisocreativo.cl\/?p=5039"},"modified":"2021-12-25T19:27:31","modified_gmt":"2021-12-25T19:27:31","slug":"entrevista-a-octavio-spierccolli-y-su-proyecto-render-media","status":"publish","type":"post","link":"https:\/\/dev.antudigital.cl\/sites\/vc\/entrevista-a-octavio-spierccolli-y-su-proyecto-render-media\/","title":{"rendered":"Entrevista a Octavio Spierccolli y su proyecto Render Media"},"content":{"rendered":"<p>Octavio Spierccolli es comunicador audiovisual, actual mente tras <a href=\"https:\/\/rendermedia.io\/es\">Render Media<\/a>. Durante los \u00faltimos a\u00f1os comenz\u00f3 a profundizarse en tem\u00e1ticas relativas a innovaci\u00f3n y emprendimiento, buscando desde su \u00e1rea c\u00f3mo fortalecerse y competir con un producto que resaltara entre el resto. Una gran herramienta para el sector creativo que a\u00fan est\u00e1 gest\u00e1ndose.<\/p>\n<p>El a\u00f1o pasado se adjudic\u00f3 un fondo PRAE Corfo Regional 2019, lo que ha permitido avanzar en su proyecto que hoy est\u00e1 en fase de prototipo, y nos lleva a entrevistarlo hoy. <strong>Render Media\u00a0<\/strong>es una soluci\u00f3n digital, una plataforma para trabajos computarizados que pueden tardar horas en procesarse. Pero con esta herramienta, se agiliza mucho m\u00e1s esa espera.<\/p>\n<p class=\"p1\">\u201cMi proyecto Render Media se basa en poder dar m\u00e1s soluciones en el tiempo al trabajador de imagen audiovisual o cine, en que en su computador no puede renderizar, porque demora mucho y no tiene, finalmente, la capacidad t\u00e9cnica.\u00a0<b>Ac\u00e1 solucionamos eso a trav\u00e9s de una plataforma digital que se puede conectar v\u00eda<i>\u00a0online\u201d,<\/i>\u00a0indic\u00f3 el emprendedor.<\/b><\/p>\n<p><img fetchpriority=\"high\" decoding=\"async\" class=\"size-medium wp-image-5055\" src=\"https:\/\/www.valparaisocreativo.cl\/wp-content\/uploads\/2020\/08\/mockup-Rendermedia-300x222.jpg\" alt=\"\" width=\"300\" height=\"222\" \/><\/p>\n<p class=\"p1\">Render Media otorga una soluci\u00f3n en el \u00e1rea de creaci\u00f3n de composiciones digitales. Se necesita un equipo bastante potente para poder procesar piezas audiovisuales, por ejemplo. En estos procesos \u00abA veces se pierden recursos, todo se mide en horas de trabajo, lo que hace que los artistas digitales no sean tan competitivos para el mercado global\u00bb, comenta Octavio.<\/p>\n<p class=\"p1\">El comunicador observ\u00f3 esta situaci\u00f3n tambi\u00e9n al crear videos &#8211; es decir, no s\u00f3lo afecta a quienes trabajan meramente con producciones audiovisuales. \u00abTambi\u00e9n vi esta demora al crear videos. Trat\u00e9 de buscar soluciones para mi problema, y nos dimos cuenta que pod\u00edamos hacer procesamiento online y disminuir los tiempos e trabajo. Es un \u00e1rea muy t\u00e9cnica\u00bb.<\/p>\n<p>A trav\u00e9s de esta iniciativa, se pueden activar procesos de renderizaci\u00f3n simult\u00e1neos. Octavio comenta que se trata de \u00abAligerar la carga de un trabajador digital como un editor o dise\u00f1ador gr\u00e1fico o industrial, para quienes deben hacer composiciones de render. Damos una herramienta para que solamente piensen en invertir en capacitarse y tener un computador asequible para no gastar en eso y nosotros hacemos el resto\u00bb.<\/p>\n<p class=\"p1\"><strong>\u00bfC\u00f3mo comenz\u00f3 esta idea?<\/strong><\/p>\n<p class=\"p1\">&#8211; Empec\u00e9 a involucrarme en el emprendimiento de emprendimiento e innovaci\u00f3n participando e algunos concursos. Ten\u00eda algo de investigaci\u00f3n, conexiones con mucho artista digital extranjero a trav\u00e9s de LinkedIn<i>. <\/i>Y empec\u00e9 a crear el proyecto, y paralelo yo trabajaba con la productora Audiovisual EcoSims. Muchas empresas que hacen <em>render<\/em>, lo que llamamos como composici\u00f3n y su proceso final. Eso depende de la capacidad t\u00e9cnica que tenga tu computador.<\/p>\n<p><strong><img decoding=\"async\" class=\"alignleft size-medium wp-image-5054\" src=\"https:\/\/www.valparaisocreativo.cl\/wp-content\/uploads\/2020\/08\/IMG_20200309_113021-660x330-1-300x150.jpg\" alt=\"\" width=\"300\" height=\"150\" \/>\u00bfC\u00f3mo te fuiste relacionando con el emprendimiento?<\/strong><\/p>\n<p class=\"p1\">&#8211; Particip\u00e9 en varios concursos, estaba en un proceso de incubaci\u00f3n y pas\u00e9 al Instituto 3iE USM. Ahora gan\u00e9 el Semilla, lo que me permiti\u00f3 contratar un equipo de programadores, de dise\u00f1o, que genera una plataforma bastante funcional que cualquier artista puede usar y que le llegue en muy poco tiempo.<\/p>\n<p><strong>\u00bfC\u00f3mo ha sido el proceso y cu\u00e1les son sus proyecciones locales, cu\u00e1l es tu observaci\u00f3n del p\u00fablico?<\/strong><\/p>\n<p class=\"p1\">&#8211; Ha sido un ensayo y error. Con respecto a lo otro, el mercado est\u00e1 en Estados Unidos. En Latinoam\u00e9rica se lo lleva en Brasil, o China, pero en Chile los estudios de Render no existen. Estamos fuera del \u00e1rea de inter\u00e9s. Pero hay muchas escuelas ligadas a la imagen en el pa\u00eds, en quienes enfocamos nuestra soluci\u00f3n, pues otras p\u00e1ginas o soluciones similares est\u00e1n muy en la noci\u00f3n inform\u00e1tica, por su lenguaje o forma de uso, y nosotros lo hicimos amigable, ligado al Dise\u00f1o UX.<\/p>\n<p class=\"p1\"><strong>\u00bfQu\u00e9 m\u00e1s rescatas de participar en instancias ligadas al emprendimiento?<\/strong><\/p>\n<p>&#8211; Me sirvi\u00f3 para adquirir experiencias de otros emprendedores y definir c\u00f3mo entrar al mercado. Hoy nos mostramos como un proyecto, estamos en proceso, y nuestro desaf\u00edo es llevar esta soluci\u00f3n que ya est\u00e1 hecha a la escala un poco m\u00e1s global, pues es una necesidad m\u00e1s internacional de lo que uno podr\u00eda pensar. <strong>En soluciones de <em>cloudrendering<\/em> somos pioneros en Chile<\/strong>, ya que algunas iniciativas similares lo centran en implementaci\u00f3n propia, por ejemplo, lo que involucra mucho costo del usuario.<\/p>\n<p><strong>\u00bfCu\u00e1les son los beneficios de Render Media?<\/strong><\/p>\n<p class=\"p1\">&#8211; Es una herramienta que me permite un servicio mucho m\u00e1s econ\u00f3mico y permite tener una ganancia marginal para nosotros. Nos estamos adaptando en cuando a modalidades de pago. Entonces el usuario compra cr\u00e9ditos y se puede usar el sistema, y al usuario se le regalan cr\u00e9ditos, para que pueda experimentar la plataforma. Estamos dinamizando esas opciones. Buscamos ser vendedores de paquetes de c\u00f3digos y as\u00ed se administran para que usen la plataforma.<\/p>\n<p><strong>\u00bfActualmente en qu\u00e9 proceso se encuentran?<\/strong><\/p>\n<p class=\"p1\">Estamos trabajamos en la parte final del proceso de creaci\u00f3n de im\u00e1genes. Pero a\u00fan queda mucho por hacer y aprender.<\/p>\n<p><strong>\u00bfQu\u00e9 te interesa transmitir con este proyecto?<\/strong><\/p>\n<p>&#8211; Que en Chile s\u00ed se pueden crear soluciones digitales para personas en diferentes partes del mundo. Aunque a veces s\u00f3lo podemos ver el presente. Adem\u00e1s de poder aportar y desarrollarnos desde el \u00e1mbito profesional, crear valor real en un equipo de trabajo y eso es un innovador, en c\u00f3mo trabajamos. Gracias al ecosistema.<\/p>\n<p class=\"p1\"><strong>\u00bfQu\u00e9 desaf\u00edo tienes hoy?<\/strong><\/p>\n<p class=\"p1\">&#8211; Seguimos en laboratorio, etapa de m\u00e1s pruebas y an\u00e1lisis, donde tenemos m\u00e1s de 18 m\u00e1quinas virtuales. Llevamos 6 meses de desarrollo, donde se ha cambiado el equipo 2 veces, as\u00ed que hay muchas cosas que tenemos que pulir. Tenemos que salir a mercado lanzando la plataforma con una campa\u00f1a de medios en octubre. Estamos trabajando soluciones para quien est\u00e1 entrando al mundo de los trabajadores digitales.<\/p>\n<p>https:\/\/www.youtube.com\/watch?v=JQFzRJA39YY<\/p>\n<p>&nbsp;<\/p>\n","protected":false},"excerpt":{"rendered":"<p>Octavio Spierccolli es comunicador audiovisual, actual mente tras Render Media. Durante los \u00faltimos a\u00f1os comenz\u00f3 a profundizarse en tem\u00e1ticas relativas a innovaci\u00f3n y emprendimiento, buscando desde su \u00e1rea c\u00f3mo fortalecerse y competir con un producto que resaltara entre el resto. Una gran herramienta para el sector creativo que a\u00fan est\u00e1 gest\u00e1ndose. El a\u00f1o pasado se [&hellip;]<\/p>\n","protected":false},"author":3,"featured_media":8755,"comment_status":"closed","ping_status":"closed","sticky":false,"template":"","format":"standard","meta":{"_acf_changed":false,"footnotes":""},"categories":[8],"tags":[],"class_list":["post-8749","post","type-post","status-publish","format-standard","has-post-thumbnail","hentry","category-noticia"],"acf":[],"yoast_head":"<!-- This site is optimized with the Yoast SEO plugin v27.1.1 - https:\/\/yoast.com\/product\/yoast-seo-wordpress\/ -->\n<title>Entrevista a Octavio Spierccolli y su proyecto Render Media - Valpara\u00ed\u00adso Creativo<\/title>\n<meta name=\"robots\" content=\"index, follow, max-snippet:-1, max-image-preview:large, max-video-preview:-1\" \/>\n<link rel=\"canonical\" href=\"https:\/\/dev.antudigital.cl\/sites\/vc\/entrevista-a-octavio-spierccolli-y-su-proyecto-render-media\/\" \/>\n<meta property=\"og:locale\" content=\"es_ES\" \/>\n<meta property=\"og:type\" content=\"article\" \/>\n<meta property=\"og:title\" content=\"Entrevista a Octavio Spierccolli y su proyecto Render Media - Valpara\u00ed\u00adso Creativo\" \/>\n<meta property=\"og:description\" content=\"Octavio Spierccolli es comunicador audiovisual, actual mente tras Render Media. Durante los \u00faltimos a\u00f1os comenz\u00f3 a profundizarse en tem\u00e1ticas relativas a innovaci\u00f3n y emprendimiento, buscando desde su \u00e1rea c\u00f3mo fortalecerse y competir con un producto que resaltara entre el resto. Una gran herramienta para el sector creativo que a\u00fan est\u00e1 gest\u00e1ndose. El a\u00f1o pasado se [&hellip;]\" \/>\n<meta property=\"og:url\" content=\"https:\/\/dev.antudigital.cl\/sites\/vc\/entrevista-a-octavio-spierccolli-y-su-proyecto-render-media\/\" \/>\n<meta property=\"og:site_name\" content=\"Valpara\u00ed\u00adso Creativo\" \/>\n<meta property=\"article:published_time\" content=\"2020-08-31T09:19:08+00:00\" \/>\n<meta property=\"article:modified_time\" content=\"2021-12-25T19:27:31+00:00\" \/>\n<meta property=\"og:image\" content=\"https:\/\/dev.antudigital.cl\/sites\/vc\/wp-content\/uploads\/2020\/08\/IMG_20200309_113021-660x330-1.jpg\" \/>\n\t<meta property=\"og:image:width\" content=\"660\" \/>\n\t<meta property=\"og:image:height\" content=\"330\" \/>\n\t<meta property=\"og:image:type\" content=\"image\/jpeg\" \/>\n<meta name=\"author\" content=\"Valparaiso Creativo\" \/>\n<meta name=\"twitter:card\" content=\"summary_large_image\" \/>\n<meta name=\"twitter:label1\" content=\"Escrito por\" \/>\n\t<meta name=\"twitter:data1\" content=\"Valparaiso Creativo\" \/>\n\t<meta name=\"twitter:label2\" content=\"Tiempo de lectura\" \/>\n\t<meta name=\"twitter:data2\" content=\"5 minutos\" \/>\n<script type=\"application\/ld+json\" class=\"yoast-schema-graph\">{\"@context\":\"https:\/\/schema.org\",\"@graph\":[{\"@type\":\"Article\",\"@id\":\"https:\/\/dev.antudigital.cl\/sites\/vc\/entrevista-a-octavio-spierccolli-y-su-proyecto-render-media\/#article\",\"isPartOf\":{\"@id\":\"https:\/\/dev.antudigital.cl\/sites\/vc\/entrevista-a-octavio-spierccolli-y-su-proyecto-render-media\/\"},\"author\":{\"name\":\"Valparaiso Creativo\",\"@id\":\"https:\/\/dev.antudigital.cl\/sites\/vc\/#\/schema\/person\/81d1dcd51abd542b5dfc00f5f951a0f1\"},\"headline\":\"Entrevista a Octavio Spierccolli y su proyecto Render Media\",\"datePublished\":\"2020-08-31T09:19:08+00:00\",\"dateModified\":\"2021-12-25T19:27:31+00:00\",\"mainEntityOfPage\":{\"@id\":\"https:\/\/dev.antudigital.cl\/sites\/vc\/entrevista-a-octavio-spierccolli-y-su-proyecto-render-media\/\"},\"wordCount\":999,\"image\":{\"@id\":\"https:\/\/dev.antudigital.cl\/sites\/vc\/entrevista-a-octavio-spierccolli-y-su-proyecto-render-media\/#primaryimage\"},\"thumbnailUrl\":\"https:\/\/dev.antudigital.cl\/sites\/vc\/wp-content\/uploads\/2020\/08\/IMG_20200309_113021-660x330-1.jpg\",\"articleSection\":[\"Noticia\"],\"inLanguage\":\"es\"},{\"@type\":\"WebPage\",\"@id\":\"https:\/\/dev.antudigital.cl\/sites\/vc\/entrevista-a-octavio-spierccolli-y-su-proyecto-render-media\/\",\"url\":\"https:\/\/dev.antudigital.cl\/sites\/vc\/entrevista-a-octavio-spierccolli-y-su-proyecto-render-media\/\",\"name\":\"Entrevista a Octavio Spierccolli y su proyecto Render Media - Valpara\u00ed\u00adso Creativo\",\"isPartOf\":{\"@id\":\"https:\/\/dev.antudigital.cl\/sites\/vc\/#website\"},\"primaryImageOfPage\":{\"@id\":\"https:\/\/dev.antudigital.cl\/sites\/vc\/entrevista-a-octavio-spierccolli-y-su-proyecto-render-media\/#primaryimage\"},\"image\":{\"@id\":\"https:\/\/dev.antudigital.cl\/sites\/vc\/entrevista-a-octavio-spierccolli-y-su-proyecto-render-media\/#primaryimage\"},\"thumbnailUrl\":\"https:\/\/dev.antudigital.cl\/sites\/vc\/wp-content\/uploads\/2020\/08\/IMG_20200309_113021-660x330-1.jpg\",\"datePublished\":\"2020-08-31T09:19:08+00:00\",\"dateModified\":\"2021-12-25T19:27:31+00:00\",\"author\":{\"@id\":\"https:\/\/dev.antudigital.cl\/sites\/vc\/#\/schema\/person\/81d1dcd51abd542b5dfc00f5f951a0f1\"},\"breadcrumb\":{\"@id\":\"https:\/\/dev.antudigital.cl\/sites\/vc\/entrevista-a-octavio-spierccolli-y-su-proyecto-render-media\/#breadcrumb\"},\"inLanguage\":\"es\",\"potentialAction\":[{\"@type\":\"ReadAction\",\"target\":[\"https:\/\/dev.antudigital.cl\/sites\/vc\/entrevista-a-octavio-spierccolli-y-su-proyecto-render-media\/\"]}]},{\"@type\":\"ImageObject\",\"inLanguage\":\"es\",\"@id\":\"https:\/\/dev.antudigital.cl\/sites\/vc\/entrevista-a-octavio-spierccolli-y-su-proyecto-render-media\/#primaryimage\",\"url\":\"https:\/\/dev.antudigital.cl\/sites\/vc\/wp-content\/uploads\/2020\/08\/IMG_20200309_113021-660x330-1.jpg\",\"contentUrl\":\"https:\/\/dev.antudigital.cl\/sites\/vc\/wp-content\/uploads\/2020\/08\/IMG_20200309_113021-660x330-1.jpg\",\"width\":660,\"height\":330},{\"@type\":\"BreadcrumbList\",\"@id\":\"https:\/\/dev.antudigital.cl\/sites\/vc\/entrevista-a-octavio-spierccolli-y-su-proyecto-render-media\/#breadcrumb\",\"itemListElement\":[{\"@type\":\"ListItem\",\"position\":1,\"name\":\"Home\",\"item\":\"https:\/\/dev.antudigital.cl\/sites\/vc\/\"},{\"@type\":\"ListItem\",\"position\":2,\"name\":\"Entrevista a Octavio Spierccolli y su proyecto Render Media\"}]},{\"@type\":\"WebSite\",\"@id\":\"https:\/\/dev.antudigital.cl\/sites\/vc\/#website\",\"url\":\"https:\/\/dev.antudigital.cl\/sites\/vc\/\",\"name\":\"Valpara\u00ed\u00adso Creativo\",\"description\":\"\",\"potentialAction\":[{\"@type\":\"SearchAction\",\"target\":{\"@type\":\"EntryPoint\",\"urlTemplate\":\"https:\/\/dev.antudigital.cl\/sites\/vc\/?s={search_term_string}\"},\"query-input\":{\"@type\":\"PropertyValueSpecification\",\"valueRequired\":true,\"valueName\":\"search_term_string\"}}],\"inLanguage\":\"es\"},{\"@type\":\"Person\",\"@id\":\"https:\/\/dev.antudigital.cl\/sites\/vc\/#\/schema\/person\/81d1dcd51abd542b5dfc00f5f951a0f1\",\"name\":\"Valparaiso Creativo\",\"url\":\"https:\/\/dev.antudigital.cl\/sites\/vc\/author\/valparaiso-creativo\/\"}]}<\/script>\n<!-- \/ Yoast SEO plugin. -->","yoast_head_json":{"title":"Entrevista a Octavio Spierccolli y su proyecto Render Media - Valpara\u00ed\u00adso Creativo","robots":{"index":"index","follow":"follow","max-snippet":"max-snippet:-1","max-image-preview":"max-image-preview:large","max-video-preview":"max-video-preview:-1"},"canonical":"https:\/\/dev.antudigital.cl\/sites\/vc\/entrevista-a-octavio-spierccolli-y-su-proyecto-render-media\/","og_locale":"es_ES","og_type":"article","og_title":"Entrevista a Octavio Spierccolli y su proyecto Render Media - Valpara\u00ed\u00adso Creativo","og_description":"Octavio Spierccolli es comunicador audiovisual, actual mente tras Render Media. Durante los \u00faltimos a\u00f1os comenz\u00f3 a profundizarse en tem\u00e1ticas relativas a innovaci\u00f3n y emprendimiento, buscando desde su \u00e1rea c\u00f3mo fortalecerse y competir con un producto que resaltara entre el resto. Una gran herramienta para el sector creativo que a\u00fan est\u00e1 gest\u00e1ndose. El a\u00f1o pasado se [&hellip;]","og_url":"https:\/\/dev.antudigital.cl\/sites\/vc\/entrevista-a-octavio-spierccolli-y-su-proyecto-render-media\/","og_site_name":"Valpara\u00ed\u00adso Creativo","article_published_time":"2020-08-31T09:19:08+00:00","article_modified_time":"2021-12-25T19:27:31+00:00","og_image":[{"width":660,"height":330,"url":"https:\/\/dev.antudigital.cl\/sites\/vc\/wp-content\/uploads\/2020\/08\/IMG_20200309_113021-660x330-1.jpg","type":"image\/jpeg"}],"author":"Valparaiso Creativo","twitter_card":"summary_large_image","twitter_misc":{"Escrito por":"Valparaiso Creativo","Tiempo de lectura":"5 minutos"},"schema":{"@context":"https:\/\/schema.org","@graph":[{"@type":"Article","@id":"https:\/\/dev.antudigital.cl\/sites\/vc\/entrevista-a-octavio-spierccolli-y-su-proyecto-render-media\/#article","isPartOf":{"@id":"https:\/\/dev.antudigital.cl\/sites\/vc\/entrevista-a-octavio-spierccolli-y-su-proyecto-render-media\/"},"author":{"name":"Valparaiso Creativo","@id":"https:\/\/dev.antudigital.cl\/sites\/vc\/#\/schema\/person\/81d1dcd51abd542b5dfc00f5f951a0f1"},"headline":"Entrevista a Octavio Spierccolli y su proyecto Render Media","datePublished":"2020-08-31T09:19:08+00:00","dateModified":"2021-12-25T19:27:31+00:00","mainEntityOfPage":{"@id":"https:\/\/dev.antudigital.cl\/sites\/vc\/entrevista-a-octavio-spierccolli-y-su-proyecto-render-media\/"},"wordCount":999,"image":{"@id":"https:\/\/dev.antudigital.cl\/sites\/vc\/entrevista-a-octavio-spierccolli-y-su-proyecto-render-media\/#primaryimage"},"thumbnailUrl":"https:\/\/dev.antudigital.cl\/sites\/vc\/wp-content\/uploads\/2020\/08\/IMG_20200309_113021-660x330-1.jpg","articleSection":["Noticia"],"inLanguage":"es"},{"@type":"WebPage","@id":"https:\/\/dev.antudigital.cl\/sites\/vc\/entrevista-a-octavio-spierccolli-y-su-proyecto-render-media\/","url":"https:\/\/dev.antudigital.cl\/sites\/vc\/entrevista-a-octavio-spierccolli-y-su-proyecto-render-media\/","name":"Entrevista a Octavio Spierccolli y su proyecto Render Media - Valpara\u00ed\u00adso Creativo","isPartOf":{"@id":"https:\/\/dev.antudigital.cl\/sites\/vc\/#website"},"primaryImageOfPage":{"@id":"https:\/\/dev.antudigital.cl\/sites\/vc\/entrevista-a-octavio-spierccolli-y-su-proyecto-render-media\/#primaryimage"},"image":{"@id":"https:\/\/dev.antudigital.cl\/sites\/vc\/entrevista-a-octavio-spierccolli-y-su-proyecto-render-media\/#primaryimage"},"thumbnailUrl":"https:\/\/dev.antudigital.cl\/sites\/vc\/wp-content\/uploads\/2020\/08\/IMG_20200309_113021-660x330-1.jpg","datePublished":"2020-08-31T09:19:08+00:00","dateModified":"2021-12-25T19:27:31+00:00","author":{"@id":"https:\/\/dev.antudigital.cl\/sites\/vc\/#\/schema\/person\/81d1dcd51abd542b5dfc00f5f951a0f1"},"breadcrumb":{"@id":"https:\/\/dev.antudigital.cl\/sites\/vc\/entrevista-a-octavio-spierccolli-y-su-proyecto-render-media\/#breadcrumb"},"inLanguage":"es","potentialAction":[{"@type":"ReadAction","target":["https:\/\/dev.antudigital.cl\/sites\/vc\/entrevista-a-octavio-spierccolli-y-su-proyecto-render-media\/"]}]},{"@type":"ImageObject","inLanguage":"es","@id":"https:\/\/dev.antudigital.cl\/sites\/vc\/entrevista-a-octavio-spierccolli-y-su-proyecto-render-media\/#primaryimage","url":"https:\/\/dev.antudigital.cl\/sites\/vc\/wp-content\/uploads\/2020\/08\/IMG_20200309_113021-660x330-1.jpg","contentUrl":"https:\/\/dev.antudigital.cl\/sites\/vc\/wp-content\/uploads\/2020\/08\/IMG_20200309_113021-660x330-1.jpg","width":660,"height":330},{"@type":"BreadcrumbList","@id":"https:\/\/dev.antudigital.cl\/sites\/vc\/entrevista-a-octavio-spierccolli-y-su-proyecto-render-media\/#breadcrumb","itemListElement":[{"@type":"ListItem","position":1,"name":"Home","item":"https:\/\/dev.antudigital.cl\/sites\/vc\/"},{"@type":"ListItem","position":2,"name":"Entrevista a Octavio Spierccolli y su proyecto Render Media"}]},{"@type":"WebSite","@id":"https:\/\/dev.antudigital.cl\/sites\/vc\/#website","url":"https:\/\/dev.antudigital.cl\/sites\/vc\/","name":"Valpara\u00ed\u00adso Creativo","description":"","potentialAction":[{"@type":"SearchAction","target":{"@type":"EntryPoint","urlTemplate":"https:\/\/dev.antudigital.cl\/sites\/vc\/?s={search_term_string}"},"query-input":{"@type":"PropertyValueSpecification","valueRequired":true,"valueName":"search_term_string"}}],"inLanguage":"es"},{"@type":"Person","@id":"https:\/\/dev.antudigital.cl\/sites\/vc\/#\/schema\/person\/81d1dcd51abd542b5dfc00f5f951a0f1","name":"Valparaiso Creativo","url":"https:\/\/dev.antudigital.cl\/sites\/vc\/author\/valparaiso-creativo\/"}]}},"_links":{"self":[{"href":"https:\/\/dev.antudigital.cl\/sites\/vc\/wp-json\/wp\/v2\/posts\/8749","targetHints":{"allow":["GET"]}}],"collection":[{"href":"https:\/\/dev.antudigital.cl\/sites\/vc\/wp-json\/wp\/v2\/posts"}],"about":[{"href":"https:\/\/dev.antudigital.cl\/sites\/vc\/wp-json\/wp\/v2\/types\/post"}],"author":[{"embeddable":true,"href":"https:\/\/dev.antudigital.cl\/sites\/vc\/wp-json\/wp\/v2\/users\/3"}],"replies":[{"embeddable":true,"href":"https:\/\/dev.antudigital.cl\/sites\/vc\/wp-json\/wp\/v2\/comments?post=8749"}],"version-history":[{"count":1,"href":"https:\/\/dev.antudigital.cl\/sites\/vc\/wp-json\/wp\/v2\/posts\/8749\/revisions"}],"predecessor-version":[{"id":8754,"href":"https:\/\/dev.antudigital.cl\/sites\/vc\/wp-json\/wp\/v2\/posts\/8749\/revisions\/8754"}],"wp:featuredmedia":[{"embeddable":true,"href":"https:\/\/dev.antudigital.cl\/sites\/vc\/wp-json\/wp\/v2\/media\/8755"}],"wp:attachment":[{"href":"https:\/\/dev.antudigital.cl\/sites\/vc\/wp-json\/wp\/v2\/media?parent=8749"}],"wp:term":[{"taxonomy":"category","embeddable":true,"href":"https:\/\/dev.antudigital.cl\/sites\/vc\/wp-json\/wp\/v2\/categories?post=8749"},{"taxonomy":"post_tag","embeddable":true,"href":"https:\/\/dev.antudigital.cl\/sites\/vc\/wp-json\/wp\/v2\/tags?post=8749"}],"curies":[{"name":"wp","href":"https:\/\/api.w.org\/{rel}","templated":true}]}}