{"id":8756,"date":"2020-08-31T09:01:13","date_gmt":"2020-08-31T09:01:13","guid":{"rendered":"https:\/\/www.valparaisocreativo.cl\/?p=5051"},"modified":"2020-08-31T09:01:13","modified_gmt":"2020-08-31T09:01:13","slug":"ya-estan-abiertas-las-postulaciones-a-fondos-de-cultura-2021","status":"publish","type":"post","link":"https:\/\/dev.antudigital.cl\/sites\/vc\/ya-estan-abiertas-las-postulaciones-a-fondos-de-cultura-2021\/","title":{"rendered":"Ya est\u00e1n abiertas las postulaciones a Fondos de Cultura 2021"},"content":{"rendered":"<p>Hoy <strong>31 de agosto<\/strong> comienza la convocatoria para postular a los Fondos de Cultura 2021. El Ministerio de las Culturas, las Artes y el Patrimonio anunci\u00f3 el hito, en un a\u00f1o dif\u00edcil ya para el sector cultural.<\/p>\n<p>\u00bfQu\u00e9 posibilidades abren los Fondos de Cultura? Estos abarcan m\u00fasica, sector audiovisual, libro, Fondart Nacional, Fondo del Patrimonio Cultural, Beca Chile Crea y el Fondo de las Artes Esc\u00e9nicas, que reci\u00e9n se cre\u00f3. Se adoptaron medidas para simplificar la postulaci\u00f3n, que han sido integradas desde el 2018, donde se podr\u00e1n encontrar recomendaciones para los postulantes.<\/p>\n<p>Todo el proceso ser\u00e1 en l\u00ednea. Para el que puedes ingresar desde hoy al <a href=\"https:\/\/www.fondosdecultura.cl\/\"><strong>siguiente link<\/strong><\/a>.<\/p>\n","protected":false},"excerpt":{"rendered":"<p>Hoy 31 de agosto comienza la convocatoria para postular a los Fondos de Cultura 2021. El Ministerio de las Culturas, las Artes y el Patrimonio anunci\u00f3 el hito, en un a\u00f1o dif\u00edcil ya para el sector cultural. \u00bfQu\u00e9 posibilidades abren los Fondos de Cultura? Estos abarcan m\u00fasica, sector audiovisual, libro, Fondart Nacional, Fondo del Patrimonio [&hellip;]<\/p>\n","protected":false},"author":3,"featured_media":7837,"comment_status":"closed","ping_status":"closed","sticky":false,"template":"","format":"standard","meta":{"_acf_changed":false,"footnotes":""},"categories":[8],"tags":[],"class_list":["post-8756","post","type-post","status-publish","format-standard","has-post-thumbnail","hentry","category-noticia"],"acf":[],"yoast_head":"<!-- This site is optimized with the Yoast SEO plugin v27.1.1 - https:\/\/yoast.com\/product\/yoast-seo-wordpress\/ -->\n<title>Ya est\u00e1n abiertas las postulaciones a Fondos de Cultura 2021 - Valpara\u00ed\u00adso Creativo<\/title>\n<meta name=\"robots\" content=\"index, follow, max-snippet:-1, max-image-preview:large, max-video-preview:-1\" \/>\n<link rel=\"canonical\" href=\"https:\/\/dev.antudigital.cl\/sites\/vc\/ya-estan-abiertas-las-postulaciones-a-fondos-de-cultura-2021\/\" \/>\n<meta property=\"og:locale\" content=\"es_ES\" \/>\n<meta property=\"og:type\" content=\"article\" \/>\n<meta property=\"og:title\" content=\"Ya est\u00e1n abiertas las postulaciones a Fondos de Cultura 2021 - Valpara\u00ed\u00adso Creativo\" \/>\n<meta property=\"og:description\" content=\"Hoy 31 de agosto comienza la convocatoria para postular a los Fondos de Cultura 2021. El Ministerio de las Culturas, las Artes y el Patrimonio anunci\u00f3 el hito, en un a\u00f1o dif\u00edcil ya para el sector cultural. \u00bfQu\u00e9 posibilidades abren los Fondos de Cultura? Estos abarcan m\u00fasica, sector audiovisual, libro, Fondart Nacional, Fondo del Patrimonio [&hellip;]\" \/>\n<meta property=\"og:url\" content=\"https:\/\/dev.antudigital.cl\/sites\/vc\/ya-estan-abiertas-las-postulaciones-a-fondos-de-cultura-2021\/\" \/>\n<meta property=\"og:site_name\" content=\"Valpara\u00ed\u00adso Creativo\" \/>\n<meta property=\"article:published_time\" content=\"2020-08-31T09:01:13+00:00\" \/>\n<meta property=\"og:image\" content=\"https:\/\/dev.antudigital.cl\/sites\/vc\/wp-content\/uploads\/2020\/08\/FONDOS.jpg\" \/>\n\t<meta property=\"og:image:width\" content=\"1000\" \/>\n\t<meta property=\"og:image:height\" content=\"667\" \/>\n\t<meta property=\"og:image:type\" content=\"image\/jpeg\" \/>\n<meta name=\"author\" content=\"Valparaiso Creativo\" \/>\n<meta name=\"twitter:card\" content=\"summary_large_image\" \/>\n<meta name=\"twitter:label1\" content=\"Escrito por\" \/>\n\t<meta name=\"twitter:data1\" content=\"Valparaiso Creativo\" \/>\n\t<meta name=\"twitter:label2\" content=\"Tiempo de lectura\" \/>\n\t<meta name=\"twitter:data2\" content=\"1 minuto\" \/>\n<script type=\"application\/ld+json\" class=\"yoast-schema-graph\">{\"@context\":\"https:\/\/schema.org\",\"@graph\":[{\"@type\":\"Article\",\"@id\":\"https:\/\/dev.antudigital.cl\/sites\/vc\/ya-estan-abiertas-las-postulaciones-a-fondos-de-cultura-2021\/#article\",\"isPartOf\":{\"@id\":\"https:\/\/dev.antudigital.cl\/sites\/vc\/ya-estan-abiertas-las-postulaciones-a-fondos-de-cultura-2021\/\"},\"author\":{\"name\":\"Valparaiso Creativo\",\"@id\":\"https:\/\/dev.antudigital.cl\/sites\/vc\/#\/schema\/person\/81d1dcd51abd542b5dfc00f5f951a0f1\"},\"headline\":\"Ya est\u00e1n abiertas las postulaciones a Fondos de Cultura 2021\",\"datePublished\":\"2020-08-31T09:01:13+00:00\",\"mainEntityOfPage\":{\"@id\":\"https:\/\/dev.antudigital.cl\/sites\/vc\/ya-estan-abiertas-las-postulaciones-a-fondos-de-cultura-2021\/\"},\"wordCount\":123,\"image\":{\"@id\":\"https:\/\/dev.antudigital.cl\/sites\/vc\/ya-estan-abiertas-las-postulaciones-a-fondos-de-cultura-2021\/#primaryimage\"},\"thumbnailUrl\":\"https:\/\/dev.antudigital.cl\/sites\/vc\/wp-content\/uploads\/2020\/08\/FONDOS.jpg\",\"articleSection\":[\"Noticia\"],\"inLanguage\":\"es\"},{\"@type\":\"WebPage\",\"@id\":\"https:\/\/dev.antudigital.cl\/sites\/vc\/ya-estan-abiertas-las-postulaciones-a-fondos-de-cultura-2021\/\",\"url\":\"https:\/\/dev.antudigital.cl\/sites\/vc\/ya-estan-abiertas-las-postulaciones-a-fondos-de-cultura-2021\/\",\"name\":\"Ya est\u00e1n abiertas las postulaciones a Fondos de Cultura 2021 - Valpara\u00ed\u00adso Creativo\",\"isPartOf\":{\"@id\":\"https:\/\/dev.antudigital.cl\/sites\/vc\/#website\"},\"primaryImageOfPage\":{\"@id\":\"https:\/\/dev.antudigital.cl\/sites\/vc\/ya-estan-abiertas-las-postulaciones-a-fondos-de-cultura-2021\/#primaryimage\"},\"image\":{\"@id\":\"https:\/\/dev.antudigital.cl\/sites\/vc\/ya-estan-abiertas-las-postulaciones-a-fondos-de-cultura-2021\/#primaryimage\"},\"thumbnailUrl\":\"https:\/\/dev.antudigital.cl\/sites\/vc\/wp-content\/uploads\/2020\/08\/FONDOS.jpg\",\"datePublished\":\"2020-08-31T09:01:13+00:00\",\"author\":{\"@id\":\"https:\/\/dev.antudigital.cl\/sites\/vc\/#\/schema\/person\/81d1dcd51abd542b5dfc00f5f951a0f1\"},\"breadcrumb\":{\"@id\":\"https:\/\/dev.antudigital.cl\/sites\/vc\/ya-estan-abiertas-las-postulaciones-a-fondos-de-cultura-2021\/#breadcrumb\"},\"inLanguage\":\"es\",\"potentialAction\":[{\"@type\":\"ReadAction\",\"target\":[\"https:\/\/dev.antudigital.cl\/sites\/vc\/ya-estan-abiertas-las-postulaciones-a-fondos-de-cultura-2021\/\"]}]},{\"@type\":\"ImageObject\",\"inLanguage\":\"es\",\"@id\":\"https:\/\/dev.antudigital.cl\/sites\/vc\/ya-estan-abiertas-las-postulaciones-a-fondos-de-cultura-2021\/#primaryimage\",\"url\":\"https:\/\/dev.antudigital.cl\/sites\/vc\/wp-content\/uploads\/2020\/08\/FONDOS.jpg\",\"contentUrl\":\"https:\/\/dev.antudigital.cl\/sites\/vc\/wp-content\/uploads\/2020\/08\/FONDOS.jpg\",\"width\":1000,\"height\":667},{\"@type\":\"BreadcrumbList\",\"@id\":\"https:\/\/dev.antudigital.cl\/sites\/vc\/ya-estan-abiertas-las-postulaciones-a-fondos-de-cultura-2021\/#breadcrumb\",\"itemListElement\":[{\"@type\":\"ListItem\",\"position\":1,\"name\":\"Home\",\"item\":\"https:\/\/dev.antudigital.cl\/sites\/vc\/\"},{\"@type\":\"ListItem\",\"position\":2,\"name\":\"Ya est\u00e1n abiertas las postulaciones a Fondos de Cultura 2021\"}]},{\"@type\":\"WebSite\",\"@id\":\"https:\/\/dev.antudigital.cl\/sites\/vc\/#website\",\"url\":\"https:\/\/dev.antudigital.cl\/sites\/vc\/\",\"name\":\"Valpara\u00ed\u00adso Creativo\",\"description\":\"\",\"potentialAction\":[{\"@type\":\"SearchAction\",\"target\":{\"@type\":\"EntryPoint\",\"urlTemplate\":\"https:\/\/dev.antudigital.cl\/sites\/vc\/?s={search_term_string}\"},\"query-input\":{\"@type\":\"PropertyValueSpecification\",\"valueRequired\":true,\"valueName\":\"search_term_string\"}}],\"inLanguage\":\"es\"},{\"@type\":\"Person\",\"@id\":\"https:\/\/dev.antudigital.cl\/sites\/vc\/#\/schema\/person\/81d1dcd51abd542b5dfc00f5f951a0f1\",\"name\":\"Valparaiso Creativo\",\"url\":\"https:\/\/dev.antudigital.cl\/sites\/vc\/author\/valparaiso-creativo\/\"}]}<\/script>\n<!-- \/ Yoast SEO plugin. -->","yoast_head_json":{"title":"Ya est\u00e1n abiertas las postulaciones a Fondos de Cultura 2021 - Valpara\u00ed\u00adso Creativo","robots":{"index":"index","follow":"follow","max-snippet":"max-snippet:-1","max-image-preview":"max-image-preview:large","max-video-preview":"max-video-preview:-1"},"canonical":"https:\/\/dev.antudigital.cl\/sites\/vc\/ya-estan-abiertas-las-postulaciones-a-fondos-de-cultura-2021\/","og_locale":"es_ES","og_type":"article","og_title":"Ya est\u00e1n abiertas las postulaciones a Fondos de Cultura 2021 - Valpara\u00ed\u00adso Creativo","og_description":"Hoy 31 de agosto comienza la convocatoria para postular a los Fondos de Cultura 2021. El Ministerio de las Culturas, las Artes y el Patrimonio anunci\u00f3 el hito, en un a\u00f1o dif\u00edcil ya para el sector cultural. \u00bfQu\u00e9 posibilidades abren los Fondos de Cultura? Estos abarcan m\u00fasica, sector audiovisual, libro, Fondart Nacional, Fondo del Patrimonio [&hellip;]","og_url":"https:\/\/dev.antudigital.cl\/sites\/vc\/ya-estan-abiertas-las-postulaciones-a-fondos-de-cultura-2021\/","og_site_name":"Valpara\u00ed\u00adso Creativo","article_published_time":"2020-08-31T09:01:13+00:00","og_image":[{"width":1000,"height":667,"url":"https:\/\/dev.antudigital.cl\/sites\/vc\/wp-content\/uploads\/2020\/08\/FONDOS.jpg","type":"image\/jpeg"}],"author":"Valparaiso Creativo","twitter_card":"summary_large_image","twitter_misc":{"Escrito por":"Valparaiso Creativo","Tiempo de lectura":"1 minuto"},"schema":{"@context":"https:\/\/schema.org","@graph":[{"@type":"Article","@id":"https:\/\/dev.antudigital.cl\/sites\/vc\/ya-estan-abiertas-las-postulaciones-a-fondos-de-cultura-2021\/#article","isPartOf":{"@id":"https:\/\/dev.antudigital.cl\/sites\/vc\/ya-estan-abiertas-las-postulaciones-a-fondos-de-cultura-2021\/"},"author":{"name":"Valparaiso Creativo","@id":"https:\/\/dev.antudigital.cl\/sites\/vc\/#\/schema\/person\/81d1dcd51abd542b5dfc00f5f951a0f1"},"headline":"Ya est\u00e1n abiertas las postulaciones a Fondos de Cultura 2021","datePublished":"2020-08-31T09:01:13+00:00","mainEntityOfPage":{"@id":"https:\/\/dev.antudigital.cl\/sites\/vc\/ya-estan-abiertas-las-postulaciones-a-fondos-de-cultura-2021\/"},"wordCount":123,"image":{"@id":"https:\/\/dev.antudigital.cl\/sites\/vc\/ya-estan-abiertas-las-postulaciones-a-fondos-de-cultura-2021\/#primaryimage"},"thumbnailUrl":"https:\/\/dev.antudigital.cl\/sites\/vc\/wp-content\/uploads\/2020\/08\/FONDOS.jpg","articleSection":["Noticia"],"inLanguage":"es"},{"@type":"WebPage","@id":"https:\/\/dev.antudigital.cl\/sites\/vc\/ya-estan-abiertas-las-postulaciones-a-fondos-de-cultura-2021\/","url":"https:\/\/dev.antudigital.cl\/sites\/vc\/ya-estan-abiertas-las-postulaciones-a-fondos-de-cultura-2021\/","name":"Ya est\u00e1n abiertas las postulaciones a Fondos de Cultura 2021 - Valpara\u00ed\u00adso Creativo","isPartOf":{"@id":"https:\/\/dev.antudigital.cl\/sites\/vc\/#website"},"primaryImageOfPage":{"@id":"https:\/\/dev.antudigital.cl\/sites\/vc\/ya-estan-abiertas-las-postulaciones-a-fondos-de-cultura-2021\/#primaryimage"},"image":{"@id":"https:\/\/dev.antudigital.cl\/sites\/vc\/ya-estan-abiertas-las-postulaciones-a-fondos-de-cultura-2021\/#primaryimage"},"thumbnailUrl":"https:\/\/dev.antudigital.cl\/sites\/vc\/wp-content\/uploads\/2020\/08\/FONDOS.jpg","datePublished":"2020-08-31T09:01:13+00:00","author":{"@id":"https:\/\/dev.antudigital.cl\/sites\/vc\/#\/schema\/person\/81d1dcd51abd542b5dfc00f5f951a0f1"},"breadcrumb":{"@id":"https:\/\/dev.antudigital.cl\/sites\/vc\/ya-estan-abiertas-las-postulaciones-a-fondos-de-cultura-2021\/#breadcrumb"},"inLanguage":"es","potentialAction":[{"@type":"ReadAction","target":["https:\/\/dev.antudigital.cl\/sites\/vc\/ya-estan-abiertas-las-postulaciones-a-fondos-de-cultura-2021\/"]}]},{"@type":"ImageObject","inLanguage":"es","@id":"https:\/\/dev.antudigital.cl\/sites\/vc\/ya-estan-abiertas-las-postulaciones-a-fondos-de-cultura-2021\/#primaryimage","url":"https:\/\/dev.antudigital.cl\/sites\/vc\/wp-content\/uploads\/2020\/08\/FONDOS.jpg","contentUrl":"https:\/\/dev.antudigital.cl\/sites\/vc\/wp-content\/uploads\/2020\/08\/FONDOS.jpg","width":1000,"height":667},{"@type":"BreadcrumbList","@id":"https:\/\/dev.antudigital.cl\/sites\/vc\/ya-estan-abiertas-las-postulaciones-a-fondos-de-cultura-2021\/#breadcrumb","itemListElement":[{"@type":"ListItem","position":1,"name":"Home","item":"https:\/\/dev.antudigital.cl\/sites\/vc\/"},{"@type":"ListItem","position":2,"name":"Ya est\u00e1n abiertas las postulaciones a Fondos de Cultura 2021"}]},{"@type":"WebSite","@id":"https:\/\/dev.antudigital.cl\/sites\/vc\/#website","url":"https:\/\/dev.antudigital.cl\/sites\/vc\/","name":"Valpara\u00ed\u00adso Creativo","description":"","potentialAction":[{"@type":"SearchAction","target":{"@type":"EntryPoint","urlTemplate":"https:\/\/dev.antudigital.cl\/sites\/vc\/?s={search_term_string}"},"query-input":{"@type":"PropertyValueSpecification","valueRequired":true,"valueName":"search_term_string"}}],"inLanguage":"es"},{"@type":"Person","@id":"https:\/\/dev.antudigital.cl\/sites\/vc\/#\/schema\/person\/81d1dcd51abd542b5dfc00f5f951a0f1","name":"Valparaiso Creativo","url":"https:\/\/dev.antudigital.cl\/sites\/vc\/author\/valparaiso-creativo\/"}]}},"_links":{"self":[{"href":"https:\/\/dev.antudigital.cl\/sites\/vc\/wp-json\/wp\/v2\/posts\/8756","targetHints":{"allow":["GET"]}}],"collection":[{"href":"https:\/\/dev.antudigital.cl\/sites\/vc\/wp-json\/wp\/v2\/posts"}],"about":[{"href":"https:\/\/dev.antudigital.cl\/sites\/vc\/wp-json\/wp\/v2\/types\/post"}],"author":[{"embeddable":true,"href":"https:\/\/dev.antudigital.cl\/sites\/vc\/wp-json\/wp\/v2\/users\/3"}],"replies":[{"embeddable":true,"href":"https:\/\/dev.antudigital.cl\/sites\/vc\/wp-json\/wp\/v2\/comments?post=8756"}],"version-history":[{"count":0,"href":"https:\/\/dev.antudigital.cl\/sites\/vc\/wp-json\/wp\/v2\/posts\/8756\/revisions"}],"wp:featuredmedia":[{"embeddable":true,"href":"https:\/\/dev.antudigital.cl\/sites\/vc\/wp-json\/wp\/v2\/media\/7837"}],"wp:attachment":[{"href":"https:\/\/dev.antudigital.cl\/sites\/vc\/wp-json\/wp\/v2\/media?parent=8756"}],"wp:term":[{"taxonomy":"category","embeddable":true,"href":"https:\/\/dev.antudigital.cl\/sites\/vc\/wp-json\/wp\/v2\/categories?post=8756"},{"taxonomy":"post_tag","embeddable":true,"href":"https:\/\/dev.antudigital.cl\/sites\/vc\/wp-json\/wp\/v2\/tags?post=8756"}],"curies":[{"name":"wp","href":"https:\/\/api.w.org\/{rel}","templated":true}]}}