{"id":8757,"date":"2020-08-31T08:53:28","date_gmt":"2020-08-31T08:53:28","guid":{"rendered":"https:\/\/www.valparaisocreativo.cl\/?p=5047"},"modified":"2020-08-31T08:53:28","modified_gmt":"2020-08-31T08:53:28","slug":"este-1-y-2-de-septiembre-se-realizara-el-viii-summit-pais-digital","status":"publish","type":"post","link":"https:\/\/dev.antudigital.cl\/sites\/vc\/este-1-y-2-de-septiembre-se-realizara-el-viii-summit-pais-digital\/","title":{"rendered":"Este 1 y 2 de septiembre se realizar\u00e1 el VIII Summit Pa\u00eds Digital"},"content":{"rendered":"<p>El mundo digital est\u00e1 en transformaci\u00f3n constante, a una velocidad que a veces nos cuesta asimilar. A trav\u00e9s de la experiencia mundial de la pandemia, hemos visto la urgencia de buscar a\u00fan m\u00e1s soluciones digitales que nos permitan funcionar como sociedad. Este entre otros temas son los que se abordar\u00e1n este <strong>martes 1 y mi\u00e9rcoles 2 de septiembre en Summit Pa\u00eds Digital.<\/strong><\/p>\n<p>A trav\u00e9s de <a href=\"https:\/\/summit.paisdigital.org\/#lct=entrance\"><strong>su web<\/strong><\/a> durante dos d\u00edas podr\u00e1s ser parte de la experiencia del evento, que por primera vez se har\u00e1 100% virtual. Ser\u00e1 transmitido mediante m\u00faltiples plataformas, con una nutrida programaci\u00f3n que gira en torno a\u00a0<strong>La adaptabilidad en tiempos de incertidumbre.<\/strong><\/p>\n<p><img fetchpriority=\"high\" decoding=\"async\" class=\"alignleft size-medium wp-image-5048\" src=\"https:\/\/www.valparaisocreativo.cl\/wp-content\/uploads\/2020\/08\/E72RYXEB2RFNHNQETVB64PZHGE-300x200.jpg\" alt=\"\" width=\"300\" height=\"200\" \/><\/p>\n<p class=\"paragraph \">Desde las 9 de la ma\u00f1ana de ambos d\u00edas se conversar\u00e1 con autoridades, para luego dar paso a charlas con 16 principales actores del mundo de la tecnolog\u00eda, innovaci\u00f3n y academia &#8211; representantes nacionales e internacionales.<\/p>\n<p>Entre las 15 a 18 horas se realizar\u00e1n en paralelo diferentes actividades. Habr\u00e1n 20 paneles y 7 plenarios de cierre, con tem\u00e1ticas relativas a la Inteligencia Artificial, Salud Digital, Ciberseguridad, Transformaci\u00f3n cultural, sustentabilidad y el rol de las mujeres en STEM, entre otros.<\/p>\n<p class=\"paragraph \">A la vez de los paneles se desarrollar\u00e1n ocho\u00a0<em>bootcamps\u00a0<\/em>enfocados en diferentes p\u00fablicos. Esto tiene el objetivo de buscar reflexiones para reaccionar al mundo digital de hoy.<\/p>\n<p class=\"paragraph \">Puedes encontrar m\u00e1s detalles y toda la programaci\u00f3n en l\u00ednea desde ma\u00f1ana en<a href=\"https:\/\/summit.paisdigital.org\/#lct=entrance\">https:\/\/summit.paisdigital.org\/<\/a><\/p>\n","protected":false},"excerpt":{"rendered":"<p>El mundo digital est\u00e1 en transformaci\u00f3n constante, a una velocidad que a veces nos cuesta asimilar. A trav\u00e9s de la experiencia mundial de la pandemia, hemos visto la urgencia de buscar a\u00fan m\u00e1s soluciones digitales que nos permitan funcionar como sociedad. Este entre otros temas son los que se abordar\u00e1n este martes 1 y mi\u00e9rcoles [&hellip;]<\/p>\n","protected":false},"author":3,"featured_media":8758,"comment_status":"closed","ping_status":"closed","sticky":false,"template":"","format":"standard","meta":{"_acf_changed":false,"footnotes":""},"categories":[8,48],"tags":[144,145,146,147],"class_list":["post-8757","post","type-post","status-publish","format-standard","has-post-thumbnail","hentry","category-noticia","category-soluciones-tecnologicas","tag-pais-digital","tag-summit","tag-transformacion-digital","tag-viii-summit-pais-digital"],"acf":[],"yoast_head":"<!-- This site is optimized with the Yoast SEO plugin v27.1.1 - https:\/\/yoast.com\/product\/yoast-seo-wordpress\/ -->\n<title>Este 1 y 2 de septiembre se realizar\u00e1 el VIII Summit Pa\u00eds Digital - Valpara\u00ed\u00adso Creativo<\/title>\n<meta name=\"robots\" content=\"index, follow, max-snippet:-1, max-image-preview:large, max-video-preview:-1\" \/>\n<link rel=\"canonical\" href=\"https:\/\/dev.antudigital.cl\/sites\/vc\/este-1-y-2-de-septiembre-se-realizara-el-viii-summit-pais-digital\/\" \/>\n<meta property=\"og:locale\" content=\"es_ES\" \/>\n<meta property=\"og:type\" content=\"article\" \/>\n<meta property=\"og:title\" content=\"Este 1 y 2 de septiembre se realizar\u00e1 el VIII Summit Pa\u00eds Digital - Valpara\u00ed\u00adso Creativo\" \/>\n<meta property=\"og:description\" content=\"El mundo digital est\u00e1 en transformaci\u00f3n constante, a una velocidad que a veces nos cuesta asimilar. A trav\u00e9s de la experiencia mundial de la pandemia, hemos visto la urgencia de buscar a\u00fan m\u00e1s soluciones digitales que nos permitan funcionar como sociedad. Este entre otros temas son los que se abordar\u00e1n este martes 1 y mi\u00e9rcoles [&hellip;]\" \/>\n<meta property=\"og:url\" content=\"https:\/\/dev.antudigital.cl\/sites\/vc\/este-1-y-2-de-septiembre-se-realizara-el-viii-summit-pais-digital\/\" \/>\n<meta property=\"og:site_name\" content=\"Valpara\u00ed\u00adso Creativo\" \/>\n<meta property=\"article:published_time\" content=\"2020-08-31T08:53:28+00:00\" \/>\n<meta property=\"og:image\" content=\"https:\/\/dev.antudigital.cl\/sites\/vc\/wp-content\/uploads\/2020\/08\/SSS.jpeg\" \/>\n\t<meta property=\"og:image:width\" content=\"1080\" \/>\n\t<meta property=\"og:image:height\" content=\"540\" \/>\n\t<meta property=\"og:image:type\" content=\"image\/jpeg\" \/>\n<meta name=\"author\" content=\"Valparaiso Creativo\" \/>\n<meta name=\"twitter:card\" content=\"summary_large_image\" \/>\n<meta name=\"twitter:label1\" content=\"Escrito por\" \/>\n\t<meta name=\"twitter:data1\" content=\"Valparaiso Creativo\" \/>\n\t<meta name=\"twitter:label2\" content=\"Tiempo de lectura\" \/>\n\t<meta name=\"twitter:data2\" content=\"1 minuto\" \/>\n<script type=\"application\/ld+json\" class=\"yoast-schema-graph\">{\"@context\":\"https:\/\/schema.org\",\"@graph\":[{\"@type\":\"Article\",\"@id\":\"https:\/\/dev.antudigital.cl\/sites\/vc\/este-1-y-2-de-septiembre-se-realizara-el-viii-summit-pais-digital\/#article\",\"isPartOf\":{\"@id\":\"https:\/\/dev.antudigital.cl\/sites\/vc\/este-1-y-2-de-septiembre-se-realizara-el-viii-summit-pais-digital\/\"},\"author\":{\"name\":\"Valparaiso Creativo\",\"@id\":\"https:\/\/dev.antudigital.cl\/sites\/vc\/#\/schema\/person\/81d1dcd51abd542b5dfc00f5f951a0f1\"},\"headline\":\"Este 1 y 2 de septiembre se realizar\u00e1 el VIII Summit Pa\u00eds Digital\",\"datePublished\":\"2020-08-31T08:53:28+00:00\",\"mainEntityOfPage\":{\"@id\":\"https:\/\/dev.antudigital.cl\/sites\/vc\/este-1-y-2-de-septiembre-se-realizara-el-viii-summit-pais-digital\/\"},\"wordCount\":258,\"image\":{\"@id\":\"https:\/\/dev.antudigital.cl\/sites\/vc\/este-1-y-2-de-septiembre-se-realizara-el-viii-summit-pais-digital\/#primaryimage\"},\"thumbnailUrl\":\"https:\/\/dev.antudigital.cl\/sites\/vc\/wp-content\/uploads\/2020\/08\/SSS.jpeg\",\"keywords\":[\"Pa\u00eds Digital\",\"Summit\",\"Transformaci\u00f3n digital\",\"VIII Summit Pa\u00eds Digital\"],\"articleSection\":[\"Noticia\",\"Soluciones tecnol\u00f3gicas\"],\"inLanguage\":\"es\"},{\"@type\":\"WebPage\",\"@id\":\"https:\/\/dev.antudigital.cl\/sites\/vc\/este-1-y-2-de-septiembre-se-realizara-el-viii-summit-pais-digital\/\",\"url\":\"https:\/\/dev.antudigital.cl\/sites\/vc\/este-1-y-2-de-septiembre-se-realizara-el-viii-summit-pais-digital\/\",\"name\":\"Este 1 y 2 de septiembre se realizar\u00e1 el VIII Summit Pa\u00eds Digital - Valpara\u00ed\u00adso Creativo\",\"isPartOf\":{\"@id\":\"https:\/\/dev.antudigital.cl\/sites\/vc\/#website\"},\"primaryImageOfPage\":{\"@id\":\"https:\/\/dev.antudigital.cl\/sites\/vc\/este-1-y-2-de-septiembre-se-realizara-el-viii-summit-pais-digital\/#primaryimage\"},\"image\":{\"@id\":\"https:\/\/dev.antudigital.cl\/sites\/vc\/este-1-y-2-de-septiembre-se-realizara-el-viii-summit-pais-digital\/#primaryimage\"},\"thumbnailUrl\":\"https:\/\/dev.antudigital.cl\/sites\/vc\/wp-content\/uploads\/2020\/08\/SSS.jpeg\",\"datePublished\":\"2020-08-31T08:53:28+00:00\",\"author\":{\"@id\":\"https:\/\/dev.antudigital.cl\/sites\/vc\/#\/schema\/person\/81d1dcd51abd542b5dfc00f5f951a0f1\"},\"breadcrumb\":{\"@id\":\"https:\/\/dev.antudigital.cl\/sites\/vc\/este-1-y-2-de-septiembre-se-realizara-el-viii-summit-pais-digital\/#breadcrumb\"},\"inLanguage\":\"es\",\"potentialAction\":[{\"@type\":\"ReadAction\",\"target\":[\"https:\/\/dev.antudigital.cl\/sites\/vc\/este-1-y-2-de-septiembre-se-realizara-el-viii-summit-pais-digital\/\"]}]},{\"@type\":\"ImageObject\",\"inLanguage\":\"es\",\"@id\":\"https:\/\/dev.antudigital.cl\/sites\/vc\/este-1-y-2-de-septiembre-se-realizara-el-viii-summit-pais-digital\/#primaryimage\",\"url\":\"https:\/\/dev.antudigital.cl\/sites\/vc\/wp-content\/uploads\/2020\/08\/SSS.jpeg\",\"contentUrl\":\"https:\/\/dev.antudigital.cl\/sites\/vc\/wp-content\/uploads\/2020\/08\/SSS.jpeg\",\"width\":1080,\"height\":540},{\"@type\":\"BreadcrumbList\",\"@id\":\"https:\/\/dev.antudigital.cl\/sites\/vc\/este-1-y-2-de-septiembre-se-realizara-el-viii-summit-pais-digital\/#breadcrumb\",\"itemListElement\":[{\"@type\":\"ListItem\",\"position\":1,\"name\":\"Home\",\"item\":\"https:\/\/dev.antudigital.cl\/sites\/vc\/\"},{\"@type\":\"ListItem\",\"position\":2,\"name\":\"Este 1 y 2 de septiembre se realizar\u00e1 el VIII Summit Pa\u00eds Digital\"}]},{\"@type\":\"WebSite\",\"@id\":\"https:\/\/dev.antudigital.cl\/sites\/vc\/#website\",\"url\":\"https:\/\/dev.antudigital.cl\/sites\/vc\/\",\"name\":\"Valpara\u00ed\u00adso Creativo\",\"description\":\"\",\"potentialAction\":[{\"@type\":\"SearchAction\",\"target\":{\"@type\":\"EntryPoint\",\"urlTemplate\":\"https:\/\/dev.antudigital.cl\/sites\/vc\/?s={search_term_string}\"},\"query-input\":{\"@type\":\"PropertyValueSpecification\",\"valueRequired\":true,\"valueName\":\"search_term_string\"}}],\"inLanguage\":\"es\"},{\"@type\":\"Person\",\"@id\":\"https:\/\/dev.antudigital.cl\/sites\/vc\/#\/schema\/person\/81d1dcd51abd542b5dfc00f5f951a0f1\",\"name\":\"Valparaiso Creativo\",\"url\":\"https:\/\/dev.antudigital.cl\/sites\/vc\/author\/valparaiso-creativo\/\"}]}<\/script>\n<!-- \/ Yoast SEO plugin. -->","yoast_head_json":{"title":"Este 1 y 2 de septiembre se realizar\u00e1 el VIII Summit Pa\u00eds Digital - Valpara\u00ed\u00adso Creativo","robots":{"index":"index","follow":"follow","max-snippet":"max-snippet:-1","max-image-preview":"max-image-preview:large","max-video-preview":"max-video-preview:-1"},"canonical":"https:\/\/dev.antudigital.cl\/sites\/vc\/este-1-y-2-de-septiembre-se-realizara-el-viii-summit-pais-digital\/","og_locale":"es_ES","og_type":"article","og_title":"Este 1 y 2 de septiembre se realizar\u00e1 el VIII Summit Pa\u00eds Digital - Valpara\u00ed\u00adso Creativo","og_description":"El mundo digital est\u00e1 en transformaci\u00f3n constante, a una velocidad que a veces nos cuesta asimilar. A trav\u00e9s de la experiencia mundial de la pandemia, hemos visto la urgencia de buscar a\u00fan m\u00e1s soluciones digitales que nos permitan funcionar como sociedad. Este entre otros temas son los que se abordar\u00e1n este martes 1 y mi\u00e9rcoles [&hellip;]","og_url":"https:\/\/dev.antudigital.cl\/sites\/vc\/este-1-y-2-de-septiembre-se-realizara-el-viii-summit-pais-digital\/","og_site_name":"Valpara\u00ed\u00adso Creativo","article_published_time":"2020-08-31T08:53:28+00:00","og_image":[{"width":1080,"height":540,"url":"https:\/\/dev.antudigital.cl\/sites\/vc\/wp-content\/uploads\/2020\/08\/SSS.jpeg","type":"image\/jpeg"}],"author":"Valparaiso Creativo","twitter_card":"summary_large_image","twitter_misc":{"Escrito por":"Valparaiso Creativo","Tiempo de lectura":"1 minuto"},"schema":{"@context":"https:\/\/schema.org","@graph":[{"@type":"Article","@id":"https:\/\/dev.antudigital.cl\/sites\/vc\/este-1-y-2-de-septiembre-se-realizara-el-viii-summit-pais-digital\/#article","isPartOf":{"@id":"https:\/\/dev.antudigital.cl\/sites\/vc\/este-1-y-2-de-septiembre-se-realizara-el-viii-summit-pais-digital\/"},"author":{"name":"Valparaiso Creativo","@id":"https:\/\/dev.antudigital.cl\/sites\/vc\/#\/schema\/person\/81d1dcd51abd542b5dfc00f5f951a0f1"},"headline":"Este 1 y 2 de septiembre se realizar\u00e1 el VIII Summit Pa\u00eds Digital","datePublished":"2020-08-31T08:53:28+00:00","mainEntityOfPage":{"@id":"https:\/\/dev.antudigital.cl\/sites\/vc\/este-1-y-2-de-septiembre-se-realizara-el-viii-summit-pais-digital\/"},"wordCount":258,"image":{"@id":"https:\/\/dev.antudigital.cl\/sites\/vc\/este-1-y-2-de-septiembre-se-realizara-el-viii-summit-pais-digital\/#primaryimage"},"thumbnailUrl":"https:\/\/dev.antudigital.cl\/sites\/vc\/wp-content\/uploads\/2020\/08\/SSS.jpeg","keywords":["Pa\u00eds Digital","Summit","Transformaci\u00f3n digital","VIII Summit Pa\u00eds Digital"],"articleSection":["Noticia","Soluciones tecnol\u00f3gicas"],"inLanguage":"es"},{"@type":"WebPage","@id":"https:\/\/dev.antudigital.cl\/sites\/vc\/este-1-y-2-de-septiembre-se-realizara-el-viii-summit-pais-digital\/","url":"https:\/\/dev.antudigital.cl\/sites\/vc\/este-1-y-2-de-septiembre-se-realizara-el-viii-summit-pais-digital\/","name":"Este 1 y 2 de septiembre se realizar\u00e1 el VIII Summit Pa\u00eds Digital - Valpara\u00ed\u00adso Creativo","isPartOf":{"@id":"https:\/\/dev.antudigital.cl\/sites\/vc\/#website"},"primaryImageOfPage":{"@id":"https:\/\/dev.antudigital.cl\/sites\/vc\/este-1-y-2-de-septiembre-se-realizara-el-viii-summit-pais-digital\/#primaryimage"},"image":{"@id":"https:\/\/dev.antudigital.cl\/sites\/vc\/este-1-y-2-de-septiembre-se-realizara-el-viii-summit-pais-digital\/#primaryimage"},"thumbnailUrl":"https:\/\/dev.antudigital.cl\/sites\/vc\/wp-content\/uploads\/2020\/08\/SSS.jpeg","datePublished":"2020-08-31T08:53:28+00:00","author":{"@id":"https:\/\/dev.antudigital.cl\/sites\/vc\/#\/schema\/person\/81d1dcd51abd542b5dfc00f5f951a0f1"},"breadcrumb":{"@id":"https:\/\/dev.antudigital.cl\/sites\/vc\/este-1-y-2-de-septiembre-se-realizara-el-viii-summit-pais-digital\/#breadcrumb"},"inLanguage":"es","potentialAction":[{"@type":"ReadAction","target":["https:\/\/dev.antudigital.cl\/sites\/vc\/este-1-y-2-de-septiembre-se-realizara-el-viii-summit-pais-digital\/"]}]},{"@type":"ImageObject","inLanguage":"es","@id":"https:\/\/dev.antudigital.cl\/sites\/vc\/este-1-y-2-de-septiembre-se-realizara-el-viii-summit-pais-digital\/#primaryimage","url":"https:\/\/dev.antudigital.cl\/sites\/vc\/wp-content\/uploads\/2020\/08\/SSS.jpeg","contentUrl":"https:\/\/dev.antudigital.cl\/sites\/vc\/wp-content\/uploads\/2020\/08\/SSS.jpeg","width":1080,"height":540},{"@type":"BreadcrumbList","@id":"https:\/\/dev.antudigital.cl\/sites\/vc\/este-1-y-2-de-septiembre-se-realizara-el-viii-summit-pais-digital\/#breadcrumb","itemListElement":[{"@type":"ListItem","position":1,"name":"Home","item":"https:\/\/dev.antudigital.cl\/sites\/vc\/"},{"@type":"ListItem","position":2,"name":"Este 1 y 2 de septiembre se realizar\u00e1 el VIII Summit Pa\u00eds Digital"}]},{"@type":"WebSite","@id":"https:\/\/dev.antudigital.cl\/sites\/vc\/#website","url":"https:\/\/dev.antudigital.cl\/sites\/vc\/","name":"Valpara\u00ed\u00adso Creativo","description":"","potentialAction":[{"@type":"SearchAction","target":{"@type":"EntryPoint","urlTemplate":"https:\/\/dev.antudigital.cl\/sites\/vc\/?s={search_term_string}"},"query-input":{"@type":"PropertyValueSpecification","valueRequired":true,"valueName":"search_term_string"}}],"inLanguage":"es"},{"@type":"Person","@id":"https:\/\/dev.antudigital.cl\/sites\/vc\/#\/schema\/person\/81d1dcd51abd542b5dfc00f5f951a0f1","name":"Valparaiso Creativo","url":"https:\/\/dev.antudigital.cl\/sites\/vc\/author\/valparaiso-creativo\/"}]}},"_links":{"self":[{"href":"https:\/\/dev.antudigital.cl\/sites\/vc\/wp-json\/wp\/v2\/posts\/8757","targetHints":{"allow":["GET"]}}],"collection":[{"href":"https:\/\/dev.antudigital.cl\/sites\/vc\/wp-json\/wp\/v2\/posts"}],"about":[{"href":"https:\/\/dev.antudigital.cl\/sites\/vc\/wp-json\/wp\/v2\/types\/post"}],"author":[{"embeddable":true,"href":"https:\/\/dev.antudigital.cl\/sites\/vc\/wp-json\/wp\/v2\/users\/3"}],"replies":[{"embeddable":true,"href":"https:\/\/dev.antudigital.cl\/sites\/vc\/wp-json\/wp\/v2\/comments?post=8757"}],"version-history":[{"count":0,"href":"https:\/\/dev.antudigital.cl\/sites\/vc\/wp-json\/wp\/v2\/posts\/8757\/revisions"}],"wp:featuredmedia":[{"embeddable":true,"href":"https:\/\/dev.antudigital.cl\/sites\/vc\/wp-json\/wp\/v2\/media\/8758"}],"wp:attachment":[{"href":"https:\/\/dev.antudigital.cl\/sites\/vc\/wp-json\/wp\/v2\/media?parent=8757"}],"wp:term":[{"taxonomy":"category","embeddable":true,"href":"https:\/\/dev.antudigital.cl\/sites\/vc\/wp-json\/wp\/v2\/categories?post=8757"},{"taxonomy":"post_tag","embeddable":true,"href":"https:\/\/dev.antudigital.cl\/sites\/vc\/wp-json\/wp\/v2\/tags?post=8757"}],"curies":[{"name":"wp","href":"https:\/\/api.w.org\/{rel}","templated":true}]}}