{"id":8760,"date":"2020-08-31T08:38:55","date_gmt":"2020-08-31T08:38:55","guid":{"rendered":"https:\/\/www.valparaisocreativo.cl\/?p=5043"},"modified":"2020-08-31T08:38:55","modified_gmt":"2020-08-31T08:38:55","slug":"mujer-teatro-y-pandemia-entre-otras-actividades-nutren-la-cartelera-de-sala-upla","status":"publish","type":"post","link":"https:\/\/dev.antudigital.cl\/sites\/vc\/mujer-teatro-y-pandemia-entre-otras-actividades-nutren-la-cartelera-de-sala-upla\/","title":{"rendered":"\u00abMujer, teatro y pandemia\u00bb entre otras actividades nutren la cartelera de Sala Upla"},"content":{"rendered":"<p>La <a href=\"https:\/\/www.facebook.com\/Sala-de-Arte-Esc%C3%A9nico-UPLA-140699852632036\">Sala de Arte Esc\u00e9nico UPLA<\/a> ha mantenido una activa cartelera en l\u00ednea durante estos meses. Ahora comenzar\u00e1n la semana el d\u00eda\u00a0<strong>lunes 31 de agosto a las 19:00hrs. <\/strong>con las \u00abConversaciones remotas, di\u00e1logos m\u00e1s all\u00e1 de la pandemia\u00bb, una serie de sesiones que retoman actualmente.<\/p>\n<p>En esta edici\u00f3n se contar\u00e1 con cuatro invitadas para poder conversar en torno a\u00a0<strong>La escena independiente regional: Mujer, teatro y pandemia.\u00a0<\/strong>La actividad cuenta con la presencia de Cristina Alcaide, Stefany Duarte, Constanza Segovia y Estefan\u00eda Aedo, quienes han movilizado la escena regional desde la creaci\u00f3n, producci\u00f3n esc\u00e9nica y experimentaci\u00f3n.<\/p>\n<p>La conversaci\u00f3n ser\u00e1 con el moderador Andr\u00e9s Hern\u00e1ndez, en torno a sus procesos de creaci\u00f3n, y en especial sobre la mujer en la teatralidad en pandemia. <strong>Esto es v\u00eda Zoom y Facebook Live, <\/strong>si quieres ingresar a la reuni\u00f3n Zoom inscr\u00edbete en salaupla@upla.cl<\/p>\n<div class=\"oajrlxb2 g5ia77u1 qu0x051f esr5mh6w e9989ue4 r7d6kgcz rq0escxv nhd2j8a9 nc684nl6 p7hjln8o kvgmc6g5 cxmmr5t8 oygrvhab hcukyx3x jb3vyjys rz4wbd8a qt6c0cv9 a8nywdso i1ao9s8h esuyzwwr f1sip0of lzcic4wl oo9gr5id gpro0wi8 lrazzd5p\" tabindex=\"0\" role=\"button\">Por otra parte, en <strong><a href=\"https:\/\/www.salateatroupla.cl\/?fbclid=IwAR1nLmw16pVRTpkX19P2Sv17iXME1TxB_KljAYdG-LIswzSWQ88SW8FzfpE\">su sitio web<\/a><\/strong> puedes leer sus recientes contenidos y estar al tanto de las futuras iniciativas que llevar\u00e1n a cabo. \u00a1Atento!<\/div>\n","protected":false},"excerpt":{"rendered":"<p>La Sala de Arte Esc\u00e9nico UPLA ha mantenido una activa cartelera en l\u00ednea durante estos meses. Ahora comenzar\u00e1n la semana el d\u00eda\u00a0lunes 31 de agosto a las 19:00hrs. con las \u00abConversaciones remotas, di\u00e1logos m\u00e1s all\u00e1 de la pandemia\u00bb, una serie de sesiones que retoman actualmente. En esta edici\u00f3n se contar\u00e1 con cuatro invitadas para poder [&hellip;]<\/p>\n","protected":false},"author":3,"featured_media":8762,"comment_status":"closed","ping_status":"closed","sticky":false,"template":"","format":"standard","meta":{"_acf_changed":false,"footnotes":""},"categories":[8],"tags":[143],"class_list":["post-8760","post","type-post","status-publish","format-standard","has-post-thumbnail","hentry","category-noticia","tag-teatro"],"acf":[],"yoast_head":"<!-- This site is optimized with the Yoast SEO plugin v27.1.1 - https:\/\/yoast.com\/product\/yoast-seo-wordpress\/ -->\n<title>&quot;Mujer, teatro y pandemia&quot; entre otras actividades nutren la cartelera de Sala Upla - Valpara\u00ed\u00adso Creativo<\/title>\n<meta name=\"robots\" content=\"index, follow, max-snippet:-1, max-image-preview:large, max-video-preview:-1\" \/>\n<link rel=\"canonical\" href=\"https:\/\/dev.antudigital.cl\/sites\/vc\/mujer-teatro-y-pandemia-entre-otras-actividades-nutren-la-cartelera-de-sala-upla\/\" \/>\n<meta property=\"og:locale\" content=\"es_ES\" \/>\n<meta property=\"og:type\" content=\"article\" \/>\n<meta property=\"og:title\" content=\"&quot;Mujer, teatro y pandemia&quot; entre otras actividades nutren la cartelera de Sala Upla - Valpara\u00ed\u00adso Creativo\" \/>\n<meta property=\"og:description\" content=\"La Sala de Arte Esc\u00e9nico UPLA ha mantenido una activa cartelera en l\u00ednea durante estos meses. Ahora comenzar\u00e1n la semana el d\u00eda\u00a0lunes 31 de agosto a las 19:00hrs. con las \u00abConversaciones remotas, di\u00e1logos m\u00e1s all\u00e1 de la pandemia\u00bb, una serie de sesiones que retoman actualmente. En esta edici\u00f3n se contar\u00e1 con cuatro invitadas para poder [&hellip;]\" \/>\n<meta property=\"og:url\" content=\"https:\/\/dev.antudigital.cl\/sites\/vc\/mujer-teatro-y-pandemia-entre-otras-actividades-nutren-la-cartelera-de-sala-upla\/\" \/>\n<meta property=\"og:site_name\" content=\"Valpara\u00ed\u00adso Creativo\" \/>\n<meta property=\"article:published_time\" content=\"2020-08-31T08:38:55+00:00\" \/>\n<meta property=\"og:image\" content=\"https:\/\/dev.antudigital.cl\/sites\/vc\/wp-content\/uploads\/2020\/08\/mujerteatro.jpg\" \/>\n\t<meta property=\"og:image:width\" content=\"1000\" \/>\n\t<meta property=\"og:image:height\" content=\"563\" \/>\n\t<meta property=\"og:image:type\" content=\"image\/jpeg\" \/>\n<meta name=\"author\" content=\"Valparaiso Creativo\" \/>\n<meta name=\"twitter:card\" content=\"summary_large_image\" \/>\n<meta name=\"twitter:label1\" content=\"Escrito por\" \/>\n\t<meta name=\"twitter:data1\" content=\"Valparaiso Creativo\" \/>\n\t<meta name=\"twitter:label2\" content=\"Tiempo de lectura\" \/>\n\t<meta name=\"twitter:data2\" content=\"1 minuto\" \/>\n<script type=\"application\/ld+json\" class=\"yoast-schema-graph\">{\"@context\":\"https:\/\/schema.org\",\"@graph\":[{\"@type\":\"Article\",\"@id\":\"https:\/\/dev.antudigital.cl\/sites\/vc\/mujer-teatro-y-pandemia-entre-otras-actividades-nutren-la-cartelera-de-sala-upla\/#article\",\"isPartOf\":{\"@id\":\"https:\/\/dev.antudigital.cl\/sites\/vc\/mujer-teatro-y-pandemia-entre-otras-actividades-nutren-la-cartelera-de-sala-upla\/\"},\"author\":{\"name\":\"Valparaiso Creativo\",\"@id\":\"https:\/\/dev.antudigital.cl\/sites\/vc\/#\/schema\/person\/81d1dcd51abd542b5dfc00f5f951a0f1\"},\"headline\":\"\u00abMujer, teatro y pandemia\u00bb entre otras actividades nutren la cartelera de Sala Upla\",\"datePublished\":\"2020-08-31T08:38:55+00:00\",\"mainEntityOfPage\":{\"@id\":\"https:\/\/dev.antudigital.cl\/sites\/vc\/mujer-teatro-y-pandemia-entre-otras-actividades-nutren-la-cartelera-de-sala-upla\/\"},\"wordCount\":199,\"image\":{\"@id\":\"https:\/\/dev.antudigital.cl\/sites\/vc\/mujer-teatro-y-pandemia-entre-otras-actividades-nutren-la-cartelera-de-sala-upla\/#primaryimage\"},\"thumbnailUrl\":\"https:\/\/dev.antudigital.cl\/sites\/vc\/wp-content\/uploads\/2020\/08\/mujerteatro.jpg\",\"keywords\":[\"Teatro\"],\"articleSection\":[\"Noticia\"],\"inLanguage\":\"es\"},{\"@type\":\"WebPage\",\"@id\":\"https:\/\/dev.antudigital.cl\/sites\/vc\/mujer-teatro-y-pandemia-entre-otras-actividades-nutren-la-cartelera-de-sala-upla\/\",\"url\":\"https:\/\/dev.antudigital.cl\/sites\/vc\/mujer-teatro-y-pandemia-entre-otras-actividades-nutren-la-cartelera-de-sala-upla\/\",\"name\":\"\\\"Mujer, teatro y pandemia\\\" entre otras actividades nutren la cartelera de Sala Upla - Valpara\u00ed\u00adso Creativo\",\"isPartOf\":{\"@id\":\"https:\/\/dev.antudigital.cl\/sites\/vc\/#website\"},\"primaryImageOfPage\":{\"@id\":\"https:\/\/dev.antudigital.cl\/sites\/vc\/mujer-teatro-y-pandemia-entre-otras-actividades-nutren-la-cartelera-de-sala-upla\/#primaryimage\"},\"image\":{\"@id\":\"https:\/\/dev.antudigital.cl\/sites\/vc\/mujer-teatro-y-pandemia-entre-otras-actividades-nutren-la-cartelera-de-sala-upla\/#primaryimage\"},\"thumbnailUrl\":\"https:\/\/dev.antudigital.cl\/sites\/vc\/wp-content\/uploads\/2020\/08\/mujerteatro.jpg\",\"datePublished\":\"2020-08-31T08:38:55+00:00\",\"author\":{\"@id\":\"https:\/\/dev.antudigital.cl\/sites\/vc\/#\/schema\/person\/81d1dcd51abd542b5dfc00f5f951a0f1\"},\"breadcrumb\":{\"@id\":\"https:\/\/dev.antudigital.cl\/sites\/vc\/mujer-teatro-y-pandemia-entre-otras-actividades-nutren-la-cartelera-de-sala-upla\/#breadcrumb\"},\"inLanguage\":\"es\",\"potentialAction\":[{\"@type\":\"ReadAction\",\"target\":[\"https:\/\/dev.antudigital.cl\/sites\/vc\/mujer-teatro-y-pandemia-entre-otras-actividades-nutren-la-cartelera-de-sala-upla\/\"]}]},{\"@type\":\"ImageObject\",\"inLanguage\":\"es\",\"@id\":\"https:\/\/dev.antudigital.cl\/sites\/vc\/mujer-teatro-y-pandemia-entre-otras-actividades-nutren-la-cartelera-de-sala-upla\/#primaryimage\",\"url\":\"https:\/\/dev.antudigital.cl\/sites\/vc\/wp-content\/uploads\/2020\/08\/mujerteatro.jpg\",\"contentUrl\":\"https:\/\/dev.antudigital.cl\/sites\/vc\/wp-content\/uploads\/2020\/08\/mujerteatro.jpg\",\"width\":1000,\"height\":563},{\"@type\":\"BreadcrumbList\",\"@id\":\"https:\/\/dev.antudigital.cl\/sites\/vc\/mujer-teatro-y-pandemia-entre-otras-actividades-nutren-la-cartelera-de-sala-upla\/#breadcrumb\",\"itemListElement\":[{\"@type\":\"ListItem\",\"position\":1,\"name\":\"Home\",\"item\":\"https:\/\/dev.antudigital.cl\/sites\/vc\/\"},{\"@type\":\"ListItem\",\"position\":2,\"name\":\"\u00abMujer, teatro y pandemia\u00bb entre otras actividades nutren la cartelera de Sala Upla\"}]},{\"@type\":\"WebSite\",\"@id\":\"https:\/\/dev.antudigital.cl\/sites\/vc\/#website\",\"url\":\"https:\/\/dev.antudigital.cl\/sites\/vc\/\",\"name\":\"Valpara\u00ed\u00adso Creativo\",\"description\":\"\",\"potentialAction\":[{\"@type\":\"SearchAction\",\"target\":{\"@type\":\"EntryPoint\",\"urlTemplate\":\"https:\/\/dev.antudigital.cl\/sites\/vc\/?s={search_term_string}\"},\"query-input\":{\"@type\":\"PropertyValueSpecification\",\"valueRequired\":true,\"valueName\":\"search_term_string\"}}],\"inLanguage\":\"es\"},{\"@type\":\"Person\",\"@id\":\"https:\/\/dev.antudigital.cl\/sites\/vc\/#\/schema\/person\/81d1dcd51abd542b5dfc00f5f951a0f1\",\"name\":\"Valparaiso Creativo\",\"url\":\"https:\/\/dev.antudigital.cl\/sites\/vc\/author\/valparaiso-creativo\/\"}]}<\/script>\n<!-- \/ Yoast SEO plugin. -->","yoast_head_json":{"title":"\"Mujer, teatro y pandemia\" entre otras actividades nutren la cartelera de Sala Upla - Valpara\u00ed\u00adso Creativo","robots":{"index":"index","follow":"follow","max-snippet":"max-snippet:-1","max-image-preview":"max-image-preview:large","max-video-preview":"max-video-preview:-1"},"canonical":"https:\/\/dev.antudigital.cl\/sites\/vc\/mujer-teatro-y-pandemia-entre-otras-actividades-nutren-la-cartelera-de-sala-upla\/","og_locale":"es_ES","og_type":"article","og_title":"\"Mujer, teatro y pandemia\" entre otras actividades nutren la cartelera de Sala Upla - Valpara\u00ed\u00adso Creativo","og_description":"La Sala de Arte Esc\u00e9nico UPLA ha mantenido una activa cartelera en l\u00ednea durante estos meses. Ahora comenzar\u00e1n la semana el d\u00eda\u00a0lunes 31 de agosto a las 19:00hrs. con las \u00abConversaciones remotas, di\u00e1logos m\u00e1s all\u00e1 de la pandemia\u00bb, una serie de sesiones que retoman actualmente. En esta edici\u00f3n se contar\u00e1 con cuatro invitadas para poder [&hellip;]","og_url":"https:\/\/dev.antudigital.cl\/sites\/vc\/mujer-teatro-y-pandemia-entre-otras-actividades-nutren-la-cartelera-de-sala-upla\/","og_site_name":"Valpara\u00ed\u00adso Creativo","article_published_time":"2020-08-31T08:38:55+00:00","og_image":[{"width":1000,"height":563,"url":"https:\/\/dev.antudigital.cl\/sites\/vc\/wp-content\/uploads\/2020\/08\/mujerteatro.jpg","type":"image\/jpeg"}],"author":"Valparaiso Creativo","twitter_card":"summary_large_image","twitter_misc":{"Escrito por":"Valparaiso Creativo","Tiempo de lectura":"1 minuto"},"schema":{"@context":"https:\/\/schema.org","@graph":[{"@type":"Article","@id":"https:\/\/dev.antudigital.cl\/sites\/vc\/mujer-teatro-y-pandemia-entre-otras-actividades-nutren-la-cartelera-de-sala-upla\/#article","isPartOf":{"@id":"https:\/\/dev.antudigital.cl\/sites\/vc\/mujer-teatro-y-pandemia-entre-otras-actividades-nutren-la-cartelera-de-sala-upla\/"},"author":{"name":"Valparaiso Creativo","@id":"https:\/\/dev.antudigital.cl\/sites\/vc\/#\/schema\/person\/81d1dcd51abd542b5dfc00f5f951a0f1"},"headline":"\u00abMujer, teatro y pandemia\u00bb entre otras actividades nutren la cartelera de Sala Upla","datePublished":"2020-08-31T08:38:55+00:00","mainEntityOfPage":{"@id":"https:\/\/dev.antudigital.cl\/sites\/vc\/mujer-teatro-y-pandemia-entre-otras-actividades-nutren-la-cartelera-de-sala-upla\/"},"wordCount":199,"image":{"@id":"https:\/\/dev.antudigital.cl\/sites\/vc\/mujer-teatro-y-pandemia-entre-otras-actividades-nutren-la-cartelera-de-sala-upla\/#primaryimage"},"thumbnailUrl":"https:\/\/dev.antudigital.cl\/sites\/vc\/wp-content\/uploads\/2020\/08\/mujerteatro.jpg","keywords":["Teatro"],"articleSection":["Noticia"],"inLanguage":"es"},{"@type":"WebPage","@id":"https:\/\/dev.antudigital.cl\/sites\/vc\/mujer-teatro-y-pandemia-entre-otras-actividades-nutren-la-cartelera-de-sala-upla\/","url":"https:\/\/dev.antudigital.cl\/sites\/vc\/mujer-teatro-y-pandemia-entre-otras-actividades-nutren-la-cartelera-de-sala-upla\/","name":"\"Mujer, teatro y pandemia\" entre otras actividades nutren la cartelera de Sala Upla - Valpara\u00ed\u00adso Creativo","isPartOf":{"@id":"https:\/\/dev.antudigital.cl\/sites\/vc\/#website"},"primaryImageOfPage":{"@id":"https:\/\/dev.antudigital.cl\/sites\/vc\/mujer-teatro-y-pandemia-entre-otras-actividades-nutren-la-cartelera-de-sala-upla\/#primaryimage"},"image":{"@id":"https:\/\/dev.antudigital.cl\/sites\/vc\/mujer-teatro-y-pandemia-entre-otras-actividades-nutren-la-cartelera-de-sala-upla\/#primaryimage"},"thumbnailUrl":"https:\/\/dev.antudigital.cl\/sites\/vc\/wp-content\/uploads\/2020\/08\/mujerteatro.jpg","datePublished":"2020-08-31T08:38:55+00:00","author":{"@id":"https:\/\/dev.antudigital.cl\/sites\/vc\/#\/schema\/person\/81d1dcd51abd542b5dfc00f5f951a0f1"},"breadcrumb":{"@id":"https:\/\/dev.antudigital.cl\/sites\/vc\/mujer-teatro-y-pandemia-entre-otras-actividades-nutren-la-cartelera-de-sala-upla\/#breadcrumb"},"inLanguage":"es","potentialAction":[{"@type":"ReadAction","target":["https:\/\/dev.antudigital.cl\/sites\/vc\/mujer-teatro-y-pandemia-entre-otras-actividades-nutren-la-cartelera-de-sala-upla\/"]}]},{"@type":"ImageObject","inLanguage":"es","@id":"https:\/\/dev.antudigital.cl\/sites\/vc\/mujer-teatro-y-pandemia-entre-otras-actividades-nutren-la-cartelera-de-sala-upla\/#primaryimage","url":"https:\/\/dev.antudigital.cl\/sites\/vc\/wp-content\/uploads\/2020\/08\/mujerteatro.jpg","contentUrl":"https:\/\/dev.antudigital.cl\/sites\/vc\/wp-content\/uploads\/2020\/08\/mujerteatro.jpg","width":1000,"height":563},{"@type":"BreadcrumbList","@id":"https:\/\/dev.antudigital.cl\/sites\/vc\/mujer-teatro-y-pandemia-entre-otras-actividades-nutren-la-cartelera-de-sala-upla\/#breadcrumb","itemListElement":[{"@type":"ListItem","position":1,"name":"Home","item":"https:\/\/dev.antudigital.cl\/sites\/vc\/"},{"@type":"ListItem","position":2,"name":"\u00abMujer, teatro y pandemia\u00bb entre otras actividades nutren la cartelera de Sala Upla"}]},{"@type":"WebSite","@id":"https:\/\/dev.antudigital.cl\/sites\/vc\/#website","url":"https:\/\/dev.antudigital.cl\/sites\/vc\/","name":"Valpara\u00ed\u00adso Creativo","description":"","potentialAction":[{"@type":"SearchAction","target":{"@type":"EntryPoint","urlTemplate":"https:\/\/dev.antudigital.cl\/sites\/vc\/?s={search_term_string}"},"query-input":{"@type":"PropertyValueSpecification","valueRequired":true,"valueName":"search_term_string"}}],"inLanguage":"es"},{"@type":"Person","@id":"https:\/\/dev.antudigital.cl\/sites\/vc\/#\/schema\/person\/81d1dcd51abd542b5dfc00f5f951a0f1","name":"Valparaiso Creativo","url":"https:\/\/dev.antudigital.cl\/sites\/vc\/author\/valparaiso-creativo\/"}]}},"_links":{"self":[{"href":"https:\/\/dev.antudigital.cl\/sites\/vc\/wp-json\/wp\/v2\/posts\/8760","targetHints":{"allow":["GET"]}}],"collection":[{"href":"https:\/\/dev.antudigital.cl\/sites\/vc\/wp-json\/wp\/v2\/posts"}],"about":[{"href":"https:\/\/dev.antudigital.cl\/sites\/vc\/wp-json\/wp\/v2\/types\/post"}],"author":[{"embeddable":true,"href":"https:\/\/dev.antudigital.cl\/sites\/vc\/wp-json\/wp\/v2\/users\/3"}],"replies":[{"embeddable":true,"href":"https:\/\/dev.antudigital.cl\/sites\/vc\/wp-json\/wp\/v2\/comments?post=8760"}],"version-history":[{"count":0,"href":"https:\/\/dev.antudigital.cl\/sites\/vc\/wp-json\/wp\/v2\/posts\/8760\/revisions"}],"wp:featuredmedia":[{"embeddable":true,"href":"https:\/\/dev.antudigital.cl\/sites\/vc\/wp-json\/wp\/v2\/media\/8762"}],"wp:attachment":[{"href":"https:\/\/dev.antudigital.cl\/sites\/vc\/wp-json\/wp\/v2\/media?parent=8760"}],"wp:term":[{"taxonomy":"category","embeddable":true,"href":"https:\/\/dev.antudigital.cl\/sites\/vc\/wp-json\/wp\/v2\/categories?post=8760"},{"taxonomy":"post_tag","embeddable":true,"href":"https:\/\/dev.antudigital.cl\/sites\/vc\/wp-json\/wp\/v2\/tags?post=8760"}],"curies":[{"name":"wp","href":"https:\/\/api.w.org\/{rel}","templated":true}]}}