{"id":8763,"date":"2020-08-28T11:55:24","date_gmt":"2020-08-28T11:55:24","guid":{"rendered":"https:\/\/www.valparaisocreativo.cl\/?p=5032"},"modified":"2020-08-28T11:55:24","modified_gmt":"2020-08-28T11:55:24","slug":"participa-en-la-convocatoria-de-largometrajes-de-la-calle-a-la-ventana-la-ciudad-del-futuro","status":"publish","type":"post","link":"https:\/\/dev.antudigital.cl\/sites\/vc\/participa-en-la-convocatoria-de-largometrajes-de-la-calle-a-la-ventana-la-ciudad-del-futuro\/","title":{"rendered":"Participa en la convocatoria de largometrajes \u00abDe la calle a la ventana: la ciudad del futuro\u00bb"},"content":{"rendered":"<p>La quinta versi\u00f3n de\u00a0<strong>Arquitectura Film Festival Chile\u00a0<\/strong>llega en noviembre, de manera totalmente en l\u00ednea. Una convocatoria que ya esta esperando tu postulaci\u00f3n, <strong>ya que recibir\u00e1n trabajos hasta el 13 de septiembre.\u00a0<\/strong><\/p>\n<p>Una invitaci\u00f3n a realizadores y realizadoras chilenas, para que presenten obras audiovisuales de hasta 30 minutos de duraci\u00f3n, dentro de las tres categor\u00edas disponibles.<\/p>\n<p style=\"font-weight: 400;\"><strong>\u00a0<\/strong><\/p>\n<p style=\"font-weight: 400;\">A poco de cumplir una d\u00e9cada, el ArqFilmFest sigue buscando reflejar el ambiente urbano donde ocurre la mayor parte de nuestras vidas, a trav\u00e9s del cine. En su ya 5\u00aa versi\u00f3n, denominada <strong>\u201cCIUDADES FUTURAS \u00bfy despu\u00e9s de la crisis qu\u00e9?\u201d\u00a0<\/strong>esta idea aparece a\u00fan con m\u00e1s fuerza considerando los potentes sucesos ocurridos en nuestras urbes durante el \u00faltimo a\u00f1o.<\/p>\n<p style=\"font-weight: 400;\">Desde octubre de 2019 hasta hoy nuestras vidas han estado en un permanente \u201cestado de excepci\u00f3n\u201d. As\u00ed, hemos pasado de calles desbordadas, repletas de gente marchando, a avenidas vac\u00edas que nos vuelcan a la intimidad de nuestras vivencias privadas. Esta radical experiencia nos obliga a preguntarnos si los cambios transformar\u00e1n o no la arquitectura, la ciudad y la vida urbana del ma\u00f1ana. En este marco, invitamos a realizadores y realizadoras chilenas o residentes a participar en la competencia nacional\u00a0<strong>\u201cDe la calle a la ventana: la ciudad del futuro\u201d,\u00a0<\/strong>con obras de ficci\u00f3n y no ficci\u00f3n que no excedan los 30 minutos, en las categor\u00edas \u00abLa Calle\u00bb (movilizaci\u00f3n), \u00abLa Ventana\u00bb (encierro) y \u00abEn progreso &#8211; Work in progress\u00bb (trabajos a\u00fan no terminados).<\/p>\n<p style=\"font-weight: 400;\">El\u00a0<strong>jurado<\/strong>\u00a0se anunciar\u00e1 el 1\u00ba de noviembre de 2020 y estar\u00e1 compuesto por figuras nacionales del cine, la arquitectura y la cr\u00edtica. Los cortometrajes ganadores ser\u00e1n seleccionados para ser exhibidos en otros festivales de cine y arquitectura del mundo que se realicen en el per\u00edodo 2022-2023.<\/p>\n<p style=\"font-weight: 400;\">Los filmes deben haber sido realizados entre el 18 de octubre de 2019 y el 7 de agosto de 2020.\u00a0 La recepci\u00f3n de obras audiovisuales se cierra el\u00a0<strong>13 de septiembre de 2020.<\/strong>\u00a0La postulaci\u00f3n es gratuita y se realiza a trav\u00e9s del sitio\u00a0<a href=\"http:\/\/www.arqfilmfest.cl\/\" data-saferedirecturl=\"https:\/\/www.google.com\/url?q=http:\/\/www.arqfilmfest.cl&amp;source=gmail&amp;ust=1598712200696000&amp;usg=AFQjCNG_RRg7AZXgxAJxKVHkbQ4ZrrW9tA\"><strong>www.arqfilmfest.cl<\/strong><\/a>\u00a0donde se encuentran las bases de postulaci\u00f3n y m\u00e1s antecedentes respecto a la competencia.<\/p>\n<p style=\"font-weight: 400;\"><img fetchpriority=\"high\" decoding=\"async\" class=\"alignleft size-medium wp-image-5035\" src=\"https:\/\/www.valparaisocreativo.cl\/wp-content\/uploads\/2020\/08\/IG_1_27.08.2020-300x300.jpg\" alt=\"\" width=\"300\" height=\"300\" \/> <img decoding=\"async\" class=\"alignleft size-medium wp-image-5037\" src=\"https:\/\/www.valparaisocreativo.cl\/wp-content\/uploads\/2020\/08\/IG_3_27.08.2020-300x300.jpg\" alt=\"\" width=\"300\" height=\"300\" \/><\/p>\n","protected":false},"excerpt":{"rendered":"<p>La quinta versi\u00f3n de\u00a0Arquitectura Film Festival Chile\u00a0llega en noviembre, de manera totalmente en l\u00ednea. Una convocatoria que ya esta esperando tu postulaci\u00f3n, ya que recibir\u00e1n trabajos hasta el 13 de septiembre.\u00a0 Una invitaci\u00f3n a realizadores y realizadoras chilenas, para que presenten obras audiovisuales de hasta 30 minutos de duraci\u00f3n, dentro de las tres categor\u00edas disponibles. [&hellip;]<\/p>\n","protected":false},"author":3,"featured_media":0,"comment_status":"closed","ping_status":"closed","sticky":false,"template":"","format":"standard","meta":{"_acf_changed":false,"footnotes":""},"categories":[1],"tags":[],"class_list":["post-8763","post","type-post","status-publish","format-standard","hentry","category-uncategorized"],"acf":[],"yoast_head":"<!-- This site is optimized with the Yoast SEO plugin v27.1.1 - https:\/\/yoast.com\/product\/yoast-seo-wordpress\/ -->\n<title>Participa en la convocatoria de largometrajes &quot;De la calle a la ventana: la ciudad del futuro&quot; - Valpara\u00ed\u00adso Creativo<\/title>\n<meta name=\"robots\" content=\"index, follow, max-snippet:-1, max-image-preview:large, max-video-preview:-1\" \/>\n<link rel=\"canonical\" href=\"https:\/\/dev.antudigital.cl\/sites\/vc\/participa-en-la-convocatoria-de-largometrajes-de-la-calle-a-la-ventana-la-ciudad-del-futuro\/\" \/>\n<meta property=\"og:locale\" content=\"es_ES\" \/>\n<meta property=\"og:type\" content=\"article\" \/>\n<meta property=\"og:title\" content=\"Participa en la convocatoria de largometrajes &quot;De la calle a la ventana: la ciudad del futuro&quot; - Valpara\u00ed\u00adso Creativo\" \/>\n<meta property=\"og:description\" content=\"La quinta versi\u00f3n de\u00a0Arquitectura Film Festival Chile\u00a0llega en noviembre, de manera totalmente en l\u00ednea. Una convocatoria que ya esta esperando tu postulaci\u00f3n, ya que recibir\u00e1n trabajos hasta el 13 de septiembre.\u00a0 Una invitaci\u00f3n a realizadores y realizadoras chilenas, para que presenten obras audiovisuales de hasta 30 minutos de duraci\u00f3n, dentro de las tres categor\u00edas disponibles. [&hellip;]\" \/>\n<meta property=\"og:url\" content=\"https:\/\/dev.antudigital.cl\/sites\/vc\/participa-en-la-convocatoria-de-largometrajes-de-la-calle-a-la-ventana-la-ciudad-del-futuro\/\" \/>\n<meta property=\"og:site_name\" content=\"Valpara\u00ed\u00adso Creativo\" \/>\n<meta property=\"article:published_time\" content=\"2020-08-28T11:55:24+00:00\" \/>\n<meta property=\"og:image\" content=\"https:\/\/www.valparaisocreativo.cl\/wp-content\/uploads\/2020\/08\/IG_1_27.08.2020-300x300.jpg\" \/>\n<meta name=\"author\" content=\"Valparaiso Creativo\" \/>\n<meta name=\"twitter:card\" content=\"summary_large_image\" \/>\n<meta name=\"twitter:label1\" content=\"Escrito por\" \/>\n\t<meta name=\"twitter:data1\" content=\"Valparaiso Creativo\" \/>\n\t<meta name=\"twitter:label2\" content=\"Tiempo de lectura\" \/>\n\t<meta name=\"twitter:data2\" content=\"2 minutos\" \/>\n<script type=\"application\/ld+json\" class=\"yoast-schema-graph\">{\"@context\":\"https:\/\/schema.org\",\"@graph\":[{\"@type\":\"Article\",\"@id\":\"https:\/\/dev.antudigital.cl\/sites\/vc\/participa-en-la-convocatoria-de-largometrajes-de-la-calle-a-la-ventana-la-ciudad-del-futuro\/#article\",\"isPartOf\":{\"@id\":\"https:\/\/dev.antudigital.cl\/sites\/vc\/participa-en-la-convocatoria-de-largometrajes-de-la-calle-a-la-ventana-la-ciudad-del-futuro\/\"},\"author\":{\"name\":\"Valparaiso Creativo\",\"@id\":\"https:\/\/dev.antudigital.cl\/sites\/vc\/#\/schema\/person\/81d1dcd51abd542b5dfc00f5f951a0f1\"},\"headline\":\"Participa en la convocatoria de largometrajes \u00abDe la calle a la ventana: la ciudad del futuro\u00bb\",\"datePublished\":\"2020-08-28T11:55:24+00:00\",\"mainEntityOfPage\":{\"@id\":\"https:\/\/dev.antudigital.cl\/sites\/vc\/participa-en-la-convocatoria-de-largometrajes-de-la-calle-a-la-ventana-la-ciudad-del-futuro\/\"},\"wordCount\":380,\"image\":{\"@id\":\"https:\/\/dev.antudigital.cl\/sites\/vc\/participa-en-la-convocatoria-de-largometrajes-de-la-calle-a-la-ventana-la-ciudad-del-futuro\/#primaryimage\"},\"thumbnailUrl\":\"https:\/\/www.valparaisocreativo.cl\/wp-content\/uploads\/2020\/08\/IG_1_27.08.2020-300x300.jpg\",\"articleSection\":[\"Uncategorized\"],\"inLanguage\":\"es\"},{\"@type\":\"WebPage\",\"@id\":\"https:\/\/dev.antudigital.cl\/sites\/vc\/participa-en-la-convocatoria-de-largometrajes-de-la-calle-a-la-ventana-la-ciudad-del-futuro\/\",\"url\":\"https:\/\/dev.antudigital.cl\/sites\/vc\/participa-en-la-convocatoria-de-largometrajes-de-la-calle-a-la-ventana-la-ciudad-del-futuro\/\",\"name\":\"Participa en la convocatoria de largometrajes \\\"De la calle a la ventana: la ciudad del futuro\\\" - Valpara\u00ed\u00adso Creativo\",\"isPartOf\":{\"@id\":\"https:\/\/dev.antudigital.cl\/sites\/vc\/#website\"},\"primaryImageOfPage\":{\"@id\":\"https:\/\/dev.antudigital.cl\/sites\/vc\/participa-en-la-convocatoria-de-largometrajes-de-la-calle-a-la-ventana-la-ciudad-del-futuro\/#primaryimage\"},\"image\":{\"@id\":\"https:\/\/dev.antudigital.cl\/sites\/vc\/participa-en-la-convocatoria-de-largometrajes-de-la-calle-a-la-ventana-la-ciudad-del-futuro\/#primaryimage\"},\"thumbnailUrl\":\"https:\/\/www.valparaisocreativo.cl\/wp-content\/uploads\/2020\/08\/IG_1_27.08.2020-300x300.jpg\",\"datePublished\":\"2020-08-28T11:55:24+00:00\",\"author\":{\"@id\":\"https:\/\/dev.antudigital.cl\/sites\/vc\/#\/schema\/person\/81d1dcd51abd542b5dfc00f5f951a0f1\"},\"breadcrumb\":{\"@id\":\"https:\/\/dev.antudigital.cl\/sites\/vc\/participa-en-la-convocatoria-de-largometrajes-de-la-calle-a-la-ventana-la-ciudad-del-futuro\/#breadcrumb\"},\"inLanguage\":\"es\",\"potentialAction\":[{\"@type\":\"ReadAction\",\"target\":[\"https:\/\/dev.antudigital.cl\/sites\/vc\/participa-en-la-convocatoria-de-largometrajes-de-la-calle-a-la-ventana-la-ciudad-del-futuro\/\"]}]},{\"@type\":\"ImageObject\",\"inLanguage\":\"es\",\"@id\":\"https:\/\/dev.antudigital.cl\/sites\/vc\/participa-en-la-convocatoria-de-largometrajes-de-la-calle-a-la-ventana-la-ciudad-del-futuro\/#primaryimage\",\"url\":\"https:\/\/www.valparaisocreativo.cl\/wp-content\/uploads\/2020\/08\/IG_1_27.08.2020-300x300.jpg\",\"contentUrl\":\"https:\/\/www.valparaisocreativo.cl\/wp-content\/uploads\/2020\/08\/IG_1_27.08.2020-300x300.jpg\"},{\"@type\":\"BreadcrumbList\",\"@id\":\"https:\/\/dev.antudigital.cl\/sites\/vc\/participa-en-la-convocatoria-de-largometrajes-de-la-calle-a-la-ventana-la-ciudad-del-futuro\/#breadcrumb\",\"itemListElement\":[{\"@type\":\"ListItem\",\"position\":1,\"name\":\"Home\",\"item\":\"https:\/\/dev.antudigital.cl\/sites\/vc\/\"},{\"@type\":\"ListItem\",\"position\":2,\"name\":\"Participa en la convocatoria de largometrajes \u00abDe la calle a la ventana: la ciudad del futuro\u00bb\"}]},{\"@type\":\"WebSite\",\"@id\":\"https:\/\/dev.antudigital.cl\/sites\/vc\/#website\",\"url\":\"https:\/\/dev.antudigital.cl\/sites\/vc\/\",\"name\":\"Valpara\u00ed\u00adso Creativo\",\"description\":\"\",\"potentialAction\":[{\"@type\":\"SearchAction\",\"target\":{\"@type\":\"EntryPoint\",\"urlTemplate\":\"https:\/\/dev.antudigital.cl\/sites\/vc\/?s={search_term_string}\"},\"query-input\":{\"@type\":\"PropertyValueSpecification\",\"valueRequired\":true,\"valueName\":\"search_term_string\"}}],\"inLanguage\":\"es\"},{\"@type\":\"Person\",\"@id\":\"https:\/\/dev.antudigital.cl\/sites\/vc\/#\/schema\/person\/81d1dcd51abd542b5dfc00f5f951a0f1\",\"name\":\"Valparaiso Creativo\",\"url\":\"https:\/\/dev.antudigital.cl\/sites\/vc\/author\/valparaiso-creativo\/\"}]}<\/script>\n<!-- \/ Yoast SEO plugin. -->","yoast_head_json":{"title":"Participa en la convocatoria de largometrajes \"De la calle a la ventana: la ciudad del futuro\" - Valpara\u00ed\u00adso Creativo","robots":{"index":"index","follow":"follow","max-snippet":"max-snippet:-1","max-image-preview":"max-image-preview:large","max-video-preview":"max-video-preview:-1"},"canonical":"https:\/\/dev.antudigital.cl\/sites\/vc\/participa-en-la-convocatoria-de-largometrajes-de-la-calle-a-la-ventana-la-ciudad-del-futuro\/","og_locale":"es_ES","og_type":"article","og_title":"Participa en la convocatoria de largometrajes \"De la calle a la ventana: la ciudad del futuro\" - Valpara\u00ed\u00adso Creativo","og_description":"La quinta versi\u00f3n de\u00a0Arquitectura Film Festival Chile\u00a0llega en noviembre, de manera totalmente en l\u00ednea. Una convocatoria que ya esta esperando tu postulaci\u00f3n, ya que recibir\u00e1n trabajos hasta el 13 de septiembre.\u00a0 Una invitaci\u00f3n a realizadores y realizadoras chilenas, para que presenten obras audiovisuales de hasta 30 minutos de duraci\u00f3n, dentro de las tres categor\u00edas disponibles. [&hellip;]","og_url":"https:\/\/dev.antudigital.cl\/sites\/vc\/participa-en-la-convocatoria-de-largometrajes-de-la-calle-a-la-ventana-la-ciudad-del-futuro\/","og_site_name":"Valpara\u00ed\u00adso Creativo","article_published_time":"2020-08-28T11:55:24+00:00","og_image":[{"url":"https:\/\/www.valparaisocreativo.cl\/wp-content\/uploads\/2020\/08\/IG_1_27.08.2020-300x300.jpg","type":"","width":"","height":""}],"author":"Valparaiso Creativo","twitter_card":"summary_large_image","twitter_misc":{"Escrito por":"Valparaiso Creativo","Tiempo de lectura":"2 minutos"},"schema":{"@context":"https:\/\/schema.org","@graph":[{"@type":"Article","@id":"https:\/\/dev.antudigital.cl\/sites\/vc\/participa-en-la-convocatoria-de-largometrajes-de-la-calle-a-la-ventana-la-ciudad-del-futuro\/#article","isPartOf":{"@id":"https:\/\/dev.antudigital.cl\/sites\/vc\/participa-en-la-convocatoria-de-largometrajes-de-la-calle-a-la-ventana-la-ciudad-del-futuro\/"},"author":{"name":"Valparaiso Creativo","@id":"https:\/\/dev.antudigital.cl\/sites\/vc\/#\/schema\/person\/81d1dcd51abd542b5dfc00f5f951a0f1"},"headline":"Participa en la convocatoria de largometrajes \u00abDe la calle a la ventana: la ciudad del futuro\u00bb","datePublished":"2020-08-28T11:55:24+00:00","mainEntityOfPage":{"@id":"https:\/\/dev.antudigital.cl\/sites\/vc\/participa-en-la-convocatoria-de-largometrajes-de-la-calle-a-la-ventana-la-ciudad-del-futuro\/"},"wordCount":380,"image":{"@id":"https:\/\/dev.antudigital.cl\/sites\/vc\/participa-en-la-convocatoria-de-largometrajes-de-la-calle-a-la-ventana-la-ciudad-del-futuro\/#primaryimage"},"thumbnailUrl":"https:\/\/www.valparaisocreativo.cl\/wp-content\/uploads\/2020\/08\/IG_1_27.08.2020-300x300.jpg","articleSection":["Uncategorized"],"inLanguage":"es"},{"@type":"WebPage","@id":"https:\/\/dev.antudigital.cl\/sites\/vc\/participa-en-la-convocatoria-de-largometrajes-de-la-calle-a-la-ventana-la-ciudad-del-futuro\/","url":"https:\/\/dev.antudigital.cl\/sites\/vc\/participa-en-la-convocatoria-de-largometrajes-de-la-calle-a-la-ventana-la-ciudad-del-futuro\/","name":"Participa en la convocatoria de largometrajes \"De la calle a la ventana: la ciudad del futuro\" - Valpara\u00ed\u00adso Creativo","isPartOf":{"@id":"https:\/\/dev.antudigital.cl\/sites\/vc\/#website"},"primaryImageOfPage":{"@id":"https:\/\/dev.antudigital.cl\/sites\/vc\/participa-en-la-convocatoria-de-largometrajes-de-la-calle-a-la-ventana-la-ciudad-del-futuro\/#primaryimage"},"image":{"@id":"https:\/\/dev.antudigital.cl\/sites\/vc\/participa-en-la-convocatoria-de-largometrajes-de-la-calle-a-la-ventana-la-ciudad-del-futuro\/#primaryimage"},"thumbnailUrl":"https:\/\/www.valparaisocreativo.cl\/wp-content\/uploads\/2020\/08\/IG_1_27.08.2020-300x300.jpg","datePublished":"2020-08-28T11:55:24+00:00","author":{"@id":"https:\/\/dev.antudigital.cl\/sites\/vc\/#\/schema\/person\/81d1dcd51abd542b5dfc00f5f951a0f1"},"breadcrumb":{"@id":"https:\/\/dev.antudigital.cl\/sites\/vc\/participa-en-la-convocatoria-de-largometrajes-de-la-calle-a-la-ventana-la-ciudad-del-futuro\/#breadcrumb"},"inLanguage":"es","potentialAction":[{"@type":"ReadAction","target":["https:\/\/dev.antudigital.cl\/sites\/vc\/participa-en-la-convocatoria-de-largometrajes-de-la-calle-a-la-ventana-la-ciudad-del-futuro\/"]}]},{"@type":"ImageObject","inLanguage":"es","@id":"https:\/\/dev.antudigital.cl\/sites\/vc\/participa-en-la-convocatoria-de-largometrajes-de-la-calle-a-la-ventana-la-ciudad-del-futuro\/#primaryimage","url":"https:\/\/www.valparaisocreativo.cl\/wp-content\/uploads\/2020\/08\/IG_1_27.08.2020-300x300.jpg","contentUrl":"https:\/\/www.valparaisocreativo.cl\/wp-content\/uploads\/2020\/08\/IG_1_27.08.2020-300x300.jpg"},{"@type":"BreadcrumbList","@id":"https:\/\/dev.antudigital.cl\/sites\/vc\/participa-en-la-convocatoria-de-largometrajes-de-la-calle-a-la-ventana-la-ciudad-del-futuro\/#breadcrumb","itemListElement":[{"@type":"ListItem","position":1,"name":"Home","item":"https:\/\/dev.antudigital.cl\/sites\/vc\/"},{"@type":"ListItem","position":2,"name":"Participa en la convocatoria de largometrajes \u00abDe la calle a la ventana: la ciudad del futuro\u00bb"}]},{"@type":"WebSite","@id":"https:\/\/dev.antudigital.cl\/sites\/vc\/#website","url":"https:\/\/dev.antudigital.cl\/sites\/vc\/","name":"Valpara\u00ed\u00adso Creativo","description":"","potentialAction":[{"@type":"SearchAction","target":{"@type":"EntryPoint","urlTemplate":"https:\/\/dev.antudigital.cl\/sites\/vc\/?s={search_term_string}"},"query-input":{"@type":"PropertyValueSpecification","valueRequired":true,"valueName":"search_term_string"}}],"inLanguage":"es"},{"@type":"Person","@id":"https:\/\/dev.antudigital.cl\/sites\/vc\/#\/schema\/person\/81d1dcd51abd542b5dfc00f5f951a0f1","name":"Valparaiso Creativo","url":"https:\/\/dev.antudigital.cl\/sites\/vc\/author\/valparaiso-creativo\/"}]}},"_links":{"self":[{"href":"https:\/\/dev.antudigital.cl\/sites\/vc\/wp-json\/wp\/v2\/posts\/8763","targetHints":{"allow":["GET"]}}],"collection":[{"href":"https:\/\/dev.antudigital.cl\/sites\/vc\/wp-json\/wp\/v2\/posts"}],"about":[{"href":"https:\/\/dev.antudigital.cl\/sites\/vc\/wp-json\/wp\/v2\/types\/post"}],"author":[{"embeddable":true,"href":"https:\/\/dev.antudigital.cl\/sites\/vc\/wp-json\/wp\/v2\/users\/3"}],"replies":[{"embeddable":true,"href":"https:\/\/dev.antudigital.cl\/sites\/vc\/wp-json\/wp\/v2\/comments?post=8763"}],"version-history":[{"count":0,"href":"https:\/\/dev.antudigital.cl\/sites\/vc\/wp-json\/wp\/v2\/posts\/8763\/revisions"}],"wp:attachment":[{"href":"https:\/\/dev.antudigital.cl\/sites\/vc\/wp-json\/wp\/v2\/media?parent=8763"}],"wp:term":[{"taxonomy":"category","embeddable":true,"href":"https:\/\/dev.antudigital.cl\/sites\/vc\/wp-json\/wp\/v2\/categories?post=8763"},{"taxonomy":"post_tag","embeddable":true,"href":"https:\/\/dev.antudigital.cl\/sites\/vc\/wp-json\/wp\/v2\/tags?post=8763"}],"curies":[{"name":"wp","href":"https:\/\/api.w.org\/{rel}","templated":true}]}}