{"id":8764,"date":"2021-12-25T19:38:05","date_gmt":"2021-12-25T19:38:05","guid":{"rendered":"https:\/\/www.valparaisocreativo.cl\/?p=8764"},"modified":"2021-12-25T19:38:10","modified_gmt":"2021-12-25T19:38:10","slug":"participa-en-la-convocatoria-de-largometrajes-de-la-calle-a-la-ventana-la-ciudad-del-futuro-2","status":"publish","type":"post","link":"https:\/\/dev.antudigital.cl\/sites\/vc\/participa-en-la-convocatoria-de-largometrajes-de-la-calle-a-la-ventana-la-ciudad-del-futuro-2\/","title":{"rendered":"Participa en la convocatoria de largometrajes \u00abDe la calle a la ventana: la ciudad del futuro\u00bb"},"content":{"rendered":"\n<p>La quinta versi\u00f3n de&nbsp;<strong>Arquitectura Film Festival Chile&nbsp;<\/strong>llega en noviembre, de manera totalmente en l\u00ednea. Una convocatoria que ya esta esperando tu postulaci\u00f3n, <strong>ya que recibir\u00e1n trabajos hasta el 13 de septiembre.&nbsp;<\/strong><\/p>\n\n\n\n<p>Una invitaci\u00f3n a realizadores y realizadoras chilenas, para que presenten obras audiovisuales de hasta 30 minutos de duraci\u00f3n, dentro de las tres categor\u00edas disponibles.<\/p>\n\n\n\n<p>A poco de cumplir una d\u00e9cada, el ArqFilmFest sigue buscando reflejar el ambiente urbano donde ocurre la mayor parte de nuestras vidas, a trav\u00e9s del cine. En su ya 5\u00aa versi\u00f3n, denominada <strong>\u201cCIUDADES FUTURAS \u00bfy despu\u00e9s de la crisis qu\u00e9?\u201d&nbsp;<\/strong>esta idea aparece a\u00fan con m\u00e1s fuerza considerando los potentes sucesos ocurridos en nuestras urbes durante el \u00faltimo a\u00f1o.<\/p>\n\n\n\n<p>Desde octubre de 2019 hasta hoy nuestras vidas han estado en un permanente \u201cestado de excepci\u00f3n\u201d. As\u00ed, hemos pasado de calles desbordadas, repletas de gente marchando, a avenidas vac\u00edas que nos vuelcan a la intimidad de nuestras vivencias privadas. Esta radical experiencia nos obliga a preguntarnos si los cambios transformar\u00e1n o no la arquitectura, la ciudad y la vida urbana del ma\u00f1ana. En este marco, invitamos a realizadores y realizadoras chilenas o residentes a participar en la competencia nacional&nbsp;<strong>\u201cDe la calle a la ventana: la ciudad del futuro\u201d,&nbsp;<\/strong>con obras de ficci\u00f3n y no ficci\u00f3n que no excedan los 30 minutos, en las categor\u00edas \u00abLa Calle\u00bb (movilizaci\u00f3n), \u00abLa Ventana\u00bb (encierro) y \u00abEn progreso &#8211; Work in progress\u00bb (trabajos a\u00fan no terminados).<\/p>\n\n\n\n<p>El&nbsp;<strong>jurado<\/strong>&nbsp;se anunciar\u00e1 el 1\u00ba de noviembre de 2020 y estar\u00e1 compuesto por figuras nacionales del cine, la arquitectura y la cr\u00edtica. Los cortometrajes ganadores ser\u00e1n seleccionados para ser exhibidos en otros festivales de cine y arquitectura del mundo que se realicen en el per\u00edodo 2022-2023.<\/p>\n\n\n\n<p>Los filmes deben haber sido realizados entre el 18 de octubre de 2019 y el 7 de agosto de 2020.&nbsp; La recepci\u00f3n de obras audiovisuales se cierra el&nbsp;<strong>13 de septiembre de 2020.<\/strong>&nbsp;La postulaci\u00f3n es gratuita y se realiza a trav\u00e9s del sitio&nbsp;<a href=\"http:\/\/www.arqfilmfest.cl\/\"><strong>www.arqfilmfest.cl<\/strong><\/a>&nbsp;donde se encuentran las bases de postulaci\u00f3n y m\u00e1s antecedentes respecto a la competencia.<\/p>\n","protected":false},"excerpt":{"rendered":"<p>La quinta versi\u00f3n de&nbsp;Arquitectura Film Festival Chile&nbsp;llega en noviembre, de manera totalmente en l\u00ednea. Una convocatoria que ya esta esperando tu postulaci\u00f3n, ya que recibir\u00e1n trabajos hasta el 13 de septiembre.&nbsp; Una invitaci\u00f3n a realizadores y realizadoras chilenas, para que presenten obras audiovisuales de hasta 30 minutos de duraci\u00f3n, dentro de las tres categor\u00edas disponibles. [&hellip;]<\/p>\n","protected":false},"author":1,"featured_media":8765,"comment_status":"open","ping_status":"closed","sticky":false,"template":"","format":"standard","meta":{"_acf_changed":false,"footnotes":""},"categories":[8],"tags":[],"class_list":["post-8764","post","type-post","status-publish","format-standard","has-post-thumbnail","hentry","category-noticia"],"acf":[],"yoast_head":"<!-- This site is optimized with the Yoast SEO plugin v27.1.1 - https:\/\/yoast.com\/product\/yoast-seo-wordpress\/ -->\n<title>Participa en la convocatoria de largometrajes &quot;De la calle a la ventana: la ciudad del futuro&quot; - Valpara\u00ed\u00adso Creativo<\/title>\n<meta name=\"robots\" content=\"index, follow, max-snippet:-1, max-image-preview:large, max-video-preview:-1\" \/>\n<link rel=\"canonical\" href=\"https:\/\/dev.antudigital.cl\/sites\/vc\/participa-en-la-convocatoria-de-largometrajes-de-la-calle-a-la-ventana-la-ciudad-del-futuro-2\/\" \/>\n<meta property=\"og:locale\" content=\"es_ES\" \/>\n<meta property=\"og:type\" content=\"article\" \/>\n<meta property=\"og:title\" content=\"Participa en la convocatoria de largometrajes &quot;De la calle a la ventana: la ciudad del futuro&quot; - Valpara\u00ed\u00adso Creativo\" \/>\n<meta property=\"og:description\" content=\"La quinta versi\u00f3n de&nbsp;Arquitectura Film Festival Chile&nbsp;llega en noviembre, de manera totalmente en l\u00ednea. Una convocatoria que ya esta esperando tu postulaci\u00f3n, ya que recibir\u00e1n trabajos hasta el 13 de septiembre.&nbsp; Una invitaci\u00f3n a realizadores y realizadoras chilenas, para que presenten obras audiovisuales de hasta 30 minutos de duraci\u00f3n, dentro de las tres categor\u00edas disponibles. [&hellip;]\" \/>\n<meta property=\"og:url\" content=\"https:\/\/dev.antudigital.cl\/sites\/vc\/participa-en-la-convocatoria-de-largometrajes-de-la-calle-a-la-ventana-la-ciudad-del-futuro-2\/\" \/>\n<meta property=\"og:site_name\" content=\"Valpara\u00ed\u00adso Creativo\" \/>\n<meta property=\"article:published_time\" content=\"2021-12-25T19:38:05+00:00\" \/>\n<meta property=\"article:modified_time\" content=\"2021-12-25T19:38:10+00:00\" \/>\n<meta property=\"og:image\" content=\"https:\/\/dev.antudigital.cl\/sites\/vc\/wp-content\/uploads\/2021\/12\/ArqCinePortada.jpg\" \/>\n\t<meta property=\"og:image:width\" content=\"851\" \/>\n\t<meta property=\"og:image:height\" content=\"409\" \/>\n\t<meta property=\"og:image:type\" content=\"image\/jpeg\" \/>\n<meta name=\"author\" content=\"Valpara\u00edso Creativo\" \/>\n<meta name=\"twitter:card\" content=\"summary_large_image\" \/>\n<meta name=\"twitter:label1\" content=\"Escrito por\" \/>\n\t<meta name=\"twitter:data1\" content=\"Valpara\u00edso Creativo\" \/>\n\t<meta name=\"twitter:label2\" content=\"Tiempo de lectura\" \/>\n\t<meta name=\"twitter:data2\" content=\"2 minutos\" \/>\n<script type=\"application\/ld+json\" class=\"yoast-schema-graph\">{\"@context\":\"https:\/\/schema.org\",\"@graph\":[{\"@type\":\"Article\",\"@id\":\"https:\/\/dev.antudigital.cl\/sites\/vc\/participa-en-la-convocatoria-de-largometrajes-de-la-calle-a-la-ventana-la-ciudad-del-futuro-2\/#article\",\"isPartOf\":{\"@id\":\"https:\/\/dev.antudigital.cl\/sites\/vc\/participa-en-la-convocatoria-de-largometrajes-de-la-calle-a-la-ventana-la-ciudad-del-futuro-2\/\"},\"author\":{\"name\":\"Valpara\u00edso Creativo\",\"@id\":\"https:\/\/dev.antudigital.cl\/sites\/vc\/#\/schema\/person\/c2b9da8dd545e27166fc5ab232837318\"},\"headline\":\"Participa en la convocatoria de largometrajes \u00abDe la calle a la ventana: la ciudad del futuro\u00bb\",\"datePublished\":\"2021-12-25T19:38:05+00:00\",\"dateModified\":\"2021-12-25T19:38:10+00:00\",\"mainEntityOfPage\":{\"@id\":\"https:\/\/dev.antudigital.cl\/sites\/vc\/participa-en-la-convocatoria-de-largometrajes-de-la-calle-a-la-ventana-la-ciudad-del-futuro-2\/\"},\"wordCount\":393,\"commentCount\":0,\"image\":{\"@id\":\"https:\/\/dev.antudigital.cl\/sites\/vc\/participa-en-la-convocatoria-de-largometrajes-de-la-calle-a-la-ventana-la-ciudad-del-futuro-2\/#primaryimage\"},\"thumbnailUrl\":\"https:\/\/dev.antudigital.cl\/sites\/vc\/wp-content\/uploads\/2021\/12\/ArqCinePortada.jpg\",\"articleSection\":[\"Noticia\"],\"inLanguage\":\"es\",\"potentialAction\":[{\"@type\":\"CommentAction\",\"name\":\"Comment\",\"target\":[\"https:\/\/dev.antudigital.cl\/sites\/vc\/participa-en-la-convocatoria-de-largometrajes-de-la-calle-a-la-ventana-la-ciudad-del-futuro-2\/#respond\"]}]},{\"@type\":\"WebPage\",\"@id\":\"https:\/\/dev.antudigital.cl\/sites\/vc\/participa-en-la-convocatoria-de-largometrajes-de-la-calle-a-la-ventana-la-ciudad-del-futuro-2\/\",\"url\":\"https:\/\/dev.antudigital.cl\/sites\/vc\/participa-en-la-convocatoria-de-largometrajes-de-la-calle-a-la-ventana-la-ciudad-del-futuro-2\/\",\"name\":\"Participa en la convocatoria de largometrajes \\\"De la calle a la ventana: la ciudad del futuro\\\" - Valpara\u00ed\u00adso Creativo\",\"isPartOf\":{\"@id\":\"https:\/\/dev.antudigital.cl\/sites\/vc\/#website\"},\"primaryImageOfPage\":{\"@id\":\"https:\/\/dev.antudigital.cl\/sites\/vc\/participa-en-la-convocatoria-de-largometrajes-de-la-calle-a-la-ventana-la-ciudad-del-futuro-2\/#primaryimage\"},\"image\":{\"@id\":\"https:\/\/dev.antudigital.cl\/sites\/vc\/participa-en-la-convocatoria-de-largometrajes-de-la-calle-a-la-ventana-la-ciudad-del-futuro-2\/#primaryimage\"},\"thumbnailUrl\":\"https:\/\/dev.antudigital.cl\/sites\/vc\/wp-content\/uploads\/2021\/12\/ArqCinePortada.jpg\",\"datePublished\":\"2021-12-25T19:38:05+00:00\",\"dateModified\":\"2021-12-25T19:38:10+00:00\",\"author\":{\"@id\":\"https:\/\/dev.antudigital.cl\/sites\/vc\/#\/schema\/person\/c2b9da8dd545e27166fc5ab232837318\"},\"breadcrumb\":{\"@id\":\"https:\/\/dev.antudigital.cl\/sites\/vc\/participa-en-la-convocatoria-de-largometrajes-de-la-calle-a-la-ventana-la-ciudad-del-futuro-2\/#breadcrumb\"},\"inLanguage\":\"es\",\"potentialAction\":[{\"@type\":\"ReadAction\",\"target\":[\"https:\/\/dev.antudigital.cl\/sites\/vc\/participa-en-la-convocatoria-de-largometrajes-de-la-calle-a-la-ventana-la-ciudad-del-futuro-2\/\"]}]},{\"@type\":\"ImageObject\",\"inLanguage\":\"es\",\"@id\":\"https:\/\/dev.antudigital.cl\/sites\/vc\/participa-en-la-convocatoria-de-largometrajes-de-la-calle-a-la-ventana-la-ciudad-del-futuro-2\/#primaryimage\",\"url\":\"https:\/\/dev.antudigital.cl\/sites\/vc\/wp-content\/uploads\/2021\/12\/ArqCinePortada.jpg\",\"contentUrl\":\"https:\/\/dev.antudigital.cl\/sites\/vc\/wp-content\/uploads\/2021\/12\/ArqCinePortada.jpg\",\"width\":851,\"height\":409},{\"@type\":\"BreadcrumbList\",\"@id\":\"https:\/\/dev.antudigital.cl\/sites\/vc\/participa-en-la-convocatoria-de-largometrajes-de-la-calle-a-la-ventana-la-ciudad-del-futuro-2\/#breadcrumb\",\"itemListElement\":[{\"@type\":\"ListItem\",\"position\":1,\"name\":\"Home\",\"item\":\"https:\/\/dev.antudigital.cl\/sites\/vc\/\"},{\"@type\":\"ListItem\",\"position\":2,\"name\":\"Participa en la convocatoria de largometrajes \u00abDe la calle a la ventana: la ciudad del futuro\u00bb\"}]},{\"@type\":\"WebSite\",\"@id\":\"https:\/\/dev.antudigital.cl\/sites\/vc\/#website\",\"url\":\"https:\/\/dev.antudigital.cl\/sites\/vc\/\",\"name\":\"Valpara\u00ed\u00adso Creativo\",\"description\":\"\",\"potentialAction\":[{\"@type\":\"SearchAction\",\"target\":{\"@type\":\"EntryPoint\",\"urlTemplate\":\"https:\/\/dev.antudigital.cl\/sites\/vc\/?s={search_term_string}\"},\"query-input\":{\"@type\":\"PropertyValueSpecification\",\"valueRequired\":true,\"valueName\":\"search_term_string\"}}],\"inLanguage\":\"es\"},{\"@type\":\"Person\",\"@id\":\"https:\/\/dev.antudigital.cl\/sites\/vc\/#\/schema\/person\/c2b9da8dd545e27166fc5ab232837318\",\"name\":\"Valpara\u00edso Creativo\",\"description\":\"Periodista de cultura en la Regi\u00f3n de Valpara\u00edso.\",\"url\":\"https:\/\/dev.antudigital.cl\/sites\/vc\/author\/valpoadmin\/\"}]}<\/script>\n<!-- \/ Yoast SEO plugin. -->","yoast_head_json":{"title":"Participa en la convocatoria de largometrajes \"De la calle a la ventana: la ciudad del futuro\" - Valpara\u00ed\u00adso Creativo","robots":{"index":"index","follow":"follow","max-snippet":"max-snippet:-1","max-image-preview":"max-image-preview:large","max-video-preview":"max-video-preview:-1"},"canonical":"https:\/\/dev.antudigital.cl\/sites\/vc\/participa-en-la-convocatoria-de-largometrajes-de-la-calle-a-la-ventana-la-ciudad-del-futuro-2\/","og_locale":"es_ES","og_type":"article","og_title":"Participa en la convocatoria de largometrajes \"De la calle a la ventana: la ciudad del futuro\" - Valpara\u00ed\u00adso Creativo","og_description":"La quinta versi\u00f3n de&nbsp;Arquitectura Film Festival Chile&nbsp;llega en noviembre, de manera totalmente en l\u00ednea. Una convocatoria que ya esta esperando tu postulaci\u00f3n, ya que recibir\u00e1n trabajos hasta el 13 de septiembre.&nbsp; Una invitaci\u00f3n a realizadores y realizadoras chilenas, para que presenten obras audiovisuales de hasta 30 minutos de duraci\u00f3n, dentro de las tres categor\u00edas disponibles. [&hellip;]","og_url":"https:\/\/dev.antudigital.cl\/sites\/vc\/participa-en-la-convocatoria-de-largometrajes-de-la-calle-a-la-ventana-la-ciudad-del-futuro-2\/","og_site_name":"Valpara\u00ed\u00adso Creativo","article_published_time":"2021-12-25T19:38:05+00:00","article_modified_time":"2021-12-25T19:38:10+00:00","og_image":[{"width":851,"height":409,"url":"https:\/\/dev.antudigital.cl\/sites\/vc\/wp-content\/uploads\/2021\/12\/ArqCinePortada.jpg","type":"image\/jpeg"}],"author":"Valpara\u00edso Creativo","twitter_card":"summary_large_image","twitter_misc":{"Escrito por":"Valpara\u00edso Creativo","Tiempo de lectura":"2 minutos"},"schema":{"@context":"https:\/\/schema.org","@graph":[{"@type":"Article","@id":"https:\/\/dev.antudigital.cl\/sites\/vc\/participa-en-la-convocatoria-de-largometrajes-de-la-calle-a-la-ventana-la-ciudad-del-futuro-2\/#article","isPartOf":{"@id":"https:\/\/dev.antudigital.cl\/sites\/vc\/participa-en-la-convocatoria-de-largometrajes-de-la-calle-a-la-ventana-la-ciudad-del-futuro-2\/"},"author":{"name":"Valpara\u00edso Creativo","@id":"https:\/\/dev.antudigital.cl\/sites\/vc\/#\/schema\/person\/c2b9da8dd545e27166fc5ab232837318"},"headline":"Participa en la convocatoria de largometrajes \u00abDe la calle a la ventana: la ciudad del futuro\u00bb","datePublished":"2021-12-25T19:38:05+00:00","dateModified":"2021-12-25T19:38:10+00:00","mainEntityOfPage":{"@id":"https:\/\/dev.antudigital.cl\/sites\/vc\/participa-en-la-convocatoria-de-largometrajes-de-la-calle-a-la-ventana-la-ciudad-del-futuro-2\/"},"wordCount":393,"commentCount":0,"image":{"@id":"https:\/\/dev.antudigital.cl\/sites\/vc\/participa-en-la-convocatoria-de-largometrajes-de-la-calle-a-la-ventana-la-ciudad-del-futuro-2\/#primaryimage"},"thumbnailUrl":"https:\/\/dev.antudigital.cl\/sites\/vc\/wp-content\/uploads\/2021\/12\/ArqCinePortada.jpg","articleSection":["Noticia"],"inLanguage":"es","potentialAction":[{"@type":"CommentAction","name":"Comment","target":["https:\/\/dev.antudigital.cl\/sites\/vc\/participa-en-la-convocatoria-de-largometrajes-de-la-calle-a-la-ventana-la-ciudad-del-futuro-2\/#respond"]}]},{"@type":"WebPage","@id":"https:\/\/dev.antudigital.cl\/sites\/vc\/participa-en-la-convocatoria-de-largometrajes-de-la-calle-a-la-ventana-la-ciudad-del-futuro-2\/","url":"https:\/\/dev.antudigital.cl\/sites\/vc\/participa-en-la-convocatoria-de-largometrajes-de-la-calle-a-la-ventana-la-ciudad-del-futuro-2\/","name":"Participa en la convocatoria de largometrajes \"De la calle a la ventana: la ciudad del futuro\" - Valpara\u00ed\u00adso Creativo","isPartOf":{"@id":"https:\/\/dev.antudigital.cl\/sites\/vc\/#website"},"primaryImageOfPage":{"@id":"https:\/\/dev.antudigital.cl\/sites\/vc\/participa-en-la-convocatoria-de-largometrajes-de-la-calle-a-la-ventana-la-ciudad-del-futuro-2\/#primaryimage"},"image":{"@id":"https:\/\/dev.antudigital.cl\/sites\/vc\/participa-en-la-convocatoria-de-largometrajes-de-la-calle-a-la-ventana-la-ciudad-del-futuro-2\/#primaryimage"},"thumbnailUrl":"https:\/\/dev.antudigital.cl\/sites\/vc\/wp-content\/uploads\/2021\/12\/ArqCinePortada.jpg","datePublished":"2021-12-25T19:38:05+00:00","dateModified":"2021-12-25T19:38:10+00:00","author":{"@id":"https:\/\/dev.antudigital.cl\/sites\/vc\/#\/schema\/person\/c2b9da8dd545e27166fc5ab232837318"},"breadcrumb":{"@id":"https:\/\/dev.antudigital.cl\/sites\/vc\/participa-en-la-convocatoria-de-largometrajes-de-la-calle-a-la-ventana-la-ciudad-del-futuro-2\/#breadcrumb"},"inLanguage":"es","potentialAction":[{"@type":"ReadAction","target":["https:\/\/dev.antudigital.cl\/sites\/vc\/participa-en-la-convocatoria-de-largometrajes-de-la-calle-a-la-ventana-la-ciudad-del-futuro-2\/"]}]},{"@type":"ImageObject","inLanguage":"es","@id":"https:\/\/dev.antudigital.cl\/sites\/vc\/participa-en-la-convocatoria-de-largometrajes-de-la-calle-a-la-ventana-la-ciudad-del-futuro-2\/#primaryimage","url":"https:\/\/dev.antudigital.cl\/sites\/vc\/wp-content\/uploads\/2021\/12\/ArqCinePortada.jpg","contentUrl":"https:\/\/dev.antudigital.cl\/sites\/vc\/wp-content\/uploads\/2021\/12\/ArqCinePortada.jpg","width":851,"height":409},{"@type":"BreadcrumbList","@id":"https:\/\/dev.antudigital.cl\/sites\/vc\/participa-en-la-convocatoria-de-largometrajes-de-la-calle-a-la-ventana-la-ciudad-del-futuro-2\/#breadcrumb","itemListElement":[{"@type":"ListItem","position":1,"name":"Home","item":"https:\/\/dev.antudigital.cl\/sites\/vc\/"},{"@type":"ListItem","position":2,"name":"Participa en la convocatoria de largometrajes \u00abDe la calle a la ventana: la ciudad del futuro\u00bb"}]},{"@type":"WebSite","@id":"https:\/\/dev.antudigital.cl\/sites\/vc\/#website","url":"https:\/\/dev.antudigital.cl\/sites\/vc\/","name":"Valpara\u00ed\u00adso Creativo","description":"","potentialAction":[{"@type":"SearchAction","target":{"@type":"EntryPoint","urlTemplate":"https:\/\/dev.antudigital.cl\/sites\/vc\/?s={search_term_string}"},"query-input":{"@type":"PropertyValueSpecification","valueRequired":true,"valueName":"search_term_string"}}],"inLanguage":"es"},{"@type":"Person","@id":"https:\/\/dev.antudigital.cl\/sites\/vc\/#\/schema\/person\/c2b9da8dd545e27166fc5ab232837318","name":"Valpara\u00edso Creativo","description":"Periodista de cultura en la Regi\u00f3n de Valpara\u00edso.","url":"https:\/\/dev.antudigital.cl\/sites\/vc\/author\/valpoadmin\/"}]}},"_links":{"self":[{"href":"https:\/\/dev.antudigital.cl\/sites\/vc\/wp-json\/wp\/v2\/posts\/8764","targetHints":{"allow":["GET"]}}],"collection":[{"href":"https:\/\/dev.antudigital.cl\/sites\/vc\/wp-json\/wp\/v2\/posts"}],"about":[{"href":"https:\/\/dev.antudigital.cl\/sites\/vc\/wp-json\/wp\/v2\/types\/post"}],"author":[{"embeddable":true,"href":"https:\/\/dev.antudigital.cl\/sites\/vc\/wp-json\/wp\/v2\/users\/1"}],"replies":[{"embeddable":true,"href":"https:\/\/dev.antudigital.cl\/sites\/vc\/wp-json\/wp\/v2\/comments?post=8764"}],"version-history":[{"count":1,"href":"https:\/\/dev.antudigital.cl\/sites\/vc\/wp-json\/wp\/v2\/posts\/8764\/revisions"}],"predecessor-version":[{"id":8766,"href":"https:\/\/dev.antudigital.cl\/sites\/vc\/wp-json\/wp\/v2\/posts\/8764\/revisions\/8766"}],"wp:featuredmedia":[{"embeddable":true,"href":"https:\/\/dev.antudigital.cl\/sites\/vc\/wp-json\/wp\/v2\/media\/8765"}],"wp:attachment":[{"href":"https:\/\/dev.antudigital.cl\/sites\/vc\/wp-json\/wp\/v2\/media?parent=8764"}],"wp:term":[{"taxonomy":"category","embeddable":true,"href":"https:\/\/dev.antudigital.cl\/sites\/vc\/wp-json\/wp\/v2\/categories?post=8764"},{"taxonomy":"post_tag","embeddable":true,"href":"https:\/\/dev.antudigital.cl\/sites\/vc\/wp-json\/wp\/v2\/tags?post=8764"}],"curies":[{"name":"wp","href":"https:\/\/api.w.org\/{rel}","templated":true}]}}