{"id":8769,"date":"2020-08-24T09:22:30","date_gmt":"2020-08-24T09:22:30","guid":{"rendered":"https:\/\/www.valparaisocreativo.cl\/?p=5015"},"modified":"2020-08-24T09:22:30","modified_gmt":"2020-08-24T09:22:30","slug":"diseno-y-diaspora-nueva-charla-en-el-ciclo-de-instagram-live-del-cabildo-de-diseno-de-valparaiso","status":"publish","type":"post","link":"https:\/\/dev.antudigital.cl\/sites\/vc\/diseno-y-diaspora-nueva-charla-en-el-ciclo-de-instagram-live-del-cabildo-de-diseno-de-valparaiso\/","title":{"rendered":"\u00abDise\u00f1o y di\u00e1spora\u00bb: nueva charla en el ciclo de Instagram Live del Cabildo de Dise\u00f1o de Valpara\u00edso"},"content":{"rendered":"<p>Este mi\u00e9rcoles 26 se generar\u00e1 una nueva versi\u00f3n de los <a href=\"https:\/\/cabildodedisenorvalpo.cl\/\">Instagram Live<\/a> que est\u00e1 llevando a cabo\u00a0<strong><a href=\"https:\/\/cabildodedisenorvalpo.cl\/\">Cabildo de Dise\u00f1o de Valpara\u00edso<\/a>,\u00a0<\/strong>que esta semana se centrar\u00e1 en Dise\u00f1o y Di\u00e1spora, junto con una invitada especial, Mariana Salgado, desde Finlandia.<\/p>\n<p>El desafio\u0301 del disen\u0303o en los nuevos contextos pos pandemia, su visio\u0301n del valor del disen\u0303o basado experiencias del podcast donde ha conversado con diversos disen\u0303adores del mundo, la importancia de la asociatividad para avanzar en poli\u0301ticas pu\u0301blicas y proteccio\u0301n social para los disen\u0303adores.<\/p>\n<p>La cita es el 26 de agosto a las 9:00hrs. \u00a1Todos pueden conectarse! Y finalmente, las conversaciones quedan grabadas en Instagram TV, para quienes quieran revisar las ya pasadas.<\/p>\n<p><img fetchpriority=\"high\" decoding=\"async\" class=\"alignleft size-medium wp-image-5019\" src=\"https:\/\/www.valparaisocreativo.cl\/wp-content\/uploads\/2020\/08\/117769665_163312032068120_1397359200029407962_o-300x300.jpg\" alt=\"\" width=\"300\" height=\"300\" \/> <img decoding=\"async\" class=\"alignleft size-medium wp-image-5020\" src=\"https:\/\/www.valparaisocreativo.cl\/wp-content\/uploads\/2020\/08\/118009777_163312022068121_7333994533576448195_o-300x300.jpg\" alt=\"\" width=\"300\" height=\"300\" \/><\/p>\n","protected":false},"excerpt":{"rendered":"<p>Este mi\u00e9rcoles 26 se generar\u00e1 una nueva versi\u00f3n de los Instagram Live que est\u00e1 llevando a cabo\u00a0Cabildo de Dise\u00f1o de Valpara\u00edso,\u00a0que esta semana se centrar\u00e1 en Dise\u00f1o y Di\u00e1spora, junto con una invitada especial, Mariana Salgado, desde Finlandia. El desafio\u0301 del disen\u0303o en los nuevos contextos pos pandemia, su visio\u0301n del valor del disen\u0303o basado [&hellip;]<\/p>\n","protected":false},"author":3,"featured_media":8773,"comment_status":"closed","ping_status":"closed","sticky":false,"template":"","format":"standard","meta":{"_acf_changed":false,"footnotes":""},"categories":[8],"tags":[],"class_list":["post-8769","post","type-post","status-publish","format-standard","has-post-thumbnail","hentry","category-noticia"],"acf":[],"yoast_head":"<!-- This site is optimized with the Yoast SEO plugin v27.1.1 - https:\/\/yoast.com\/product\/yoast-seo-wordpress\/ -->\n<title>&quot;Dise\u00f1o y di\u00e1spora&quot;: nueva charla en el ciclo de Instagram Live del Cabildo de Dise\u00f1o de Valpara\u00edso - Valpara\u00ed\u00adso Creativo<\/title>\n<meta name=\"robots\" content=\"index, follow, max-snippet:-1, max-image-preview:large, max-video-preview:-1\" \/>\n<link rel=\"canonical\" href=\"https:\/\/dev.antudigital.cl\/sites\/vc\/diseno-y-diaspora-nueva-charla-en-el-ciclo-de-instagram-live-del-cabildo-de-diseno-de-valparaiso\/\" \/>\n<meta property=\"og:locale\" content=\"es_ES\" \/>\n<meta property=\"og:type\" content=\"article\" \/>\n<meta property=\"og:title\" content=\"&quot;Dise\u00f1o y di\u00e1spora&quot;: nueva charla en el ciclo de Instagram Live del Cabildo de Dise\u00f1o de Valpara\u00edso - Valpara\u00ed\u00adso Creativo\" \/>\n<meta property=\"og:description\" content=\"Este mi\u00e9rcoles 26 se generar\u00e1 una nueva versi\u00f3n de los Instagram Live que est\u00e1 llevando a cabo\u00a0Cabildo de Dise\u00f1o de Valpara\u00edso,\u00a0que esta semana se centrar\u00e1 en Dise\u00f1o y Di\u00e1spora, junto con una invitada especial, Mariana Salgado, desde Finlandia. El desafio\u0301 del disen\u0303o en los nuevos contextos pos pandemia, su visio\u0301n del valor del disen\u0303o basado [&hellip;]\" \/>\n<meta property=\"og:url\" content=\"https:\/\/dev.antudigital.cl\/sites\/vc\/diseno-y-diaspora-nueva-charla-en-el-ciclo-de-instagram-live-del-cabildo-de-diseno-de-valparaiso\/\" \/>\n<meta property=\"og:site_name\" content=\"Valpara\u00ed\u00adso Creativo\" \/>\n<meta property=\"article:published_time\" content=\"2020-08-24T09:22:30+00:00\" \/>\n<meta property=\"og:image\" content=\"https:\/\/dev.antudigital.cl\/sites\/vc\/wp-content\/uploads\/2020\/08\/Mariana-Salgado.jpg\" \/>\n\t<meta property=\"og:image:width\" content=\"959\" \/>\n\t<meta property=\"og:image:height\" content=\"599\" \/>\n\t<meta property=\"og:image:type\" content=\"image\/jpeg\" \/>\n<meta name=\"author\" content=\"Valparaiso Creativo\" \/>\n<meta name=\"twitter:card\" content=\"summary_large_image\" \/>\n<meta name=\"twitter:label1\" content=\"Escrito por\" \/>\n\t<meta name=\"twitter:data1\" content=\"Valparaiso Creativo\" \/>\n\t<meta name=\"twitter:label2\" content=\"Tiempo de lectura\" \/>\n\t<meta name=\"twitter:data2\" content=\"1 minuto\" \/>\n<script type=\"application\/ld+json\" class=\"yoast-schema-graph\">{\"@context\":\"https:\/\/schema.org\",\"@graph\":[{\"@type\":\"Article\",\"@id\":\"https:\/\/dev.antudigital.cl\/sites\/vc\/diseno-y-diaspora-nueva-charla-en-el-ciclo-de-instagram-live-del-cabildo-de-diseno-de-valparaiso\/#article\",\"isPartOf\":{\"@id\":\"https:\/\/dev.antudigital.cl\/sites\/vc\/diseno-y-diaspora-nueva-charla-en-el-ciclo-de-instagram-live-del-cabildo-de-diseno-de-valparaiso\/\"},\"author\":{\"name\":\"Valparaiso Creativo\",\"@id\":\"https:\/\/dev.antudigital.cl\/sites\/vc\/#\/schema\/person\/81d1dcd51abd542b5dfc00f5f951a0f1\"},\"headline\":\"\u00abDise\u00f1o y di\u00e1spora\u00bb: nueva charla en el ciclo de Instagram Live del Cabildo de Dise\u00f1o de Valpara\u00edso\",\"datePublished\":\"2020-08-24T09:22:30+00:00\",\"mainEntityOfPage\":{\"@id\":\"https:\/\/dev.antudigital.cl\/sites\/vc\/diseno-y-diaspora-nueva-charla-en-el-ciclo-de-instagram-live-del-cabildo-de-diseno-de-valparaiso\/\"},\"wordCount\":146,\"image\":{\"@id\":\"https:\/\/dev.antudigital.cl\/sites\/vc\/diseno-y-diaspora-nueva-charla-en-el-ciclo-de-instagram-live-del-cabildo-de-diseno-de-valparaiso\/#primaryimage\"},\"thumbnailUrl\":\"https:\/\/dev.antudigital.cl\/sites\/vc\/wp-content\/uploads\/2020\/08\/Mariana-Salgado.jpg\",\"articleSection\":[\"Noticia\"],\"inLanguage\":\"es\"},{\"@type\":\"WebPage\",\"@id\":\"https:\/\/dev.antudigital.cl\/sites\/vc\/diseno-y-diaspora-nueva-charla-en-el-ciclo-de-instagram-live-del-cabildo-de-diseno-de-valparaiso\/\",\"url\":\"https:\/\/dev.antudigital.cl\/sites\/vc\/diseno-y-diaspora-nueva-charla-en-el-ciclo-de-instagram-live-del-cabildo-de-diseno-de-valparaiso\/\",\"name\":\"\\\"Dise\u00f1o y di\u00e1spora\\\": nueva charla en el ciclo de Instagram Live del Cabildo de Dise\u00f1o de Valpara\u00edso - Valpara\u00ed\u00adso Creativo\",\"isPartOf\":{\"@id\":\"https:\/\/dev.antudigital.cl\/sites\/vc\/#website\"},\"primaryImageOfPage\":{\"@id\":\"https:\/\/dev.antudigital.cl\/sites\/vc\/diseno-y-diaspora-nueva-charla-en-el-ciclo-de-instagram-live-del-cabildo-de-diseno-de-valparaiso\/#primaryimage\"},\"image\":{\"@id\":\"https:\/\/dev.antudigital.cl\/sites\/vc\/diseno-y-diaspora-nueva-charla-en-el-ciclo-de-instagram-live-del-cabildo-de-diseno-de-valparaiso\/#primaryimage\"},\"thumbnailUrl\":\"https:\/\/dev.antudigital.cl\/sites\/vc\/wp-content\/uploads\/2020\/08\/Mariana-Salgado.jpg\",\"datePublished\":\"2020-08-24T09:22:30+00:00\",\"author\":{\"@id\":\"https:\/\/dev.antudigital.cl\/sites\/vc\/#\/schema\/person\/81d1dcd51abd542b5dfc00f5f951a0f1\"},\"breadcrumb\":{\"@id\":\"https:\/\/dev.antudigital.cl\/sites\/vc\/diseno-y-diaspora-nueva-charla-en-el-ciclo-de-instagram-live-del-cabildo-de-diseno-de-valparaiso\/#breadcrumb\"},\"inLanguage\":\"es\",\"potentialAction\":[{\"@type\":\"ReadAction\",\"target\":[\"https:\/\/dev.antudigital.cl\/sites\/vc\/diseno-y-diaspora-nueva-charla-en-el-ciclo-de-instagram-live-del-cabildo-de-diseno-de-valparaiso\/\"]}]},{\"@type\":\"ImageObject\",\"inLanguage\":\"es\",\"@id\":\"https:\/\/dev.antudigital.cl\/sites\/vc\/diseno-y-diaspora-nueva-charla-en-el-ciclo-de-instagram-live-del-cabildo-de-diseno-de-valparaiso\/#primaryimage\",\"url\":\"https:\/\/dev.antudigital.cl\/sites\/vc\/wp-content\/uploads\/2020\/08\/Mariana-Salgado.jpg\",\"contentUrl\":\"https:\/\/dev.antudigital.cl\/sites\/vc\/wp-content\/uploads\/2020\/08\/Mariana-Salgado.jpg\",\"width\":959,\"height\":599},{\"@type\":\"BreadcrumbList\",\"@id\":\"https:\/\/dev.antudigital.cl\/sites\/vc\/diseno-y-diaspora-nueva-charla-en-el-ciclo-de-instagram-live-del-cabildo-de-diseno-de-valparaiso\/#breadcrumb\",\"itemListElement\":[{\"@type\":\"ListItem\",\"position\":1,\"name\":\"Home\",\"item\":\"https:\/\/dev.antudigital.cl\/sites\/vc\/\"},{\"@type\":\"ListItem\",\"position\":2,\"name\":\"\u00abDise\u00f1o y di\u00e1spora\u00bb: nueva charla en el ciclo de Instagram Live del Cabildo de Dise\u00f1o de Valpara\u00edso\"}]},{\"@type\":\"WebSite\",\"@id\":\"https:\/\/dev.antudigital.cl\/sites\/vc\/#website\",\"url\":\"https:\/\/dev.antudigital.cl\/sites\/vc\/\",\"name\":\"Valpara\u00ed\u00adso Creativo\",\"description\":\"\",\"potentialAction\":[{\"@type\":\"SearchAction\",\"target\":{\"@type\":\"EntryPoint\",\"urlTemplate\":\"https:\/\/dev.antudigital.cl\/sites\/vc\/?s={search_term_string}\"},\"query-input\":{\"@type\":\"PropertyValueSpecification\",\"valueRequired\":true,\"valueName\":\"search_term_string\"}}],\"inLanguage\":\"es\"},{\"@type\":\"Person\",\"@id\":\"https:\/\/dev.antudigital.cl\/sites\/vc\/#\/schema\/person\/81d1dcd51abd542b5dfc00f5f951a0f1\",\"name\":\"Valparaiso Creativo\",\"url\":\"https:\/\/dev.antudigital.cl\/sites\/vc\/author\/valparaiso-creativo\/\"}]}<\/script>\n<!-- \/ Yoast SEO plugin. -->","yoast_head_json":{"title":"\"Dise\u00f1o y di\u00e1spora\": nueva charla en el ciclo de Instagram Live del Cabildo de Dise\u00f1o de Valpara\u00edso - Valpara\u00ed\u00adso Creativo","robots":{"index":"index","follow":"follow","max-snippet":"max-snippet:-1","max-image-preview":"max-image-preview:large","max-video-preview":"max-video-preview:-1"},"canonical":"https:\/\/dev.antudigital.cl\/sites\/vc\/diseno-y-diaspora-nueva-charla-en-el-ciclo-de-instagram-live-del-cabildo-de-diseno-de-valparaiso\/","og_locale":"es_ES","og_type":"article","og_title":"\"Dise\u00f1o y di\u00e1spora\": nueva charla en el ciclo de Instagram Live del Cabildo de Dise\u00f1o de Valpara\u00edso - Valpara\u00ed\u00adso Creativo","og_description":"Este mi\u00e9rcoles 26 se generar\u00e1 una nueva versi\u00f3n de los Instagram Live que est\u00e1 llevando a cabo\u00a0Cabildo de Dise\u00f1o de Valpara\u00edso,\u00a0que esta semana se centrar\u00e1 en Dise\u00f1o y Di\u00e1spora, junto con una invitada especial, Mariana Salgado, desde Finlandia. El desafio\u0301 del disen\u0303o en los nuevos contextos pos pandemia, su visio\u0301n del valor del disen\u0303o basado [&hellip;]","og_url":"https:\/\/dev.antudigital.cl\/sites\/vc\/diseno-y-diaspora-nueva-charla-en-el-ciclo-de-instagram-live-del-cabildo-de-diseno-de-valparaiso\/","og_site_name":"Valpara\u00ed\u00adso Creativo","article_published_time":"2020-08-24T09:22:30+00:00","og_image":[{"width":959,"height":599,"url":"https:\/\/dev.antudigital.cl\/sites\/vc\/wp-content\/uploads\/2020\/08\/Mariana-Salgado.jpg","type":"image\/jpeg"}],"author":"Valparaiso Creativo","twitter_card":"summary_large_image","twitter_misc":{"Escrito por":"Valparaiso Creativo","Tiempo de lectura":"1 minuto"},"schema":{"@context":"https:\/\/schema.org","@graph":[{"@type":"Article","@id":"https:\/\/dev.antudigital.cl\/sites\/vc\/diseno-y-diaspora-nueva-charla-en-el-ciclo-de-instagram-live-del-cabildo-de-diseno-de-valparaiso\/#article","isPartOf":{"@id":"https:\/\/dev.antudigital.cl\/sites\/vc\/diseno-y-diaspora-nueva-charla-en-el-ciclo-de-instagram-live-del-cabildo-de-diseno-de-valparaiso\/"},"author":{"name":"Valparaiso Creativo","@id":"https:\/\/dev.antudigital.cl\/sites\/vc\/#\/schema\/person\/81d1dcd51abd542b5dfc00f5f951a0f1"},"headline":"\u00abDise\u00f1o y di\u00e1spora\u00bb: nueva charla en el ciclo de Instagram Live del Cabildo de Dise\u00f1o de Valpara\u00edso","datePublished":"2020-08-24T09:22:30+00:00","mainEntityOfPage":{"@id":"https:\/\/dev.antudigital.cl\/sites\/vc\/diseno-y-diaspora-nueva-charla-en-el-ciclo-de-instagram-live-del-cabildo-de-diseno-de-valparaiso\/"},"wordCount":146,"image":{"@id":"https:\/\/dev.antudigital.cl\/sites\/vc\/diseno-y-diaspora-nueva-charla-en-el-ciclo-de-instagram-live-del-cabildo-de-diseno-de-valparaiso\/#primaryimage"},"thumbnailUrl":"https:\/\/dev.antudigital.cl\/sites\/vc\/wp-content\/uploads\/2020\/08\/Mariana-Salgado.jpg","articleSection":["Noticia"],"inLanguage":"es"},{"@type":"WebPage","@id":"https:\/\/dev.antudigital.cl\/sites\/vc\/diseno-y-diaspora-nueva-charla-en-el-ciclo-de-instagram-live-del-cabildo-de-diseno-de-valparaiso\/","url":"https:\/\/dev.antudigital.cl\/sites\/vc\/diseno-y-diaspora-nueva-charla-en-el-ciclo-de-instagram-live-del-cabildo-de-diseno-de-valparaiso\/","name":"\"Dise\u00f1o y di\u00e1spora\": nueva charla en el ciclo de Instagram Live del Cabildo de Dise\u00f1o de Valpara\u00edso - Valpara\u00ed\u00adso Creativo","isPartOf":{"@id":"https:\/\/dev.antudigital.cl\/sites\/vc\/#website"},"primaryImageOfPage":{"@id":"https:\/\/dev.antudigital.cl\/sites\/vc\/diseno-y-diaspora-nueva-charla-en-el-ciclo-de-instagram-live-del-cabildo-de-diseno-de-valparaiso\/#primaryimage"},"image":{"@id":"https:\/\/dev.antudigital.cl\/sites\/vc\/diseno-y-diaspora-nueva-charla-en-el-ciclo-de-instagram-live-del-cabildo-de-diseno-de-valparaiso\/#primaryimage"},"thumbnailUrl":"https:\/\/dev.antudigital.cl\/sites\/vc\/wp-content\/uploads\/2020\/08\/Mariana-Salgado.jpg","datePublished":"2020-08-24T09:22:30+00:00","author":{"@id":"https:\/\/dev.antudigital.cl\/sites\/vc\/#\/schema\/person\/81d1dcd51abd542b5dfc00f5f951a0f1"},"breadcrumb":{"@id":"https:\/\/dev.antudigital.cl\/sites\/vc\/diseno-y-diaspora-nueva-charla-en-el-ciclo-de-instagram-live-del-cabildo-de-diseno-de-valparaiso\/#breadcrumb"},"inLanguage":"es","potentialAction":[{"@type":"ReadAction","target":["https:\/\/dev.antudigital.cl\/sites\/vc\/diseno-y-diaspora-nueva-charla-en-el-ciclo-de-instagram-live-del-cabildo-de-diseno-de-valparaiso\/"]}]},{"@type":"ImageObject","inLanguage":"es","@id":"https:\/\/dev.antudigital.cl\/sites\/vc\/diseno-y-diaspora-nueva-charla-en-el-ciclo-de-instagram-live-del-cabildo-de-diseno-de-valparaiso\/#primaryimage","url":"https:\/\/dev.antudigital.cl\/sites\/vc\/wp-content\/uploads\/2020\/08\/Mariana-Salgado.jpg","contentUrl":"https:\/\/dev.antudigital.cl\/sites\/vc\/wp-content\/uploads\/2020\/08\/Mariana-Salgado.jpg","width":959,"height":599},{"@type":"BreadcrumbList","@id":"https:\/\/dev.antudigital.cl\/sites\/vc\/diseno-y-diaspora-nueva-charla-en-el-ciclo-de-instagram-live-del-cabildo-de-diseno-de-valparaiso\/#breadcrumb","itemListElement":[{"@type":"ListItem","position":1,"name":"Home","item":"https:\/\/dev.antudigital.cl\/sites\/vc\/"},{"@type":"ListItem","position":2,"name":"\u00abDise\u00f1o y di\u00e1spora\u00bb: nueva charla en el ciclo de Instagram Live del Cabildo de Dise\u00f1o de Valpara\u00edso"}]},{"@type":"WebSite","@id":"https:\/\/dev.antudigital.cl\/sites\/vc\/#website","url":"https:\/\/dev.antudigital.cl\/sites\/vc\/","name":"Valpara\u00ed\u00adso Creativo","description":"","potentialAction":[{"@type":"SearchAction","target":{"@type":"EntryPoint","urlTemplate":"https:\/\/dev.antudigital.cl\/sites\/vc\/?s={search_term_string}"},"query-input":{"@type":"PropertyValueSpecification","valueRequired":true,"valueName":"search_term_string"}}],"inLanguage":"es"},{"@type":"Person","@id":"https:\/\/dev.antudigital.cl\/sites\/vc\/#\/schema\/person\/81d1dcd51abd542b5dfc00f5f951a0f1","name":"Valparaiso Creativo","url":"https:\/\/dev.antudigital.cl\/sites\/vc\/author\/valparaiso-creativo\/"}]}},"_links":{"self":[{"href":"https:\/\/dev.antudigital.cl\/sites\/vc\/wp-json\/wp\/v2\/posts\/8769","targetHints":{"allow":["GET"]}}],"collection":[{"href":"https:\/\/dev.antudigital.cl\/sites\/vc\/wp-json\/wp\/v2\/posts"}],"about":[{"href":"https:\/\/dev.antudigital.cl\/sites\/vc\/wp-json\/wp\/v2\/types\/post"}],"author":[{"embeddable":true,"href":"https:\/\/dev.antudigital.cl\/sites\/vc\/wp-json\/wp\/v2\/users\/3"}],"replies":[{"embeddable":true,"href":"https:\/\/dev.antudigital.cl\/sites\/vc\/wp-json\/wp\/v2\/comments?post=8769"}],"version-history":[{"count":0,"href":"https:\/\/dev.antudigital.cl\/sites\/vc\/wp-json\/wp\/v2\/posts\/8769\/revisions"}],"wp:featuredmedia":[{"embeddable":true,"href":"https:\/\/dev.antudigital.cl\/sites\/vc\/wp-json\/wp\/v2\/media\/8773"}],"wp:attachment":[{"href":"https:\/\/dev.antudigital.cl\/sites\/vc\/wp-json\/wp\/v2\/media?parent=8769"}],"wp:term":[{"taxonomy":"category","embeddable":true,"href":"https:\/\/dev.antudigital.cl\/sites\/vc\/wp-json\/wp\/v2\/categories?post=8769"},{"taxonomy":"post_tag","embeddable":true,"href":"https:\/\/dev.antudigital.cl\/sites\/vc\/wp-json\/wp\/v2\/tags?post=8769"}],"curies":[{"name":"wp","href":"https:\/\/api.w.org\/{rel}","templated":true}]}}