{"id":8774,"date":"2020-08-24T09:17:39","date_gmt":"2020-08-24T09:17:39","guid":{"rendered":"https:\/\/www.valparaisocreativo.cl\/?p=4994"},"modified":"2020-08-24T09:17:39","modified_gmt":"2020-08-24T09:17:39","slug":"ya-se-encuentran-en-linea-las-convocatorias-fifv-2020","status":"publish","type":"post","link":"https:\/\/dev.antudigital.cl\/sites\/vc\/ya-se-encuentran-en-linea-las-convocatorias-fifv-2020\/","title":{"rendered":"Ya se encuentran en l\u00ednea las convocatorias FIFV 2020"},"content":{"rendered":"<p>El 19 de agosto, D\u00eda Internacional de la Fotograf\u00eda, se lanzaron las convocatorias 2020 del\u00a0<strong>Festival Internacional de Fotograf\u00eda de Valpara\u00edso,\u00a0<\/strong>FIFV, que este a\u00f1o tendr\u00e1 su edici\u00f3n n\u00famero 11, y su primera versi\u00f3n en l\u00ednea. Bajo la premisa principal de\u00a0<strong>Amor y Pol\u00edtica.<\/strong><\/p>\n<p>Son cuatro los workshops que se estar\u00e1n dictando, ahora de manera virtual, junto a las usuales Brigadas Fotogr\u00e1ficas, insignes del Festival.<\/p>\n<p><a href=\"http:\/\/fifv.cl\/convocatoriaspdf\/carla_alexandre.pdf?utm_medium=email&amp;_hsmi=93734968&amp;_hsenc=p2ANqtz-9jqp83wd1LKM4mCwqZeTMq2lGz4LO72KsYTntJivFiN0XzTmoyBXphUhQd-orJSle2pfpD67ueR5xrTAsbpcKOPM9gDQ&amp;utm_content=93734968&amp;utm_source=hs_email\"><strong>Taller Carla Yovane con Alexandre Christiaens<\/strong><\/a><\/p>\n<p>Esta es una residencia cruzada en desarrollo de los dos autores contempor\u00e1neos, que enfrenta y conjuga Bruselas con Valpara\u00edso.<\/p>\n<p>La propuesta es utilizar la multiplicidad de pr\u00e1cticas fotogr\u00e1ficas y la variedad de posibilidades est\u00e9ticas y pl\u00e1sticas para dar cuenta de un momento global a partir de lo particular, desde el territorio y desde la historia de cada participante. Propone investigar nuestros di\u00e1logos en las circunstancias sociales, en la familia, en lo p\u00fablico, en lo individual y en lo comunitario, del vientre al entendimiento, del amor propio a lo pol\u00edtico.<\/p>\n<p>&nbsp;<\/p>\n<p><strong><a href=\"http:\/\/fifv.cl\/convocatoriaspdf\/cristobal_yael.pdf?utm_medium=email&amp;_hsmi=93734968&amp;_hsenc=p2ANqtz-93SMoWW_PGZFF_RATxeWcV53t1XhIWzdW2e58kht5ipPrHxndcVDopOxdbdePSy6DGGjWZ-tCtnrX1dZtc6Uz0zEGZGA&amp;utm_content=93734968&amp;utm_source=hs_email\">Taller de Yael Mart\u00ednez con Crist\u00f3bal Olivares<\/a><\/strong><\/p>\n<p>La propuesta es desarrollar un proceso de creaci\u00f3n considerando los l\u00edmites de la fotograf\u00eda. A ello sumar\u00e1n otras producciones comunicativas, como audios, documentos y archivos, relatos, textos y videos, entre otros.\u00a0 Cada realizaci\u00f3n personal se sumar\u00e1 a una colectiva.<\/p>\n<p>&nbsp;<\/p>\n<p><a href=\"http:\/\/fifv.cl\/convocatoriaspdf\/cristina.pdf?utm_medium=email&amp;_hsmi=93734968&amp;_hsenc=p2ANqtz-908YnfOEOqjP0fUNXmu0YGm4rVQbh3rvGnOI1IPleJQgCPlNo4ryiKAU-pOIDU8MScjt1gdtgJQc-IiIDp0UgAYEdRcw&amp;utm_content=93734968&amp;utm_source=hs_email\"><strong>Taller de Cristina de Midel<\/strong><\/a><\/p>\n<p>Este workshop consiste en un proceso de creaci\u00f3n a partir de archivos fotogr\u00e1ficos de cada participante y la producci\u00f3n de nuevas im\u00e1genes, en torno al concepto de El Limbo, aquel lugar de suspensi\u00f3n, donde podr\u00edamos encontraros en la actualidad, donde lo negativo, lo positivo, la enfermedad y la esperanza conviven en una espera de \u201cjuicio\u201d.<\/p>\n<p>&nbsp;<\/p>\n<p><strong><a href=\"http:\/\/fifv.cl\/convocatoriaspdf\/mat_jacob.pdf?utm_medium=email&amp;_hsmi=93734968&amp;_hsenc=p2ANqtz-8m8CPA5uRKEj7SJ9nGsp7SfoLg8--YHaktzzrFPyMgAQsG8Yy5xfWOBYKJxjEQW23xxorhHma_LgYbs62rF9buVvxedA&amp;utm_content=93734968&amp;utm_source=hs_email\">Taller de Mar Jacob<\/a><\/strong><\/p>\n<p>Este workshop estar\u00e1 liderado por el fot\u00f3grafo franc\u00e9s Mat Jacob, miembro del importante colectivo de fot\u00f3grafos Tendance Floue.\u00a0 \u00a0El \u00e9nfasis de este taller estar\u00e1 puesto en la escritura fotogr\u00e1fica colectiva compuesta a trav\u00e9s de la construcci\u00f3n de narrativas personales, que ser\u00e1n ideadas al servicio de este trabajo en conjunto.<\/p>\n<p>&nbsp;<\/p>\n<p><strong><a href=\"http:\/\/fifv.cl\/convocatoriaspdf\/brigadas.pdf?utm_medium=email&amp;_hsmi=93734968&amp;_hsenc=p2ANqtz-8VK52gbk7RzMuOQEvSVtf8KVw3Wr5gqYni97F6ELs0ZOL1Y4vIFYhVOGbVKMH3m1NxyFTg7uwFIo2SYoAsuXd6voj_Tg&amp;utm_content=93734968&amp;utm_source=hs_email\">Link directo para postulaci\u00f3n de Brigadas<\/a><\/strong>.<\/p>\n<blockquote>\n<h3>\nLos talleres y brigadas en la XI versi\u00f3n del FIFV buscar\u00e1n romper los limites de la ciudad, para abrirse a nuevos territorios, con otros paisajes, relatos y rostros, pero bajo una misma pregunta: \u00bfc\u00f3mo vivir juntxs?<\/h3>\n<\/blockquote>\n<p>Estas son colectivos que desarrollan un proyecto fotogr\u00e1fico relacionado con la tem\u00e1tica \u201cAmor y pol\u00edtica: \u00bfc\u00f3mo vivir juntxs?\u201d. Este a\u00f1o ser\u00e1n guiadas por Miguel \u00c1ngel Larrea (Chile) y Guadalupe Arriegue (Argentina).<\/p>\n<p>9 Brigadas ser\u00e1n escogidas, compuestas por 3 participantes cada una de ellas. Trabajar\u00e1n de manera virtual, con el foco puesto en sus propios territorios y realidades.<\/p>\n<p>A trav\u00e9s de los distintos talleres, se generar\u00e1 un trabajo que dar\u00e1 respuestas a las interrogantes de Amor y Pol\u00edtica. Podremos observar nuevas miradas, esperando que tambi\u00e9n esta primer oportunidad digital del FIFV abarque a fot\u00f3grafos y fot\u00f3grafas de todo el mundo.<\/p>\n<p>&nbsp;<\/p>\n","protected":false},"excerpt":{"rendered":"<p>El 19 de agosto, D\u00eda Internacional de la Fotograf\u00eda, se lanzaron las convocatorias 2020 del\u00a0Festival Internacional de Fotograf\u00eda de Valpara\u00edso,\u00a0FIFV, que este a\u00f1o tendr\u00e1 su edici\u00f3n n\u00famero 11, y su primera versi\u00f3n en l\u00ednea. Bajo la premisa principal de\u00a0Amor y Pol\u00edtica. Son cuatro los workshops que se estar\u00e1n dictando, ahora de manera virtual, junto a [&hellip;]<\/p>\n","protected":false},"author":3,"featured_media":8775,"comment_status":"closed","ping_status":"closed","sticky":false,"template":"","format":"standard","meta":{"_acf_changed":false,"footnotes":""},"categories":[8],"tags":[],"class_list":["post-8774","post","type-post","status-publish","format-standard","has-post-thumbnail","hentry","category-noticia"],"acf":[],"yoast_head":"<!-- This site is optimized with the Yoast SEO plugin v27.1.1 - https:\/\/yoast.com\/product\/yoast-seo-wordpress\/ -->\n<title>Ya se encuentran en l\u00ednea las convocatorias FIFV 2020 - Valpara\u00ed\u00adso Creativo<\/title>\n<meta name=\"robots\" content=\"index, follow, max-snippet:-1, max-image-preview:large, max-video-preview:-1\" \/>\n<link rel=\"canonical\" href=\"https:\/\/dev.antudigital.cl\/sites\/vc\/ya-se-encuentran-en-linea-las-convocatorias-fifv-2020\/\" \/>\n<meta property=\"og:locale\" content=\"es_ES\" \/>\n<meta property=\"og:type\" content=\"article\" \/>\n<meta property=\"og:title\" content=\"Ya se encuentran en l\u00ednea las convocatorias FIFV 2020 - Valpara\u00ed\u00adso Creativo\" \/>\n<meta property=\"og:description\" content=\"El 19 de agosto, D\u00eda Internacional de la Fotograf\u00eda, se lanzaron las convocatorias 2020 del\u00a0Festival Internacional de Fotograf\u00eda de Valpara\u00edso,\u00a0FIFV, que este a\u00f1o tendr\u00e1 su edici\u00f3n n\u00famero 11, y su primera versi\u00f3n en l\u00ednea. Bajo la premisa principal de\u00a0Amor y Pol\u00edtica. Son cuatro los workshops que se estar\u00e1n dictando, ahora de manera virtual, junto a [&hellip;]\" \/>\n<meta property=\"og:url\" content=\"https:\/\/dev.antudigital.cl\/sites\/vc\/ya-se-encuentran-en-linea-las-convocatorias-fifv-2020\/\" \/>\n<meta property=\"og:site_name\" content=\"Valpara\u00ed\u00adso Creativo\" \/>\n<meta property=\"article:published_time\" content=\"2020-08-24T09:17:39+00:00\" \/>\n<meta property=\"og:image\" content=\"https:\/\/dev.antudigital.cl\/sites\/vc\/wp-content\/uploads\/2020\/08\/FIFV2020.jpg\" \/>\n\t<meta property=\"og:image:width\" content=\"1800\" \/>\n\t<meta property=\"og:image:height\" content=\"685\" \/>\n\t<meta property=\"og:image:type\" content=\"image\/jpeg\" \/>\n<meta name=\"author\" content=\"Valparaiso Creativo\" \/>\n<meta name=\"twitter:card\" content=\"summary_large_image\" \/>\n<meta name=\"twitter:label1\" content=\"Escrito por\" \/>\n\t<meta name=\"twitter:data1\" content=\"Valparaiso Creativo\" \/>\n\t<meta name=\"twitter:label2\" content=\"Tiempo de lectura\" \/>\n\t<meta name=\"twitter:data2\" content=\"3 minutos\" \/>\n<script type=\"application\/ld+json\" class=\"yoast-schema-graph\">{\"@context\":\"https:\/\/schema.org\",\"@graph\":[{\"@type\":\"Article\",\"@id\":\"https:\/\/dev.antudigital.cl\/sites\/vc\/ya-se-encuentran-en-linea-las-convocatorias-fifv-2020\/#article\",\"isPartOf\":{\"@id\":\"https:\/\/dev.antudigital.cl\/sites\/vc\/ya-se-encuentran-en-linea-las-convocatorias-fifv-2020\/\"},\"author\":{\"name\":\"Valparaiso Creativo\",\"@id\":\"https:\/\/dev.antudigital.cl\/sites\/vc\/#\/schema\/person\/81d1dcd51abd542b5dfc00f5f951a0f1\"},\"headline\":\"Ya se encuentran en l\u00ednea las convocatorias FIFV 2020\",\"datePublished\":\"2020-08-24T09:17:39+00:00\",\"mainEntityOfPage\":{\"@id\":\"https:\/\/dev.antudigital.cl\/sites\/vc\/ya-se-encuentran-en-linea-las-convocatorias-fifv-2020\/\"},\"wordCount\":527,\"image\":{\"@id\":\"https:\/\/dev.antudigital.cl\/sites\/vc\/ya-se-encuentran-en-linea-las-convocatorias-fifv-2020\/#primaryimage\"},\"thumbnailUrl\":\"https:\/\/dev.antudigital.cl\/sites\/vc\/wp-content\/uploads\/2020\/08\/FIFV2020.jpg\",\"articleSection\":[\"Noticia\"],\"inLanguage\":\"es\"},{\"@type\":\"WebPage\",\"@id\":\"https:\/\/dev.antudigital.cl\/sites\/vc\/ya-se-encuentran-en-linea-las-convocatorias-fifv-2020\/\",\"url\":\"https:\/\/dev.antudigital.cl\/sites\/vc\/ya-se-encuentran-en-linea-las-convocatorias-fifv-2020\/\",\"name\":\"Ya se encuentran en l\u00ednea las convocatorias FIFV 2020 - Valpara\u00ed\u00adso Creativo\",\"isPartOf\":{\"@id\":\"https:\/\/dev.antudigital.cl\/sites\/vc\/#website\"},\"primaryImageOfPage\":{\"@id\":\"https:\/\/dev.antudigital.cl\/sites\/vc\/ya-se-encuentran-en-linea-las-convocatorias-fifv-2020\/#primaryimage\"},\"image\":{\"@id\":\"https:\/\/dev.antudigital.cl\/sites\/vc\/ya-se-encuentran-en-linea-las-convocatorias-fifv-2020\/#primaryimage\"},\"thumbnailUrl\":\"https:\/\/dev.antudigital.cl\/sites\/vc\/wp-content\/uploads\/2020\/08\/FIFV2020.jpg\",\"datePublished\":\"2020-08-24T09:17:39+00:00\",\"author\":{\"@id\":\"https:\/\/dev.antudigital.cl\/sites\/vc\/#\/schema\/person\/81d1dcd51abd542b5dfc00f5f951a0f1\"},\"breadcrumb\":{\"@id\":\"https:\/\/dev.antudigital.cl\/sites\/vc\/ya-se-encuentran-en-linea-las-convocatorias-fifv-2020\/#breadcrumb\"},\"inLanguage\":\"es\",\"potentialAction\":[{\"@type\":\"ReadAction\",\"target\":[\"https:\/\/dev.antudigital.cl\/sites\/vc\/ya-se-encuentran-en-linea-las-convocatorias-fifv-2020\/\"]}]},{\"@type\":\"ImageObject\",\"inLanguage\":\"es\",\"@id\":\"https:\/\/dev.antudigital.cl\/sites\/vc\/ya-se-encuentran-en-linea-las-convocatorias-fifv-2020\/#primaryimage\",\"url\":\"https:\/\/dev.antudigital.cl\/sites\/vc\/wp-content\/uploads\/2020\/08\/FIFV2020.jpg\",\"contentUrl\":\"https:\/\/dev.antudigital.cl\/sites\/vc\/wp-content\/uploads\/2020\/08\/FIFV2020.jpg\",\"width\":1800,\"height\":685},{\"@type\":\"BreadcrumbList\",\"@id\":\"https:\/\/dev.antudigital.cl\/sites\/vc\/ya-se-encuentran-en-linea-las-convocatorias-fifv-2020\/#breadcrumb\",\"itemListElement\":[{\"@type\":\"ListItem\",\"position\":1,\"name\":\"Home\",\"item\":\"https:\/\/dev.antudigital.cl\/sites\/vc\/\"},{\"@type\":\"ListItem\",\"position\":2,\"name\":\"Ya se encuentran en l\u00ednea las convocatorias FIFV 2020\"}]},{\"@type\":\"WebSite\",\"@id\":\"https:\/\/dev.antudigital.cl\/sites\/vc\/#website\",\"url\":\"https:\/\/dev.antudigital.cl\/sites\/vc\/\",\"name\":\"Valpara\u00ed\u00adso Creativo\",\"description\":\"\",\"potentialAction\":[{\"@type\":\"SearchAction\",\"target\":{\"@type\":\"EntryPoint\",\"urlTemplate\":\"https:\/\/dev.antudigital.cl\/sites\/vc\/?s={search_term_string}\"},\"query-input\":{\"@type\":\"PropertyValueSpecification\",\"valueRequired\":true,\"valueName\":\"search_term_string\"}}],\"inLanguage\":\"es\"},{\"@type\":\"Person\",\"@id\":\"https:\/\/dev.antudigital.cl\/sites\/vc\/#\/schema\/person\/81d1dcd51abd542b5dfc00f5f951a0f1\",\"name\":\"Valparaiso Creativo\",\"url\":\"https:\/\/dev.antudigital.cl\/sites\/vc\/author\/valparaiso-creativo\/\"}]}<\/script>\n<!-- \/ Yoast SEO plugin. -->","yoast_head_json":{"title":"Ya se encuentran en l\u00ednea las convocatorias FIFV 2020 - Valpara\u00ed\u00adso Creativo","robots":{"index":"index","follow":"follow","max-snippet":"max-snippet:-1","max-image-preview":"max-image-preview:large","max-video-preview":"max-video-preview:-1"},"canonical":"https:\/\/dev.antudigital.cl\/sites\/vc\/ya-se-encuentran-en-linea-las-convocatorias-fifv-2020\/","og_locale":"es_ES","og_type":"article","og_title":"Ya se encuentran en l\u00ednea las convocatorias FIFV 2020 - Valpara\u00ed\u00adso Creativo","og_description":"El 19 de agosto, D\u00eda Internacional de la Fotograf\u00eda, se lanzaron las convocatorias 2020 del\u00a0Festival Internacional de Fotograf\u00eda de Valpara\u00edso,\u00a0FIFV, que este a\u00f1o tendr\u00e1 su edici\u00f3n n\u00famero 11, y su primera versi\u00f3n en l\u00ednea. Bajo la premisa principal de\u00a0Amor y Pol\u00edtica. Son cuatro los workshops que se estar\u00e1n dictando, ahora de manera virtual, junto a [&hellip;]","og_url":"https:\/\/dev.antudigital.cl\/sites\/vc\/ya-se-encuentran-en-linea-las-convocatorias-fifv-2020\/","og_site_name":"Valpara\u00ed\u00adso Creativo","article_published_time":"2020-08-24T09:17:39+00:00","og_image":[{"width":1800,"height":685,"url":"https:\/\/dev.antudigital.cl\/sites\/vc\/wp-content\/uploads\/2020\/08\/FIFV2020.jpg","type":"image\/jpeg"}],"author":"Valparaiso Creativo","twitter_card":"summary_large_image","twitter_misc":{"Escrito por":"Valparaiso Creativo","Tiempo de lectura":"3 minutos"},"schema":{"@context":"https:\/\/schema.org","@graph":[{"@type":"Article","@id":"https:\/\/dev.antudigital.cl\/sites\/vc\/ya-se-encuentran-en-linea-las-convocatorias-fifv-2020\/#article","isPartOf":{"@id":"https:\/\/dev.antudigital.cl\/sites\/vc\/ya-se-encuentran-en-linea-las-convocatorias-fifv-2020\/"},"author":{"name":"Valparaiso Creativo","@id":"https:\/\/dev.antudigital.cl\/sites\/vc\/#\/schema\/person\/81d1dcd51abd542b5dfc00f5f951a0f1"},"headline":"Ya se encuentran en l\u00ednea las convocatorias FIFV 2020","datePublished":"2020-08-24T09:17:39+00:00","mainEntityOfPage":{"@id":"https:\/\/dev.antudigital.cl\/sites\/vc\/ya-se-encuentran-en-linea-las-convocatorias-fifv-2020\/"},"wordCount":527,"image":{"@id":"https:\/\/dev.antudigital.cl\/sites\/vc\/ya-se-encuentran-en-linea-las-convocatorias-fifv-2020\/#primaryimage"},"thumbnailUrl":"https:\/\/dev.antudigital.cl\/sites\/vc\/wp-content\/uploads\/2020\/08\/FIFV2020.jpg","articleSection":["Noticia"],"inLanguage":"es"},{"@type":"WebPage","@id":"https:\/\/dev.antudigital.cl\/sites\/vc\/ya-se-encuentran-en-linea-las-convocatorias-fifv-2020\/","url":"https:\/\/dev.antudigital.cl\/sites\/vc\/ya-se-encuentran-en-linea-las-convocatorias-fifv-2020\/","name":"Ya se encuentran en l\u00ednea las convocatorias FIFV 2020 - Valpara\u00ed\u00adso Creativo","isPartOf":{"@id":"https:\/\/dev.antudigital.cl\/sites\/vc\/#website"},"primaryImageOfPage":{"@id":"https:\/\/dev.antudigital.cl\/sites\/vc\/ya-se-encuentran-en-linea-las-convocatorias-fifv-2020\/#primaryimage"},"image":{"@id":"https:\/\/dev.antudigital.cl\/sites\/vc\/ya-se-encuentran-en-linea-las-convocatorias-fifv-2020\/#primaryimage"},"thumbnailUrl":"https:\/\/dev.antudigital.cl\/sites\/vc\/wp-content\/uploads\/2020\/08\/FIFV2020.jpg","datePublished":"2020-08-24T09:17:39+00:00","author":{"@id":"https:\/\/dev.antudigital.cl\/sites\/vc\/#\/schema\/person\/81d1dcd51abd542b5dfc00f5f951a0f1"},"breadcrumb":{"@id":"https:\/\/dev.antudigital.cl\/sites\/vc\/ya-se-encuentran-en-linea-las-convocatorias-fifv-2020\/#breadcrumb"},"inLanguage":"es","potentialAction":[{"@type":"ReadAction","target":["https:\/\/dev.antudigital.cl\/sites\/vc\/ya-se-encuentran-en-linea-las-convocatorias-fifv-2020\/"]}]},{"@type":"ImageObject","inLanguage":"es","@id":"https:\/\/dev.antudigital.cl\/sites\/vc\/ya-se-encuentran-en-linea-las-convocatorias-fifv-2020\/#primaryimage","url":"https:\/\/dev.antudigital.cl\/sites\/vc\/wp-content\/uploads\/2020\/08\/FIFV2020.jpg","contentUrl":"https:\/\/dev.antudigital.cl\/sites\/vc\/wp-content\/uploads\/2020\/08\/FIFV2020.jpg","width":1800,"height":685},{"@type":"BreadcrumbList","@id":"https:\/\/dev.antudigital.cl\/sites\/vc\/ya-se-encuentran-en-linea-las-convocatorias-fifv-2020\/#breadcrumb","itemListElement":[{"@type":"ListItem","position":1,"name":"Home","item":"https:\/\/dev.antudigital.cl\/sites\/vc\/"},{"@type":"ListItem","position":2,"name":"Ya se encuentran en l\u00ednea las convocatorias FIFV 2020"}]},{"@type":"WebSite","@id":"https:\/\/dev.antudigital.cl\/sites\/vc\/#website","url":"https:\/\/dev.antudigital.cl\/sites\/vc\/","name":"Valpara\u00ed\u00adso Creativo","description":"","potentialAction":[{"@type":"SearchAction","target":{"@type":"EntryPoint","urlTemplate":"https:\/\/dev.antudigital.cl\/sites\/vc\/?s={search_term_string}"},"query-input":{"@type":"PropertyValueSpecification","valueRequired":true,"valueName":"search_term_string"}}],"inLanguage":"es"},{"@type":"Person","@id":"https:\/\/dev.antudigital.cl\/sites\/vc\/#\/schema\/person\/81d1dcd51abd542b5dfc00f5f951a0f1","name":"Valparaiso Creativo","url":"https:\/\/dev.antudigital.cl\/sites\/vc\/author\/valparaiso-creativo\/"}]}},"_links":{"self":[{"href":"https:\/\/dev.antudigital.cl\/sites\/vc\/wp-json\/wp\/v2\/posts\/8774","targetHints":{"allow":["GET"]}}],"collection":[{"href":"https:\/\/dev.antudigital.cl\/sites\/vc\/wp-json\/wp\/v2\/posts"}],"about":[{"href":"https:\/\/dev.antudigital.cl\/sites\/vc\/wp-json\/wp\/v2\/types\/post"}],"author":[{"embeddable":true,"href":"https:\/\/dev.antudigital.cl\/sites\/vc\/wp-json\/wp\/v2\/users\/3"}],"replies":[{"embeddable":true,"href":"https:\/\/dev.antudigital.cl\/sites\/vc\/wp-json\/wp\/v2\/comments?post=8774"}],"version-history":[{"count":0,"href":"https:\/\/dev.antudigital.cl\/sites\/vc\/wp-json\/wp\/v2\/posts\/8774\/revisions"}],"wp:featuredmedia":[{"embeddable":true,"href":"https:\/\/dev.antudigital.cl\/sites\/vc\/wp-json\/wp\/v2\/media\/8775"}],"wp:attachment":[{"href":"https:\/\/dev.antudigital.cl\/sites\/vc\/wp-json\/wp\/v2\/media?parent=8774"}],"wp:term":[{"taxonomy":"category","embeddable":true,"href":"https:\/\/dev.antudigital.cl\/sites\/vc\/wp-json\/wp\/v2\/categories?post=8774"},{"taxonomy":"post_tag","embeddable":true,"href":"https:\/\/dev.antudigital.cl\/sites\/vc\/wp-json\/wp\/v2\/tags?post=8774"}],"curies":[{"name":"wp","href":"https:\/\/api.w.org\/{rel}","templated":true}]}}