{"id":8781,"date":"2020-08-24T08:43:32","date_gmt":"2020-08-24T08:43:32","guid":{"rendered":"https:\/\/www.valparaisocreativo.cl\/?p=4999"},"modified":"2020-08-24T08:43:32","modified_gmt":"2020-08-24T08:43:32","slug":"ficvina-continua-serie-de-conversatorios-y-prepara-su-proxima-version","status":"publish","type":"post","link":"https:\/\/dev.antudigital.cl\/sites\/vc\/ficvina-continua-serie-de-conversatorios-y-prepara-su-proxima-version\/","title":{"rendered":"FICVI\u00d1A contin\u00faa serie de conversatorios y prepara su pr\u00f3xima versi\u00f3n"},"content":{"rendered":"<p>El calendario de festivales y encuentros se acerca: es usual ya que en la segunda parte del a\u00f1o, tanto estos como encuentros comienzan a desplegar su programaci\u00f3n, lo que sin duda ha sido un desaf\u00edo en este 2020. Muchas instancias han debido suspenderse, o cambiar por completo su agenda a una digital.\u00a0<strong>Tal como lo ha estado haciendo el Festival Internacional de Cine de Vi\u00f1a del Mar.<\/strong><\/p>\n<p>Desde hace unos meses, FICVi\u00f1a se encuentra generando di\u00e1logos en l\u00ednea, que se transmiten los viernes en la tarde a trav\u00e9s de Facebook Live. Esta ha sido una manera de adaptar sus usuales charlas en espacios de la ciudad. Otra de las actividades que reci\u00e9n el viernes 21 se reactiv\u00f3 tiene relaci\u00f3n con su rol en\u00a0<strong>la formaci\u00f3n de audiencias,\u00a0<\/strong>por ejemplo.<\/p>\n<p>https:\/\/www.instagram.com\/p\/CEJzooRpdGh\/<\/p>\n<p>Desde el 2 al 6 de noviembre ser\u00e1 la pr\u00f3xima versi\u00f3n del certamen, por lo que sus invitaciones v\u00eda streaming de los viernes, permiten la difusi\u00f3n y visibilizaci\u00f3n de proyectos y creadores audiovisuales, donde se ha conversado con importantes como Kira Russo,\u00a0 Inti Briones, entre otros. El reciente s\u00e1bado tambi\u00e9n generaron un \u00abDi\u00e1logo con cineastas\u00bb, donde se pueden compartir diferentes experiencias y perspectivas sobre la industria audiovisual.<\/p>\n<p>El pasado 9 de agosto se finaliz\u00f3 la convocatoria para participar en esta versi\u00f3n n\u00famero 32 que se viene en noviembre. A\u00fan queda espera para conocer m\u00e1s detalles de todo lo que traer\u00e1 esta importante instancia regional del cine. Este a\u00f1o el pa\u00eds invitado, del cual se generar\u00e1 una selecci\u00f3n especial de piezas, es\u00a0<strong>Uruguay.<\/strong><\/p>\n<h3>Para conocer m\u00e1s detalles, sigue <a href=\"https:\/\/www.instagram.com\/ficvina\/\">sus redes sociales<\/a>, donde anuncian las actividades de cada semana. Puedes encontrar m\u00e1s informaci\u00f3n en su p\u00e1gina web.<\/h3>\n<ul>\n<li><a href=\"https:\/\/www.instagram.com\/ficvina\/\">https:\/\/www.instagram.com\/ficvina\/<\/a><\/li>\n<li><a href=\"https:\/\/www.cinevina.cl\/\">FICVI\u00d1A<\/a><\/li>\n<\/ul>\n<p><img fetchpriority=\"high\" decoding=\"async\" class=\"alignleft size-medium wp-image-5005\" src=\"https:\/\/www.valparaisocreativo.cl\/wp-content\/uploads\/2020\/08\/Captura-de-Pantalla-2020-08-24-a-las-08.33.09-300x300.png\" alt=\"\" width=\"300\" height=\"300\" \/><\/p>\n","protected":false},"excerpt":{"rendered":"<p>El calendario de festivales y encuentros se acerca: es usual ya que en la segunda parte del a\u00f1o, tanto estos como encuentros comienzan a desplegar su programaci\u00f3n, lo que sin duda ha sido un desaf\u00edo en este 2020. Muchas instancias han debido suspenderse, o cambiar por completo su agenda a una digital.\u00a0Tal como lo ha [&hellip;]<\/p>\n","protected":false},"author":3,"featured_media":8782,"comment_status":"closed","ping_status":"closed","sticky":false,"template":"","format":"standard","meta":{"_acf_changed":false,"footnotes":""},"categories":[8],"tags":[],"class_list":["post-8781","post","type-post","status-publish","format-standard","has-post-thumbnail","hentry","category-noticia"],"acf":[],"yoast_head":"<!-- This site is optimized with the Yoast SEO plugin v27.1.1 - https:\/\/yoast.com\/product\/yoast-seo-wordpress\/ -->\n<title>FICVI\u00d1A contin\u00faa serie de conversatorios y prepara su pr\u00f3xima versi\u00f3n - Valpara\u00ed\u00adso Creativo<\/title>\n<meta name=\"robots\" content=\"index, follow, max-snippet:-1, max-image-preview:large, max-video-preview:-1\" \/>\n<link rel=\"canonical\" href=\"https:\/\/dev.antudigital.cl\/sites\/vc\/ficvina-continua-serie-de-conversatorios-y-prepara-su-proxima-version\/\" \/>\n<meta property=\"og:locale\" content=\"es_ES\" \/>\n<meta property=\"og:type\" content=\"article\" \/>\n<meta property=\"og:title\" content=\"FICVI\u00d1A contin\u00faa serie de conversatorios y prepara su pr\u00f3xima versi\u00f3n - Valpara\u00ed\u00adso Creativo\" \/>\n<meta property=\"og:description\" content=\"El calendario de festivales y encuentros se acerca: es usual ya que en la segunda parte del a\u00f1o, tanto estos como encuentros comienzan a desplegar su programaci\u00f3n, lo que sin duda ha sido un desaf\u00edo en este 2020. Muchas instancias han debido suspenderse, o cambiar por completo su agenda a una digital.\u00a0Tal como lo ha [&hellip;]\" \/>\n<meta property=\"og:url\" content=\"https:\/\/dev.antudigital.cl\/sites\/vc\/ficvina-continua-serie-de-conversatorios-y-prepara-su-proxima-version\/\" \/>\n<meta property=\"og:site_name\" content=\"Valpara\u00ed\u00adso Creativo\" \/>\n<meta property=\"article:published_time\" content=\"2020-08-24T08:43:32+00:00\" \/>\n<meta property=\"og:image\" content=\"https:\/\/dev.antudigital.cl\/sites\/vc\/wp-content\/uploads\/2020\/08\/FIVC.png\" \/>\n\t<meta property=\"og:image:width\" content=\"950\" \/>\n\t<meta property=\"og:image:height\" content=\"316\" \/>\n\t<meta property=\"og:image:type\" content=\"image\/png\" \/>\n<meta name=\"author\" content=\"Valparaiso Creativo\" \/>\n<meta name=\"twitter:card\" content=\"summary_large_image\" \/>\n<meta name=\"twitter:label1\" content=\"Escrito por\" \/>\n\t<meta name=\"twitter:data1\" content=\"Valparaiso Creativo\" \/>\n\t<meta name=\"twitter:label2\" content=\"Tiempo de lectura\" \/>\n\t<meta name=\"twitter:data2\" content=\"2 minutos\" \/>\n<script type=\"application\/ld+json\" class=\"yoast-schema-graph\">{\"@context\":\"https:\/\/schema.org\",\"@graph\":[{\"@type\":\"Article\",\"@id\":\"https:\/\/dev.antudigital.cl\/sites\/vc\/ficvina-continua-serie-de-conversatorios-y-prepara-su-proxima-version\/#article\",\"isPartOf\":{\"@id\":\"https:\/\/dev.antudigital.cl\/sites\/vc\/ficvina-continua-serie-de-conversatorios-y-prepara-su-proxima-version\/\"},\"author\":{\"name\":\"Valparaiso Creativo\",\"@id\":\"https:\/\/dev.antudigital.cl\/sites\/vc\/#\/schema\/person\/81d1dcd51abd542b5dfc00f5f951a0f1\"},\"headline\":\"FICVI\u00d1A contin\u00faa serie de conversatorios y prepara su pr\u00f3xima versi\u00f3n\",\"datePublished\":\"2020-08-24T08:43:32+00:00\",\"mainEntityOfPage\":{\"@id\":\"https:\/\/dev.antudigital.cl\/sites\/vc\/ficvina-continua-serie-de-conversatorios-y-prepara-su-proxima-version\/\"},\"wordCount\":325,\"image\":{\"@id\":\"https:\/\/dev.antudigital.cl\/sites\/vc\/ficvina-continua-serie-de-conversatorios-y-prepara-su-proxima-version\/#primaryimage\"},\"thumbnailUrl\":\"https:\/\/dev.antudigital.cl\/sites\/vc\/wp-content\/uploads\/2020\/08\/FIVC.png\",\"articleSection\":[\"Noticia\"],\"inLanguage\":\"es\"},{\"@type\":\"WebPage\",\"@id\":\"https:\/\/dev.antudigital.cl\/sites\/vc\/ficvina-continua-serie-de-conversatorios-y-prepara-su-proxima-version\/\",\"url\":\"https:\/\/dev.antudigital.cl\/sites\/vc\/ficvina-continua-serie-de-conversatorios-y-prepara-su-proxima-version\/\",\"name\":\"FICVI\u00d1A contin\u00faa serie de conversatorios y prepara su pr\u00f3xima versi\u00f3n - Valpara\u00ed\u00adso Creativo\",\"isPartOf\":{\"@id\":\"https:\/\/dev.antudigital.cl\/sites\/vc\/#website\"},\"primaryImageOfPage\":{\"@id\":\"https:\/\/dev.antudigital.cl\/sites\/vc\/ficvina-continua-serie-de-conversatorios-y-prepara-su-proxima-version\/#primaryimage\"},\"image\":{\"@id\":\"https:\/\/dev.antudigital.cl\/sites\/vc\/ficvina-continua-serie-de-conversatorios-y-prepara-su-proxima-version\/#primaryimage\"},\"thumbnailUrl\":\"https:\/\/dev.antudigital.cl\/sites\/vc\/wp-content\/uploads\/2020\/08\/FIVC.png\",\"datePublished\":\"2020-08-24T08:43:32+00:00\",\"author\":{\"@id\":\"https:\/\/dev.antudigital.cl\/sites\/vc\/#\/schema\/person\/81d1dcd51abd542b5dfc00f5f951a0f1\"},\"breadcrumb\":{\"@id\":\"https:\/\/dev.antudigital.cl\/sites\/vc\/ficvina-continua-serie-de-conversatorios-y-prepara-su-proxima-version\/#breadcrumb\"},\"inLanguage\":\"es\",\"potentialAction\":[{\"@type\":\"ReadAction\",\"target\":[\"https:\/\/dev.antudigital.cl\/sites\/vc\/ficvina-continua-serie-de-conversatorios-y-prepara-su-proxima-version\/\"]}]},{\"@type\":\"ImageObject\",\"inLanguage\":\"es\",\"@id\":\"https:\/\/dev.antudigital.cl\/sites\/vc\/ficvina-continua-serie-de-conversatorios-y-prepara-su-proxima-version\/#primaryimage\",\"url\":\"https:\/\/dev.antudigital.cl\/sites\/vc\/wp-content\/uploads\/2020\/08\/FIVC.png\",\"contentUrl\":\"https:\/\/dev.antudigital.cl\/sites\/vc\/wp-content\/uploads\/2020\/08\/FIVC.png\",\"width\":950,\"height\":316},{\"@type\":\"BreadcrumbList\",\"@id\":\"https:\/\/dev.antudigital.cl\/sites\/vc\/ficvina-continua-serie-de-conversatorios-y-prepara-su-proxima-version\/#breadcrumb\",\"itemListElement\":[{\"@type\":\"ListItem\",\"position\":1,\"name\":\"Home\",\"item\":\"https:\/\/dev.antudigital.cl\/sites\/vc\/\"},{\"@type\":\"ListItem\",\"position\":2,\"name\":\"FICVI\u00d1A contin\u00faa serie de conversatorios y prepara su pr\u00f3xima versi\u00f3n\"}]},{\"@type\":\"WebSite\",\"@id\":\"https:\/\/dev.antudigital.cl\/sites\/vc\/#website\",\"url\":\"https:\/\/dev.antudigital.cl\/sites\/vc\/\",\"name\":\"Valpara\u00ed\u00adso Creativo\",\"description\":\"\",\"potentialAction\":[{\"@type\":\"SearchAction\",\"target\":{\"@type\":\"EntryPoint\",\"urlTemplate\":\"https:\/\/dev.antudigital.cl\/sites\/vc\/?s={search_term_string}\"},\"query-input\":{\"@type\":\"PropertyValueSpecification\",\"valueRequired\":true,\"valueName\":\"search_term_string\"}}],\"inLanguage\":\"es\"},{\"@type\":\"Person\",\"@id\":\"https:\/\/dev.antudigital.cl\/sites\/vc\/#\/schema\/person\/81d1dcd51abd542b5dfc00f5f951a0f1\",\"name\":\"Valparaiso Creativo\",\"url\":\"https:\/\/dev.antudigital.cl\/sites\/vc\/author\/valparaiso-creativo\/\"}]}<\/script>\n<!-- \/ Yoast SEO plugin. -->","yoast_head_json":{"title":"FICVI\u00d1A contin\u00faa serie de conversatorios y prepara su pr\u00f3xima versi\u00f3n - Valpara\u00ed\u00adso Creativo","robots":{"index":"index","follow":"follow","max-snippet":"max-snippet:-1","max-image-preview":"max-image-preview:large","max-video-preview":"max-video-preview:-1"},"canonical":"https:\/\/dev.antudigital.cl\/sites\/vc\/ficvina-continua-serie-de-conversatorios-y-prepara-su-proxima-version\/","og_locale":"es_ES","og_type":"article","og_title":"FICVI\u00d1A contin\u00faa serie de conversatorios y prepara su pr\u00f3xima versi\u00f3n - Valpara\u00ed\u00adso Creativo","og_description":"El calendario de festivales y encuentros se acerca: es usual ya que en la segunda parte del a\u00f1o, tanto estos como encuentros comienzan a desplegar su programaci\u00f3n, lo que sin duda ha sido un desaf\u00edo en este 2020. Muchas instancias han debido suspenderse, o cambiar por completo su agenda a una digital.\u00a0Tal como lo ha [&hellip;]","og_url":"https:\/\/dev.antudigital.cl\/sites\/vc\/ficvina-continua-serie-de-conversatorios-y-prepara-su-proxima-version\/","og_site_name":"Valpara\u00ed\u00adso Creativo","article_published_time":"2020-08-24T08:43:32+00:00","og_image":[{"width":950,"height":316,"url":"https:\/\/dev.antudigital.cl\/sites\/vc\/wp-content\/uploads\/2020\/08\/FIVC.png","type":"image\/png"}],"author":"Valparaiso Creativo","twitter_card":"summary_large_image","twitter_misc":{"Escrito por":"Valparaiso Creativo","Tiempo de lectura":"2 minutos"},"schema":{"@context":"https:\/\/schema.org","@graph":[{"@type":"Article","@id":"https:\/\/dev.antudigital.cl\/sites\/vc\/ficvina-continua-serie-de-conversatorios-y-prepara-su-proxima-version\/#article","isPartOf":{"@id":"https:\/\/dev.antudigital.cl\/sites\/vc\/ficvina-continua-serie-de-conversatorios-y-prepara-su-proxima-version\/"},"author":{"name":"Valparaiso Creativo","@id":"https:\/\/dev.antudigital.cl\/sites\/vc\/#\/schema\/person\/81d1dcd51abd542b5dfc00f5f951a0f1"},"headline":"FICVI\u00d1A contin\u00faa serie de conversatorios y prepara su pr\u00f3xima versi\u00f3n","datePublished":"2020-08-24T08:43:32+00:00","mainEntityOfPage":{"@id":"https:\/\/dev.antudigital.cl\/sites\/vc\/ficvina-continua-serie-de-conversatorios-y-prepara-su-proxima-version\/"},"wordCount":325,"image":{"@id":"https:\/\/dev.antudigital.cl\/sites\/vc\/ficvina-continua-serie-de-conversatorios-y-prepara-su-proxima-version\/#primaryimage"},"thumbnailUrl":"https:\/\/dev.antudigital.cl\/sites\/vc\/wp-content\/uploads\/2020\/08\/FIVC.png","articleSection":["Noticia"],"inLanguage":"es"},{"@type":"WebPage","@id":"https:\/\/dev.antudigital.cl\/sites\/vc\/ficvina-continua-serie-de-conversatorios-y-prepara-su-proxima-version\/","url":"https:\/\/dev.antudigital.cl\/sites\/vc\/ficvina-continua-serie-de-conversatorios-y-prepara-su-proxima-version\/","name":"FICVI\u00d1A contin\u00faa serie de conversatorios y prepara su pr\u00f3xima versi\u00f3n - Valpara\u00ed\u00adso Creativo","isPartOf":{"@id":"https:\/\/dev.antudigital.cl\/sites\/vc\/#website"},"primaryImageOfPage":{"@id":"https:\/\/dev.antudigital.cl\/sites\/vc\/ficvina-continua-serie-de-conversatorios-y-prepara-su-proxima-version\/#primaryimage"},"image":{"@id":"https:\/\/dev.antudigital.cl\/sites\/vc\/ficvina-continua-serie-de-conversatorios-y-prepara-su-proxima-version\/#primaryimage"},"thumbnailUrl":"https:\/\/dev.antudigital.cl\/sites\/vc\/wp-content\/uploads\/2020\/08\/FIVC.png","datePublished":"2020-08-24T08:43:32+00:00","author":{"@id":"https:\/\/dev.antudigital.cl\/sites\/vc\/#\/schema\/person\/81d1dcd51abd542b5dfc00f5f951a0f1"},"breadcrumb":{"@id":"https:\/\/dev.antudigital.cl\/sites\/vc\/ficvina-continua-serie-de-conversatorios-y-prepara-su-proxima-version\/#breadcrumb"},"inLanguage":"es","potentialAction":[{"@type":"ReadAction","target":["https:\/\/dev.antudigital.cl\/sites\/vc\/ficvina-continua-serie-de-conversatorios-y-prepara-su-proxima-version\/"]}]},{"@type":"ImageObject","inLanguage":"es","@id":"https:\/\/dev.antudigital.cl\/sites\/vc\/ficvina-continua-serie-de-conversatorios-y-prepara-su-proxima-version\/#primaryimage","url":"https:\/\/dev.antudigital.cl\/sites\/vc\/wp-content\/uploads\/2020\/08\/FIVC.png","contentUrl":"https:\/\/dev.antudigital.cl\/sites\/vc\/wp-content\/uploads\/2020\/08\/FIVC.png","width":950,"height":316},{"@type":"BreadcrumbList","@id":"https:\/\/dev.antudigital.cl\/sites\/vc\/ficvina-continua-serie-de-conversatorios-y-prepara-su-proxima-version\/#breadcrumb","itemListElement":[{"@type":"ListItem","position":1,"name":"Home","item":"https:\/\/dev.antudigital.cl\/sites\/vc\/"},{"@type":"ListItem","position":2,"name":"FICVI\u00d1A contin\u00faa serie de conversatorios y prepara su pr\u00f3xima versi\u00f3n"}]},{"@type":"WebSite","@id":"https:\/\/dev.antudigital.cl\/sites\/vc\/#website","url":"https:\/\/dev.antudigital.cl\/sites\/vc\/","name":"Valpara\u00ed\u00adso Creativo","description":"","potentialAction":[{"@type":"SearchAction","target":{"@type":"EntryPoint","urlTemplate":"https:\/\/dev.antudigital.cl\/sites\/vc\/?s={search_term_string}"},"query-input":{"@type":"PropertyValueSpecification","valueRequired":true,"valueName":"search_term_string"}}],"inLanguage":"es"},{"@type":"Person","@id":"https:\/\/dev.antudigital.cl\/sites\/vc\/#\/schema\/person\/81d1dcd51abd542b5dfc00f5f951a0f1","name":"Valparaiso Creativo","url":"https:\/\/dev.antudigital.cl\/sites\/vc\/author\/valparaiso-creativo\/"}]}},"_links":{"self":[{"href":"https:\/\/dev.antudigital.cl\/sites\/vc\/wp-json\/wp\/v2\/posts\/8781","targetHints":{"allow":["GET"]}}],"collection":[{"href":"https:\/\/dev.antudigital.cl\/sites\/vc\/wp-json\/wp\/v2\/posts"}],"about":[{"href":"https:\/\/dev.antudigital.cl\/sites\/vc\/wp-json\/wp\/v2\/types\/post"}],"author":[{"embeddable":true,"href":"https:\/\/dev.antudigital.cl\/sites\/vc\/wp-json\/wp\/v2\/users\/3"}],"replies":[{"embeddable":true,"href":"https:\/\/dev.antudigital.cl\/sites\/vc\/wp-json\/wp\/v2\/comments?post=8781"}],"version-history":[{"count":0,"href":"https:\/\/dev.antudigital.cl\/sites\/vc\/wp-json\/wp\/v2\/posts\/8781\/revisions"}],"wp:featuredmedia":[{"embeddable":true,"href":"https:\/\/dev.antudigital.cl\/sites\/vc\/wp-json\/wp\/v2\/media\/8782"}],"wp:attachment":[{"href":"https:\/\/dev.antudigital.cl\/sites\/vc\/wp-json\/wp\/v2\/media?parent=8781"}],"wp:term":[{"taxonomy":"category","embeddable":true,"href":"https:\/\/dev.antudigital.cl\/sites\/vc\/wp-json\/wp\/v2\/categories?post=8781"},{"taxonomy":"post_tag","embeddable":true,"href":"https:\/\/dev.antudigital.cl\/sites\/vc\/wp-json\/wp\/v2\/tags?post=8781"}],"curies":[{"name":"wp","href":"https:\/\/api.w.org\/{rel}","templated":true}]}}