{"id":8791,"date":"2020-08-16T19:13:34","date_gmt":"2020-08-16T19:13:34","guid":{"rendered":"https:\/\/www.valparaisocreativo.cl\/?p=4934"},"modified":"2021-12-25T19:48:40","modified_gmt":"2021-12-25T19:48:40","slug":"mesdelafotografia-conociendo-la-gestion-de-centro-de-arte","status":"publish","type":"post","link":"https:\/\/dev.antudigital.cl\/sites\/vc\/mesdelafotografia-conociendo-la-gestion-de-centro-de-arte\/","title":{"rendered":"#MesDeLaFotograf\u00eda: Conociendo la gesti\u00f3n de Centro de Arte"},"content":{"rendered":"<p dir=\"ltr\">Agosto es el mes de la fotograf\u00eda. Esta es una de las \u00e1reas de profesi\u00f3n y acci\u00f3n de&nbsp;<strong><a href=\"https:\/\/www.instagram.com\/centrodearte_\/\">Centro de Arte<\/a>,&nbsp;<\/strong>el nombre que <strong>Paula L\u00f3pez-Droguett y Rodolfo Mu\u00f1oz&nbsp;<\/strong>adoptaron para reunir sus iniciativas e intereses. Se trata de una&nbsp;<em>galer\u00eda virtual,&nbsp;<\/em>es decir, un espacio virtual de promoci\u00f3n, investigaci\u00f3n y transmisi\u00f3n de conocimientos art\u00edsticos, donde entremezclan tanto la fotograf\u00eda como otras expresiones visuales,&nbsp;<strong>con enfoque en la difusi\u00f3n del arte contempor\u00e1neo de regiones de Chile.<\/strong><\/p>\n<p dir=\"ltr\"><img fetchpriority=\"high\" decoding=\"async\" class=\"size-medium wp-image-4957 alignleft\" src=\"https:\/\/www.valparaisocreativo.cl\/wp-content\/uploads\/2020\/08\/Creditofoto_felipe_rubio2-300x200.jpg\" alt=\"\" width=\"300\" height=\"200\">Hasta ahora, Centro de Arte se divide en dos variantes: el Taller Independiente, y CCEAC, Ciclo de Charlas en torno al Arte Contempor\u00e1neo. Precisamente de esta \u00faltima instancia se gener\u00f3 la segunda versi\u00f3n hasta hace unas semanas. Por segundo a\u00f1o consecutivo y en colaboraci\u00f3n con Centex, se gestaron 4 charlas bajo la tem\u00e1tica&nbsp;<strong>Cuerpo y Crisis,&nbsp;<\/strong>donde fueron invitados diferentes artistas y gestores del pa\u00eds.<\/p>\n<p dir=\"ltr\">El ciclo es realizado con una mirada descentralizadora. Es as\u00ed como se cont\u00f3 con participantes de Concepci\u00f3n, como Natasha de Cortillas; Milko Carre\u00f1o (Rancagua), Colectivo Caput (Iquique), Col. \u00daltima Esperanza (Punta Arenas), entre otros.<\/p>\n<p dir=\"ltr\"><strong>CCEAC<\/strong> nace de una necesidad: aquella por escuchar y poner en valor a artistas contempor\u00e1neos que trabajan con temas relevantes para el contexto art\u00edstico y social. Las conversaciones de este 2020, estaban precisamente apuntando a aquellos quiebres de la sociedad que se agudizan con la cuarentena, desde la labor art\u00edstica hasta lo m\u00e1s transversal. De esta manera se aporta a la escena local y se cumple un rol pedag\u00f3gico al compartir&nbsp;los procesos creativos personales de cada uno de ellos.<\/p>\n<p dir=\"ltr\"><strong><img decoding=\"async\" class=\"alignleft size-medium wp-image-4958\" src=\"https:\/\/www.valparaisocreativo.cl\/wp-content\/uploads\/2020\/08\/DSCF1967-300x199.jpg\" alt=\"\" width=\"300\" height=\"199\">Paula<\/strong> afirma al respecto que : \u00ab<em>Es s\u00faper necesario, como personas creadoras y reflexivas, dar ese espacio de conversaci\u00f3n. Con la pandemia, se han evidenciado las profesiones y lugares precarizadas, entre otros, y nosotros [como artistas] siempre hemos vivido una especie de pandemia, que se traduce en trabajar fuera de horarios, las triples jornadas, todos estos temas que son interesantes conversar sobre c\u00f3mo se trabaja el arte, y cu\u00e1les son las cosas que han cambiado (o no) en relaci\u00f3n a este nuevo contexto<\/em>\u00ab.<\/p>\n<p class=\"p1\">\u00abEl arte necesita de la colaboraci\u00f3n, por lo menos de un espectador, y eso ahora queda en crisis actualmente. <strong>Algo le debe pasar a alguien para que el arte est\u00e9 ah\u00ed y funcione<\/strong>, <strong>para que se complete<\/strong>. Debemos mostrar lo que hacemos, debemos hacerlo colaborativamente, y en esta situaci\u00f3n &#8211; revuelta y pandemia &#8211; eso ha agarrado a\u00fan m\u00e1s fuerza. Nos seguimos juntando entre pares para poder salir un poco l\u00facidos de este encierro que nos lleva a cuestionar y observar un mont\u00f3n de cosas\u00bb agrega.<\/p>\n<figure id=\"attachment_4954\" aria-describedby=\"caption-attachment-4954\" style=\"width: 300px\" class=\"wp-caption alignleft\"><img decoding=\"async\" class=\"wp-image-4954 size-medium\" src=\"https:\/\/www.valparaisocreativo.cl\/wp-content\/uploads\/2020\/08\/ANGELA3-300x300.jpg\" alt=\"\" width=\"300\" height=\"300\"><figcaption id=\"caption-attachment-4954\" class=\"wp-caption-text\">\u00c1ngela Tob\u00f3n &#8211; Corte y Confecci\u00f3n<\/figcaption><\/figure>\n<p dir=\"ltr\"><strong>Por otra parte est\u00e1 el Taller Independiente <em>Imagen, creaci\u00f3n y proceso de obra.<\/em><\/strong><em>&nbsp;<\/em>Este es un espacio de formaci\u00f3n, en donde Paula y Rodolfo funcionan como dupla haciendo clases, con el prop\u00f3sito de proporcionar herramientas pr\u00e1cticas y te\u00f3ricas para la creaci\u00f3n de proyectos art\u00edsticos desde las artes visuales y fotograf\u00eda. Ya llevan dos meses en este proceso, ampliando su quehacer.<\/p>\n<p dir=\"ltr\">Esta otra \u00abvertiente\u00bb de Centro de Arte es una especie de continuaci\u00f3n de otro taller que realizaron ambos en el Parque Cultural de Valpara\u00edso el 2019. A trav\u00e9s de su cuenta, han compartido los resultados que de aqu\u00ed emanan, siendo no s\u00f3lo un proyecto de difusi\u00f3n, sino tambi\u00e9n formaci\u00f3n y desarrollo de la fotograf\u00eda y artes visuales.<\/p>\n<hr>\n<p>&nbsp;<\/p>\n<p>Estas dos piezas son parte de algo que a\u00fan est\u00e1 en construcci\u00f3n. \u00bfCu\u00e1les son sus proyecciones, qu\u00e9 es lo que tienen en mente? Tienen pensado la generaci\u00f3n de exposiciones virtuales, adem\u00e1s de la idea de generar un podcast sobre arte. Finalmente, agregan que esperan poder realizar <img loading=\"lazy\" decoding=\"async\" class=\"alignleft wp-image-4959\" src=\"https:\/\/www.valparaisocreativo.cl\/wp-content\/uploads\/2020\/08\/DSCF1968-300x199.jpg\" alt=\"\" width=\"332\" height=\"220\">intervenciones en el espacio p\u00fablico, para poder pensar la ciudad y reflexionar en torno a los m\u00faltiples procesos que se vive en ella con otros artistas.<\/p>\n<p>Su labor se traduce en generar espacios para escucharse, para reflexionar y tambi\u00e9n ser una vitrina desde Valpara\u00edso.<\/p>\n<p>Por otra parte, te invitamos a seguir el trabajo individual de <strong><a href=\"https:\/\/paulalopezdroguett.com\/Paula-Lopez-Droguett\">Paula<\/a> y <a href=\"http:\/\/www.rodomunoz.tumblr.com\">Rodolfo<\/a>:&nbsp;<\/strong>ambos se desarrollan desde la Regi\u00f3n, con varios proyectos personales por separado. Centro de Arte es su punto de uni\u00f3n, y continuar\u00e1n esa gesti\u00f3n con gran impulso.<\/p>\n<p>&nbsp;<\/p>\n<p>&nbsp;<\/p>\n<hr>\n<figure id=\"attachment_4953\" aria-describedby=\"caption-attachment-4953\" style=\"width: 199px\" class=\"wp-caption aligncenter\"><img loading=\"lazy\" decoding=\"async\" class=\"wp-image-4953 size-medium\" src=\"https:\/\/www.valparaisocreativo.cl\/wp-content\/uploads\/2020\/08\/carceldeamor-20-199x300.jpg\" alt=\"\" width=\"199\" height=\"300\"><figcaption id=\"caption-attachment-4953\" class=\"wp-caption-text\">C\u00e1rcel de Amor, Paula L\u00f3pez Droguett.<\/figcaption><\/figure>\n<p>&nbsp;<\/p>\n<hr>\n<figure id=\"attachment_4949\" aria-describedby=\"caption-attachment-4949\" style=\"width: 216px\" class=\"wp-caption aligncenter\"><img loading=\"lazy\" decoding=\"async\" class=\"wp-image-4949 size-medium\" src=\"https:\/\/www.valparaisocreativo.cl\/wp-content\/uploads\/2020\/08\/rodolfomunoz_01-216x300.jpg\" alt=\"\" width=\"216\" height=\"300\"><figcaption id=\"caption-attachment-4949\" class=\"wp-caption-text\">Trayecto, Rodolfo Mu\u00f1oz.<\/figcaption><\/figure>\n","protected":false},"excerpt":{"rendered":"<p>Agosto es el mes de la fotograf\u00eda. Esta es una de las \u00e1reas de profesi\u00f3n y acci\u00f3n de&nbsp;Centro de Arte,&nbsp;el nombre que Paula L\u00f3pez-Droguett y Rodolfo Mu\u00f1oz&nbsp;adoptaron para reunir sus iniciativas e intereses. Se trata de una&nbsp;galer\u00eda virtual,&nbsp;es decir, un espacio virtual de promoci\u00f3n, investigaci\u00f3n y transmisi\u00f3n de conocimientos art\u00edsticos, donde entremezclan tanto la fotograf\u00eda [&hellip;]<\/p>\n","protected":false},"author":3,"featured_media":8797,"comment_status":"closed","ping_status":"closed","sticky":false,"template":"","format":"standard","meta":{"_acf_changed":false,"footnotes":""},"categories":[8],"tags":[88,75,91,135,136],"class_list":["post-8791","post","type-post","status-publish","format-standard","has-post-thumbnail","hentry","category-noticia","tag-arte-contemporaneo","tag-artes-visuales","tag-centro-de-arte","tag-fotografia","tag-mes-de-la-fotografia"],"acf":[],"yoast_head":"<!-- This site is optimized with the Yoast SEO plugin v27.1.1 - https:\/\/yoast.com\/product\/yoast-seo-wordpress\/ -->\n<title>#MesDeLaFotograf\u00eda: Conociendo la gesti\u00f3n de Centro de Arte - Valpara\u00ed\u00adso Creativo<\/title>\n<meta name=\"robots\" content=\"index, follow, max-snippet:-1, max-image-preview:large, max-video-preview:-1\" \/>\n<link rel=\"canonical\" href=\"https:\/\/dev.antudigital.cl\/sites\/vc\/mesdelafotografia-conociendo-la-gestion-de-centro-de-arte\/\" \/>\n<meta property=\"og:locale\" content=\"es_ES\" \/>\n<meta property=\"og:type\" content=\"article\" \/>\n<meta property=\"og:title\" content=\"#MesDeLaFotograf\u00eda: Conociendo la gesti\u00f3n de Centro de Arte - Valpara\u00ed\u00adso Creativo\" \/>\n<meta property=\"og:description\" content=\"Agosto es el mes de la fotograf\u00eda. Esta es una de las \u00e1reas de profesi\u00f3n y acci\u00f3n de&nbsp;Centro de Arte,&nbsp;el nombre que Paula L\u00f3pez-Droguett y Rodolfo Mu\u00f1oz&nbsp;adoptaron para reunir sus iniciativas e intereses. Se trata de una&nbsp;galer\u00eda virtual,&nbsp;es decir, un espacio virtual de promoci\u00f3n, investigaci\u00f3n y transmisi\u00f3n de conocimientos art\u00edsticos, donde entremezclan tanto la fotograf\u00eda [&hellip;]\" \/>\n<meta property=\"og:url\" content=\"https:\/\/dev.antudigital.cl\/sites\/vc\/mesdelafotografia-conociendo-la-gestion-de-centro-de-arte\/\" \/>\n<meta property=\"og:site_name\" content=\"Valpara\u00ed\u00adso Creativo\" \/>\n<meta property=\"article:published_time\" content=\"2020-08-16T19:13:34+00:00\" \/>\n<meta property=\"article:modified_time\" content=\"2021-12-25T19:48:40+00:00\" \/>\n<meta property=\"og:image\" content=\"https:\/\/dev.antudigital.cl\/sites\/vc\/wp-content\/uploads\/2020\/08\/bannervalpocreativo-1536x540-1.jpg\" \/>\n\t<meta property=\"og:image:width\" content=\"1536\" \/>\n\t<meta property=\"og:image:height\" content=\"540\" \/>\n\t<meta property=\"og:image:type\" content=\"image\/jpeg\" \/>\n<meta name=\"author\" content=\"Valparaiso Creativo\" \/>\n<meta name=\"twitter:card\" content=\"summary_large_image\" \/>\n<meta name=\"twitter:label1\" content=\"Escrito por\" \/>\n\t<meta name=\"twitter:data1\" content=\"Valparaiso Creativo\" \/>\n\t<meta name=\"twitter:label2\" content=\"Tiempo de lectura\" \/>\n\t<meta name=\"twitter:data2\" content=\"5 minutos\" \/>\n<script type=\"application\/ld+json\" class=\"yoast-schema-graph\">{\"@context\":\"https:\/\/schema.org\",\"@graph\":[{\"@type\":\"Article\",\"@id\":\"https:\/\/dev.antudigital.cl\/sites\/vc\/mesdelafotografia-conociendo-la-gestion-de-centro-de-arte\/#article\",\"isPartOf\":{\"@id\":\"https:\/\/dev.antudigital.cl\/sites\/vc\/mesdelafotografia-conociendo-la-gestion-de-centro-de-arte\/\"},\"author\":{\"name\":\"Valparaiso Creativo\",\"@id\":\"https:\/\/dev.antudigital.cl\/sites\/vc\/#\/schema\/person\/81d1dcd51abd542b5dfc00f5f951a0f1\"},\"headline\":\"#MesDeLaFotograf\u00eda: Conociendo la gesti\u00f3n de Centro de Arte\",\"datePublished\":\"2020-08-16T19:13:34+00:00\",\"dateModified\":\"2021-12-25T19:48:40+00:00\",\"mainEntityOfPage\":{\"@id\":\"https:\/\/dev.antudigital.cl\/sites\/vc\/mesdelafotografia-conociendo-la-gestion-de-centro-de-arte\/\"},\"wordCount\":800,\"image\":{\"@id\":\"https:\/\/dev.antudigital.cl\/sites\/vc\/mesdelafotografia-conociendo-la-gestion-de-centro-de-arte\/#primaryimage\"},\"thumbnailUrl\":\"https:\/\/dev.antudigital.cl\/sites\/vc\/wp-content\/uploads\/2020\/08\/bannervalpocreativo-1536x540-1.jpg\",\"keywords\":[\"Arte Contempor\u00e1neo\",\"Artes Visuales\",\"Centro de Arte\",\"Fotograf\u00eda\",\"Mes de la fotograf\u00eda\"],\"articleSection\":[\"Noticia\"],\"inLanguage\":\"es\"},{\"@type\":\"WebPage\",\"@id\":\"https:\/\/dev.antudigital.cl\/sites\/vc\/mesdelafotografia-conociendo-la-gestion-de-centro-de-arte\/\",\"url\":\"https:\/\/dev.antudigital.cl\/sites\/vc\/mesdelafotografia-conociendo-la-gestion-de-centro-de-arte\/\",\"name\":\"#MesDeLaFotograf\u00eda: Conociendo la gesti\u00f3n de Centro de Arte - Valpara\u00ed\u00adso Creativo\",\"isPartOf\":{\"@id\":\"https:\/\/dev.antudigital.cl\/sites\/vc\/#website\"},\"primaryImageOfPage\":{\"@id\":\"https:\/\/dev.antudigital.cl\/sites\/vc\/mesdelafotografia-conociendo-la-gestion-de-centro-de-arte\/#primaryimage\"},\"image\":{\"@id\":\"https:\/\/dev.antudigital.cl\/sites\/vc\/mesdelafotografia-conociendo-la-gestion-de-centro-de-arte\/#primaryimage\"},\"thumbnailUrl\":\"https:\/\/dev.antudigital.cl\/sites\/vc\/wp-content\/uploads\/2020\/08\/bannervalpocreativo-1536x540-1.jpg\",\"datePublished\":\"2020-08-16T19:13:34+00:00\",\"dateModified\":\"2021-12-25T19:48:40+00:00\",\"author\":{\"@id\":\"https:\/\/dev.antudigital.cl\/sites\/vc\/#\/schema\/person\/81d1dcd51abd542b5dfc00f5f951a0f1\"},\"breadcrumb\":{\"@id\":\"https:\/\/dev.antudigital.cl\/sites\/vc\/mesdelafotografia-conociendo-la-gestion-de-centro-de-arte\/#breadcrumb\"},\"inLanguage\":\"es\",\"potentialAction\":[{\"@type\":\"ReadAction\",\"target\":[\"https:\/\/dev.antudigital.cl\/sites\/vc\/mesdelafotografia-conociendo-la-gestion-de-centro-de-arte\/\"]}]},{\"@type\":\"ImageObject\",\"inLanguage\":\"es\",\"@id\":\"https:\/\/dev.antudigital.cl\/sites\/vc\/mesdelafotografia-conociendo-la-gestion-de-centro-de-arte\/#primaryimage\",\"url\":\"https:\/\/dev.antudigital.cl\/sites\/vc\/wp-content\/uploads\/2020\/08\/bannervalpocreativo-1536x540-1.jpg\",\"contentUrl\":\"https:\/\/dev.antudigital.cl\/sites\/vc\/wp-content\/uploads\/2020\/08\/bannervalpocreativo-1536x540-1.jpg\",\"width\":1536,\"height\":540},{\"@type\":\"BreadcrumbList\",\"@id\":\"https:\/\/dev.antudigital.cl\/sites\/vc\/mesdelafotografia-conociendo-la-gestion-de-centro-de-arte\/#breadcrumb\",\"itemListElement\":[{\"@type\":\"ListItem\",\"position\":1,\"name\":\"Home\",\"item\":\"https:\/\/dev.antudigital.cl\/sites\/vc\/\"},{\"@type\":\"ListItem\",\"position\":2,\"name\":\"#MesDeLaFotograf\u00eda: Conociendo la gesti\u00f3n de Centro de Arte\"}]},{\"@type\":\"WebSite\",\"@id\":\"https:\/\/dev.antudigital.cl\/sites\/vc\/#website\",\"url\":\"https:\/\/dev.antudigital.cl\/sites\/vc\/\",\"name\":\"Valpara\u00ed\u00adso Creativo\",\"description\":\"\",\"potentialAction\":[{\"@type\":\"SearchAction\",\"target\":{\"@type\":\"EntryPoint\",\"urlTemplate\":\"https:\/\/dev.antudigital.cl\/sites\/vc\/?s={search_term_string}\"},\"query-input\":{\"@type\":\"PropertyValueSpecification\",\"valueRequired\":true,\"valueName\":\"search_term_string\"}}],\"inLanguage\":\"es\"},{\"@type\":\"Person\",\"@id\":\"https:\/\/dev.antudigital.cl\/sites\/vc\/#\/schema\/person\/81d1dcd51abd542b5dfc00f5f951a0f1\",\"name\":\"Valparaiso Creativo\",\"url\":\"https:\/\/dev.antudigital.cl\/sites\/vc\/author\/valparaiso-creativo\/\"}]}<\/script>\n<!-- \/ Yoast SEO plugin. -->","yoast_head_json":{"title":"#MesDeLaFotograf\u00eda: Conociendo la gesti\u00f3n de Centro de Arte - Valpara\u00ed\u00adso Creativo","robots":{"index":"index","follow":"follow","max-snippet":"max-snippet:-1","max-image-preview":"max-image-preview:large","max-video-preview":"max-video-preview:-1"},"canonical":"https:\/\/dev.antudigital.cl\/sites\/vc\/mesdelafotografia-conociendo-la-gestion-de-centro-de-arte\/","og_locale":"es_ES","og_type":"article","og_title":"#MesDeLaFotograf\u00eda: Conociendo la gesti\u00f3n de Centro de Arte - Valpara\u00ed\u00adso Creativo","og_description":"Agosto es el mes de la fotograf\u00eda. Esta es una de las \u00e1reas de profesi\u00f3n y acci\u00f3n de&nbsp;Centro de Arte,&nbsp;el nombre que Paula L\u00f3pez-Droguett y Rodolfo Mu\u00f1oz&nbsp;adoptaron para reunir sus iniciativas e intereses. Se trata de una&nbsp;galer\u00eda virtual,&nbsp;es decir, un espacio virtual de promoci\u00f3n, investigaci\u00f3n y transmisi\u00f3n de conocimientos art\u00edsticos, donde entremezclan tanto la fotograf\u00eda [&hellip;]","og_url":"https:\/\/dev.antudigital.cl\/sites\/vc\/mesdelafotografia-conociendo-la-gestion-de-centro-de-arte\/","og_site_name":"Valpara\u00ed\u00adso Creativo","article_published_time":"2020-08-16T19:13:34+00:00","article_modified_time":"2021-12-25T19:48:40+00:00","og_image":[{"width":1536,"height":540,"url":"https:\/\/dev.antudigital.cl\/sites\/vc\/wp-content\/uploads\/2020\/08\/bannervalpocreativo-1536x540-1.jpg","type":"image\/jpeg"}],"author":"Valparaiso Creativo","twitter_card":"summary_large_image","twitter_misc":{"Escrito por":"Valparaiso Creativo","Tiempo de lectura":"5 minutos"},"schema":{"@context":"https:\/\/schema.org","@graph":[{"@type":"Article","@id":"https:\/\/dev.antudigital.cl\/sites\/vc\/mesdelafotografia-conociendo-la-gestion-de-centro-de-arte\/#article","isPartOf":{"@id":"https:\/\/dev.antudigital.cl\/sites\/vc\/mesdelafotografia-conociendo-la-gestion-de-centro-de-arte\/"},"author":{"name":"Valparaiso Creativo","@id":"https:\/\/dev.antudigital.cl\/sites\/vc\/#\/schema\/person\/81d1dcd51abd542b5dfc00f5f951a0f1"},"headline":"#MesDeLaFotograf\u00eda: Conociendo la gesti\u00f3n de Centro de Arte","datePublished":"2020-08-16T19:13:34+00:00","dateModified":"2021-12-25T19:48:40+00:00","mainEntityOfPage":{"@id":"https:\/\/dev.antudigital.cl\/sites\/vc\/mesdelafotografia-conociendo-la-gestion-de-centro-de-arte\/"},"wordCount":800,"image":{"@id":"https:\/\/dev.antudigital.cl\/sites\/vc\/mesdelafotografia-conociendo-la-gestion-de-centro-de-arte\/#primaryimage"},"thumbnailUrl":"https:\/\/dev.antudigital.cl\/sites\/vc\/wp-content\/uploads\/2020\/08\/bannervalpocreativo-1536x540-1.jpg","keywords":["Arte Contempor\u00e1neo","Artes Visuales","Centro de Arte","Fotograf\u00eda","Mes de la fotograf\u00eda"],"articleSection":["Noticia"],"inLanguage":"es"},{"@type":"WebPage","@id":"https:\/\/dev.antudigital.cl\/sites\/vc\/mesdelafotografia-conociendo-la-gestion-de-centro-de-arte\/","url":"https:\/\/dev.antudigital.cl\/sites\/vc\/mesdelafotografia-conociendo-la-gestion-de-centro-de-arte\/","name":"#MesDeLaFotograf\u00eda: Conociendo la gesti\u00f3n de Centro de Arte - Valpara\u00ed\u00adso Creativo","isPartOf":{"@id":"https:\/\/dev.antudigital.cl\/sites\/vc\/#website"},"primaryImageOfPage":{"@id":"https:\/\/dev.antudigital.cl\/sites\/vc\/mesdelafotografia-conociendo-la-gestion-de-centro-de-arte\/#primaryimage"},"image":{"@id":"https:\/\/dev.antudigital.cl\/sites\/vc\/mesdelafotografia-conociendo-la-gestion-de-centro-de-arte\/#primaryimage"},"thumbnailUrl":"https:\/\/dev.antudigital.cl\/sites\/vc\/wp-content\/uploads\/2020\/08\/bannervalpocreativo-1536x540-1.jpg","datePublished":"2020-08-16T19:13:34+00:00","dateModified":"2021-12-25T19:48:40+00:00","author":{"@id":"https:\/\/dev.antudigital.cl\/sites\/vc\/#\/schema\/person\/81d1dcd51abd542b5dfc00f5f951a0f1"},"breadcrumb":{"@id":"https:\/\/dev.antudigital.cl\/sites\/vc\/mesdelafotografia-conociendo-la-gestion-de-centro-de-arte\/#breadcrumb"},"inLanguage":"es","potentialAction":[{"@type":"ReadAction","target":["https:\/\/dev.antudigital.cl\/sites\/vc\/mesdelafotografia-conociendo-la-gestion-de-centro-de-arte\/"]}]},{"@type":"ImageObject","inLanguage":"es","@id":"https:\/\/dev.antudigital.cl\/sites\/vc\/mesdelafotografia-conociendo-la-gestion-de-centro-de-arte\/#primaryimage","url":"https:\/\/dev.antudigital.cl\/sites\/vc\/wp-content\/uploads\/2020\/08\/bannervalpocreativo-1536x540-1.jpg","contentUrl":"https:\/\/dev.antudigital.cl\/sites\/vc\/wp-content\/uploads\/2020\/08\/bannervalpocreativo-1536x540-1.jpg","width":1536,"height":540},{"@type":"BreadcrumbList","@id":"https:\/\/dev.antudigital.cl\/sites\/vc\/mesdelafotografia-conociendo-la-gestion-de-centro-de-arte\/#breadcrumb","itemListElement":[{"@type":"ListItem","position":1,"name":"Home","item":"https:\/\/dev.antudigital.cl\/sites\/vc\/"},{"@type":"ListItem","position":2,"name":"#MesDeLaFotograf\u00eda: Conociendo la gesti\u00f3n de Centro de Arte"}]},{"@type":"WebSite","@id":"https:\/\/dev.antudigital.cl\/sites\/vc\/#website","url":"https:\/\/dev.antudigital.cl\/sites\/vc\/","name":"Valpara\u00ed\u00adso Creativo","description":"","potentialAction":[{"@type":"SearchAction","target":{"@type":"EntryPoint","urlTemplate":"https:\/\/dev.antudigital.cl\/sites\/vc\/?s={search_term_string}"},"query-input":{"@type":"PropertyValueSpecification","valueRequired":true,"valueName":"search_term_string"}}],"inLanguage":"es"},{"@type":"Person","@id":"https:\/\/dev.antudigital.cl\/sites\/vc\/#\/schema\/person\/81d1dcd51abd542b5dfc00f5f951a0f1","name":"Valparaiso Creativo","url":"https:\/\/dev.antudigital.cl\/sites\/vc\/author\/valparaiso-creativo\/"}]}},"_links":{"self":[{"href":"https:\/\/dev.antudigital.cl\/sites\/vc\/wp-json\/wp\/v2\/posts\/8791","targetHints":{"allow":["GET"]}}],"collection":[{"href":"https:\/\/dev.antudigital.cl\/sites\/vc\/wp-json\/wp\/v2\/posts"}],"about":[{"href":"https:\/\/dev.antudigital.cl\/sites\/vc\/wp-json\/wp\/v2\/types\/post"}],"author":[{"embeddable":true,"href":"https:\/\/dev.antudigital.cl\/sites\/vc\/wp-json\/wp\/v2\/users\/3"}],"replies":[{"embeddable":true,"href":"https:\/\/dev.antudigital.cl\/sites\/vc\/wp-json\/wp\/v2\/comments?post=8791"}],"version-history":[{"count":2,"href":"https:\/\/dev.antudigital.cl\/sites\/vc\/wp-json\/wp\/v2\/posts\/8791\/revisions"}],"predecessor-version":[{"id":8798,"href":"https:\/\/dev.antudigital.cl\/sites\/vc\/wp-json\/wp\/v2\/posts\/8791\/revisions\/8798"}],"wp:featuredmedia":[{"embeddable":true,"href":"https:\/\/dev.antudigital.cl\/sites\/vc\/wp-json\/wp\/v2\/media\/8797"}],"wp:attachment":[{"href":"https:\/\/dev.antudigital.cl\/sites\/vc\/wp-json\/wp\/v2\/media?parent=8791"}],"wp:term":[{"taxonomy":"category","embeddable":true,"href":"https:\/\/dev.antudigital.cl\/sites\/vc\/wp-json\/wp\/v2\/categories?post=8791"},{"taxonomy":"post_tag","embeddable":true,"href":"https:\/\/dev.antudigital.cl\/sites\/vc\/wp-json\/wp\/v2\/tags?post=8791"}],"curies":[{"name":"wp","href":"https:\/\/api.w.org\/{rel}","templated":true}]}}