{"id":8805,"date":"2020-08-14T15:05:26","date_gmt":"2020-08-14T15:05:26","guid":{"rendered":"https:\/\/www.valparaisocreativo.cl\/?p=4929"},"modified":"2021-12-25T19:52:48","modified_gmt":"2021-12-25T19:52:48","slug":"ciclo-de-conversatorios-espacios-para-el-nuevo-habitar","status":"publish","type":"post","link":"https:\/\/dev.antudigital.cl\/sites\/vc\/ciclo-de-conversatorios-espacios-para-el-nuevo-habitar\/","title":{"rendered":"Ciclo de conversatorios: Espacios para el nuevo habitar"},"content":{"rendered":"<h5>Imagen de portada v\u00eda: <a href=\"https:\/\/www.pexels.com\/es-es\/foto\/arquitectura-arte-ciudad-contemporaneo-227675\/\">Pexels<\/a><\/h5>\n<div>La Universidad del Desarrollo a trav\u00e9s de su Escuela de Arquitectura se encuentra propiciando el ciclo\u00a0<strong>Espacios para el nuevo habitar_ CONSTRUIR UN VIVIR MEJOR.<\/strong><\/div>\n<div>Comenzando la programaci\u00f3n es que el d\u00eda mi\u00e9rcoles 19 de agosto a las 18:00hrs. se encontrar\u00e1n v\u00eda Zoom y UDDTV con el arquitecto Gonzalo Mardones, quien se centrar\u00e1 en la tem\u00e1tica se\u00f1alada,\u00a0<strong>Construir para un vivir mejor.<\/strong><\/div>\n<p>Pueden inscribirse en el <strong><a href=\"https:\/\/docs.google.com\/forms\/d\/e\/1FAIpQLSccafgk1MkXU_TZnhEPE7nfHkZ4uCj7z9_Nj7qhdzWbpoBCUA\/viewform\">siguiente link<\/a><\/strong> en forma gratuita.<\/p>\n<p><img decoding=\"async\" class=\"alignleft size-medium wp-image-4932\" src=\"https:\/\/www.valparaisocreativo.cl\/wp-content\/uploads\/2020\/08\/ConversatorioTwitter2-300x150.jpg\" alt=\"\" width=\"300\" height=\"150\" \/><\/p>\n<p><img fetchpriority=\"high\" decoding=\"async\" class=\"alignleft size-medium wp-image-4931\" src=\"https:\/\/www.valparaisocreativo.cl\/wp-content\/uploads\/2020\/08\/117645485_3517325798348120_4360506697990382204_o-300x300.jpg\" alt=\"\" width=\"300\" height=\"300\" \/><\/p>\n","protected":false},"excerpt":{"rendered":"<p>Imagen de portada v\u00eda: Pexels La Universidad del Desarrollo a trav\u00e9s de su Escuela de Arquitectura se encuentra propiciando el ciclo\u00a0Espacios para el nuevo habitar_ CONSTRUIR UN VIVIR MEJOR. Comenzando la programaci\u00f3n es que el d\u00eda mi\u00e9rcoles 19 de agosto a las 18:00hrs. se encontrar\u00e1n v\u00eda Zoom y UDDTV con el arquitecto Gonzalo Mardones, quien [&hellip;]<\/p>\n","protected":false},"author":3,"featured_media":8808,"comment_status":"closed","ping_status":"closed","sticky":false,"template":"","format":"standard","meta":{"_acf_changed":false,"footnotes":""},"categories":[8],"tags":[],"class_list":["post-8805","post","type-post","status-publish","format-standard","has-post-thumbnail","hentry","category-noticia"],"acf":[],"yoast_head":"<!-- This site is optimized with the Yoast SEO plugin v27.1.1 - https:\/\/yoast.com\/product\/yoast-seo-wordpress\/ -->\n<title>Ciclo de conversatorios: Espacios para el nuevo habitar - Valpara\u00ed\u00adso Creativo<\/title>\n<meta name=\"robots\" content=\"index, follow, max-snippet:-1, max-image-preview:large, max-video-preview:-1\" \/>\n<link rel=\"canonical\" href=\"https:\/\/dev.antudigital.cl\/sites\/vc\/ciclo-de-conversatorios-espacios-para-el-nuevo-habitar\/\" \/>\n<meta property=\"og:locale\" content=\"es_ES\" \/>\n<meta property=\"og:type\" content=\"article\" \/>\n<meta property=\"og:title\" content=\"Ciclo de conversatorios: Espacios para el nuevo habitar - Valpara\u00ed\u00adso Creativo\" \/>\n<meta property=\"og:description\" content=\"Imagen de portada v\u00eda: Pexels La Universidad del Desarrollo a trav\u00e9s de su Escuela de Arquitectura se encuentra propiciando el ciclo\u00a0Espacios para el nuevo habitar_ CONSTRUIR UN VIVIR MEJOR. Comenzando la programaci\u00f3n es que el d\u00eda mi\u00e9rcoles 19 de agosto a las 18:00hrs. se encontrar\u00e1n v\u00eda Zoom y UDDTV con el arquitecto Gonzalo Mardones, quien [&hellip;]\" \/>\n<meta property=\"og:url\" content=\"https:\/\/dev.antudigital.cl\/sites\/vc\/ciclo-de-conversatorios-espacios-para-el-nuevo-habitar\/\" \/>\n<meta property=\"og:site_name\" content=\"Valpara\u00ed\u00adso Creativo\" \/>\n<meta property=\"article:published_time\" content=\"2020-08-14T15:05:26+00:00\" \/>\n<meta property=\"article:modified_time\" content=\"2021-12-25T19:52:48+00:00\" \/>\n<meta property=\"og:image\" content=\"https:\/\/dev.antudigital.cl\/sites\/vc\/wp-content\/uploads\/2020\/08\/pexels-snapwire-227675-scaled.jpg\" \/>\n\t<meta property=\"og:image:width\" content=\"2560\" \/>\n\t<meta property=\"og:image:height\" content=\"1709\" \/>\n\t<meta property=\"og:image:type\" content=\"image\/jpeg\" \/>\n<meta name=\"author\" content=\"Valparaiso Creativo\" \/>\n<meta name=\"twitter:card\" content=\"summary_large_image\" \/>\n<meta name=\"twitter:label1\" content=\"Escrito por\" \/>\n\t<meta name=\"twitter:data1\" content=\"Valparaiso Creativo\" \/>\n<script type=\"application\/ld+json\" class=\"yoast-schema-graph\">{\"@context\":\"https:\/\/schema.org\",\"@graph\":[{\"@type\":\"Article\",\"@id\":\"https:\/\/dev.antudigital.cl\/sites\/vc\/ciclo-de-conversatorios-espacios-para-el-nuevo-habitar\/#article\",\"isPartOf\":{\"@id\":\"https:\/\/dev.antudigital.cl\/sites\/vc\/ciclo-de-conversatorios-espacios-para-el-nuevo-habitar\/\"},\"author\":{\"name\":\"Valparaiso Creativo\",\"@id\":\"https:\/\/dev.antudigital.cl\/sites\/vc\/#\/schema\/person\/81d1dcd51abd542b5dfc00f5f951a0f1\"},\"headline\":\"Ciclo de conversatorios: Espacios para el nuevo habitar\",\"datePublished\":\"2020-08-14T15:05:26+00:00\",\"dateModified\":\"2021-12-25T19:52:48+00:00\",\"mainEntityOfPage\":{\"@id\":\"https:\/\/dev.antudigital.cl\/sites\/vc\/ciclo-de-conversatorios-espacios-para-el-nuevo-habitar\/\"},\"wordCount\":92,\"image\":{\"@id\":\"https:\/\/dev.antudigital.cl\/sites\/vc\/ciclo-de-conversatorios-espacios-para-el-nuevo-habitar\/#primaryimage\"},\"thumbnailUrl\":\"https:\/\/dev.antudigital.cl\/sites\/vc\/wp-content\/uploads\/2020\/08\/pexels-snapwire-227675-scaled.jpg\",\"articleSection\":[\"Noticia\"],\"inLanguage\":\"es\"},{\"@type\":\"WebPage\",\"@id\":\"https:\/\/dev.antudigital.cl\/sites\/vc\/ciclo-de-conversatorios-espacios-para-el-nuevo-habitar\/\",\"url\":\"https:\/\/dev.antudigital.cl\/sites\/vc\/ciclo-de-conversatorios-espacios-para-el-nuevo-habitar\/\",\"name\":\"Ciclo de conversatorios: Espacios para el nuevo habitar - Valpara\u00ed\u00adso Creativo\",\"isPartOf\":{\"@id\":\"https:\/\/dev.antudigital.cl\/sites\/vc\/#website\"},\"primaryImageOfPage\":{\"@id\":\"https:\/\/dev.antudigital.cl\/sites\/vc\/ciclo-de-conversatorios-espacios-para-el-nuevo-habitar\/#primaryimage\"},\"image\":{\"@id\":\"https:\/\/dev.antudigital.cl\/sites\/vc\/ciclo-de-conversatorios-espacios-para-el-nuevo-habitar\/#primaryimage\"},\"thumbnailUrl\":\"https:\/\/dev.antudigital.cl\/sites\/vc\/wp-content\/uploads\/2020\/08\/pexels-snapwire-227675-scaled.jpg\",\"datePublished\":\"2020-08-14T15:05:26+00:00\",\"dateModified\":\"2021-12-25T19:52:48+00:00\",\"author\":{\"@id\":\"https:\/\/dev.antudigital.cl\/sites\/vc\/#\/schema\/person\/81d1dcd51abd542b5dfc00f5f951a0f1\"},\"breadcrumb\":{\"@id\":\"https:\/\/dev.antudigital.cl\/sites\/vc\/ciclo-de-conversatorios-espacios-para-el-nuevo-habitar\/#breadcrumb\"},\"inLanguage\":\"es\",\"potentialAction\":[{\"@type\":\"ReadAction\",\"target\":[\"https:\/\/dev.antudigital.cl\/sites\/vc\/ciclo-de-conversatorios-espacios-para-el-nuevo-habitar\/\"]}]},{\"@type\":\"ImageObject\",\"inLanguage\":\"es\",\"@id\":\"https:\/\/dev.antudigital.cl\/sites\/vc\/ciclo-de-conversatorios-espacios-para-el-nuevo-habitar\/#primaryimage\",\"url\":\"https:\/\/dev.antudigital.cl\/sites\/vc\/wp-content\/uploads\/2020\/08\/pexels-snapwire-227675-scaled.jpg\",\"contentUrl\":\"https:\/\/dev.antudigital.cl\/sites\/vc\/wp-content\/uploads\/2020\/08\/pexels-snapwire-227675-scaled.jpg\",\"width\":2560,\"height\":1709},{\"@type\":\"BreadcrumbList\",\"@id\":\"https:\/\/dev.antudigital.cl\/sites\/vc\/ciclo-de-conversatorios-espacios-para-el-nuevo-habitar\/#breadcrumb\",\"itemListElement\":[{\"@type\":\"ListItem\",\"position\":1,\"name\":\"Home\",\"item\":\"https:\/\/dev.antudigital.cl\/sites\/vc\/\"},{\"@type\":\"ListItem\",\"position\":2,\"name\":\"Ciclo de conversatorios: Espacios para el nuevo habitar\"}]},{\"@type\":\"WebSite\",\"@id\":\"https:\/\/dev.antudigital.cl\/sites\/vc\/#website\",\"url\":\"https:\/\/dev.antudigital.cl\/sites\/vc\/\",\"name\":\"Valpara\u00ed\u00adso Creativo\",\"description\":\"\",\"potentialAction\":[{\"@type\":\"SearchAction\",\"target\":{\"@type\":\"EntryPoint\",\"urlTemplate\":\"https:\/\/dev.antudigital.cl\/sites\/vc\/?s={search_term_string}\"},\"query-input\":{\"@type\":\"PropertyValueSpecification\",\"valueRequired\":true,\"valueName\":\"search_term_string\"}}],\"inLanguage\":\"es\"},{\"@type\":\"Person\",\"@id\":\"https:\/\/dev.antudigital.cl\/sites\/vc\/#\/schema\/person\/81d1dcd51abd542b5dfc00f5f951a0f1\",\"name\":\"Valparaiso Creativo\",\"url\":\"https:\/\/dev.antudigital.cl\/sites\/vc\/author\/valparaiso-creativo\/\"}]}<\/script>\n<!-- \/ Yoast SEO plugin. -->","yoast_head_json":{"title":"Ciclo de conversatorios: Espacios para el nuevo habitar - Valpara\u00ed\u00adso Creativo","robots":{"index":"index","follow":"follow","max-snippet":"max-snippet:-1","max-image-preview":"max-image-preview:large","max-video-preview":"max-video-preview:-1"},"canonical":"https:\/\/dev.antudigital.cl\/sites\/vc\/ciclo-de-conversatorios-espacios-para-el-nuevo-habitar\/","og_locale":"es_ES","og_type":"article","og_title":"Ciclo de conversatorios: Espacios para el nuevo habitar - Valpara\u00ed\u00adso Creativo","og_description":"Imagen de portada v\u00eda: Pexels La Universidad del Desarrollo a trav\u00e9s de su Escuela de Arquitectura se encuentra propiciando el ciclo\u00a0Espacios para el nuevo habitar_ CONSTRUIR UN VIVIR MEJOR. Comenzando la programaci\u00f3n es que el d\u00eda mi\u00e9rcoles 19 de agosto a las 18:00hrs. se encontrar\u00e1n v\u00eda Zoom y UDDTV con el arquitecto Gonzalo Mardones, quien [&hellip;]","og_url":"https:\/\/dev.antudigital.cl\/sites\/vc\/ciclo-de-conversatorios-espacios-para-el-nuevo-habitar\/","og_site_name":"Valpara\u00ed\u00adso Creativo","article_published_time":"2020-08-14T15:05:26+00:00","article_modified_time":"2021-12-25T19:52:48+00:00","og_image":[{"width":2560,"height":1709,"url":"https:\/\/dev.antudigital.cl\/sites\/vc\/wp-content\/uploads\/2020\/08\/pexels-snapwire-227675-scaled.jpg","type":"image\/jpeg"}],"author":"Valparaiso Creativo","twitter_card":"summary_large_image","twitter_misc":{"Escrito por":"Valparaiso Creativo"},"schema":{"@context":"https:\/\/schema.org","@graph":[{"@type":"Article","@id":"https:\/\/dev.antudigital.cl\/sites\/vc\/ciclo-de-conversatorios-espacios-para-el-nuevo-habitar\/#article","isPartOf":{"@id":"https:\/\/dev.antudigital.cl\/sites\/vc\/ciclo-de-conversatorios-espacios-para-el-nuevo-habitar\/"},"author":{"name":"Valparaiso Creativo","@id":"https:\/\/dev.antudigital.cl\/sites\/vc\/#\/schema\/person\/81d1dcd51abd542b5dfc00f5f951a0f1"},"headline":"Ciclo de conversatorios: Espacios para el nuevo habitar","datePublished":"2020-08-14T15:05:26+00:00","dateModified":"2021-12-25T19:52:48+00:00","mainEntityOfPage":{"@id":"https:\/\/dev.antudigital.cl\/sites\/vc\/ciclo-de-conversatorios-espacios-para-el-nuevo-habitar\/"},"wordCount":92,"image":{"@id":"https:\/\/dev.antudigital.cl\/sites\/vc\/ciclo-de-conversatorios-espacios-para-el-nuevo-habitar\/#primaryimage"},"thumbnailUrl":"https:\/\/dev.antudigital.cl\/sites\/vc\/wp-content\/uploads\/2020\/08\/pexels-snapwire-227675-scaled.jpg","articleSection":["Noticia"],"inLanguage":"es"},{"@type":"WebPage","@id":"https:\/\/dev.antudigital.cl\/sites\/vc\/ciclo-de-conversatorios-espacios-para-el-nuevo-habitar\/","url":"https:\/\/dev.antudigital.cl\/sites\/vc\/ciclo-de-conversatorios-espacios-para-el-nuevo-habitar\/","name":"Ciclo de conversatorios: Espacios para el nuevo habitar - Valpara\u00ed\u00adso Creativo","isPartOf":{"@id":"https:\/\/dev.antudigital.cl\/sites\/vc\/#website"},"primaryImageOfPage":{"@id":"https:\/\/dev.antudigital.cl\/sites\/vc\/ciclo-de-conversatorios-espacios-para-el-nuevo-habitar\/#primaryimage"},"image":{"@id":"https:\/\/dev.antudigital.cl\/sites\/vc\/ciclo-de-conversatorios-espacios-para-el-nuevo-habitar\/#primaryimage"},"thumbnailUrl":"https:\/\/dev.antudigital.cl\/sites\/vc\/wp-content\/uploads\/2020\/08\/pexels-snapwire-227675-scaled.jpg","datePublished":"2020-08-14T15:05:26+00:00","dateModified":"2021-12-25T19:52:48+00:00","author":{"@id":"https:\/\/dev.antudigital.cl\/sites\/vc\/#\/schema\/person\/81d1dcd51abd542b5dfc00f5f951a0f1"},"breadcrumb":{"@id":"https:\/\/dev.antudigital.cl\/sites\/vc\/ciclo-de-conversatorios-espacios-para-el-nuevo-habitar\/#breadcrumb"},"inLanguage":"es","potentialAction":[{"@type":"ReadAction","target":["https:\/\/dev.antudigital.cl\/sites\/vc\/ciclo-de-conversatorios-espacios-para-el-nuevo-habitar\/"]}]},{"@type":"ImageObject","inLanguage":"es","@id":"https:\/\/dev.antudigital.cl\/sites\/vc\/ciclo-de-conversatorios-espacios-para-el-nuevo-habitar\/#primaryimage","url":"https:\/\/dev.antudigital.cl\/sites\/vc\/wp-content\/uploads\/2020\/08\/pexels-snapwire-227675-scaled.jpg","contentUrl":"https:\/\/dev.antudigital.cl\/sites\/vc\/wp-content\/uploads\/2020\/08\/pexels-snapwire-227675-scaled.jpg","width":2560,"height":1709},{"@type":"BreadcrumbList","@id":"https:\/\/dev.antudigital.cl\/sites\/vc\/ciclo-de-conversatorios-espacios-para-el-nuevo-habitar\/#breadcrumb","itemListElement":[{"@type":"ListItem","position":1,"name":"Home","item":"https:\/\/dev.antudigital.cl\/sites\/vc\/"},{"@type":"ListItem","position":2,"name":"Ciclo de conversatorios: Espacios para el nuevo habitar"}]},{"@type":"WebSite","@id":"https:\/\/dev.antudigital.cl\/sites\/vc\/#website","url":"https:\/\/dev.antudigital.cl\/sites\/vc\/","name":"Valpara\u00ed\u00adso Creativo","description":"","potentialAction":[{"@type":"SearchAction","target":{"@type":"EntryPoint","urlTemplate":"https:\/\/dev.antudigital.cl\/sites\/vc\/?s={search_term_string}"},"query-input":{"@type":"PropertyValueSpecification","valueRequired":true,"valueName":"search_term_string"}}],"inLanguage":"es"},{"@type":"Person","@id":"https:\/\/dev.antudigital.cl\/sites\/vc\/#\/schema\/person\/81d1dcd51abd542b5dfc00f5f951a0f1","name":"Valparaiso Creativo","url":"https:\/\/dev.antudigital.cl\/sites\/vc\/author\/valparaiso-creativo\/"}]}},"_links":{"self":[{"href":"https:\/\/dev.antudigital.cl\/sites\/vc\/wp-json\/wp\/v2\/posts\/8805","targetHints":{"allow":["GET"]}}],"collection":[{"href":"https:\/\/dev.antudigital.cl\/sites\/vc\/wp-json\/wp\/v2\/posts"}],"about":[{"href":"https:\/\/dev.antudigital.cl\/sites\/vc\/wp-json\/wp\/v2\/types\/post"}],"author":[{"embeddable":true,"href":"https:\/\/dev.antudigital.cl\/sites\/vc\/wp-json\/wp\/v2\/users\/3"}],"replies":[{"embeddable":true,"href":"https:\/\/dev.antudigital.cl\/sites\/vc\/wp-json\/wp\/v2\/comments?post=8805"}],"version-history":[{"count":1,"href":"https:\/\/dev.antudigital.cl\/sites\/vc\/wp-json\/wp\/v2\/posts\/8805\/revisions"}],"predecessor-version":[{"id":8809,"href":"https:\/\/dev.antudigital.cl\/sites\/vc\/wp-json\/wp\/v2\/posts\/8805\/revisions\/8809"}],"wp:featuredmedia":[{"embeddable":true,"href":"https:\/\/dev.antudigital.cl\/sites\/vc\/wp-json\/wp\/v2\/media\/8808"}],"wp:attachment":[{"href":"https:\/\/dev.antudigital.cl\/sites\/vc\/wp-json\/wp\/v2\/media?parent=8805"}],"wp:term":[{"taxonomy":"category","embeddable":true,"href":"https:\/\/dev.antudigital.cl\/sites\/vc\/wp-json\/wp\/v2\/categories?post=8805"},{"taxonomy":"post_tag","embeddable":true,"href":"https:\/\/dev.antudigital.cl\/sites\/vc\/wp-json\/wp\/v2\/tags?post=8805"}],"curies":[{"name":"wp","href":"https:\/\/api.w.org\/{rel}","templated":true}]}}