{"id":8855,"date":"2020-07-31T19:19:53","date_gmt":"2020-07-31T19:19:53","guid":{"rendered":"https:\/\/www.valparaisocreativo.cl\/?p=4831"},"modified":"2020-07-31T19:19:53","modified_gmt":"2020-07-31T19:19:53","slug":"no-te-pierdas-proyecta-2020-cursos-en-linea-de-diseno-y-elaboracion-de-proyectos-culturales","status":"publish","type":"post","link":"https:\/\/dev.antudigital.cl\/sites\/vc\/no-te-pierdas-proyecta-2020-cursos-en-linea-de-diseno-y-elaboracion-de-proyectos-culturales\/","title":{"rendered":"No te pierdas \u00abProyecta 2020\u00bb: cursos en l\u00ednea de dise\u00f1o y elaboraci\u00f3n de proyectos culturales"},"content":{"rendered":"<p><strong>Proyecta 2020\u00a0<\/strong>es una nueva iniciativa de <strong>Balmaceda Arte Joven Valpara\u00edso, <\/strong>en alianza con Agencia Porvenir. Se trata de un curso en l\u00ednea en torno al dise\u00f1o y gesti\u00f3n, que busca potenciar las habilidades de gesti\u00f3n cultural de j\u00f3venes de la regi\u00f3n. \u00bfTienes una idea, quisieras desarrollar un proyecto cultural? Si hay algo que no deja de rondar en tu cabeza, esta oportunidad permite obtener herramientas que podr\u00e1s aplicar.<\/p>\n<p>Quienes quieran participar deben postular a una\u00a0<a href=\"https:\/\/docs.google.com\/forms\/d\/e\/1FAIpQLSdUyLVJJbcy_zD-8Y0BSJK7wUQpX_Uk6bJC0fRAv5nEvalctw\/viewform\"><strong>convocatoria abierta\u00a0<\/strong>que est\u00e1 en l\u00ednea<\/a> hasta el 5 de agosto.<\/p>\n<p>La instancia es una mezcla de m\u00f3dulos te\u00f3rico\/pr\u00e1cticos que ahondar\u00e1n en las etapas que requieren la elaboraci\u00f3n de un proyecto, revisar los p\u00fablicos, el objetivo, fuentes de financiamiento y m\u00e1s puntos que se har\u00e1n con la gu\u00eda de <strong>Cristian Venegas Barrientos\u00a0<\/strong>(Agencia Porvenir).<\/p>\n<p><strong>\u00bfQu\u00e9 necesita para participar?<\/strong><\/p>\n<p>Debes tener entre 18 y 29 a\u00f1os, residir en la regi\u00f3n de Valpara\u00edso, y no tener conocimientos de dise\u00f1o y elaboraci\u00f3n de proyectos. Adem\u00e1s es esencial que tengas <strong>una idea creativa con potencial de transformarse en un proyecto<\/strong>. Ingresa tus datos en el <a href=\"https:\/\/forms.gle\/RMch1ycqN6q2MEQP8\"><strong>FORMULARIO ONLINE.<\/strong><\/a><\/p>\n<p>Puedes revisar todas las bases en el <strong><a href=\"https:\/\/www.balmacedartejoven.cl\/sitio\/wp-content\/uploads\/2020\/07\/BASES-PROYECTA-2020.pdf\">siguiente link.<\/a><\/strong><\/p>\n<p>https:\/\/www.instagram.com\/p\/CDCr8WEJ9OZ<\/p>\n","protected":false},"excerpt":{"rendered":"<p>Proyecta 2020\u00a0es una nueva iniciativa de Balmaceda Arte Joven Valpara\u00edso, en alianza con Agencia Porvenir. Se trata de un curso en l\u00ednea en torno al dise\u00f1o y gesti\u00f3n, que busca potenciar las habilidades de gesti\u00f3n cultural de j\u00f3venes de la regi\u00f3n. \u00bfTienes una idea, quisieras desarrollar un proyecto cultural? Si hay algo que no deja [&hellip;]<\/p>\n","protected":false},"author":3,"featured_media":8856,"comment_status":"closed","ping_status":"closed","sticky":false,"template":"","format":"standard","meta":{"_acf_changed":false,"footnotes":""},"categories":[8],"tags":[108,109,96],"class_list":["post-8855","post","type-post","status-publish","format-standard","has-post-thumbnail","hentry","category-noticia","tag-agencia-porvenir","tag-balmaceda-arte-joven","tag-curso"],"acf":[],"yoast_head":"<!-- This site is optimized with the Yoast SEO plugin v27.1.1 - https:\/\/yoast.com\/product\/yoast-seo-wordpress\/ -->\n<title>No te pierdas &quot;Proyecta 2020&quot;: cursos en l\u00ednea de dise\u00f1o y elaboraci\u00f3n de proyectos culturales - Valpara\u00ed\u00adso Creativo<\/title>\n<meta name=\"robots\" content=\"index, follow, max-snippet:-1, max-image-preview:large, max-video-preview:-1\" \/>\n<link rel=\"canonical\" href=\"https:\/\/dev.antudigital.cl\/sites\/vc\/no-te-pierdas-proyecta-2020-cursos-en-linea-de-diseno-y-elaboracion-de-proyectos-culturales\/\" \/>\n<meta property=\"og:locale\" content=\"es_ES\" \/>\n<meta property=\"og:type\" content=\"article\" \/>\n<meta property=\"og:title\" content=\"No te pierdas &quot;Proyecta 2020&quot;: cursos en l\u00ednea de dise\u00f1o y elaboraci\u00f3n de proyectos culturales - Valpara\u00ed\u00adso Creativo\" \/>\n<meta property=\"og:description\" content=\"Proyecta 2020\u00a0es una nueva iniciativa de Balmaceda Arte Joven Valpara\u00edso, en alianza con Agencia Porvenir. Se trata de un curso en l\u00ednea en torno al dise\u00f1o y gesti\u00f3n, que busca potenciar las habilidades de gesti\u00f3n cultural de j\u00f3venes de la regi\u00f3n. \u00bfTienes una idea, quisieras desarrollar un proyecto cultural? Si hay algo que no deja [&hellip;]\" \/>\n<meta property=\"og:url\" content=\"https:\/\/dev.antudigital.cl\/sites\/vc\/no-te-pierdas-proyecta-2020-cursos-en-linea-de-diseno-y-elaboracion-de-proyectos-culturales\/\" \/>\n<meta property=\"og:site_name\" content=\"Valpara\u00ed\u00adso Creativo\" \/>\n<meta property=\"article:published_time\" content=\"2020-07-31T19:19:53+00:00\" \/>\n<meta property=\"og:image\" content=\"https:\/\/dev.antudigital.cl\/sites\/vc\/wp-content\/uploads\/2020\/07\/PROYECTA-FACEBOOK-1.png\" \/>\n\t<meta property=\"og:image:width\" content=\"1200\" \/>\n\t<meta property=\"og:image:height\" content=\"630\" \/>\n\t<meta property=\"og:image:type\" content=\"image\/png\" \/>\n<meta name=\"author\" content=\"Valparaiso Creativo\" \/>\n<meta name=\"twitter:card\" content=\"summary_large_image\" \/>\n<meta name=\"twitter:label1\" content=\"Escrito por\" \/>\n\t<meta name=\"twitter:data1\" content=\"Valparaiso Creativo\" \/>\n\t<meta name=\"twitter:label2\" content=\"Tiempo de lectura\" \/>\n\t<meta name=\"twitter:data2\" content=\"1 minuto\" \/>\n<script type=\"application\/ld+json\" class=\"yoast-schema-graph\">{\"@context\":\"https:\/\/schema.org\",\"@graph\":[{\"@type\":\"Article\",\"@id\":\"https:\/\/dev.antudigital.cl\/sites\/vc\/no-te-pierdas-proyecta-2020-cursos-en-linea-de-diseno-y-elaboracion-de-proyectos-culturales\/#article\",\"isPartOf\":{\"@id\":\"https:\/\/dev.antudigital.cl\/sites\/vc\/no-te-pierdas-proyecta-2020-cursos-en-linea-de-diseno-y-elaboracion-de-proyectos-culturales\/\"},\"author\":{\"name\":\"Valparaiso Creativo\",\"@id\":\"https:\/\/dev.antudigital.cl\/sites\/vc\/#\/schema\/person\/81d1dcd51abd542b5dfc00f5f951a0f1\"},\"headline\":\"No te pierdas \u00abProyecta 2020\u00bb: cursos en l\u00ednea de dise\u00f1o y elaboraci\u00f3n de proyectos culturales\",\"datePublished\":\"2020-07-31T19:19:53+00:00\",\"mainEntityOfPage\":{\"@id\":\"https:\/\/dev.antudigital.cl\/sites\/vc\/no-te-pierdas-proyecta-2020-cursos-en-linea-de-diseno-y-elaboracion-de-proyectos-culturales\/\"},\"wordCount\":234,\"image\":{\"@id\":\"https:\/\/dev.antudigital.cl\/sites\/vc\/no-te-pierdas-proyecta-2020-cursos-en-linea-de-diseno-y-elaboracion-de-proyectos-culturales\/#primaryimage\"},\"thumbnailUrl\":\"https:\/\/dev.antudigital.cl\/sites\/vc\/wp-content\/uploads\/2020\/07\/PROYECTA-FACEBOOK-1.png\",\"keywords\":[\"Agencia Porvenir\",\"Balmaceda Arte Joven\",\"Curso\"],\"articleSection\":[\"Noticia\"],\"inLanguage\":\"es\"},{\"@type\":\"WebPage\",\"@id\":\"https:\/\/dev.antudigital.cl\/sites\/vc\/no-te-pierdas-proyecta-2020-cursos-en-linea-de-diseno-y-elaboracion-de-proyectos-culturales\/\",\"url\":\"https:\/\/dev.antudigital.cl\/sites\/vc\/no-te-pierdas-proyecta-2020-cursos-en-linea-de-diseno-y-elaboracion-de-proyectos-culturales\/\",\"name\":\"No te pierdas \\\"Proyecta 2020\\\": cursos en l\u00ednea de dise\u00f1o y elaboraci\u00f3n de proyectos culturales - Valpara\u00ed\u00adso Creativo\",\"isPartOf\":{\"@id\":\"https:\/\/dev.antudigital.cl\/sites\/vc\/#website\"},\"primaryImageOfPage\":{\"@id\":\"https:\/\/dev.antudigital.cl\/sites\/vc\/no-te-pierdas-proyecta-2020-cursos-en-linea-de-diseno-y-elaboracion-de-proyectos-culturales\/#primaryimage\"},\"image\":{\"@id\":\"https:\/\/dev.antudigital.cl\/sites\/vc\/no-te-pierdas-proyecta-2020-cursos-en-linea-de-diseno-y-elaboracion-de-proyectos-culturales\/#primaryimage\"},\"thumbnailUrl\":\"https:\/\/dev.antudigital.cl\/sites\/vc\/wp-content\/uploads\/2020\/07\/PROYECTA-FACEBOOK-1.png\",\"datePublished\":\"2020-07-31T19:19:53+00:00\",\"author\":{\"@id\":\"https:\/\/dev.antudigital.cl\/sites\/vc\/#\/schema\/person\/81d1dcd51abd542b5dfc00f5f951a0f1\"},\"breadcrumb\":{\"@id\":\"https:\/\/dev.antudigital.cl\/sites\/vc\/no-te-pierdas-proyecta-2020-cursos-en-linea-de-diseno-y-elaboracion-de-proyectos-culturales\/#breadcrumb\"},\"inLanguage\":\"es\",\"potentialAction\":[{\"@type\":\"ReadAction\",\"target\":[\"https:\/\/dev.antudigital.cl\/sites\/vc\/no-te-pierdas-proyecta-2020-cursos-en-linea-de-diseno-y-elaboracion-de-proyectos-culturales\/\"]}]},{\"@type\":\"ImageObject\",\"inLanguage\":\"es\",\"@id\":\"https:\/\/dev.antudigital.cl\/sites\/vc\/no-te-pierdas-proyecta-2020-cursos-en-linea-de-diseno-y-elaboracion-de-proyectos-culturales\/#primaryimage\",\"url\":\"https:\/\/dev.antudigital.cl\/sites\/vc\/wp-content\/uploads\/2020\/07\/PROYECTA-FACEBOOK-1.png\",\"contentUrl\":\"https:\/\/dev.antudigital.cl\/sites\/vc\/wp-content\/uploads\/2020\/07\/PROYECTA-FACEBOOK-1.png\",\"width\":1200,\"height\":630},{\"@type\":\"BreadcrumbList\",\"@id\":\"https:\/\/dev.antudigital.cl\/sites\/vc\/no-te-pierdas-proyecta-2020-cursos-en-linea-de-diseno-y-elaboracion-de-proyectos-culturales\/#breadcrumb\",\"itemListElement\":[{\"@type\":\"ListItem\",\"position\":1,\"name\":\"Home\",\"item\":\"https:\/\/dev.antudigital.cl\/sites\/vc\/\"},{\"@type\":\"ListItem\",\"position\":2,\"name\":\"No te pierdas \u00abProyecta 2020\u00bb: cursos en l\u00ednea de dise\u00f1o y elaboraci\u00f3n de proyectos culturales\"}]},{\"@type\":\"WebSite\",\"@id\":\"https:\/\/dev.antudigital.cl\/sites\/vc\/#website\",\"url\":\"https:\/\/dev.antudigital.cl\/sites\/vc\/\",\"name\":\"Valpara\u00ed\u00adso Creativo\",\"description\":\"\",\"potentialAction\":[{\"@type\":\"SearchAction\",\"target\":{\"@type\":\"EntryPoint\",\"urlTemplate\":\"https:\/\/dev.antudigital.cl\/sites\/vc\/?s={search_term_string}\"},\"query-input\":{\"@type\":\"PropertyValueSpecification\",\"valueRequired\":true,\"valueName\":\"search_term_string\"}}],\"inLanguage\":\"es\"},{\"@type\":\"Person\",\"@id\":\"https:\/\/dev.antudigital.cl\/sites\/vc\/#\/schema\/person\/81d1dcd51abd542b5dfc00f5f951a0f1\",\"name\":\"Valparaiso Creativo\",\"url\":\"https:\/\/dev.antudigital.cl\/sites\/vc\/author\/valparaiso-creativo\/\"}]}<\/script>\n<!-- \/ Yoast SEO plugin. -->","yoast_head_json":{"title":"No te pierdas \"Proyecta 2020\": cursos en l\u00ednea de dise\u00f1o y elaboraci\u00f3n de proyectos culturales - Valpara\u00ed\u00adso Creativo","robots":{"index":"index","follow":"follow","max-snippet":"max-snippet:-1","max-image-preview":"max-image-preview:large","max-video-preview":"max-video-preview:-1"},"canonical":"https:\/\/dev.antudigital.cl\/sites\/vc\/no-te-pierdas-proyecta-2020-cursos-en-linea-de-diseno-y-elaboracion-de-proyectos-culturales\/","og_locale":"es_ES","og_type":"article","og_title":"No te pierdas \"Proyecta 2020\": cursos en l\u00ednea de dise\u00f1o y elaboraci\u00f3n de proyectos culturales - Valpara\u00ed\u00adso Creativo","og_description":"Proyecta 2020\u00a0es una nueva iniciativa de Balmaceda Arte Joven Valpara\u00edso, en alianza con Agencia Porvenir. Se trata de un curso en l\u00ednea en torno al dise\u00f1o y gesti\u00f3n, que busca potenciar las habilidades de gesti\u00f3n cultural de j\u00f3venes de la regi\u00f3n. \u00bfTienes una idea, quisieras desarrollar un proyecto cultural? Si hay algo que no deja [&hellip;]","og_url":"https:\/\/dev.antudigital.cl\/sites\/vc\/no-te-pierdas-proyecta-2020-cursos-en-linea-de-diseno-y-elaboracion-de-proyectos-culturales\/","og_site_name":"Valpara\u00ed\u00adso Creativo","article_published_time":"2020-07-31T19:19:53+00:00","og_image":[{"width":1200,"height":630,"url":"https:\/\/dev.antudigital.cl\/sites\/vc\/wp-content\/uploads\/2020\/07\/PROYECTA-FACEBOOK-1.png","type":"image\/png"}],"author":"Valparaiso Creativo","twitter_card":"summary_large_image","twitter_misc":{"Escrito por":"Valparaiso Creativo","Tiempo de lectura":"1 minuto"},"schema":{"@context":"https:\/\/schema.org","@graph":[{"@type":"Article","@id":"https:\/\/dev.antudigital.cl\/sites\/vc\/no-te-pierdas-proyecta-2020-cursos-en-linea-de-diseno-y-elaboracion-de-proyectos-culturales\/#article","isPartOf":{"@id":"https:\/\/dev.antudigital.cl\/sites\/vc\/no-te-pierdas-proyecta-2020-cursos-en-linea-de-diseno-y-elaboracion-de-proyectos-culturales\/"},"author":{"name":"Valparaiso Creativo","@id":"https:\/\/dev.antudigital.cl\/sites\/vc\/#\/schema\/person\/81d1dcd51abd542b5dfc00f5f951a0f1"},"headline":"No te pierdas \u00abProyecta 2020\u00bb: cursos en l\u00ednea de dise\u00f1o y elaboraci\u00f3n de proyectos culturales","datePublished":"2020-07-31T19:19:53+00:00","mainEntityOfPage":{"@id":"https:\/\/dev.antudigital.cl\/sites\/vc\/no-te-pierdas-proyecta-2020-cursos-en-linea-de-diseno-y-elaboracion-de-proyectos-culturales\/"},"wordCount":234,"image":{"@id":"https:\/\/dev.antudigital.cl\/sites\/vc\/no-te-pierdas-proyecta-2020-cursos-en-linea-de-diseno-y-elaboracion-de-proyectos-culturales\/#primaryimage"},"thumbnailUrl":"https:\/\/dev.antudigital.cl\/sites\/vc\/wp-content\/uploads\/2020\/07\/PROYECTA-FACEBOOK-1.png","keywords":["Agencia Porvenir","Balmaceda Arte Joven","Curso"],"articleSection":["Noticia"],"inLanguage":"es"},{"@type":"WebPage","@id":"https:\/\/dev.antudigital.cl\/sites\/vc\/no-te-pierdas-proyecta-2020-cursos-en-linea-de-diseno-y-elaboracion-de-proyectos-culturales\/","url":"https:\/\/dev.antudigital.cl\/sites\/vc\/no-te-pierdas-proyecta-2020-cursos-en-linea-de-diseno-y-elaboracion-de-proyectos-culturales\/","name":"No te pierdas \"Proyecta 2020\": cursos en l\u00ednea de dise\u00f1o y elaboraci\u00f3n de proyectos culturales - Valpara\u00ed\u00adso Creativo","isPartOf":{"@id":"https:\/\/dev.antudigital.cl\/sites\/vc\/#website"},"primaryImageOfPage":{"@id":"https:\/\/dev.antudigital.cl\/sites\/vc\/no-te-pierdas-proyecta-2020-cursos-en-linea-de-diseno-y-elaboracion-de-proyectos-culturales\/#primaryimage"},"image":{"@id":"https:\/\/dev.antudigital.cl\/sites\/vc\/no-te-pierdas-proyecta-2020-cursos-en-linea-de-diseno-y-elaboracion-de-proyectos-culturales\/#primaryimage"},"thumbnailUrl":"https:\/\/dev.antudigital.cl\/sites\/vc\/wp-content\/uploads\/2020\/07\/PROYECTA-FACEBOOK-1.png","datePublished":"2020-07-31T19:19:53+00:00","author":{"@id":"https:\/\/dev.antudigital.cl\/sites\/vc\/#\/schema\/person\/81d1dcd51abd542b5dfc00f5f951a0f1"},"breadcrumb":{"@id":"https:\/\/dev.antudigital.cl\/sites\/vc\/no-te-pierdas-proyecta-2020-cursos-en-linea-de-diseno-y-elaboracion-de-proyectos-culturales\/#breadcrumb"},"inLanguage":"es","potentialAction":[{"@type":"ReadAction","target":["https:\/\/dev.antudigital.cl\/sites\/vc\/no-te-pierdas-proyecta-2020-cursos-en-linea-de-diseno-y-elaboracion-de-proyectos-culturales\/"]}]},{"@type":"ImageObject","inLanguage":"es","@id":"https:\/\/dev.antudigital.cl\/sites\/vc\/no-te-pierdas-proyecta-2020-cursos-en-linea-de-diseno-y-elaboracion-de-proyectos-culturales\/#primaryimage","url":"https:\/\/dev.antudigital.cl\/sites\/vc\/wp-content\/uploads\/2020\/07\/PROYECTA-FACEBOOK-1.png","contentUrl":"https:\/\/dev.antudigital.cl\/sites\/vc\/wp-content\/uploads\/2020\/07\/PROYECTA-FACEBOOK-1.png","width":1200,"height":630},{"@type":"BreadcrumbList","@id":"https:\/\/dev.antudigital.cl\/sites\/vc\/no-te-pierdas-proyecta-2020-cursos-en-linea-de-diseno-y-elaboracion-de-proyectos-culturales\/#breadcrumb","itemListElement":[{"@type":"ListItem","position":1,"name":"Home","item":"https:\/\/dev.antudigital.cl\/sites\/vc\/"},{"@type":"ListItem","position":2,"name":"No te pierdas \u00abProyecta 2020\u00bb: cursos en l\u00ednea de dise\u00f1o y elaboraci\u00f3n de proyectos culturales"}]},{"@type":"WebSite","@id":"https:\/\/dev.antudigital.cl\/sites\/vc\/#website","url":"https:\/\/dev.antudigital.cl\/sites\/vc\/","name":"Valpara\u00ed\u00adso Creativo","description":"","potentialAction":[{"@type":"SearchAction","target":{"@type":"EntryPoint","urlTemplate":"https:\/\/dev.antudigital.cl\/sites\/vc\/?s={search_term_string}"},"query-input":{"@type":"PropertyValueSpecification","valueRequired":true,"valueName":"search_term_string"}}],"inLanguage":"es"},{"@type":"Person","@id":"https:\/\/dev.antudigital.cl\/sites\/vc\/#\/schema\/person\/81d1dcd51abd542b5dfc00f5f951a0f1","name":"Valparaiso Creativo","url":"https:\/\/dev.antudigital.cl\/sites\/vc\/author\/valparaiso-creativo\/"}]}},"_links":{"self":[{"href":"https:\/\/dev.antudigital.cl\/sites\/vc\/wp-json\/wp\/v2\/posts\/8855","targetHints":{"allow":["GET"]}}],"collection":[{"href":"https:\/\/dev.antudigital.cl\/sites\/vc\/wp-json\/wp\/v2\/posts"}],"about":[{"href":"https:\/\/dev.antudigital.cl\/sites\/vc\/wp-json\/wp\/v2\/types\/post"}],"author":[{"embeddable":true,"href":"https:\/\/dev.antudigital.cl\/sites\/vc\/wp-json\/wp\/v2\/users\/3"}],"replies":[{"embeddable":true,"href":"https:\/\/dev.antudigital.cl\/sites\/vc\/wp-json\/wp\/v2\/comments?post=8855"}],"version-history":[{"count":0,"href":"https:\/\/dev.antudigital.cl\/sites\/vc\/wp-json\/wp\/v2\/posts\/8855\/revisions"}],"wp:featuredmedia":[{"embeddable":true,"href":"https:\/\/dev.antudigital.cl\/sites\/vc\/wp-json\/wp\/v2\/media\/8856"}],"wp:attachment":[{"href":"https:\/\/dev.antudigital.cl\/sites\/vc\/wp-json\/wp\/v2\/media?parent=8855"}],"wp:term":[{"taxonomy":"category","embeddable":true,"href":"https:\/\/dev.antudigital.cl\/sites\/vc\/wp-json\/wp\/v2\/categories?post=8855"},{"taxonomy":"post_tag","embeddable":true,"href":"https:\/\/dev.antudigital.cl\/sites\/vc\/wp-json\/wp\/v2\/tags?post=8855"}],"curies":[{"name":"wp","href":"https:\/\/api.w.org\/{rel}","templated":true}]}}