{"id":8878,"date":"2020-07-27T19:55:34","date_gmt":"2020-07-27T19:55:34","guid":{"rendered":"https:\/\/www.valparaisocreativo.cl\/?p=4793"},"modified":"2020-07-27T19:55:34","modified_gmt":"2020-07-27T19:55:34","slug":"valparaiso-despues-de-la-tormenta-abrimos-convocatoria-para-personas-e-industrias-creativas","status":"publish","type":"post","link":"https:\/\/dev.antudigital.cl\/sites\/vc\/valparaiso-despues-de-la-tormenta-abrimos-convocatoria-para-personas-e-industrias-creativas\/","title":{"rendered":"\u00abValpara\u00edso despu\u00e9s de la tormenta\u00bb: abrimos convocatoria para Personas e Industrias Creativas"},"content":{"rendered":"<div class=\"gmail_default\">Este viernes 31 se lanzar\u00e1 la convocatoria <strong>Personas e Industrias Creativas<\/strong>, iniciativa del Programa Estrat\u00e9gico\u00a0Regional de la Corfo, Valpara\u00edso Creativo con el fin de generar una mayor visualizaci\u00f3n de las industrias creativas de la regi\u00f3n.<\/div>\n<div class=\"gmail_default\"><\/div>\n<div class=\"gmail_default\">Desde hoy podr\u00e1s conocer la plataforma <strong>Valerte<\/strong> que es por donde se genera la convocatoria y donde se ir\u00e1n subiendo los mejores proyectos seleccionados. Es un llamado a artistas, creativos, agentes culturales e instituciones y p\u00fablicos, para poder abrir nuevas oportunidades en el sector art\u00edstico y redes de fortalecimiento a las mismas.<\/div>\n<div class=\"gmail_default\"><\/div>\n<div class=\"gmail_default\">\u00a1Atentos y atentas a nuevas noticias! Mientras m\u00e1s seamos, podemos aportar a la visibilizaci\u00f3n de talleres, encuentros o actividades que surjan desde la Regi\u00f3n de Valpara\u00edso y potenciarnos en comunidad.<\/div>\n<h3 class=\"gmail_default\">Desde ya te invitamos a que generes tu perfil en la plataforma: <a href=\"https:\/\/valerte.com\/site\/home\"><strong>Valerte<\/strong><\/a>.<\/h3>\n<p><img fetchpriority=\"high\" decoding=\"async\" class=\"alignleft wp-image-4799 size-large\" src=\"https:\/\/www.valparaisocreativo.cl\/wp-content\/uploads\/2020\/07\/Afiche-pdf_page-0001-1-709x1024.jpg\" alt=\"\" width=\"709\" height=\"1024\" \/><\/p>\n","protected":false},"excerpt":{"rendered":"<p>Este viernes 31 se lanzar\u00e1 la convocatoria Personas e Industrias Creativas, iniciativa del Programa Estrat\u00e9gico\u00a0Regional de la Corfo, Valpara\u00edso Creativo con el fin de generar una mayor visualizaci\u00f3n de las industrias creativas de la regi\u00f3n. Desde hoy podr\u00e1s conocer la plataforma Valerte que es por donde se genera la convocatoria y donde se ir\u00e1n subiendo [&hellip;]<\/p>\n","protected":false},"author":3,"featured_media":8882,"comment_status":"closed","ping_status":"closed","sticky":false,"template":"","format":"standard","meta":{"_acf_changed":false,"footnotes":""},"categories":[8],"tags":[78,52,85,94,10],"class_list":["post-8878","post","type-post","status-publish","format-standard","has-post-thumbnail","hentry","category-noticia","tag-chile","tag-corfo","tag-industrias-creativas","tag-llamado","tag-valparaiso"],"acf":[],"yoast_head":"<!-- This site is optimized with the Yoast SEO plugin v27.1.1 - https:\/\/yoast.com\/product\/yoast-seo-wordpress\/ -->\n<title>&quot;Valpara\u00edso despu\u00e9s de la tormenta&quot;: abrimos convocatoria para Personas e Industrias Creativas - Valpara\u00ed\u00adso Creativo<\/title>\n<meta name=\"robots\" content=\"index, follow, max-snippet:-1, max-image-preview:large, max-video-preview:-1\" \/>\n<link rel=\"canonical\" href=\"https:\/\/dev.antudigital.cl\/sites\/vc\/valparaiso-despues-de-la-tormenta-abrimos-convocatoria-para-personas-e-industrias-creativas\/\" \/>\n<meta property=\"og:locale\" content=\"es_ES\" \/>\n<meta property=\"og:type\" content=\"article\" \/>\n<meta property=\"og:title\" content=\"&quot;Valpara\u00edso despu\u00e9s de la tormenta&quot;: abrimos convocatoria para Personas e Industrias Creativas - Valpara\u00ed\u00adso Creativo\" \/>\n<meta property=\"og:description\" content=\"Este viernes 31 se lanzar\u00e1 la convocatoria Personas e Industrias Creativas, iniciativa del Programa Estrat\u00e9gico\u00a0Regional de la Corfo, Valpara\u00edso Creativo con el fin de generar una mayor visualizaci\u00f3n de las industrias creativas de la regi\u00f3n. Desde hoy podr\u00e1s conocer la plataforma Valerte que es por donde se genera la convocatoria y donde se ir\u00e1n subiendo [&hellip;]\" \/>\n<meta property=\"og:url\" content=\"https:\/\/dev.antudigital.cl\/sites\/vc\/valparaiso-despues-de-la-tormenta-abrimos-convocatoria-para-personas-e-industrias-creativas\/\" \/>\n<meta property=\"og:site_name\" content=\"Valpara\u00ed\u00adso Creativo\" \/>\n<meta property=\"article:published_time\" content=\"2020-07-27T19:55:34+00:00\" \/>\n<meta property=\"og:image\" content=\"https:\/\/dev.antudigital.cl\/sites\/vc\/wp-content\/uploads\/2020\/07\/AFICHE-2-PORTADA.jpg\" \/>\n\t<meta property=\"og:image:width\" content=\"1000\" \/>\n\t<meta property=\"og:image:height\" content=\"604\" \/>\n\t<meta property=\"og:image:type\" content=\"image\/jpeg\" \/>\n<meta name=\"author\" content=\"Valparaiso Creativo\" \/>\n<meta name=\"twitter:card\" content=\"summary_large_image\" \/>\n<meta name=\"twitter:label1\" content=\"Escrito por\" \/>\n\t<meta name=\"twitter:data1\" content=\"Valparaiso Creativo\" \/>\n\t<meta name=\"twitter:label2\" content=\"Tiempo de lectura\" \/>\n\t<meta name=\"twitter:data2\" content=\"1 minuto\" \/>\n<script type=\"application\/ld+json\" class=\"yoast-schema-graph\">{\"@context\":\"https:\/\/schema.org\",\"@graph\":[{\"@type\":\"Article\",\"@id\":\"https:\/\/dev.antudigital.cl\/sites\/vc\/valparaiso-despues-de-la-tormenta-abrimos-convocatoria-para-personas-e-industrias-creativas\/#article\",\"isPartOf\":{\"@id\":\"https:\/\/dev.antudigital.cl\/sites\/vc\/valparaiso-despues-de-la-tormenta-abrimos-convocatoria-para-personas-e-industrias-creativas\/\"},\"author\":{\"name\":\"Valparaiso Creativo\",\"@id\":\"https:\/\/dev.antudigital.cl\/sites\/vc\/#\/schema\/person\/81d1dcd51abd542b5dfc00f5f951a0f1\"},\"headline\":\"\u00abValpara\u00edso despu\u00e9s de la tormenta\u00bb: abrimos convocatoria para Personas e Industrias Creativas\",\"datePublished\":\"2020-07-27T19:55:34+00:00\",\"mainEntityOfPage\":{\"@id\":\"https:\/\/dev.antudigital.cl\/sites\/vc\/valparaiso-despues-de-la-tormenta-abrimos-convocatoria-para-personas-e-industrias-creativas\/\"},\"wordCount\":156,\"image\":{\"@id\":\"https:\/\/dev.antudigital.cl\/sites\/vc\/valparaiso-despues-de-la-tormenta-abrimos-convocatoria-para-personas-e-industrias-creativas\/#primaryimage\"},\"thumbnailUrl\":\"https:\/\/dev.antudigital.cl\/sites\/vc\/wp-content\/uploads\/2020\/07\/AFICHE-2-PORTADA.jpg\",\"keywords\":[\"Chile\",\"corfo\",\"Industrias Creativas\",\"Llamado\",\"valpara\u00edso\"],\"articleSection\":[\"Noticia\"],\"inLanguage\":\"es\"},{\"@type\":\"WebPage\",\"@id\":\"https:\/\/dev.antudigital.cl\/sites\/vc\/valparaiso-despues-de-la-tormenta-abrimos-convocatoria-para-personas-e-industrias-creativas\/\",\"url\":\"https:\/\/dev.antudigital.cl\/sites\/vc\/valparaiso-despues-de-la-tormenta-abrimos-convocatoria-para-personas-e-industrias-creativas\/\",\"name\":\"\\\"Valpara\u00edso despu\u00e9s de la tormenta\\\": abrimos convocatoria para Personas e Industrias Creativas - Valpara\u00ed\u00adso Creativo\",\"isPartOf\":{\"@id\":\"https:\/\/dev.antudigital.cl\/sites\/vc\/#website\"},\"primaryImageOfPage\":{\"@id\":\"https:\/\/dev.antudigital.cl\/sites\/vc\/valparaiso-despues-de-la-tormenta-abrimos-convocatoria-para-personas-e-industrias-creativas\/#primaryimage\"},\"image\":{\"@id\":\"https:\/\/dev.antudigital.cl\/sites\/vc\/valparaiso-despues-de-la-tormenta-abrimos-convocatoria-para-personas-e-industrias-creativas\/#primaryimage\"},\"thumbnailUrl\":\"https:\/\/dev.antudigital.cl\/sites\/vc\/wp-content\/uploads\/2020\/07\/AFICHE-2-PORTADA.jpg\",\"datePublished\":\"2020-07-27T19:55:34+00:00\",\"author\":{\"@id\":\"https:\/\/dev.antudigital.cl\/sites\/vc\/#\/schema\/person\/81d1dcd51abd542b5dfc00f5f951a0f1\"},\"breadcrumb\":{\"@id\":\"https:\/\/dev.antudigital.cl\/sites\/vc\/valparaiso-despues-de-la-tormenta-abrimos-convocatoria-para-personas-e-industrias-creativas\/#breadcrumb\"},\"inLanguage\":\"es\",\"potentialAction\":[{\"@type\":\"ReadAction\",\"target\":[\"https:\/\/dev.antudigital.cl\/sites\/vc\/valparaiso-despues-de-la-tormenta-abrimos-convocatoria-para-personas-e-industrias-creativas\/\"]}]},{\"@type\":\"ImageObject\",\"inLanguage\":\"es\",\"@id\":\"https:\/\/dev.antudigital.cl\/sites\/vc\/valparaiso-despues-de-la-tormenta-abrimos-convocatoria-para-personas-e-industrias-creativas\/#primaryimage\",\"url\":\"https:\/\/dev.antudigital.cl\/sites\/vc\/wp-content\/uploads\/2020\/07\/AFICHE-2-PORTADA.jpg\",\"contentUrl\":\"https:\/\/dev.antudigital.cl\/sites\/vc\/wp-content\/uploads\/2020\/07\/AFICHE-2-PORTADA.jpg\",\"width\":1000,\"height\":604},{\"@type\":\"BreadcrumbList\",\"@id\":\"https:\/\/dev.antudigital.cl\/sites\/vc\/valparaiso-despues-de-la-tormenta-abrimos-convocatoria-para-personas-e-industrias-creativas\/#breadcrumb\",\"itemListElement\":[{\"@type\":\"ListItem\",\"position\":1,\"name\":\"Home\",\"item\":\"https:\/\/dev.antudigital.cl\/sites\/vc\/\"},{\"@type\":\"ListItem\",\"position\":2,\"name\":\"\u00abValpara\u00edso despu\u00e9s de la tormenta\u00bb: abrimos convocatoria para Personas e Industrias Creativas\"}]},{\"@type\":\"WebSite\",\"@id\":\"https:\/\/dev.antudigital.cl\/sites\/vc\/#website\",\"url\":\"https:\/\/dev.antudigital.cl\/sites\/vc\/\",\"name\":\"Valpara\u00ed\u00adso Creativo\",\"description\":\"\",\"potentialAction\":[{\"@type\":\"SearchAction\",\"target\":{\"@type\":\"EntryPoint\",\"urlTemplate\":\"https:\/\/dev.antudigital.cl\/sites\/vc\/?s={search_term_string}\"},\"query-input\":{\"@type\":\"PropertyValueSpecification\",\"valueRequired\":true,\"valueName\":\"search_term_string\"}}],\"inLanguage\":\"es\"},{\"@type\":\"Person\",\"@id\":\"https:\/\/dev.antudigital.cl\/sites\/vc\/#\/schema\/person\/81d1dcd51abd542b5dfc00f5f951a0f1\",\"name\":\"Valparaiso Creativo\",\"url\":\"https:\/\/dev.antudigital.cl\/sites\/vc\/author\/valparaiso-creativo\/\"}]}<\/script>\n<!-- \/ Yoast SEO plugin. -->","yoast_head_json":{"title":"\"Valpara\u00edso despu\u00e9s de la tormenta\": abrimos convocatoria para Personas e Industrias Creativas - Valpara\u00ed\u00adso Creativo","robots":{"index":"index","follow":"follow","max-snippet":"max-snippet:-1","max-image-preview":"max-image-preview:large","max-video-preview":"max-video-preview:-1"},"canonical":"https:\/\/dev.antudigital.cl\/sites\/vc\/valparaiso-despues-de-la-tormenta-abrimos-convocatoria-para-personas-e-industrias-creativas\/","og_locale":"es_ES","og_type":"article","og_title":"\"Valpara\u00edso despu\u00e9s de la tormenta\": abrimos convocatoria para Personas e Industrias Creativas - Valpara\u00ed\u00adso Creativo","og_description":"Este viernes 31 se lanzar\u00e1 la convocatoria Personas e Industrias Creativas, iniciativa del Programa Estrat\u00e9gico\u00a0Regional de la Corfo, Valpara\u00edso Creativo con el fin de generar una mayor visualizaci\u00f3n de las industrias creativas de la regi\u00f3n. Desde hoy podr\u00e1s conocer la plataforma Valerte que es por donde se genera la convocatoria y donde se ir\u00e1n subiendo [&hellip;]","og_url":"https:\/\/dev.antudigital.cl\/sites\/vc\/valparaiso-despues-de-la-tormenta-abrimos-convocatoria-para-personas-e-industrias-creativas\/","og_site_name":"Valpara\u00ed\u00adso Creativo","article_published_time":"2020-07-27T19:55:34+00:00","og_image":[{"width":1000,"height":604,"url":"https:\/\/dev.antudigital.cl\/sites\/vc\/wp-content\/uploads\/2020\/07\/AFICHE-2-PORTADA.jpg","type":"image\/jpeg"}],"author":"Valparaiso Creativo","twitter_card":"summary_large_image","twitter_misc":{"Escrito por":"Valparaiso Creativo","Tiempo de lectura":"1 minuto"},"schema":{"@context":"https:\/\/schema.org","@graph":[{"@type":"Article","@id":"https:\/\/dev.antudigital.cl\/sites\/vc\/valparaiso-despues-de-la-tormenta-abrimos-convocatoria-para-personas-e-industrias-creativas\/#article","isPartOf":{"@id":"https:\/\/dev.antudigital.cl\/sites\/vc\/valparaiso-despues-de-la-tormenta-abrimos-convocatoria-para-personas-e-industrias-creativas\/"},"author":{"name":"Valparaiso Creativo","@id":"https:\/\/dev.antudigital.cl\/sites\/vc\/#\/schema\/person\/81d1dcd51abd542b5dfc00f5f951a0f1"},"headline":"\u00abValpara\u00edso despu\u00e9s de la tormenta\u00bb: abrimos convocatoria para Personas e Industrias Creativas","datePublished":"2020-07-27T19:55:34+00:00","mainEntityOfPage":{"@id":"https:\/\/dev.antudigital.cl\/sites\/vc\/valparaiso-despues-de-la-tormenta-abrimos-convocatoria-para-personas-e-industrias-creativas\/"},"wordCount":156,"image":{"@id":"https:\/\/dev.antudigital.cl\/sites\/vc\/valparaiso-despues-de-la-tormenta-abrimos-convocatoria-para-personas-e-industrias-creativas\/#primaryimage"},"thumbnailUrl":"https:\/\/dev.antudigital.cl\/sites\/vc\/wp-content\/uploads\/2020\/07\/AFICHE-2-PORTADA.jpg","keywords":["Chile","corfo","Industrias Creativas","Llamado","valpara\u00edso"],"articleSection":["Noticia"],"inLanguage":"es"},{"@type":"WebPage","@id":"https:\/\/dev.antudigital.cl\/sites\/vc\/valparaiso-despues-de-la-tormenta-abrimos-convocatoria-para-personas-e-industrias-creativas\/","url":"https:\/\/dev.antudigital.cl\/sites\/vc\/valparaiso-despues-de-la-tormenta-abrimos-convocatoria-para-personas-e-industrias-creativas\/","name":"\"Valpara\u00edso despu\u00e9s de la tormenta\": abrimos convocatoria para Personas e Industrias Creativas - Valpara\u00ed\u00adso Creativo","isPartOf":{"@id":"https:\/\/dev.antudigital.cl\/sites\/vc\/#website"},"primaryImageOfPage":{"@id":"https:\/\/dev.antudigital.cl\/sites\/vc\/valparaiso-despues-de-la-tormenta-abrimos-convocatoria-para-personas-e-industrias-creativas\/#primaryimage"},"image":{"@id":"https:\/\/dev.antudigital.cl\/sites\/vc\/valparaiso-despues-de-la-tormenta-abrimos-convocatoria-para-personas-e-industrias-creativas\/#primaryimage"},"thumbnailUrl":"https:\/\/dev.antudigital.cl\/sites\/vc\/wp-content\/uploads\/2020\/07\/AFICHE-2-PORTADA.jpg","datePublished":"2020-07-27T19:55:34+00:00","author":{"@id":"https:\/\/dev.antudigital.cl\/sites\/vc\/#\/schema\/person\/81d1dcd51abd542b5dfc00f5f951a0f1"},"breadcrumb":{"@id":"https:\/\/dev.antudigital.cl\/sites\/vc\/valparaiso-despues-de-la-tormenta-abrimos-convocatoria-para-personas-e-industrias-creativas\/#breadcrumb"},"inLanguage":"es","potentialAction":[{"@type":"ReadAction","target":["https:\/\/dev.antudigital.cl\/sites\/vc\/valparaiso-despues-de-la-tormenta-abrimos-convocatoria-para-personas-e-industrias-creativas\/"]}]},{"@type":"ImageObject","inLanguage":"es","@id":"https:\/\/dev.antudigital.cl\/sites\/vc\/valparaiso-despues-de-la-tormenta-abrimos-convocatoria-para-personas-e-industrias-creativas\/#primaryimage","url":"https:\/\/dev.antudigital.cl\/sites\/vc\/wp-content\/uploads\/2020\/07\/AFICHE-2-PORTADA.jpg","contentUrl":"https:\/\/dev.antudigital.cl\/sites\/vc\/wp-content\/uploads\/2020\/07\/AFICHE-2-PORTADA.jpg","width":1000,"height":604},{"@type":"BreadcrumbList","@id":"https:\/\/dev.antudigital.cl\/sites\/vc\/valparaiso-despues-de-la-tormenta-abrimos-convocatoria-para-personas-e-industrias-creativas\/#breadcrumb","itemListElement":[{"@type":"ListItem","position":1,"name":"Home","item":"https:\/\/dev.antudigital.cl\/sites\/vc\/"},{"@type":"ListItem","position":2,"name":"\u00abValpara\u00edso despu\u00e9s de la tormenta\u00bb: abrimos convocatoria para Personas e Industrias Creativas"}]},{"@type":"WebSite","@id":"https:\/\/dev.antudigital.cl\/sites\/vc\/#website","url":"https:\/\/dev.antudigital.cl\/sites\/vc\/","name":"Valpara\u00ed\u00adso Creativo","description":"","potentialAction":[{"@type":"SearchAction","target":{"@type":"EntryPoint","urlTemplate":"https:\/\/dev.antudigital.cl\/sites\/vc\/?s={search_term_string}"},"query-input":{"@type":"PropertyValueSpecification","valueRequired":true,"valueName":"search_term_string"}}],"inLanguage":"es"},{"@type":"Person","@id":"https:\/\/dev.antudigital.cl\/sites\/vc\/#\/schema\/person\/81d1dcd51abd542b5dfc00f5f951a0f1","name":"Valparaiso Creativo","url":"https:\/\/dev.antudigital.cl\/sites\/vc\/author\/valparaiso-creativo\/"}]}},"_links":{"self":[{"href":"https:\/\/dev.antudigital.cl\/sites\/vc\/wp-json\/wp\/v2\/posts\/8878","targetHints":{"allow":["GET"]}}],"collection":[{"href":"https:\/\/dev.antudigital.cl\/sites\/vc\/wp-json\/wp\/v2\/posts"}],"about":[{"href":"https:\/\/dev.antudigital.cl\/sites\/vc\/wp-json\/wp\/v2\/types\/post"}],"author":[{"embeddable":true,"href":"https:\/\/dev.antudigital.cl\/sites\/vc\/wp-json\/wp\/v2\/users\/3"}],"replies":[{"embeddable":true,"href":"https:\/\/dev.antudigital.cl\/sites\/vc\/wp-json\/wp\/v2\/comments?post=8878"}],"version-history":[{"count":0,"href":"https:\/\/dev.antudigital.cl\/sites\/vc\/wp-json\/wp\/v2\/posts\/8878\/revisions"}],"wp:featuredmedia":[{"embeddable":true,"href":"https:\/\/dev.antudigital.cl\/sites\/vc\/wp-json\/wp\/v2\/media\/8882"}],"wp:attachment":[{"href":"https:\/\/dev.antudigital.cl\/sites\/vc\/wp-json\/wp\/v2\/media?parent=8878"}],"wp:term":[{"taxonomy":"category","embeddable":true,"href":"https:\/\/dev.antudigital.cl\/sites\/vc\/wp-json\/wp\/v2\/categories?post=8878"},{"taxonomy":"post_tag","embeddable":true,"href":"https:\/\/dev.antudigital.cl\/sites\/vc\/wp-json\/wp\/v2\/tags?post=8878"}],"curies":[{"name":"wp","href":"https:\/\/api.w.org\/{rel}","templated":true}]}}