{"id":8883,"date":"2020-07-27T19:43:55","date_gmt":"2020-07-27T19:43:55","guid":{"rendered":"https:\/\/www.valparaisocreativo.cl\/?p=4790"},"modified":"2020-07-27T19:43:55","modified_gmt":"2020-07-27T19:43:55","slug":"prochile-abre-ciclo-de-capacitacion-para-las-artes-visuales","status":"publish","type":"post","link":"https:\/\/dev.antudigital.cl\/sites\/vc\/prochile-abre-ciclo-de-capacitacion-para-las-artes-visuales\/","title":{"rendered":"ProChile abre Ciclo de Capacitaci\u00f3n para las Artes Visuales"},"content":{"rendered":"<h5>Imagen: <a href=\"https:\/\/www.instagram.com\/Didssph\/\">Pexels<\/a><\/h5>\n<div class=\"resumen_single_evento\">\n<p><strong><a href=\"https:\/\/www.prochile.gob.cl\/evento\/ciclo-de-talleres-para-el-sector-de-las-artes-visuales\/\">ProChile<\/a><\/strong> abre la invitaci\u00f3n para participar en su <strong>Ciclo de T<\/strong><strong>alleres para el sector de las artes visuales<\/strong>, dirigido a empresas exportadoras o con oferta exportable.<\/p>\n<\/div>\n<div class=\"blog-content contenido_single_evento\">\n<p>El objetivo de esta actividad supone nuevos desaf\u00edos orientados a repensar las formas en que proyectamos los procesos de comercializaci\u00f3n de las Artes Visuales. Generar espacios de di\u00e1logo, debate y conocimiento en torno a las nuevas necesidades es uno de los ejes centrales para construir nuevos caminos que nos lleven a posicionar la oferta chilena en mercados internacionales.<\/p>\n<p><strong>El Ciclo de\u00a0<\/strong><strong>Talleres para el sector de las artes visuales<\/strong>\u00a0se realizar\u00e1 de manera\u00a0<strong>online<\/strong>\u00a0a trav\u00e9s de la\u00a0<strong>Plataforma GoToWebinar<\/strong>, el cual consta de 6 m\u00f3dulos, que se realizar\u00e1n <strong>desde el 4 al 21 de agosto del presente a\u00f1o<\/strong>. Tambi\u00e9n se expondr\u00e1n casos relativos a M\u00e9xico, Estados Unidos y Per\u00fa, para comparar y compartir experiencias.<\/p>\n<p>Puedes encontrar toda la informaci\u00f3n en <a href=\"https:\/\/www.prochile.gob.cl\/evento\/ciclo-de-talleres-para-el-sector-de-las-artes-visuales\/\">su sitio web<\/a><\/p>\n<\/div>\n","protected":false},"excerpt":{"rendered":"<p>Imagen: Pexels ProChile abre la invitaci\u00f3n para participar en su Ciclo de Talleres para el sector de las artes visuales, dirigido a empresas exportadoras o con oferta exportable. El objetivo de esta actividad supone nuevos desaf\u00edos orientados a repensar las formas en que proyectamos los procesos de comercializaci\u00f3n de las Artes Visuales. Generar espacios de [&hellip;]<\/p>\n","protected":false},"author":3,"featured_media":8884,"comment_status":"closed","ping_status":"closed","sticky":false,"template":"","format":"standard","meta":{"_acf_changed":false,"footnotes":""},"categories":[8],"tags":[75,55,93],"class_list":["post-8883","post","type-post","status-publish","format-standard","has-post-thumbnail","hentry","category-noticia","tag-artes-visuales","tag-capacitacion","tag-prochile"],"acf":[],"yoast_head":"<!-- This site is optimized with the Yoast SEO plugin v27.1.1 - https:\/\/yoast.com\/product\/yoast-seo-wordpress\/ -->\n<title>ProChile abre Ciclo de Capacitaci\u00f3n para las Artes Visuales - Valpara\u00ed\u00adso Creativo<\/title>\n<meta name=\"robots\" content=\"index, follow, max-snippet:-1, max-image-preview:large, max-video-preview:-1\" \/>\n<link rel=\"canonical\" href=\"https:\/\/dev.antudigital.cl\/sites\/vc\/prochile-abre-ciclo-de-capacitacion-para-las-artes-visuales\/\" \/>\n<meta property=\"og:locale\" content=\"es_ES\" \/>\n<meta property=\"og:type\" content=\"article\" \/>\n<meta property=\"og:title\" content=\"ProChile abre Ciclo de Capacitaci\u00f3n para las Artes Visuales - Valpara\u00ed\u00adso Creativo\" \/>\n<meta property=\"og:description\" content=\"Imagen: Pexels ProChile abre la invitaci\u00f3n para participar en su Ciclo de Talleres para el sector de las artes visuales, dirigido a empresas exportadoras o con oferta exportable. El objetivo de esta actividad supone nuevos desaf\u00edos orientados a repensar las formas en que proyectamos los procesos de comercializaci\u00f3n de las Artes Visuales. Generar espacios de [&hellip;]\" \/>\n<meta property=\"og:url\" content=\"https:\/\/dev.antudigital.cl\/sites\/vc\/prochile-abre-ciclo-de-capacitacion-para-las-artes-visuales\/\" \/>\n<meta property=\"og:site_name\" content=\"Valpara\u00ed\u00adso Creativo\" \/>\n<meta property=\"article:published_time\" content=\"2020-07-27T19:43:55+00:00\" \/>\n<meta property=\"og:image\" content=\"https:\/\/dev.antudigital.cl\/sites\/vc\/wp-content\/uploads\/2020\/07\/ProChile.jpg\" \/>\n\t<meta property=\"og:image:width\" content=\"1000\" \/>\n\t<meta property=\"og:image:height\" content=\"640\" \/>\n\t<meta property=\"og:image:type\" content=\"image\/jpeg\" \/>\n<meta name=\"author\" content=\"Valparaiso Creativo\" \/>\n<meta name=\"twitter:card\" content=\"summary_large_image\" \/>\n<meta name=\"twitter:label1\" content=\"Escrito por\" \/>\n\t<meta name=\"twitter:data1\" content=\"Valparaiso Creativo\" \/>\n\t<meta name=\"twitter:label2\" content=\"Tiempo de lectura\" \/>\n\t<meta name=\"twitter:data2\" content=\"1 minuto\" \/>\n<script type=\"application\/ld+json\" class=\"yoast-schema-graph\">{\"@context\":\"https:\/\/schema.org\",\"@graph\":[{\"@type\":\"Article\",\"@id\":\"https:\/\/dev.antudigital.cl\/sites\/vc\/prochile-abre-ciclo-de-capacitacion-para-las-artes-visuales\/#article\",\"isPartOf\":{\"@id\":\"https:\/\/dev.antudigital.cl\/sites\/vc\/prochile-abre-ciclo-de-capacitacion-para-las-artes-visuales\/\"},\"author\":{\"name\":\"Valparaiso Creativo\",\"@id\":\"https:\/\/dev.antudigital.cl\/sites\/vc\/#\/schema\/person\/81d1dcd51abd542b5dfc00f5f951a0f1\"},\"headline\":\"ProChile abre Ciclo de Capacitaci\u00f3n para las Artes Visuales\",\"datePublished\":\"2020-07-27T19:43:55+00:00\",\"mainEntityOfPage\":{\"@id\":\"https:\/\/dev.antudigital.cl\/sites\/vc\/prochile-abre-ciclo-de-capacitacion-para-las-artes-visuales\/\"},\"wordCount\":172,\"image\":{\"@id\":\"https:\/\/dev.antudigital.cl\/sites\/vc\/prochile-abre-ciclo-de-capacitacion-para-las-artes-visuales\/#primaryimage\"},\"thumbnailUrl\":\"https:\/\/dev.antudigital.cl\/sites\/vc\/wp-content\/uploads\/2020\/07\/ProChile.jpg\",\"keywords\":[\"Artes Visuales\",\"capacitaci\u00f3n\",\"ProChile\"],\"articleSection\":[\"Noticia\"],\"inLanguage\":\"es\"},{\"@type\":\"WebPage\",\"@id\":\"https:\/\/dev.antudigital.cl\/sites\/vc\/prochile-abre-ciclo-de-capacitacion-para-las-artes-visuales\/\",\"url\":\"https:\/\/dev.antudigital.cl\/sites\/vc\/prochile-abre-ciclo-de-capacitacion-para-las-artes-visuales\/\",\"name\":\"ProChile abre Ciclo de Capacitaci\u00f3n para las Artes Visuales - Valpara\u00ed\u00adso Creativo\",\"isPartOf\":{\"@id\":\"https:\/\/dev.antudigital.cl\/sites\/vc\/#website\"},\"primaryImageOfPage\":{\"@id\":\"https:\/\/dev.antudigital.cl\/sites\/vc\/prochile-abre-ciclo-de-capacitacion-para-las-artes-visuales\/#primaryimage\"},\"image\":{\"@id\":\"https:\/\/dev.antudigital.cl\/sites\/vc\/prochile-abre-ciclo-de-capacitacion-para-las-artes-visuales\/#primaryimage\"},\"thumbnailUrl\":\"https:\/\/dev.antudigital.cl\/sites\/vc\/wp-content\/uploads\/2020\/07\/ProChile.jpg\",\"datePublished\":\"2020-07-27T19:43:55+00:00\",\"author\":{\"@id\":\"https:\/\/dev.antudigital.cl\/sites\/vc\/#\/schema\/person\/81d1dcd51abd542b5dfc00f5f951a0f1\"},\"breadcrumb\":{\"@id\":\"https:\/\/dev.antudigital.cl\/sites\/vc\/prochile-abre-ciclo-de-capacitacion-para-las-artes-visuales\/#breadcrumb\"},\"inLanguage\":\"es\",\"potentialAction\":[{\"@type\":\"ReadAction\",\"target\":[\"https:\/\/dev.antudigital.cl\/sites\/vc\/prochile-abre-ciclo-de-capacitacion-para-las-artes-visuales\/\"]}]},{\"@type\":\"ImageObject\",\"inLanguage\":\"es\",\"@id\":\"https:\/\/dev.antudigital.cl\/sites\/vc\/prochile-abre-ciclo-de-capacitacion-para-las-artes-visuales\/#primaryimage\",\"url\":\"https:\/\/dev.antudigital.cl\/sites\/vc\/wp-content\/uploads\/2020\/07\/ProChile.jpg\",\"contentUrl\":\"https:\/\/dev.antudigital.cl\/sites\/vc\/wp-content\/uploads\/2020\/07\/ProChile.jpg\",\"width\":1000,\"height\":640},{\"@type\":\"BreadcrumbList\",\"@id\":\"https:\/\/dev.antudigital.cl\/sites\/vc\/prochile-abre-ciclo-de-capacitacion-para-las-artes-visuales\/#breadcrumb\",\"itemListElement\":[{\"@type\":\"ListItem\",\"position\":1,\"name\":\"Home\",\"item\":\"https:\/\/dev.antudigital.cl\/sites\/vc\/\"},{\"@type\":\"ListItem\",\"position\":2,\"name\":\"ProChile abre Ciclo de Capacitaci\u00f3n para las Artes Visuales\"}]},{\"@type\":\"WebSite\",\"@id\":\"https:\/\/dev.antudigital.cl\/sites\/vc\/#website\",\"url\":\"https:\/\/dev.antudigital.cl\/sites\/vc\/\",\"name\":\"Valpara\u00ed\u00adso Creativo\",\"description\":\"\",\"potentialAction\":[{\"@type\":\"SearchAction\",\"target\":{\"@type\":\"EntryPoint\",\"urlTemplate\":\"https:\/\/dev.antudigital.cl\/sites\/vc\/?s={search_term_string}\"},\"query-input\":{\"@type\":\"PropertyValueSpecification\",\"valueRequired\":true,\"valueName\":\"search_term_string\"}}],\"inLanguage\":\"es\"},{\"@type\":\"Person\",\"@id\":\"https:\/\/dev.antudigital.cl\/sites\/vc\/#\/schema\/person\/81d1dcd51abd542b5dfc00f5f951a0f1\",\"name\":\"Valparaiso Creativo\",\"url\":\"https:\/\/dev.antudigital.cl\/sites\/vc\/author\/valparaiso-creativo\/\"}]}<\/script>\n<!-- \/ Yoast SEO plugin. -->","yoast_head_json":{"title":"ProChile abre Ciclo de Capacitaci\u00f3n para las Artes Visuales - Valpara\u00ed\u00adso Creativo","robots":{"index":"index","follow":"follow","max-snippet":"max-snippet:-1","max-image-preview":"max-image-preview:large","max-video-preview":"max-video-preview:-1"},"canonical":"https:\/\/dev.antudigital.cl\/sites\/vc\/prochile-abre-ciclo-de-capacitacion-para-las-artes-visuales\/","og_locale":"es_ES","og_type":"article","og_title":"ProChile abre Ciclo de Capacitaci\u00f3n para las Artes Visuales - Valpara\u00ed\u00adso Creativo","og_description":"Imagen: Pexels ProChile abre la invitaci\u00f3n para participar en su Ciclo de Talleres para el sector de las artes visuales, dirigido a empresas exportadoras o con oferta exportable. El objetivo de esta actividad supone nuevos desaf\u00edos orientados a repensar las formas en que proyectamos los procesos de comercializaci\u00f3n de las Artes Visuales. Generar espacios de [&hellip;]","og_url":"https:\/\/dev.antudigital.cl\/sites\/vc\/prochile-abre-ciclo-de-capacitacion-para-las-artes-visuales\/","og_site_name":"Valpara\u00ed\u00adso Creativo","article_published_time":"2020-07-27T19:43:55+00:00","og_image":[{"width":1000,"height":640,"url":"https:\/\/dev.antudigital.cl\/sites\/vc\/wp-content\/uploads\/2020\/07\/ProChile.jpg","type":"image\/jpeg"}],"author":"Valparaiso Creativo","twitter_card":"summary_large_image","twitter_misc":{"Escrito por":"Valparaiso Creativo","Tiempo de lectura":"1 minuto"},"schema":{"@context":"https:\/\/schema.org","@graph":[{"@type":"Article","@id":"https:\/\/dev.antudigital.cl\/sites\/vc\/prochile-abre-ciclo-de-capacitacion-para-las-artes-visuales\/#article","isPartOf":{"@id":"https:\/\/dev.antudigital.cl\/sites\/vc\/prochile-abre-ciclo-de-capacitacion-para-las-artes-visuales\/"},"author":{"name":"Valparaiso Creativo","@id":"https:\/\/dev.antudigital.cl\/sites\/vc\/#\/schema\/person\/81d1dcd51abd542b5dfc00f5f951a0f1"},"headline":"ProChile abre Ciclo de Capacitaci\u00f3n para las Artes Visuales","datePublished":"2020-07-27T19:43:55+00:00","mainEntityOfPage":{"@id":"https:\/\/dev.antudigital.cl\/sites\/vc\/prochile-abre-ciclo-de-capacitacion-para-las-artes-visuales\/"},"wordCount":172,"image":{"@id":"https:\/\/dev.antudigital.cl\/sites\/vc\/prochile-abre-ciclo-de-capacitacion-para-las-artes-visuales\/#primaryimage"},"thumbnailUrl":"https:\/\/dev.antudigital.cl\/sites\/vc\/wp-content\/uploads\/2020\/07\/ProChile.jpg","keywords":["Artes Visuales","capacitaci\u00f3n","ProChile"],"articleSection":["Noticia"],"inLanguage":"es"},{"@type":"WebPage","@id":"https:\/\/dev.antudigital.cl\/sites\/vc\/prochile-abre-ciclo-de-capacitacion-para-las-artes-visuales\/","url":"https:\/\/dev.antudigital.cl\/sites\/vc\/prochile-abre-ciclo-de-capacitacion-para-las-artes-visuales\/","name":"ProChile abre Ciclo de Capacitaci\u00f3n para las Artes Visuales - Valpara\u00ed\u00adso Creativo","isPartOf":{"@id":"https:\/\/dev.antudigital.cl\/sites\/vc\/#website"},"primaryImageOfPage":{"@id":"https:\/\/dev.antudigital.cl\/sites\/vc\/prochile-abre-ciclo-de-capacitacion-para-las-artes-visuales\/#primaryimage"},"image":{"@id":"https:\/\/dev.antudigital.cl\/sites\/vc\/prochile-abre-ciclo-de-capacitacion-para-las-artes-visuales\/#primaryimage"},"thumbnailUrl":"https:\/\/dev.antudigital.cl\/sites\/vc\/wp-content\/uploads\/2020\/07\/ProChile.jpg","datePublished":"2020-07-27T19:43:55+00:00","author":{"@id":"https:\/\/dev.antudigital.cl\/sites\/vc\/#\/schema\/person\/81d1dcd51abd542b5dfc00f5f951a0f1"},"breadcrumb":{"@id":"https:\/\/dev.antudigital.cl\/sites\/vc\/prochile-abre-ciclo-de-capacitacion-para-las-artes-visuales\/#breadcrumb"},"inLanguage":"es","potentialAction":[{"@type":"ReadAction","target":["https:\/\/dev.antudigital.cl\/sites\/vc\/prochile-abre-ciclo-de-capacitacion-para-las-artes-visuales\/"]}]},{"@type":"ImageObject","inLanguage":"es","@id":"https:\/\/dev.antudigital.cl\/sites\/vc\/prochile-abre-ciclo-de-capacitacion-para-las-artes-visuales\/#primaryimage","url":"https:\/\/dev.antudigital.cl\/sites\/vc\/wp-content\/uploads\/2020\/07\/ProChile.jpg","contentUrl":"https:\/\/dev.antudigital.cl\/sites\/vc\/wp-content\/uploads\/2020\/07\/ProChile.jpg","width":1000,"height":640},{"@type":"BreadcrumbList","@id":"https:\/\/dev.antudigital.cl\/sites\/vc\/prochile-abre-ciclo-de-capacitacion-para-las-artes-visuales\/#breadcrumb","itemListElement":[{"@type":"ListItem","position":1,"name":"Home","item":"https:\/\/dev.antudigital.cl\/sites\/vc\/"},{"@type":"ListItem","position":2,"name":"ProChile abre Ciclo de Capacitaci\u00f3n para las Artes Visuales"}]},{"@type":"WebSite","@id":"https:\/\/dev.antudigital.cl\/sites\/vc\/#website","url":"https:\/\/dev.antudigital.cl\/sites\/vc\/","name":"Valpara\u00ed\u00adso Creativo","description":"","potentialAction":[{"@type":"SearchAction","target":{"@type":"EntryPoint","urlTemplate":"https:\/\/dev.antudigital.cl\/sites\/vc\/?s={search_term_string}"},"query-input":{"@type":"PropertyValueSpecification","valueRequired":true,"valueName":"search_term_string"}}],"inLanguage":"es"},{"@type":"Person","@id":"https:\/\/dev.antudigital.cl\/sites\/vc\/#\/schema\/person\/81d1dcd51abd542b5dfc00f5f951a0f1","name":"Valparaiso Creativo","url":"https:\/\/dev.antudigital.cl\/sites\/vc\/author\/valparaiso-creativo\/"}]}},"_links":{"self":[{"href":"https:\/\/dev.antudigital.cl\/sites\/vc\/wp-json\/wp\/v2\/posts\/8883","targetHints":{"allow":["GET"]}}],"collection":[{"href":"https:\/\/dev.antudigital.cl\/sites\/vc\/wp-json\/wp\/v2\/posts"}],"about":[{"href":"https:\/\/dev.antudigital.cl\/sites\/vc\/wp-json\/wp\/v2\/types\/post"}],"author":[{"embeddable":true,"href":"https:\/\/dev.antudigital.cl\/sites\/vc\/wp-json\/wp\/v2\/users\/3"}],"replies":[{"embeddable":true,"href":"https:\/\/dev.antudigital.cl\/sites\/vc\/wp-json\/wp\/v2\/comments?post=8883"}],"version-history":[{"count":0,"href":"https:\/\/dev.antudigital.cl\/sites\/vc\/wp-json\/wp\/v2\/posts\/8883\/revisions"}],"wp:featuredmedia":[{"embeddable":true,"href":"https:\/\/dev.antudigital.cl\/sites\/vc\/wp-json\/wp\/v2\/media\/8884"}],"wp:attachment":[{"href":"https:\/\/dev.antudigital.cl\/sites\/vc\/wp-json\/wp\/v2\/media?parent=8883"}],"wp:term":[{"taxonomy":"category","embeddable":true,"href":"https:\/\/dev.antudigital.cl\/sites\/vc\/wp-json\/wp\/v2\/categories?post=8883"},{"taxonomy":"post_tag","embeddable":true,"href":"https:\/\/dev.antudigital.cl\/sites\/vc\/wp-json\/wp\/v2\/tags?post=8883"}],"curies":[{"name":"wp","href":"https:\/\/api.w.org\/{rel}","templated":true}]}}