{"id":8910,"date":"2020-06-15T13:24:36","date_gmt":"2020-06-15T13:24:36","guid":{"rendered":"https:\/\/www.valparaisocreativo.cl\/?p=4740"},"modified":"2020-06-15T13:24:36","modified_gmt":"2020-06-15T13:24:36","slug":"participa-de-capacitacion-online-de-marketing-digital-para-pymes","status":"publish","type":"post","link":"https:\/\/dev.antudigital.cl\/sites\/vc\/participa-de-capacitacion-online-de-marketing-digital-para-pymes\/","title":{"rendered":"Corfo te invita a participar de la capacitaci\u00f3n online de marketing digital para pymes"},"content":{"rendered":"<p>La iniciativa de <strong>CORFO \u00abPymes en l\u00ednea\u00bb<\/strong> que forma parte del programa Digitaliza tu Pyme del Ministerio de Econom\u00eda, Fomento y Turismo, busca que las empresas de menos tama\u00f1o puedan aumentar sus ventas, bajen sus costos y mejores su relaci\u00f3n con clientes y\u00a0 proveedores, utilizando las tecnolog\u00edas digitales disponibles.<\/p>\n<p><span class=\"font-gilroy font-weight-bolder\">La capacitaci\u00f3n es sin costo y est\u00e1 destinada a peque\u00f1as y medianas empresas. Los requisitos para participar:\u00a0<\/span><\/p>\n<ul>\n<li>Ser chileno o extranjero con permanencia definitiva en Chile<\/li>\n<li>Contar con conexi\u00f3n a Internet y un dispositivo (computador port\u00e1til o tel\u00e9fono\u00a0 inteligente) para participar de las clases<\/li>\n<li>Tener un producto o servicio para vender (no excluyente)<\/li>\n<\/ul>\n<p>Una vez que te hayas registrado acceder\u00e1s al curso \u00abPymes en l\u00ednea\u00bb con contenido exclusivo sobre comercio electr\u00f3nico, redes sociales, plataformas de E-Commerce, Marketplace para el comercio, medios de pago, marketing digital, entre otros, lo que te pemitir\u00e1 fortalecer tu negocio y comenzar a vender por Internet.<\/p>\n<p>Uno de los casos de \u00e9xitos destacado en \u00abPymes en L\u00ednea\u00bb de la Regi\u00f3n de Valpara\u00edso es de <strong>Zapatos Karen Sapiain<\/strong>. Su mayor inspiraci\u00f3n es la creaci\u00f3n de zapatos \u00fanicos, con toda la pasi\u00f3n y cari\u00f1o por este hermoso oficio, modernos, elegantes, c\u00f3modos y con los mejores cueros chilenos.<\/p>\n<p>Si est\u00e1s interesado ingresa a <a href=\"https:\/\/pymesenlinea.corfo.cl\/\">https:\/\/pymesenlinea.corfo.cl\/<\/a> para m\u00e1s informaci\u00f3n.<\/p>\n","protected":false},"excerpt":{"rendered":"<p>La iniciativa de CORFO \u00abPymes en l\u00ednea\u00bb que forma parte del programa Digitaliza tu Pyme del Ministerio de Econom\u00eda, Fomento y Turismo, busca que las empresas de menos tama\u00f1o puedan aumentar sus ventas, bajen sus costos y mejores su relaci\u00f3n con clientes y\u00a0 proveedores, utilizando las tecnolog\u00edas digitales disponibles. La capacitaci\u00f3n es sin costo y [&hellip;]<\/p>\n","protected":false},"author":3,"featured_media":8911,"comment_status":"closed","ping_status":"closed","sticky":false,"template":"","format":"standard","meta":{"_acf_changed":false,"footnotes":""},"categories":[8],"tags":[],"class_list":["post-8910","post","type-post","status-publish","format-standard","has-post-thumbnail","hentry","category-noticia"],"acf":[],"yoast_head":"<!-- This site is optimized with the Yoast SEO plugin v27.1.1 - https:\/\/yoast.com\/product\/yoast-seo-wordpress\/ -->\n<title>Corfo te invita a participar de la capacitaci\u00f3n online de marketing digital para pymes - Valpara\u00ed\u00adso Creativo<\/title>\n<meta name=\"robots\" content=\"index, follow, max-snippet:-1, max-image-preview:large, max-video-preview:-1\" \/>\n<link rel=\"canonical\" href=\"https:\/\/dev.antudigital.cl\/sites\/vc\/participa-de-capacitacion-online-de-marketing-digital-para-pymes\/\" \/>\n<meta property=\"og:locale\" content=\"es_ES\" \/>\n<meta property=\"og:type\" content=\"article\" \/>\n<meta property=\"og:title\" content=\"Corfo te invita a participar de la capacitaci\u00f3n online de marketing digital para pymes - Valpara\u00ed\u00adso Creativo\" \/>\n<meta property=\"og:description\" content=\"La iniciativa de CORFO \u00abPymes en l\u00ednea\u00bb que forma parte del programa Digitaliza tu Pyme del Ministerio de Econom\u00eda, Fomento y Turismo, busca que las empresas de menos tama\u00f1o puedan aumentar sus ventas, bajen sus costos y mejores su relaci\u00f3n con clientes y\u00a0 proveedores, utilizando las tecnolog\u00edas digitales disponibles. La capacitaci\u00f3n es sin costo y [&hellip;]\" \/>\n<meta property=\"og:url\" content=\"https:\/\/dev.antudigital.cl\/sites\/vc\/participa-de-capacitacion-online-de-marketing-digital-para-pymes\/\" \/>\n<meta property=\"og:site_name\" content=\"Valpara\u00ed\u00adso Creativo\" \/>\n<meta property=\"article:published_time\" content=\"2020-06-15T13:24:36+00:00\" \/>\n<meta property=\"og:image\" content=\"https:\/\/dev.antudigital.cl\/sites\/vc\/wp-content\/uploads\/2019\/12\/Docena_0010_IMG_6731.jpg\" \/>\n\t<meta property=\"og:image:width\" content=\"1920\" \/>\n\t<meta property=\"og:image:height\" content=\"1080\" \/>\n\t<meta property=\"og:image:type\" content=\"image\/jpeg\" \/>\n<meta name=\"author\" content=\"Valparaiso Creativo\" \/>\n<meta name=\"twitter:card\" content=\"summary_large_image\" \/>\n<meta name=\"twitter:label1\" content=\"Escrito por\" \/>\n\t<meta name=\"twitter:data1\" content=\"Valparaiso Creativo\" \/>\n\t<meta name=\"twitter:label2\" content=\"Tiempo de lectura\" \/>\n\t<meta name=\"twitter:data2\" content=\"1 minuto\" \/>\n<script type=\"application\/ld+json\" class=\"yoast-schema-graph\">{\"@context\":\"https:\/\/schema.org\",\"@graph\":[{\"@type\":\"Article\",\"@id\":\"https:\/\/dev.antudigital.cl\/sites\/vc\/participa-de-capacitacion-online-de-marketing-digital-para-pymes\/#article\",\"isPartOf\":{\"@id\":\"https:\/\/dev.antudigital.cl\/sites\/vc\/participa-de-capacitacion-online-de-marketing-digital-para-pymes\/\"},\"author\":{\"name\":\"Valparaiso Creativo\",\"@id\":\"https:\/\/dev.antudigital.cl\/sites\/vc\/#\/schema\/person\/81d1dcd51abd542b5dfc00f5f951a0f1\"},\"headline\":\"Corfo te invita a participar de la capacitaci\u00f3n online de marketing digital para pymes\",\"datePublished\":\"2020-06-15T13:24:36+00:00\",\"mainEntityOfPage\":{\"@id\":\"https:\/\/dev.antudigital.cl\/sites\/vc\/participa-de-capacitacion-online-de-marketing-digital-para-pymes\/\"},\"wordCount\":249,\"image\":{\"@id\":\"https:\/\/dev.antudigital.cl\/sites\/vc\/participa-de-capacitacion-online-de-marketing-digital-para-pymes\/#primaryimage\"},\"thumbnailUrl\":\"https:\/\/dev.antudigital.cl\/sites\/vc\/wp-content\/uploads\/2019\/12\/Docena_0010_IMG_6731.jpg\",\"articleSection\":[\"Noticia\"],\"inLanguage\":\"es\"},{\"@type\":\"WebPage\",\"@id\":\"https:\/\/dev.antudigital.cl\/sites\/vc\/participa-de-capacitacion-online-de-marketing-digital-para-pymes\/\",\"url\":\"https:\/\/dev.antudigital.cl\/sites\/vc\/participa-de-capacitacion-online-de-marketing-digital-para-pymes\/\",\"name\":\"Corfo te invita a participar de la capacitaci\u00f3n online de marketing digital para pymes - Valpara\u00ed\u00adso Creativo\",\"isPartOf\":{\"@id\":\"https:\/\/dev.antudigital.cl\/sites\/vc\/#website\"},\"primaryImageOfPage\":{\"@id\":\"https:\/\/dev.antudigital.cl\/sites\/vc\/participa-de-capacitacion-online-de-marketing-digital-para-pymes\/#primaryimage\"},\"image\":{\"@id\":\"https:\/\/dev.antudigital.cl\/sites\/vc\/participa-de-capacitacion-online-de-marketing-digital-para-pymes\/#primaryimage\"},\"thumbnailUrl\":\"https:\/\/dev.antudigital.cl\/sites\/vc\/wp-content\/uploads\/2019\/12\/Docena_0010_IMG_6731.jpg\",\"datePublished\":\"2020-06-15T13:24:36+00:00\",\"author\":{\"@id\":\"https:\/\/dev.antudigital.cl\/sites\/vc\/#\/schema\/person\/81d1dcd51abd542b5dfc00f5f951a0f1\"},\"breadcrumb\":{\"@id\":\"https:\/\/dev.antudigital.cl\/sites\/vc\/participa-de-capacitacion-online-de-marketing-digital-para-pymes\/#breadcrumb\"},\"inLanguage\":\"es\",\"potentialAction\":[{\"@type\":\"ReadAction\",\"target\":[\"https:\/\/dev.antudigital.cl\/sites\/vc\/participa-de-capacitacion-online-de-marketing-digital-para-pymes\/\"]}]},{\"@type\":\"ImageObject\",\"inLanguage\":\"es\",\"@id\":\"https:\/\/dev.antudigital.cl\/sites\/vc\/participa-de-capacitacion-online-de-marketing-digital-para-pymes\/#primaryimage\",\"url\":\"https:\/\/dev.antudigital.cl\/sites\/vc\/wp-content\/uploads\/2019\/12\/Docena_0010_IMG_6731.jpg\",\"contentUrl\":\"https:\/\/dev.antudigital.cl\/sites\/vc\/wp-content\/uploads\/2019\/12\/Docena_0010_IMG_6731.jpg\",\"width\":1920,\"height\":1080},{\"@type\":\"BreadcrumbList\",\"@id\":\"https:\/\/dev.antudigital.cl\/sites\/vc\/participa-de-capacitacion-online-de-marketing-digital-para-pymes\/#breadcrumb\",\"itemListElement\":[{\"@type\":\"ListItem\",\"position\":1,\"name\":\"Home\",\"item\":\"https:\/\/dev.antudigital.cl\/sites\/vc\/\"},{\"@type\":\"ListItem\",\"position\":2,\"name\":\"Corfo te invita a participar de la capacitaci\u00f3n online de marketing digital para pymes\"}]},{\"@type\":\"WebSite\",\"@id\":\"https:\/\/dev.antudigital.cl\/sites\/vc\/#website\",\"url\":\"https:\/\/dev.antudigital.cl\/sites\/vc\/\",\"name\":\"Valpara\u00ed\u00adso Creativo\",\"description\":\"\",\"potentialAction\":[{\"@type\":\"SearchAction\",\"target\":{\"@type\":\"EntryPoint\",\"urlTemplate\":\"https:\/\/dev.antudigital.cl\/sites\/vc\/?s={search_term_string}\"},\"query-input\":{\"@type\":\"PropertyValueSpecification\",\"valueRequired\":true,\"valueName\":\"search_term_string\"}}],\"inLanguage\":\"es\"},{\"@type\":\"Person\",\"@id\":\"https:\/\/dev.antudigital.cl\/sites\/vc\/#\/schema\/person\/81d1dcd51abd542b5dfc00f5f951a0f1\",\"name\":\"Valparaiso Creativo\",\"url\":\"https:\/\/dev.antudigital.cl\/sites\/vc\/author\/valparaiso-creativo\/\"}]}<\/script>\n<!-- \/ Yoast SEO plugin. -->","yoast_head_json":{"title":"Corfo te invita a participar de la capacitaci\u00f3n online de marketing digital para pymes - Valpara\u00ed\u00adso Creativo","robots":{"index":"index","follow":"follow","max-snippet":"max-snippet:-1","max-image-preview":"max-image-preview:large","max-video-preview":"max-video-preview:-1"},"canonical":"https:\/\/dev.antudigital.cl\/sites\/vc\/participa-de-capacitacion-online-de-marketing-digital-para-pymes\/","og_locale":"es_ES","og_type":"article","og_title":"Corfo te invita a participar de la capacitaci\u00f3n online de marketing digital para pymes - Valpara\u00ed\u00adso Creativo","og_description":"La iniciativa de CORFO \u00abPymes en l\u00ednea\u00bb que forma parte del programa Digitaliza tu Pyme del Ministerio de Econom\u00eda, Fomento y Turismo, busca que las empresas de menos tama\u00f1o puedan aumentar sus ventas, bajen sus costos y mejores su relaci\u00f3n con clientes y\u00a0 proveedores, utilizando las tecnolog\u00edas digitales disponibles. La capacitaci\u00f3n es sin costo y [&hellip;]","og_url":"https:\/\/dev.antudigital.cl\/sites\/vc\/participa-de-capacitacion-online-de-marketing-digital-para-pymes\/","og_site_name":"Valpara\u00ed\u00adso Creativo","article_published_time":"2020-06-15T13:24:36+00:00","og_image":[{"width":1920,"height":1080,"url":"https:\/\/dev.antudigital.cl\/sites\/vc\/wp-content\/uploads\/2019\/12\/Docena_0010_IMG_6731.jpg","type":"image\/jpeg"}],"author":"Valparaiso Creativo","twitter_card":"summary_large_image","twitter_misc":{"Escrito por":"Valparaiso Creativo","Tiempo de lectura":"1 minuto"},"schema":{"@context":"https:\/\/schema.org","@graph":[{"@type":"Article","@id":"https:\/\/dev.antudigital.cl\/sites\/vc\/participa-de-capacitacion-online-de-marketing-digital-para-pymes\/#article","isPartOf":{"@id":"https:\/\/dev.antudigital.cl\/sites\/vc\/participa-de-capacitacion-online-de-marketing-digital-para-pymes\/"},"author":{"name":"Valparaiso Creativo","@id":"https:\/\/dev.antudigital.cl\/sites\/vc\/#\/schema\/person\/81d1dcd51abd542b5dfc00f5f951a0f1"},"headline":"Corfo te invita a participar de la capacitaci\u00f3n online de marketing digital para pymes","datePublished":"2020-06-15T13:24:36+00:00","mainEntityOfPage":{"@id":"https:\/\/dev.antudigital.cl\/sites\/vc\/participa-de-capacitacion-online-de-marketing-digital-para-pymes\/"},"wordCount":249,"image":{"@id":"https:\/\/dev.antudigital.cl\/sites\/vc\/participa-de-capacitacion-online-de-marketing-digital-para-pymes\/#primaryimage"},"thumbnailUrl":"https:\/\/dev.antudigital.cl\/sites\/vc\/wp-content\/uploads\/2019\/12\/Docena_0010_IMG_6731.jpg","articleSection":["Noticia"],"inLanguage":"es"},{"@type":"WebPage","@id":"https:\/\/dev.antudigital.cl\/sites\/vc\/participa-de-capacitacion-online-de-marketing-digital-para-pymes\/","url":"https:\/\/dev.antudigital.cl\/sites\/vc\/participa-de-capacitacion-online-de-marketing-digital-para-pymes\/","name":"Corfo te invita a participar de la capacitaci\u00f3n online de marketing digital para pymes - Valpara\u00ed\u00adso Creativo","isPartOf":{"@id":"https:\/\/dev.antudigital.cl\/sites\/vc\/#website"},"primaryImageOfPage":{"@id":"https:\/\/dev.antudigital.cl\/sites\/vc\/participa-de-capacitacion-online-de-marketing-digital-para-pymes\/#primaryimage"},"image":{"@id":"https:\/\/dev.antudigital.cl\/sites\/vc\/participa-de-capacitacion-online-de-marketing-digital-para-pymes\/#primaryimage"},"thumbnailUrl":"https:\/\/dev.antudigital.cl\/sites\/vc\/wp-content\/uploads\/2019\/12\/Docena_0010_IMG_6731.jpg","datePublished":"2020-06-15T13:24:36+00:00","author":{"@id":"https:\/\/dev.antudigital.cl\/sites\/vc\/#\/schema\/person\/81d1dcd51abd542b5dfc00f5f951a0f1"},"breadcrumb":{"@id":"https:\/\/dev.antudigital.cl\/sites\/vc\/participa-de-capacitacion-online-de-marketing-digital-para-pymes\/#breadcrumb"},"inLanguage":"es","potentialAction":[{"@type":"ReadAction","target":["https:\/\/dev.antudigital.cl\/sites\/vc\/participa-de-capacitacion-online-de-marketing-digital-para-pymes\/"]}]},{"@type":"ImageObject","inLanguage":"es","@id":"https:\/\/dev.antudigital.cl\/sites\/vc\/participa-de-capacitacion-online-de-marketing-digital-para-pymes\/#primaryimage","url":"https:\/\/dev.antudigital.cl\/sites\/vc\/wp-content\/uploads\/2019\/12\/Docena_0010_IMG_6731.jpg","contentUrl":"https:\/\/dev.antudigital.cl\/sites\/vc\/wp-content\/uploads\/2019\/12\/Docena_0010_IMG_6731.jpg","width":1920,"height":1080},{"@type":"BreadcrumbList","@id":"https:\/\/dev.antudigital.cl\/sites\/vc\/participa-de-capacitacion-online-de-marketing-digital-para-pymes\/#breadcrumb","itemListElement":[{"@type":"ListItem","position":1,"name":"Home","item":"https:\/\/dev.antudigital.cl\/sites\/vc\/"},{"@type":"ListItem","position":2,"name":"Corfo te invita a participar de la capacitaci\u00f3n online de marketing digital para pymes"}]},{"@type":"WebSite","@id":"https:\/\/dev.antudigital.cl\/sites\/vc\/#website","url":"https:\/\/dev.antudigital.cl\/sites\/vc\/","name":"Valpara\u00ed\u00adso Creativo","description":"","potentialAction":[{"@type":"SearchAction","target":{"@type":"EntryPoint","urlTemplate":"https:\/\/dev.antudigital.cl\/sites\/vc\/?s={search_term_string}"},"query-input":{"@type":"PropertyValueSpecification","valueRequired":true,"valueName":"search_term_string"}}],"inLanguage":"es"},{"@type":"Person","@id":"https:\/\/dev.antudigital.cl\/sites\/vc\/#\/schema\/person\/81d1dcd51abd542b5dfc00f5f951a0f1","name":"Valparaiso Creativo","url":"https:\/\/dev.antudigital.cl\/sites\/vc\/author\/valparaiso-creativo\/"}]}},"_links":{"self":[{"href":"https:\/\/dev.antudigital.cl\/sites\/vc\/wp-json\/wp\/v2\/posts\/8910","targetHints":{"allow":["GET"]}}],"collection":[{"href":"https:\/\/dev.antudigital.cl\/sites\/vc\/wp-json\/wp\/v2\/posts"}],"about":[{"href":"https:\/\/dev.antudigital.cl\/sites\/vc\/wp-json\/wp\/v2\/types\/post"}],"author":[{"embeddable":true,"href":"https:\/\/dev.antudigital.cl\/sites\/vc\/wp-json\/wp\/v2\/users\/3"}],"replies":[{"embeddable":true,"href":"https:\/\/dev.antudigital.cl\/sites\/vc\/wp-json\/wp\/v2\/comments?post=8910"}],"version-history":[{"count":0,"href":"https:\/\/dev.antudigital.cl\/sites\/vc\/wp-json\/wp\/v2\/posts\/8910\/revisions"}],"wp:featuredmedia":[{"embeddable":true,"href":"https:\/\/dev.antudigital.cl\/sites\/vc\/wp-json\/wp\/v2\/media\/8911"}],"wp:attachment":[{"href":"https:\/\/dev.antudigital.cl\/sites\/vc\/wp-json\/wp\/v2\/media?parent=8910"}],"wp:term":[{"taxonomy":"category","embeddable":true,"href":"https:\/\/dev.antudigital.cl\/sites\/vc\/wp-json\/wp\/v2\/categories?post=8910"},{"taxonomy":"post_tag","embeddable":true,"href":"https:\/\/dev.antudigital.cl\/sites\/vc\/wp-json\/wp\/v2\/tags?post=8910"}],"curies":[{"name":"wp","href":"https:\/\/api.w.org\/{rel}","templated":true}]}}