{"id":8914,"date":"2020-06-05T12:48:02","date_gmt":"2020-06-05T12:48:02","guid":{"rendered":"https:\/\/www.valparaisocreativo.cl\/?p=4673"},"modified":"2020-06-05T12:48:02","modified_gmt":"2020-06-05T12:48:02","slug":"corfo-abre-curso-para-profesionalizar-a-los-agentes-asociados-a-la-comercializacion-del-ciclo-cultural-de-las-artes-visuales","status":"publish","type":"post","link":"https:\/\/dev.antudigital.cl\/sites\/vc\/corfo-abre-curso-para-profesionalizar-a-los-agentes-asociados-a-la-comercializacion-del-ciclo-cultural-de-las-artes-visuales\/","title":{"rendered":"Corfo abre curso para profesionalizar a los agentes asociados a la comercializaci\u00f3n del ciclo cultural de las artes visuales"},"content":{"rendered":"<ul>\n<li>Las clases, que incluyen 160 horas pedag\u00f3gicas, comenzar\u00e1n en julio pr\u00f3ximo y beneficiar\u00e1n a profesionales de todas las regiones del pa\u00eds.<\/li>\n<\/ul>\n<p><span style=\"font-weight: 400;\">Al igual que la mayor\u00eda de los sectores asociados al mundo de la cultura, las Artes Visuales ha sido uno de los m\u00e1s golpeados por la crisis derivada por el Covid-19.<\/span><\/p>\n<p><span style=\"font-weight: 400;\">Tomando en cuenta esto, Corfo realizar\u00e1 el curso \u201cProfesionalizaci\u00f3n de los agentes asociados a la distribuci\u00f3n, promoci\u00f3n y comercializaci\u00f3n del ciclo cultural de las artes visuales\u00bb, que comenzar\u00e1 el pr\u00f3ximo mes de julio y el cual se desarrollar\u00e1 100% online.<\/span><\/p>\n<p><span style=\"font-weight: 400;\">Ser\u00e1n un total de 160 horas de clases divididas en 4 m\u00f3dulos: Territorio, identidad y producci\u00f3n; Mercado del Arte Contempor\u00e1neo; Hacia una unidad productiva; y Conectando teor\u00eda y pr\u00e1ctica.<\/span><\/p>\n<p><span style=\"font-weight: 400;\">Cecilia Vald\u00e9s, Gerenta de Asuntos Corporativos de CORFO, destaca que el sector de las artes visuales es de suma relevancia, no s\u00f3lo por su valor simb\u00f3lico, sino porque tambi\u00e9n genera dinamizaci\u00f3n de econom\u00edas locales, empleabilidad y cuyo campo de acci\u00f3n tiene un foco natural en la internacionalizaci\u00f3n: <\/span><\/p>\n<blockquote><p><span style=\"font-weight: 400;\">\u201cEn este sentido desde CORFO quisimos ver de qu\u00e9 forma pod\u00edamos aportar en la profesionalizaci\u00f3n e internacionalizaci\u00f3n del sector de las artes visuales e identificamos una brecha relevante en la cadena de distribuci\u00f3n y comercializaci\u00f3n. En el actual contexto de la emergencia sanitaria, tenemos tambi\u00e9n que prepararnos para el cambio de un nuevo escenario de promoci\u00f3n de nuestros sectores creativos y creemos este curso es una gran oportunidad\u201d, comenta.<\/span><\/p><\/blockquote>\n<p><span style=\"font-weight: 400;\">El curso, que ser\u00e1 cofinanciado por Corfo, estar\u00e1 a cargo de la Universidad Cat\u00f3lica de la Sant\u00edsima Concepci\u00f3n, y va dirigido a profesionales Chilenos o extranjeros con permanencia definitiva en Chile, titulados de una carrera de educaci\u00f3n superior, (t\u00e9cnica de nivel superior o profesional), que se desempe\u00f1en laboralmente en actividades vinculadas con la producci\u00f3n art\u00edstica, distribuci\u00f3n, promoci\u00f3n y comercializaci\u00f3n de arte visual o que no desempe\u00f1\u00e1ndose laboralmente en las mismas, tengan una vinculaci\u00f3n con una instituci\u00f3n o empresa del mencionado sector.<\/span><\/p>\n<p><span style=\"font-weight: 400;\">Las postulaciones se podr\u00e1n realizar <strong>hasta el pr\u00f3ximo 10 de junio a las 15:00 horas <a href=\"http:\/\/www.becascapitalhumano.cl\/?s=&amp;sentence=1&amp;post_type=beca&amp;tipo=&amp;region=&amp;estado=\">aqu\u00ed<\/a>\u00a0\u00a0<\/strong><\/span><\/p>\n<p><span style=\"font-weight: 400;\">El <strong>per\u00edodo de matr\u00edcula se realizar\u00e1 durante el mes de junio de 2020.<\/strong><\/span><\/p>\n<p><span style=\"font-weight: 400;\">Las Consultas administrativas se pueden hacer al correo <\/span><a href=\"mailto:becascapitalhumano@corfo.cl\"><span style=\"font-weight: 400;\">becascapitalhumano@corfo.cl<\/span><\/a><\/p>\n<p>&nbsp;<\/p>\n<p>&nbsp;<\/p>\n","protected":false},"excerpt":{"rendered":"<p>Las clases, que incluyen 160 horas pedag\u00f3gicas, comenzar\u00e1n en julio pr\u00f3ximo y beneficiar\u00e1n a profesionales de todas las regiones del pa\u00eds. Al igual que la mayor\u00eda de los sectores asociados al mundo de la cultura, las Artes Visuales ha sido uno de los m\u00e1s golpeados por la crisis derivada por el Covid-19. Tomando en cuenta [&hellip;]<\/p>\n","protected":false},"author":3,"featured_media":8915,"comment_status":"closed","ping_status":"closed","sticky":false,"template":"","format":"standard","meta":{"_acf_changed":false,"footnotes":""},"categories":[8],"tags":[],"class_list":["post-8914","post","type-post","status-publish","format-standard","has-post-thumbnail","hentry","category-noticia"],"acf":[],"yoast_head":"<!-- This site is optimized with the Yoast SEO plugin v27.1.1 - https:\/\/yoast.com\/product\/yoast-seo-wordpress\/ -->\n<title>Corfo abre curso para profesionalizar a los agentes asociados a la comercializaci\u00f3n del ciclo cultural de las artes visuales - Valpara\u00ed\u00adso Creativo<\/title>\n<meta name=\"robots\" content=\"index, follow, max-snippet:-1, max-image-preview:large, max-video-preview:-1\" \/>\n<link rel=\"canonical\" href=\"https:\/\/dev.antudigital.cl\/sites\/vc\/corfo-abre-curso-para-profesionalizar-a-los-agentes-asociados-a-la-comercializacion-del-ciclo-cultural-de-las-artes-visuales\/\" \/>\n<meta property=\"og:locale\" content=\"es_ES\" \/>\n<meta property=\"og:type\" content=\"article\" \/>\n<meta property=\"og:title\" content=\"Corfo abre curso para profesionalizar a los agentes asociados a la comercializaci\u00f3n del ciclo cultural de las artes visuales - Valpara\u00ed\u00adso Creativo\" \/>\n<meta property=\"og:description\" content=\"Las clases, que incluyen 160 horas pedag\u00f3gicas, comenzar\u00e1n en julio pr\u00f3ximo y beneficiar\u00e1n a profesionales de todas las regiones del pa\u00eds. Al igual que la mayor\u00eda de los sectores asociados al mundo de la cultura, las Artes Visuales ha sido uno de los m\u00e1s golpeados por la crisis derivada por el Covid-19. Tomando en cuenta [&hellip;]\" \/>\n<meta property=\"og:url\" content=\"https:\/\/dev.antudigital.cl\/sites\/vc\/corfo-abre-curso-para-profesionalizar-a-los-agentes-asociados-a-la-comercializacion-del-ciclo-cultural-de-las-artes-visuales\/\" \/>\n<meta property=\"og:site_name\" content=\"Valpara\u00ed\u00adso Creativo\" \/>\n<meta property=\"article:published_time\" content=\"2020-06-05T12:48:02+00:00\" \/>\n<meta property=\"og:image\" content=\"https:\/\/dev.antudigital.cl\/sites\/vc\/wp-content\/uploads\/2019\/12\/Casaplan_0024_IMG_6382.jpg\" \/>\n\t<meta property=\"og:image:width\" content=\"1920\" \/>\n\t<meta property=\"og:image:height\" content=\"1080\" \/>\n\t<meta property=\"og:image:type\" content=\"image\/jpeg\" \/>\n<meta name=\"author\" content=\"Valparaiso Creativo\" \/>\n<meta name=\"twitter:card\" content=\"summary_large_image\" \/>\n<meta name=\"twitter:label1\" content=\"Escrito por\" \/>\n\t<meta name=\"twitter:data1\" content=\"Valparaiso Creativo\" \/>\n\t<meta name=\"twitter:label2\" content=\"Tiempo de lectura\" \/>\n\t<meta name=\"twitter:data2\" content=\"2 minutos\" \/>\n<script type=\"application\/ld+json\" class=\"yoast-schema-graph\">{\"@context\":\"https:\/\/schema.org\",\"@graph\":[{\"@type\":\"Article\",\"@id\":\"https:\/\/dev.antudigital.cl\/sites\/vc\/corfo-abre-curso-para-profesionalizar-a-los-agentes-asociados-a-la-comercializacion-del-ciclo-cultural-de-las-artes-visuales\/#article\",\"isPartOf\":{\"@id\":\"https:\/\/dev.antudigital.cl\/sites\/vc\/corfo-abre-curso-para-profesionalizar-a-los-agentes-asociados-a-la-comercializacion-del-ciclo-cultural-de-las-artes-visuales\/\"},\"author\":{\"name\":\"Valparaiso Creativo\",\"@id\":\"https:\/\/dev.antudigital.cl\/sites\/vc\/#\/schema\/person\/81d1dcd51abd542b5dfc00f5f951a0f1\"},\"headline\":\"Corfo abre curso para profesionalizar a los agentes asociados a la comercializaci\u00f3n del ciclo cultural de las artes visuales\",\"datePublished\":\"2020-06-05T12:48:02+00:00\",\"mainEntityOfPage\":{\"@id\":\"https:\/\/dev.antudigital.cl\/sites\/vc\/corfo-abre-curso-para-profesionalizar-a-los-agentes-asociados-a-la-comercializacion-del-ciclo-cultural-de-las-artes-visuales\/\"},\"wordCount\":424,\"image\":{\"@id\":\"https:\/\/dev.antudigital.cl\/sites\/vc\/corfo-abre-curso-para-profesionalizar-a-los-agentes-asociados-a-la-comercializacion-del-ciclo-cultural-de-las-artes-visuales\/#primaryimage\"},\"thumbnailUrl\":\"https:\/\/dev.antudigital.cl\/sites\/vc\/wp-content\/uploads\/2019\/12\/Casaplan_0024_IMG_6382.jpg\",\"articleSection\":[\"Noticia\"],\"inLanguage\":\"es\"},{\"@type\":\"WebPage\",\"@id\":\"https:\/\/dev.antudigital.cl\/sites\/vc\/corfo-abre-curso-para-profesionalizar-a-los-agentes-asociados-a-la-comercializacion-del-ciclo-cultural-de-las-artes-visuales\/\",\"url\":\"https:\/\/dev.antudigital.cl\/sites\/vc\/corfo-abre-curso-para-profesionalizar-a-los-agentes-asociados-a-la-comercializacion-del-ciclo-cultural-de-las-artes-visuales\/\",\"name\":\"Corfo abre curso para profesionalizar a los agentes asociados a la comercializaci\u00f3n del ciclo cultural de las artes visuales - Valpara\u00ed\u00adso Creativo\",\"isPartOf\":{\"@id\":\"https:\/\/dev.antudigital.cl\/sites\/vc\/#website\"},\"primaryImageOfPage\":{\"@id\":\"https:\/\/dev.antudigital.cl\/sites\/vc\/corfo-abre-curso-para-profesionalizar-a-los-agentes-asociados-a-la-comercializacion-del-ciclo-cultural-de-las-artes-visuales\/#primaryimage\"},\"image\":{\"@id\":\"https:\/\/dev.antudigital.cl\/sites\/vc\/corfo-abre-curso-para-profesionalizar-a-los-agentes-asociados-a-la-comercializacion-del-ciclo-cultural-de-las-artes-visuales\/#primaryimage\"},\"thumbnailUrl\":\"https:\/\/dev.antudigital.cl\/sites\/vc\/wp-content\/uploads\/2019\/12\/Casaplan_0024_IMG_6382.jpg\",\"datePublished\":\"2020-06-05T12:48:02+00:00\",\"author\":{\"@id\":\"https:\/\/dev.antudigital.cl\/sites\/vc\/#\/schema\/person\/81d1dcd51abd542b5dfc00f5f951a0f1\"},\"breadcrumb\":{\"@id\":\"https:\/\/dev.antudigital.cl\/sites\/vc\/corfo-abre-curso-para-profesionalizar-a-los-agentes-asociados-a-la-comercializacion-del-ciclo-cultural-de-las-artes-visuales\/#breadcrumb\"},\"inLanguage\":\"es\",\"potentialAction\":[{\"@type\":\"ReadAction\",\"target\":[\"https:\/\/dev.antudigital.cl\/sites\/vc\/corfo-abre-curso-para-profesionalizar-a-los-agentes-asociados-a-la-comercializacion-del-ciclo-cultural-de-las-artes-visuales\/\"]}]},{\"@type\":\"ImageObject\",\"inLanguage\":\"es\",\"@id\":\"https:\/\/dev.antudigital.cl\/sites\/vc\/corfo-abre-curso-para-profesionalizar-a-los-agentes-asociados-a-la-comercializacion-del-ciclo-cultural-de-las-artes-visuales\/#primaryimage\",\"url\":\"https:\/\/dev.antudigital.cl\/sites\/vc\/wp-content\/uploads\/2019\/12\/Casaplan_0024_IMG_6382.jpg\",\"contentUrl\":\"https:\/\/dev.antudigital.cl\/sites\/vc\/wp-content\/uploads\/2019\/12\/Casaplan_0024_IMG_6382.jpg\",\"width\":1920,\"height\":1080},{\"@type\":\"BreadcrumbList\",\"@id\":\"https:\/\/dev.antudigital.cl\/sites\/vc\/corfo-abre-curso-para-profesionalizar-a-los-agentes-asociados-a-la-comercializacion-del-ciclo-cultural-de-las-artes-visuales\/#breadcrumb\",\"itemListElement\":[{\"@type\":\"ListItem\",\"position\":1,\"name\":\"Home\",\"item\":\"https:\/\/dev.antudigital.cl\/sites\/vc\/\"},{\"@type\":\"ListItem\",\"position\":2,\"name\":\"Corfo abre curso para profesionalizar a los agentes asociados a la comercializaci\u00f3n del ciclo cultural de las artes visuales\"}]},{\"@type\":\"WebSite\",\"@id\":\"https:\/\/dev.antudigital.cl\/sites\/vc\/#website\",\"url\":\"https:\/\/dev.antudigital.cl\/sites\/vc\/\",\"name\":\"Valpara\u00ed\u00adso Creativo\",\"description\":\"\",\"potentialAction\":[{\"@type\":\"SearchAction\",\"target\":{\"@type\":\"EntryPoint\",\"urlTemplate\":\"https:\/\/dev.antudigital.cl\/sites\/vc\/?s={search_term_string}\"},\"query-input\":{\"@type\":\"PropertyValueSpecification\",\"valueRequired\":true,\"valueName\":\"search_term_string\"}}],\"inLanguage\":\"es\"},{\"@type\":\"Person\",\"@id\":\"https:\/\/dev.antudigital.cl\/sites\/vc\/#\/schema\/person\/81d1dcd51abd542b5dfc00f5f951a0f1\",\"name\":\"Valparaiso Creativo\",\"url\":\"https:\/\/dev.antudigital.cl\/sites\/vc\/author\/valparaiso-creativo\/\"}]}<\/script>\n<!-- \/ Yoast SEO plugin. -->","yoast_head_json":{"title":"Corfo abre curso para profesionalizar a los agentes asociados a la comercializaci\u00f3n del ciclo cultural de las artes visuales - Valpara\u00ed\u00adso Creativo","robots":{"index":"index","follow":"follow","max-snippet":"max-snippet:-1","max-image-preview":"max-image-preview:large","max-video-preview":"max-video-preview:-1"},"canonical":"https:\/\/dev.antudigital.cl\/sites\/vc\/corfo-abre-curso-para-profesionalizar-a-los-agentes-asociados-a-la-comercializacion-del-ciclo-cultural-de-las-artes-visuales\/","og_locale":"es_ES","og_type":"article","og_title":"Corfo abre curso para profesionalizar a los agentes asociados a la comercializaci\u00f3n del ciclo cultural de las artes visuales - Valpara\u00ed\u00adso Creativo","og_description":"Las clases, que incluyen 160 horas pedag\u00f3gicas, comenzar\u00e1n en julio pr\u00f3ximo y beneficiar\u00e1n a profesionales de todas las regiones del pa\u00eds. Al igual que la mayor\u00eda de los sectores asociados al mundo de la cultura, las Artes Visuales ha sido uno de los m\u00e1s golpeados por la crisis derivada por el Covid-19. Tomando en cuenta [&hellip;]","og_url":"https:\/\/dev.antudigital.cl\/sites\/vc\/corfo-abre-curso-para-profesionalizar-a-los-agentes-asociados-a-la-comercializacion-del-ciclo-cultural-de-las-artes-visuales\/","og_site_name":"Valpara\u00ed\u00adso Creativo","article_published_time":"2020-06-05T12:48:02+00:00","og_image":[{"width":1920,"height":1080,"url":"https:\/\/dev.antudigital.cl\/sites\/vc\/wp-content\/uploads\/2019\/12\/Casaplan_0024_IMG_6382.jpg","type":"image\/jpeg"}],"author":"Valparaiso Creativo","twitter_card":"summary_large_image","twitter_misc":{"Escrito por":"Valparaiso Creativo","Tiempo de lectura":"2 minutos"},"schema":{"@context":"https:\/\/schema.org","@graph":[{"@type":"Article","@id":"https:\/\/dev.antudigital.cl\/sites\/vc\/corfo-abre-curso-para-profesionalizar-a-los-agentes-asociados-a-la-comercializacion-del-ciclo-cultural-de-las-artes-visuales\/#article","isPartOf":{"@id":"https:\/\/dev.antudigital.cl\/sites\/vc\/corfo-abre-curso-para-profesionalizar-a-los-agentes-asociados-a-la-comercializacion-del-ciclo-cultural-de-las-artes-visuales\/"},"author":{"name":"Valparaiso Creativo","@id":"https:\/\/dev.antudigital.cl\/sites\/vc\/#\/schema\/person\/81d1dcd51abd542b5dfc00f5f951a0f1"},"headline":"Corfo abre curso para profesionalizar a los agentes asociados a la comercializaci\u00f3n del ciclo cultural de las artes visuales","datePublished":"2020-06-05T12:48:02+00:00","mainEntityOfPage":{"@id":"https:\/\/dev.antudigital.cl\/sites\/vc\/corfo-abre-curso-para-profesionalizar-a-los-agentes-asociados-a-la-comercializacion-del-ciclo-cultural-de-las-artes-visuales\/"},"wordCount":424,"image":{"@id":"https:\/\/dev.antudigital.cl\/sites\/vc\/corfo-abre-curso-para-profesionalizar-a-los-agentes-asociados-a-la-comercializacion-del-ciclo-cultural-de-las-artes-visuales\/#primaryimage"},"thumbnailUrl":"https:\/\/dev.antudigital.cl\/sites\/vc\/wp-content\/uploads\/2019\/12\/Casaplan_0024_IMG_6382.jpg","articleSection":["Noticia"],"inLanguage":"es"},{"@type":"WebPage","@id":"https:\/\/dev.antudigital.cl\/sites\/vc\/corfo-abre-curso-para-profesionalizar-a-los-agentes-asociados-a-la-comercializacion-del-ciclo-cultural-de-las-artes-visuales\/","url":"https:\/\/dev.antudigital.cl\/sites\/vc\/corfo-abre-curso-para-profesionalizar-a-los-agentes-asociados-a-la-comercializacion-del-ciclo-cultural-de-las-artes-visuales\/","name":"Corfo abre curso para profesionalizar a los agentes asociados a la comercializaci\u00f3n del ciclo cultural de las artes visuales - Valpara\u00ed\u00adso Creativo","isPartOf":{"@id":"https:\/\/dev.antudigital.cl\/sites\/vc\/#website"},"primaryImageOfPage":{"@id":"https:\/\/dev.antudigital.cl\/sites\/vc\/corfo-abre-curso-para-profesionalizar-a-los-agentes-asociados-a-la-comercializacion-del-ciclo-cultural-de-las-artes-visuales\/#primaryimage"},"image":{"@id":"https:\/\/dev.antudigital.cl\/sites\/vc\/corfo-abre-curso-para-profesionalizar-a-los-agentes-asociados-a-la-comercializacion-del-ciclo-cultural-de-las-artes-visuales\/#primaryimage"},"thumbnailUrl":"https:\/\/dev.antudigital.cl\/sites\/vc\/wp-content\/uploads\/2019\/12\/Casaplan_0024_IMG_6382.jpg","datePublished":"2020-06-05T12:48:02+00:00","author":{"@id":"https:\/\/dev.antudigital.cl\/sites\/vc\/#\/schema\/person\/81d1dcd51abd542b5dfc00f5f951a0f1"},"breadcrumb":{"@id":"https:\/\/dev.antudigital.cl\/sites\/vc\/corfo-abre-curso-para-profesionalizar-a-los-agentes-asociados-a-la-comercializacion-del-ciclo-cultural-de-las-artes-visuales\/#breadcrumb"},"inLanguage":"es","potentialAction":[{"@type":"ReadAction","target":["https:\/\/dev.antudigital.cl\/sites\/vc\/corfo-abre-curso-para-profesionalizar-a-los-agentes-asociados-a-la-comercializacion-del-ciclo-cultural-de-las-artes-visuales\/"]}]},{"@type":"ImageObject","inLanguage":"es","@id":"https:\/\/dev.antudigital.cl\/sites\/vc\/corfo-abre-curso-para-profesionalizar-a-los-agentes-asociados-a-la-comercializacion-del-ciclo-cultural-de-las-artes-visuales\/#primaryimage","url":"https:\/\/dev.antudigital.cl\/sites\/vc\/wp-content\/uploads\/2019\/12\/Casaplan_0024_IMG_6382.jpg","contentUrl":"https:\/\/dev.antudigital.cl\/sites\/vc\/wp-content\/uploads\/2019\/12\/Casaplan_0024_IMG_6382.jpg","width":1920,"height":1080},{"@type":"BreadcrumbList","@id":"https:\/\/dev.antudigital.cl\/sites\/vc\/corfo-abre-curso-para-profesionalizar-a-los-agentes-asociados-a-la-comercializacion-del-ciclo-cultural-de-las-artes-visuales\/#breadcrumb","itemListElement":[{"@type":"ListItem","position":1,"name":"Home","item":"https:\/\/dev.antudigital.cl\/sites\/vc\/"},{"@type":"ListItem","position":2,"name":"Corfo abre curso para profesionalizar a los agentes asociados a la comercializaci\u00f3n del ciclo cultural de las artes visuales"}]},{"@type":"WebSite","@id":"https:\/\/dev.antudigital.cl\/sites\/vc\/#website","url":"https:\/\/dev.antudigital.cl\/sites\/vc\/","name":"Valpara\u00ed\u00adso Creativo","description":"","potentialAction":[{"@type":"SearchAction","target":{"@type":"EntryPoint","urlTemplate":"https:\/\/dev.antudigital.cl\/sites\/vc\/?s={search_term_string}"},"query-input":{"@type":"PropertyValueSpecification","valueRequired":true,"valueName":"search_term_string"}}],"inLanguage":"es"},{"@type":"Person","@id":"https:\/\/dev.antudigital.cl\/sites\/vc\/#\/schema\/person\/81d1dcd51abd542b5dfc00f5f951a0f1","name":"Valparaiso Creativo","url":"https:\/\/dev.antudigital.cl\/sites\/vc\/author\/valparaiso-creativo\/"}]}},"_links":{"self":[{"href":"https:\/\/dev.antudigital.cl\/sites\/vc\/wp-json\/wp\/v2\/posts\/8914","targetHints":{"allow":["GET"]}}],"collection":[{"href":"https:\/\/dev.antudigital.cl\/sites\/vc\/wp-json\/wp\/v2\/posts"}],"about":[{"href":"https:\/\/dev.antudigital.cl\/sites\/vc\/wp-json\/wp\/v2\/types\/post"}],"author":[{"embeddable":true,"href":"https:\/\/dev.antudigital.cl\/sites\/vc\/wp-json\/wp\/v2\/users\/3"}],"replies":[{"embeddable":true,"href":"https:\/\/dev.antudigital.cl\/sites\/vc\/wp-json\/wp\/v2\/comments?post=8914"}],"version-history":[{"count":0,"href":"https:\/\/dev.antudigital.cl\/sites\/vc\/wp-json\/wp\/v2\/posts\/8914\/revisions"}],"wp:featuredmedia":[{"embeddable":true,"href":"https:\/\/dev.antudigital.cl\/sites\/vc\/wp-json\/wp\/v2\/media\/8915"}],"wp:attachment":[{"href":"https:\/\/dev.antudigital.cl\/sites\/vc\/wp-json\/wp\/v2\/media?parent=8914"}],"wp:term":[{"taxonomy":"category","embeddable":true,"href":"https:\/\/dev.antudigital.cl\/sites\/vc\/wp-json\/wp\/v2\/categories?post=8914"},{"taxonomy":"post_tag","embeddable":true,"href":"https:\/\/dev.antudigital.cl\/sites\/vc\/wp-json\/wp\/v2\/tags?post=8914"}],"curies":[{"name":"wp","href":"https:\/\/api.w.org\/{rel}","templated":true}]}}