{"id":8926,"date":"2020-05-12T13:57:20","date_gmt":"2020-05-12T13:57:20","guid":{"rendered":"https:\/\/www.valparaisocreativo.cl\/?p=4723"},"modified":"2020-05-12T13:57:20","modified_gmt":"2020-05-12T13:57:20","slug":"seremi-de-las-culturas-extiende-plazo-de-cierre-para-participar-en-valparaiso-elige-cultura-en-casa","status":"publish","type":"post","link":"https:\/\/dev.antudigital.cl\/sites\/vc\/seremi-de-las-culturas-extiende-plazo-de-cierre-para-participar-en-valparaiso-elige-cultura-en-casa\/","title":{"rendered":"Seremi de las Culturas extiende plazo de cierre para participar en \u201cValpara\u00edso Elige Cultura en casa\u201d"},"content":{"rendered":"<p><strong>Hasta el 20 de mayo se ampli\u00f3 la convocatoria para que artistas y creadores puedan enviar sus propuestas de artes esc\u00e9nicas, creaci\u00f3n radial y artes visuales. \u00a0<\/strong><span id=\"more-151121\"><\/span><\/p>\n<p>La Seremi de las Culturas, las Artes y el Patrimonio extendi\u00f3 hasta el 20 de mayo la convocatoria para que artistas y creadores de la Regi\u00f3n de Valpara\u00edso participen en\u00a0 \u201cValpara\u00edso Elige Cultura en casa\u201d, con el objetivo de apoyar al sector cultural.<\/p>\n<p>Para participar\u00a0 los artistas podr\u00e1n optar a tres convocatorias diferentes que surgen de la colaboraci\u00f3n con otras organizaciones culturales de la regi\u00f3n:<\/p>\n<p><strong>Radio Casera:\u00a0<\/strong>es una emisora online creada por Tsonami en colaboraci\u00f3n con \u00c1ncora Coop. Se trata de una plataforma dirigida a artistas que residan en la Regi\u00f3n de Valpara\u00edso, vinculados a disciplinas art\u00edsticas como m\u00fasica, teatro, narraci\u00f3n oral, arte contempor\u00e1neo, sonoro y experimental, entre otras.<\/p>\n<p>Los interesados en participar tendr\u00e1n que presentar propuestas en formato radiof\u00f3nico, con una duraci\u00f3n entre 15 y 30 minutos. Las obras creativas pueden ser diversas: conciertos, lecturas literarias, programas de an\u00e1lisis de contingencia, cr\u00edtica cultural, cuentacuentos, clases, programas de conversaci\u00f3n o reflexi\u00f3n, o cualquier otro formato.<\/p>\n<p>Las bases y postulaciones est\u00e1n disponibles en\u00a0<a href=\"http:\/\/www.radiocasera.cl\/\">www.radiocasera.cl.\u00a0<\/a>\u00a0Las obras transmitir\u00e1n v\u00eda streaming durante junio y \u00a0julio de 2020, para luego quedar alojadas como podcast en la misma plataforma. La programaci\u00f3n tambi\u00e9n se podr\u00e1 seguir en la cuenta de Instagram @radiocasera. Consultas sobre el proceso al mail:\u00a0<a href=\"mailto:radiocasera2020@gmail.com\">radiocasera2020@gmail.com<\/a><\/p>\n<p><a href=\"https:\/\/www.cultura.gob.cl\/wp-content\/uploads\/2020\/05\/bases-radio-casera.pdf\" target=\"_blank\" rel=\"noopener noreferrer\">Descargar bases Radio Casera<\/a><\/p>\n<p><strong>Plataforma de Artes Esc\u00e9nicas:\u00a0<\/strong>la Seremi de las Culturas junto a Escenalborde, Artes Esc\u00e9nicas Contempor\u00e1nea, levant\u00f3 una plataforma especial para que artistas y personas creadoras de las diversas disciplinas de las artes esc\u00e9nicas, puedan difundir sus obras en plataformas digitales, a trav\u00e9s de c\u00e1psulas audiovisuales. Esta instancia de participaci\u00f3n est\u00e1 dirigida a quienes se desarrollen en las \u00e1reas de teatro, circo, danza, performance y t\u00edteres.<\/p>\n<p>Las propuestas art\u00edsticas pueden ser relecturas, actualizaciones y\/o versiones actualizadas de piezas ya estrenadas, las que deber\u00e1n tener una duraci\u00f3n de 1 a 10 minutos. Para participar, los artistas deben ingresar a\u00a0<a href=\"http:\/\/www.escenalborde.cl\/\">www.escenalborde.cl<\/a>\u00a0y enviar su postulaci\u00f3n.<\/p>\n<p>Durante este proceso se podr\u00e1n hacer consultas sobre esta convocatoria al correo:\u00a0<u><a href=\"mailto:valparaisoeligecultura@gmail.com\">valparaisoeligecultura@gmail.com\u00a0<\/a><\/u>En el caso de artistas esc\u00e9nicos mayores de 65 a\u00f1os pueden llamar al tel\u00e9fono +569 9440 3693, desde el 13 al 20 de mayo, entre las 12 y las 17 horas. Las obras seleccionadas ser\u00e1n difundidas en\u00a0<a href=\"http:\/\/www.escenalborde.cl\/\">www.escenalborde.cl<\/a>\u00a0y plataformas digitales gratuitas como: Youtube, Facebook, Instagram, Twitter, radios online, sitios web de artes y cultura, entre otros. Durante este proceso se podr\u00e1n hacer consultas sobre esta convocatoria al correo:\u00a0<u><a href=\"mailto:valparaisoeligecultura@gmail.com\">valparaisoeligecultura@gmail.com<\/a><\/u><\/p>\n<p><a href=\"https:\/\/www.cultura.gob.cl\/wp-content\/uploads\/2020\/05\/bases-valparaiso-elige-cultura-en-casa-aa.ee-120520-2.pdf\">Descarga las bases de la Plataforma de Artes Esc\u00e9nicas<\/a><\/p>\n<p><a href=\"https:\/\/www.cultura.gob.cl\/wp-content\/uploads\/2020\/05\/1-anexo-licencia-derechos-de-autor.docx\" target=\"_blank\" rel=\"noopener noreferrer\">Descarga Anexo licencia de derechos de autor<\/a><\/p>\n<p><a href=\"https:\/\/www.cultura.gob.cl\/wp-content\/uploads\/2020\/05\/indicaciones-tecnicas-minimas-de-realizacion.pdf\" target=\"_blank\" rel=\"noopener noreferrer\">Indicaciones t\u00e9cnicas para grabaci\u00f3n de c\u00e1psulas<\/a><\/p>\n<p><strong>Gu\u00eda de artes visuales:<\/strong>\u00a0con el objetivo de visibilizar y potenciar la venta de obras art\u00edsticas, CasaPlan abri\u00f3 una convocatoria p\u00fablica para la publicaci\u00f3n de la gu\u00eda \u201c100 artistas visuales. Valpara\u00edso 2020\u201d. \u00bfQui\u00e9nes pueden participar? Todas las personas de la Regi\u00f3n de Valpara\u00edso que desarrollan su trabajo en el \u00e1mbito de las artes visuales, como pintura, grabado, gr\u00e1fica, fotograf\u00eda, escultura y nuevos medios. Los postulantes podr\u00e1n enviar su postulaci\u00f3n al correo\u00a0<strong><a href=\"mailto:guiaartistas2020@gmail.com\">guiaartistas2020@gmail.com<\/a><\/strong>.<\/p>\n<p>A trav\u00e9s del link\u00a0<a href=\"http:\/\/www.casaplan.cl\/guiaartistas2020\">www.casaplan.cl\/guiaartistas2020<\/a>\u00a0cada postulante deber\u00e1 descargar y llenar una ficha con sus datos personales para postular a la convocatoria. Del proceso de postulaci\u00f3n se seleccionar\u00e1n 100 artistas que formar\u00e1n parte de la gu\u00eda que ser\u00e1 difundida en\u00a0<a href=\"http:\/\/www.casaplan.cl\/\">www.casaplan.cl<\/a>, donde se podr\u00e1n adquirir las obras. El compilado de obras ser\u00e1 digital y descargable en formato PDF.<\/p>\n<p><em><strong>Fuente:<\/strong><\/em> Ministerio de las Culturas, las Artes y el Patrimonio, Regi\u00f3n de Valpara\u00edso.<\/p>\n","protected":false},"excerpt":{"rendered":"<p>Hasta el 20 de mayo se ampli\u00f3 la convocatoria para que artistas y creadores puedan enviar sus propuestas de artes esc\u00e9nicas, creaci\u00f3n radial y artes visuales. \u00a0 La Seremi de las Culturas, las Artes y el Patrimonio extendi\u00f3 hasta el 20 de mayo la convocatoria para que artistas y creadores de la Regi\u00f3n de Valpara\u00edso [&hellip;]<\/p>\n","protected":false},"author":3,"featured_media":8927,"comment_status":"closed","ping_status":"closed","sticky":false,"template":"","format":"standard","meta":{"_acf_changed":false,"footnotes":""},"categories":[8],"tags":[25,62,7,63],"class_list":["post-8926","post","type-post","status-publish","format-standard","has-post-thumbnail","hentry","category-noticia","tag-convocatoria","tag-cultura","tag-industria-creativa","tag-region-de-valparaiso"],"acf":[],"yoast_head":"<!-- This site is optimized with the Yoast SEO plugin v27.1.1 - https:\/\/yoast.com\/product\/yoast-seo-wordpress\/ -->\n<title>Seremi de las Culturas extiende plazo de cierre para participar en \u201cValpara\u00edso Elige Cultura en casa\u201d - Valpara\u00ed\u00adso Creativo<\/title>\n<meta name=\"robots\" content=\"index, follow, max-snippet:-1, max-image-preview:large, max-video-preview:-1\" \/>\n<link rel=\"canonical\" href=\"https:\/\/dev.antudigital.cl\/sites\/vc\/seremi-de-las-culturas-extiende-plazo-de-cierre-para-participar-en-valparaiso-elige-cultura-en-casa\/\" \/>\n<meta property=\"og:locale\" content=\"es_ES\" \/>\n<meta property=\"og:type\" content=\"article\" \/>\n<meta property=\"og:title\" content=\"Seremi de las Culturas extiende plazo de cierre para participar en \u201cValpara\u00edso Elige Cultura en casa\u201d - Valpara\u00ed\u00adso Creativo\" \/>\n<meta property=\"og:description\" content=\"Hasta el 20 de mayo se ampli\u00f3 la convocatoria para que artistas y creadores puedan enviar sus propuestas de artes esc\u00e9nicas, creaci\u00f3n radial y artes visuales. \u00a0 La Seremi de las Culturas, las Artes y el Patrimonio extendi\u00f3 hasta el 20 de mayo la convocatoria para que artistas y creadores de la Regi\u00f3n de Valpara\u00edso [&hellip;]\" \/>\n<meta property=\"og:url\" content=\"https:\/\/dev.antudigital.cl\/sites\/vc\/seremi-de-las-culturas-extiende-plazo-de-cierre-para-participar-en-valparaiso-elige-cultura-en-casa\/\" \/>\n<meta property=\"og:site_name\" content=\"Valpara\u00ed\u00adso Creativo\" \/>\n<meta property=\"article:published_time\" content=\"2020-05-12T13:57:20+00:00\" \/>\n<meta property=\"og:image\" content=\"https:\/\/dev.antudigital.cl\/sites\/vc\/wp-content\/uploads\/2020\/06\/festivaltsonami18_nelsoncampos_foto-720x480-1.jpg\" \/>\n\t<meta property=\"og:image:width\" content=\"720\" \/>\n\t<meta property=\"og:image:height\" content=\"480\" \/>\n\t<meta property=\"og:image:type\" content=\"image\/jpeg\" \/>\n<meta name=\"author\" content=\"Valparaiso Creativo\" \/>\n<meta name=\"twitter:card\" content=\"summary_large_image\" \/>\n<meta name=\"twitter:label1\" content=\"Escrito por\" \/>\n\t<meta name=\"twitter:data1\" content=\"Valparaiso Creativo\" \/>\n\t<meta name=\"twitter:label2\" content=\"Tiempo de lectura\" \/>\n\t<meta name=\"twitter:data2\" content=\"3 minutos\" \/>\n<script type=\"application\/ld+json\" class=\"yoast-schema-graph\">{\"@context\":\"https:\/\/schema.org\",\"@graph\":[{\"@type\":\"Article\",\"@id\":\"https:\/\/dev.antudigital.cl\/sites\/vc\/seremi-de-las-culturas-extiende-plazo-de-cierre-para-participar-en-valparaiso-elige-cultura-en-casa\/#article\",\"isPartOf\":{\"@id\":\"https:\/\/dev.antudigital.cl\/sites\/vc\/seremi-de-las-culturas-extiende-plazo-de-cierre-para-participar-en-valparaiso-elige-cultura-en-casa\/\"},\"author\":{\"name\":\"Valparaiso Creativo\",\"@id\":\"https:\/\/dev.antudigital.cl\/sites\/vc\/#\/schema\/person\/81d1dcd51abd542b5dfc00f5f951a0f1\"},\"headline\":\"Seremi de las Culturas extiende plazo de cierre para participar en \u201cValpara\u00edso Elige Cultura en casa\u201d\",\"datePublished\":\"2020-05-12T13:57:20+00:00\",\"mainEntityOfPage\":{\"@id\":\"https:\/\/dev.antudigital.cl\/sites\/vc\/seremi-de-las-culturas-extiende-plazo-de-cierre-para-participar-en-valparaiso-elige-cultura-en-casa\/\"},\"wordCount\":673,\"image\":{\"@id\":\"https:\/\/dev.antudigital.cl\/sites\/vc\/seremi-de-las-culturas-extiende-plazo-de-cierre-para-participar-en-valparaiso-elige-cultura-en-casa\/#primaryimage\"},\"thumbnailUrl\":\"https:\/\/dev.antudigital.cl\/sites\/vc\/wp-content\/uploads\/2020\/06\/festivaltsonami18_nelsoncampos_foto-720x480-1.jpg\",\"keywords\":[\"convocatoria\",\"cultura\",\"industria creativa\",\"regi\u00f3n de valpara\u00edso\"],\"articleSection\":[\"Noticia\"],\"inLanguage\":\"es\"},{\"@type\":\"WebPage\",\"@id\":\"https:\/\/dev.antudigital.cl\/sites\/vc\/seremi-de-las-culturas-extiende-plazo-de-cierre-para-participar-en-valparaiso-elige-cultura-en-casa\/\",\"url\":\"https:\/\/dev.antudigital.cl\/sites\/vc\/seremi-de-las-culturas-extiende-plazo-de-cierre-para-participar-en-valparaiso-elige-cultura-en-casa\/\",\"name\":\"Seremi de las Culturas extiende plazo de cierre para participar en \u201cValpara\u00edso Elige Cultura en casa\u201d - Valpara\u00ed\u00adso Creativo\",\"isPartOf\":{\"@id\":\"https:\/\/dev.antudigital.cl\/sites\/vc\/#website\"},\"primaryImageOfPage\":{\"@id\":\"https:\/\/dev.antudigital.cl\/sites\/vc\/seremi-de-las-culturas-extiende-plazo-de-cierre-para-participar-en-valparaiso-elige-cultura-en-casa\/#primaryimage\"},\"image\":{\"@id\":\"https:\/\/dev.antudigital.cl\/sites\/vc\/seremi-de-las-culturas-extiende-plazo-de-cierre-para-participar-en-valparaiso-elige-cultura-en-casa\/#primaryimage\"},\"thumbnailUrl\":\"https:\/\/dev.antudigital.cl\/sites\/vc\/wp-content\/uploads\/2020\/06\/festivaltsonami18_nelsoncampos_foto-720x480-1.jpg\",\"datePublished\":\"2020-05-12T13:57:20+00:00\",\"author\":{\"@id\":\"https:\/\/dev.antudigital.cl\/sites\/vc\/#\/schema\/person\/81d1dcd51abd542b5dfc00f5f951a0f1\"},\"breadcrumb\":{\"@id\":\"https:\/\/dev.antudigital.cl\/sites\/vc\/seremi-de-las-culturas-extiende-plazo-de-cierre-para-participar-en-valparaiso-elige-cultura-en-casa\/#breadcrumb\"},\"inLanguage\":\"es\",\"potentialAction\":[{\"@type\":\"ReadAction\",\"target\":[\"https:\/\/dev.antudigital.cl\/sites\/vc\/seremi-de-las-culturas-extiende-plazo-de-cierre-para-participar-en-valparaiso-elige-cultura-en-casa\/\"]}]},{\"@type\":\"ImageObject\",\"inLanguage\":\"es\",\"@id\":\"https:\/\/dev.antudigital.cl\/sites\/vc\/seremi-de-las-culturas-extiende-plazo-de-cierre-para-participar-en-valparaiso-elige-cultura-en-casa\/#primaryimage\",\"url\":\"https:\/\/dev.antudigital.cl\/sites\/vc\/wp-content\/uploads\/2020\/06\/festivaltsonami18_nelsoncampos_foto-720x480-1.jpg\",\"contentUrl\":\"https:\/\/dev.antudigital.cl\/sites\/vc\/wp-content\/uploads\/2020\/06\/festivaltsonami18_nelsoncampos_foto-720x480-1.jpg\",\"width\":720,\"height\":480},{\"@type\":\"BreadcrumbList\",\"@id\":\"https:\/\/dev.antudigital.cl\/sites\/vc\/seremi-de-las-culturas-extiende-plazo-de-cierre-para-participar-en-valparaiso-elige-cultura-en-casa\/#breadcrumb\",\"itemListElement\":[{\"@type\":\"ListItem\",\"position\":1,\"name\":\"Home\",\"item\":\"https:\/\/dev.antudigital.cl\/sites\/vc\/\"},{\"@type\":\"ListItem\",\"position\":2,\"name\":\"Seremi de las Culturas extiende plazo de cierre para participar en \u201cValpara\u00edso Elige Cultura en casa\u201d\"}]},{\"@type\":\"WebSite\",\"@id\":\"https:\/\/dev.antudigital.cl\/sites\/vc\/#website\",\"url\":\"https:\/\/dev.antudigital.cl\/sites\/vc\/\",\"name\":\"Valpara\u00ed\u00adso Creativo\",\"description\":\"\",\"potentialAction\":[{\"@type\":\"SearchAction\",\"target\":{\"@type\":\"EntryPoint\",\"urlTemplate\":\"https:\/\/dev.antudigital.cl\/sites\/vc\/?s={search_term_string}\"},\"query-input\":{\"@type\":\"PropertyValueSpecification\",\"valueRequired\":true,\"valueName\":\"search_term_string\"}}],\"inLanguage\":\"es\"},{\"@type\":\"Person\",\"@id\":\"https:\/\/dev.antudigital.cl\/sites\/vc\/#\/schema\/person\/81d1dcd51abd542b5dfc00f5f951a0f1\",\"name\":\"Valparaiso Creativo\",\"url\":\"https:\/\/dev.antudigital.cl\/sites\/vc\/author\/valparaiso-creativo\/\"}]}<\/script>\n<!-- \/ Yoast SEO plugin. -->","yoast_head_json":{"title":"Seremi de las Culturas extiende plazo de cierre para participar en \u201cValpara\u00edso Elige Cultura en casa\u201d - Valpara\u00ed\u00adso Creativo","robots":{"index":"index","follow":"follow","max-snippet":"max-snippet:-1","max-image-preview":"max-image-preview:large","max-video-preview":"max-video-preview:-1"},"canonical":"https:\/\/dev.antudigital.cl\/sites\/vc\/seremi-de-las-culturas-extiende-plazo-de-cierre-para-participar-en-valparaiso-elige-cultura-en-casa\/","og_locale":"es_ES","og_type":"article","og_title":"Seremi de las Culturas extiende plazo de cierre para participar en \u201cValpara\u00edso Elige Cultura en casa\u201d - Valpara\u00ed\u00adso Creativo","og_description":"Hasta el 20 de mayo se ampli\u00f3 la convocatoria para que artistas y creadores puedan enviar sus propuestas de artes esc\u00e9nicas, creaci\u00f3n radial y artes visuales. \u00a0 La Seremi de las Culturas, las Artes y el Patrimonio extendi\u00f3 hasta el 20 de mayo la convocatoria para que artistas y creadores de la Regi\u00f3n de Valpara\u00edso [&hellip;]","og_url":"https:\/\/dev.antudigital.cl\/sites\/vc\/seremi-de-las-culturas-extiende-plazo-de-cierre-para-participar-en-valparaiso-elige-cultura-en-casa\/","og_site_name":"Valpara\u00ed\u00adso Creativo","article_published_time":"2020-05-12T13:57:20+00:00","og_image":[{"width":720,"height":480,"url":"https:\/\/dev.antudigital.cl\/sites\/vc\/wp-content\/uploads\/2020\/06\/festivaltsonami18_nelsoncampos_foto-720x480-1.jpg","type":"image\/jpeg"}],"author":"Valparaiso Creativo","twitter_card":"summary_large_image","twitter_misc":{"Escrito por":"Valparaiso Creativo","Tiempo de lectura":"3 minutos"},"schema":{"@context":"https:\/\/schema.org","@graph":[{"@type":"Article","@id":"https:\/\/dev.antudigital.cl\/sites\/vc\/seremi-de-las-culturas-extiende-plazo-de-cierre-para-participar-en-valparaiso-elige-cultura-en-casa\/#article","isPartOf":{"@id":"https:\/\/dev.antudigital.cl\/sites\/vc\/seremi-de-las-culturas-extiende-plazo-de-cierre-para-participar-en-valparaiso-elige-cultura-en-casa\/"},"author":{"name":"Valparaiso Creativo","@id":"https:\/\/dev.antudigital.cl\/sites\/vc\/#\/schema\/person\/81d1dcd51abd542b5dfc00f5f951a0f1"},"headline":"Seremi de las Culturas extiende plazo de cierre para participar en \u201cValpara\u00edso Elige Cultura en casa\u201d","datePublished":"2020-05-12T13:57:20+00:00","mainEntityOfPage":{"@id":"https:\/\/dev.antudigital.cl\/sites\/vc\/seremi-de-las-culturas-extiende-plazo-de-cierre-para-participar-en-valparaiso-elige-cultura-en-casa\/"},"wordCount":673,"image":{"@id":"https:\/\/dev.antudigital.cl\/sites\/vc\/seremi-de-las-culturas-extiende-plazo-de-cierre-para-participar-en-valparaiso-elige-cultura-en-casa\/#primaryimage"},"thumbnailUrl":"https:\/\/dev.antudigital.cl\/sites\/vc\/wp-content\/uploads\/2020\/06\/festivaltsonami18_nelsoncampos_foto-720x480-1.jpg","keywords":["convocatoria","cultura","industria creativa","regi\u00f3n de valpara\u00edso"],"articleSection":["Noticia"],"inLanguage":"es"},{"@type":"WebPage","@id":"https:\/\/dev.antudigital.cl\/sites\/vc\/seremi-de-las-culturas-extiende-plazo-de-cierre-para-participar-en-valparaiso-elige-cultura-en-casa\/","url":"https:\/\/dev.antudigital.cl\/sites\/vc\/seremi-de-las-culturas-extiende-plazo-de-cierre-para-participar-en-valparaiso-elige-cultura-en-casa\/","name":"Seremi de las Culturas extiende plazo de cierre para participar en \u201cValpara\u00edso Elige Cultura en casa\u201d - Valpara\u00ed\u00adso Creativo","isPartOf":{"@id":"https:\/\/dev.antudigital.cl\/sites\/vc\/#website"},"primaryImageOfPage":{"@id":"https:\/\/dev.antudigital.cl\/sites\/vc\/seremi-de-las-culturas-extiende-plazo-de-cierre-para-participar-en-valparaiso-elige-cultura-en-casa\/#primaryimage"},"image":{"@id":"https:\/\/dev.antudigital.cl\/sites\/vc\/seremi-de-las-culturas-extiende-plazo-de-cierre-para-participar-en-valparaiso-elige-cultura-en-casa\/#primaryimage"},"thumbnailUrl":"https:\/\/dev.antudigital.cl\/sites\/vc\/wp-content\/uploads\/2020\/06\/festivaltsonami18_nelsoncampos_foto-720x480-1.jpg","datePublished":"2020-05-12T13:57:20+00:00","author":{"@id":"https:\/\/dev.antudigital.cl\/sites\/vc\/#\/schema\/person\/81d1dcd51abd542b5dfc00f5f951a0f1"},"breadcrumb":{"@id":"https:\/\/dev.antudigital.cl\/sites\/vc\/seremi-de-las-culturas-extiende-plazo-de-cierre-para-participar-en-valparaiso-elige-cultura-en-casa\/#breadcrumb"},"inLanguage":"es","potentialAction":[{"@type":"ReadAction","target":["https:\/\/dev.antudigital.cl\/sites\/vc\/seremi-de-las-culturas-extiende-plazo-de-cierre-para-participar-en-valparaiso-elige-cultura-en-casa\/"]}]},{"@type":"ImageObject","inLanguage":"es","@id":"https:\/\/dev.antudigital.cl\/sites\/vc\/seremi-de-las-culturas-extiende-plazo-de-cierre-para-participar-en-valparaiso-elige-cultura-en-casa\/#primaryimage","url":"https:\/\/dev.antudigital.cl\/sites\/vc\/wp-content\/uploads\/2020\/06\/festivaltsonami18_nelsoncampos_foto-720x480-1.jpg","contentUrl":"https:\/\/dev.antudigital.cl\/sites\/vc\/wp-content\/uploads\/2020\/06\/festivaltsonami18_nelsoncampos_foto-720x480-1.jpg","width":720,"height":480},{"@type":"BreadcrumbList","@id":"https:\/\/dev.antudigital.cl\/sites\/vc\/seremi-de-las-culturas-extiende-plazo-de-cierre-para-participar-en-valparaiso-elige-cultura-en-casa\/#breadcrumb","itemListElement":[{"@type":"ListItem","position":1,"name":"Home","item":"https:\/\/dev.antudigital.cl\/sites\/vc\/"},{"@type":"ListItem","position":2,"name":"Seremi de las Culturas extiende plazo de cierre para participar en \u201cValpara\u00edso Elige Cultura en casa\u201d"}]},{"@type":"WebSite","@id":"https:\/\/dev.antudigital.cl\/sites\/vc\/#website","url":"https:\/\/dev.antudigital.cl\/sites\/vc\/","name":"Valpara\u00ed\u00adso Creativo","description":"","potentialAction":[{"@type":"SearchAction","target":{"@type":"EntryPoint","urlTemplate":"https:\/\/dev.antudigital.cl\/sites\/vc\/?s={search_term_string}"},"query-input":{"@type":"PropertyValueSpecification","valueRequired":true,"valueName":"search_term_string"}}],"inLanguage":"es"},{"@type":"Person","@id":"https:\/\/dev.antudigital.cl\/sites\/vc\/#\/schema\/person\/81d1dcd51abd542b5dfc00f5f951a0f1","name":"Valparaiso Creativo","url":"https:\/\/dev.antudigital.cl\/sites\/vc\/author\/valparaiso-creativo\/"}]}},"_links":{"self":[{"href":"https:\/\/dev.antudigital.cl\/sites\/vc\/wp-json\/wp\/v2\/posts\/8926","targetHints":{"allow":["GET"]}}],"collection":[{"href":"https:\/\/dev.antudigital.cl\/sites\/vc\/wp-json\/wp\/v2\/posts"}],"about":[{"href":"https:\/\/dev.antudigital.cl\/sites\/vc\/wp-json\/wp\/v2\/types\/post"}],"author":[{"embeddable":true,"href":"https:\/\/dev.antudigital.cl\/sites\/vc\/wp-json\/wp\/v2\/users\/3"}],"replies":[{"embeddable":true,"href":"https:\/\/dev.antudigital.cl\/sites\/vc\/wp-json\/wp\/v2\/comments?post=8926"}],"version-history":[{"count":0,"href":"https:\/\/dev.antudigital.cl\/sites\/vc\/wp-json\/wp\/v2\/posts\/8926\/revisions"}],"wp:featuredmedia":[{"embeddable":true,"href":"https:\/\/dev.antudigital.cl\/sites\/vc\/wp-json\/wp\/v2\/media\/8927"}],"wp:attachment":[{"href":"https:\/\/dev.antudigital.cl\/sites\/vc\/wp-json\/wp\/v2\/media?parent=8926"}],"wp:term":[{"taxonomy":"category","embeddable":true,"href":"https:\/\/dev.antudigital.cl\/sites\/vc\/wp-json\/wp\/v2\/categories?post=8926"},{"taxonomy":"post_tag","embeddable":true,"href":"https:\/\/dev.antudigital.cl\/sites\/vc\/wp-json\/wp\/v2\/tags?post=8926"}],"curies":[{"name":"wp","href":"https:\/\/api.w.org\/{rel}","templated":true}]}}