{"id":8940,"date":"2019-11-04T14:08:51","date_gmt":"2019-11-04T14:08:51","guid":{"rendered":"http:\/\/www.valparaisocreativo.cl\/?p=3740"},"modified":"2019-11-04T14:08:51","modified_gmt":"2019-11-04T14:08:51","slug":"valparaiso-adhiere-a-red-mundial-de-turismo-creativo","status":"publish","type":"post","link":"https:\/\/dev.antudigital.cl\/sites\/vc\/valparaiso-adhiere-a-red-mundial-de-turismo-creativo\/","title":{"rendered":"Valpara\u00edso adhiere a red mundial de Turismo Creativo"},"content":{"rendered":"<p>&nbsp;<\/p>\n<ul>\n<li style=\"font-weight: 400;\"><i><span style=\"font-weight: 400;\">La Alcald\u00eda Ciudadana del Municipio de Valpara\u00edso a trav\u00e9s de su Direcci\u00f3n de Turismo junto al apoyo de Valpara\u00edso Creativo adhiri\u00f3 a la red de Creative Tourism Network que potenciar\u00e1 la llegada de turistas a Valpara\u00edso. La ciudad cuenta, desde ahora, con un sello de turismo creativo, reconoci\u00e9ndola internacionalmente para todos (as) quienes busquen experiencias \u00fanicas.\u00a0\u00a0<\/span><\/i><\/li>\n<\/ul>\n<p>&nbsp;<\/p>\n<p><span style=\"font-weight: 400;\">Valpara\u00edso innegablemente a trav\u00e9s de su historia cuenta con un ADN creativo. Una cualidad que le permiti\u00f3 ingresar este mes a la <\/span><b>Red Mundial de Turismo Creativo<\/b><span style=\"font-weight: 400;\">, organizaci\u00f3n internacional sin fines de lucro, obteniendo la categor\u00eda de Creative Friendly Destination, apostando a atraer visitantes gracias a la creatividad como puente de desarrollo.<\/span><\/p>\n<p><span style=\"font-weight: 400;\">La adhesi\u00f3n a esta red de trabajo de parte del <\/span><b>Municipio de Valpara\u00edso<\/b><span style=\"font-weight: 400;\"> se convierte en un paso clave para la promoci\u00f3n del \u201cdestino Valpara\u00edso\u201d a nivel internacional, debido a su ingreso a un cat\u00e1logo repartido a m\u00e1s de 10 mil tours operadores y periodistas especializados en todo el mundo. Adem\u00e1s, se suma a ciudades que han tomado el mismo camino como <\/span><b>Medell\u00edn, Barcelona y Bangkok<\/b><span style=\"font-weight: 400;\">.<\/span><\/p>\n<p><span style=\"font-weight: 400;\">Sobre esta nueva denominaci\u00f3n, el alcalde de Valpara\u00edso, Jorge Sharp Fajardo, enfatiz\u00f3 los esfuerzos de la alcald\u00eda para apoyar el turismo porte\u00f1o. \u201cEsto es otro atractivo que es importante destacar. Valpara\u00edso es una ciudad excepcional, cuyos habitantes brillan por su creatividad en las calles, en su arte, en su vida cotidiana. Invitamos a conocer el Valpara\u00edso creativo en sus emprendimientos, sus locales, gastronom\u00eda, en sus maneras de vivir y habitar la ciudad. <\/span><b>Con este paso que damos queremos decirle al mundo que somos una ciudad viva, en movimiento, pensante, innovadora<\/b><span style=\"font-weight: 400;\"> y pueden venir a disfrutarla cuando quieran\u201d.<\/span><\/p>\n<p><span style=\"font-weight: 400;\">Despu\u00e9s de a\u00f1os de crecimiento, el turismo en Valpara\u00edso ha logrado destacarse gracias a sus experiencias creativas y esta nueva asociaci\u00f3n permite la presencia en ferias de turismo mundiales, difusi\u00f3n internacional, marketing digital y talleres destinados a potenciar el turismo creativo.<\/span><\/p>\n<p><span style=\"font-weight: 400;\">Caroline Couret, co-fundadora de <\/span><b>Creative Tourism Network<\/b><span style=\"font-weight: 400;\"> (CNT), quien visit\u00f3 en Valpara\u00edso para formalizar la adhesi\u00f3n de la ciudad a la red, recalc\u00f3 que \u201clos destinos apuestan por el turismo creativo tambi\u00e9n <\/span><b>como una forma de solucionar externalidades negativas relacionadas con turismo<\/b><span style=\"font-weight: 400;\">, como por ejemplo la estacionalizaci\u00f3n y sobre todo para crear una cadena de valor para el destino y sus habitantes, que fomente la capacitaci\u00f3n, el emprendimiento, la preservaci\u00f3n y transmisi\u00f3n del patrimonio intangible, la cohesi\u00f3n social y en definitiva, un ecosistema entre los distintos sectores, con el turismo como motor\u201d.\u00a0<\/span><\/p>\n<p><span style=\"font-weight: 400;\">Esta certificaci\u00f3n entregada por el CNT, apoyada por el <\/span><b>programa de Corfo Valpara\u00edso Creativo<\/b><span style=\"font-weight: 400;\">, brinda diversas herramientas como asesor\u00eda y dise\u00f1o de estrategias de marketing para atraer turistas que busquen mercados de creatividad como talleres, rutas, comunidades, entre otros. Adem\u00e1s de la generaci\u00f3n de alianzas con los pa\u00edses que tambi\u00e9n pertenecen a esta red con el fin de ayudarse mutuamente a potenciar sus atractivos y desarrollo creativo.<\/span><\/p>\n<p>&nbsp;<\/p>\n<p>&nbsp;<\/p>\n<p>&nbsp;<\/p>\n<p>&nbsp;<\/p>\n","protected":false},"excerpt":{"rendered":"<p>&nbsp; La Alcald\u00eda Ciudadana del Municipio de Valpara\u00edso a trav\u00e9s de su Direcci\u00f3n de Turismo junto al apoyo de Valpara\u00edso Creativo adhiri\u00f3 a la red de Creative Tourism Network que potenciar\u00e1 la llegada de turistas a Valpara\u00edso. La ciudad cuenta, desde ahora, con un sello de turismo creativo, reconoci\u00e9ndola internacionalmente para todos (as) quienes busquen [&hellip;]<\/p>\n","protected":false},"author":3,"featured_media":8941,"comment_status":"closed","ping_status":"closed","sticky":false,"template":"","format":"standard","meta":{"_acf_changed":false,"footnotes":""},"categories":[8],"tags":[],"class_list":["post-8940","post","type-post","status-publish","format-standard","has-post-thumbnail","hentry","category-noticia"],"acf":[],"yoast_head":"<!-- This site is optimized with the Yoast SEO plugin v27.1.1 - https:\/\/yoast.com\/product\/yoast-seo-wordpress\/ -->\n<title>Valpara\u00edso adhiere a red mundial de Turismo Creativo - Valpara\u00ed\u00adso Creativo<\/title>\n<meta name=\"robots\" content=\"index, follow, max-snippet:-1, max-image-preview:large, max-video-preview:-1\" \/>\n<link rel=\"canonical\" href=\"https:\/\/dev.antudigital.cl\/sites\/vc\/valparaiso-adhiere-a-red-mundial-de-turismo-creativo\/\" \/>\n<meta property=\"og:locale\" content=\"es_ES\" \/>\n<meta property=\"og:type\" content=\"article\" \/>\n<meta property=\"og:title\" content=\"Valpara\u00edso adhiere a red mundial de Turismo Creativo - Valpara\u00ed\u00adso Creativo\" \/>\n<meta property=\"og:description\" content=\"&nbsp; La Alcald\u00eda Ciudadana del Municipio de Valpara\u00edso a trav\u00e9s de su Direcci\u00f3n de Turismo junto al apoyo de Valpara\u00edso Creativo adhiri\u00f3 a la red de Creative Tourism Network que potenciar\u00e1 la llegada de turistas a Valpara\u00edso. La ciudad cuenta, desde ahora, con un sello de turismo creativo, reconoci\u00e9ndola internacionalmente para todos (as) quienes busquen [&hellip;]\" \/>\n<meta property=\"og:url\" content=\"https:\/\/dev.antudigital.cl\/sites\/vc\/valparaiso-adhiere-a-red-mundial-de-turismo-creativo\/\" \/>\n<meta property=\"og:site_name\" content=\"Valpara\u00ed\u00adso Creativo\" \/>\n<meta property=\"article:published_time\" content=\"2019-11-04T14:08:51+00:00\" \/>\n<meta property=\"og:image\" content=\"https:\/\/dev.antudigital.cl\/sites\/vc\/wp-content\/uploads\/2019\/11\/MURAL-6-e1574096887110.jpg\" \/>\n\t<meta property=\"og:image:width\" content=\"1600\" \/>\n\t<meta property=\"og:image:height\" content=\"900\" \/>\n\t<meta property=\"og:image:type\" content=\"image\/jpeg\" \/>\n<meta name=\"author\" content=\"Valparaiso Creativo\" \/>\n<meta name=\"twitter:card\" content=\"summary_large_image\" \/>\n<meta name=\"twitter:label1\" content=\"Escrito por\" \/>\n\t<meta name=\"twitter:data1\" content=\"Valparaiso Creativo\" \/>\n\t<meta name=\"twitter:label2\" content=\"Tiempo de lectura\" \/>\n\t<meta name=\"twitter:data2\" content=\"3 minutos\" \/>\n<script type=\"application\/ld+json\" class=\"yoast-schema-graph\">{\"@context\":\"https:\/\/schema.org\",\"@graph\":[{\"@type\":\"Article\",\"@id\":\"https:\/\/dev.antudigital.cl\/sites\/vc\/valparaiso-adhiere-a-red-mundial-de-turismo-creativo\/#article\",\"isPartOf\":{\"@id\":\"https:\/\/dev.antudigital.cl\/sites\/vc\/valparaiso-adhiere-a-red-mundial-de-turismo-creativo\/\"},\"author\":{\"name\":\"Valparaiso Creativo\",\"@id\":\"https:\/\/dev.antudigital.cl\/sites\/vc\/#\/schema\/person\/81d1dcd51abd542b5dfc00f5f951a0f1\"},\"headline\":\"Valpara\u00edso adhiere a red mundial de Turismo Creativo\",\"datePublished\":\"2019-11-04T14:08:51+00:00\",\"mainEntityOfPage\":{\"@id\":\"https:\/\/dev.antudigital.cl\/sites\/vc\/valparaiso-adhiere-a-red-mundial-de-turismo-creativo\/\"},\"wordCount\":532,\"image\":{\"@id\":\"https:\/\/dev.antudigital.cl\/sites\/vc\/valparaiso-adhiere-a-red-mundial-de-turismo-creativo\/#primaryimage\"},\"thumbnailUrl\":\"https:\/\/dev.antudigital.cl\/sites\/vc\/wp-content\/uploads\/2019\/11\/MURAL-6-e1574096887110.jpg\",\"articleSection\":[\"Noticia\"],\"inLanguage\":\"es\"},{\"@type\":\"WebPage\",\"@id\":\"https:\/\/dev.antudigital.cl\/sites\/vc\/valparaiso-adhiere-a-red-mundial-de-turismo-creativo\/\",\"url\":\"https:\/\/dev.antudigital.cl\/sites\/vc\/valparaiso-adhiere-a-red-mundial-de-turismo-creativo\/\",\"name\":\"Valpara\u00edso adhiere a red mundial de Turismo Creativo - Valpara\u00ed\u00adso Creativo\",\"isPartOf\":{\"@id\":\"https:\/\/dev.antudigital.cl\/sites\/vc\/#website\"},\"primaryImageOfPage\":{\"@id\":\"https:\/\/dev.antudigital.cl\/sites\/vc\/valparaiso-adhiere-a-red-mundial-de-turismo-creativo\/#primaryimage\"},\"image\":{\"@id\":\"https:\/\/dev.antudigital.cl\/sites\/vc\/valparaiso-adhiere-a-red-mundial-de-turismo-creativo\/#primaryimage\"},\"thumbnailUrl\":\"https:\/\/dev.antudigital.cl\/sites\/vc\/wp-content\/uploads\/2019\/11\/MURAL-6-e1574096887110.jpg\",\"datePublished\":\"2019-11-04T14:08:51+00:00\",\"author\":{\"@id\":\"https:\/\/dev.antudigital.cl\/sites\/vc\/#\/schema\/person\/81d1dcd51abd542b5dfc00f5f951a0f1\"},\"breadcrumb\":{\"@id\":\"https:\/\/dev.antudigital.cl\/sites\/vc\/valparaiso-adhiere-a-red-mundial-de-turismo-creativo\/#breadcrumb\"},\"inLanguage\":\"es\",\"potentialAction\":[{\"@type\":\"ReadAction\",\"target\":[\"https:\/\/dev.antudigital.cl\/sites\/vc\/valparaiso-adhiere-a-red-mundial-de-turismo-creativo\/\"]}]},{\"@type\":\"ImageObject\",\"inLanguage\":\"es\",\"@id\":\"https:\/\/dev.antudigital.cl\/sites\/vc\/valparaiso-adhiere-a-red-mundial-de-turismo-creativo\/#primaryimage\",\"url\":\"https:\/\/dev.antudigital.cl\/sites\/vc\/wp-content\/uploads\/2019\/11\/MURAL-6-e1574096887110.jpg\",\"contentUrl\":\"https:\/\/dev.antudigital.cl\/sites\/vc\/wp-content\/uploads\/2019\/11\/MURAL-6-e1574096887110.jpg\",\"width\":1600,\"height\":900},{\"@type\":\"BreadcrumbList\",\"@id\":\"https:\/\/dev.antudigital.cl\/sites\/vc\/valparaiso-adhiere-a-red-mundial-de-turismo-creativo\/#breadcrumb\",\"itemListElement\":[{\"@type\":\"ListItem\",\"position\":1,\"name\":\"Home\",\"item\":\"https:\/\/dev.antudigital.cl\/sites\/vc\/\"},{\"@type\":\"ListItem\",\"position\":2,\"name\":\"Valpara\u00edso adhiere a red mundial de Turismo Creativo\"}]},{\"@type\":\"WebSite\",\"@id\":\"https:\/\/dev.antudigital.cl\/sites\/vc\/#website\",\"url\":\"https:\/\/dev.antudigital.cl\/sites\/vc\/\",\"name\":\"Valpara\u00ed\u00adso Creativo\",\"description\":\"\",\"potentialAction\":[{\"@type\":\"SearchAction\",\"target\":{\"@type\":\"EntryPoint\",\"urlTemplate\":\"https:\/\/dev.antudigital.cl\/sites\/vc\/?s={search_term_string}\"},\"query-input\":{\"@type\":\"PropertyValueSpecification\",\"valueRequired\":true,\"valueName\":\"search_term_string\"}}],\"inLanguage\":\"es\"},{\"@type\":\"Person\",\"@id\":\"https:\/\/dev.antudigital.cl\/sites\/vc\/#\/schema\/person\/81d1dcd51abd542b5dfc00f5f951a0f1\",\"name\":\"Valparaiso Creativo\",\"url\":\"https:\/\/dev.antudigital.cl\/sites\/vc\/author\/valparaiso-creativo\/\"}]}<\/script>\n<!-- \/ Yoast SEO plugin. -->","yoast_head_json":{"title":"Valpara\u00edso adhiere a red mundial de Turismo Creativo - Valpara\u00ed\u00adso Creativo","robots":{"index":"index","follow":"follow","max-snippet":"max-snippet:-1","max-image-preview":"max-image-preview:large","max-video-preview":"max-video-preview:-1"},"canonical":"https:\/\/dev.antudigital.cl\/sites\/vc\/valparaiso-adhiere-a-red-mundial-de-turismo-creativo\/","og_locale":"es_ES","og_type":"article","og_title":"Valpara\u00edso adhiere a red mundial de Turismo Creativo - Valpara\u00ed\u00adso Creativo","og_description":"&nbsp; La Alcald\u00eda Ciudadana del Municipio de Valpara\u00edso a trav\u00e9s de su Direcci\u00f3n de Turismo junto al apoyo de Valpara\u00edso Creativo adhiri\u00f3 a la red de Creative Tourism Network que potenciar\u00e1 la llegada de turistas a Valpara\u00edso. La ciudad cuenta, desde ahora, con un sello de turismo creativo, reconoci\u00e9ndola internacionalmente para todos (as) quienes busquen [&hellip;]","og_url":"https:\/\/dev.antudigital.cl\/sites\/vc\/valparaiso-adhiere-a-red-mundial-de-turismo-creativo\/","og_site_name":"Valpara\u00ed\u00adso Creativo","article_published_time":"2019-11-04T14:08:51+00:00","og_image":[{"width":1600,"height":900,"url":"https:\/\/dev.antudigital.cl\/sites\/vc\/wp-content\/uploads\/2019\/11\/MURAL-6-e1574096887110.jpg","type":"image\/jpeg"}],"author":"Valparaiso Creativo","twitter_card":"summary_large_image","twitter_misc":{"Escrito por":"Valparaiso Creativo","Tiempo de lectura":"3 minutos"},"schema":{"@context":"https:\/\/schema.org","@graph":[{"@type":"Article","@id":"https:\/\/dev.antudigital.cl\/sites\/vc\/valparaiso-adhiere-a-red-mundial-de-turismo-creativo\/#article","isPartOf":{"@id":"https:\/\/dev.antudigital.cl\/sites\/vc\/valparaiso-adhiere-a-red-mundial-de-turismo-creativo\/"},"author":{"name":"Valparaiso Creativo","@id":"https:\/\/dev.antudigital.cl\/sites\/vc\/#\/schema\/person\/81d1dcd51abd542b5dfc00f5f951a0f1"},"headline":"Valpara\u00edso adhiere a red mundial de Turismo Creativo","datePublished":"2019-11-04T14:08:51+00:00","mainEntityOfPage":{"@id":"https:\/\/dev.antudigital.cl\/sites\/vc\/valparaiso-adhiere-a-red-mundial-de-turismo-creativo\/"},"wordCount":532,"image":{"@id":"https:\/\/dev.antudigital.cl\/sites\/vc\/valparaiso-adhiere-a-red-mundial-de-turismo-creativo\/#primaryimage"},"thumbnailUrl":"https:\/\/dev.antudigital.cl\/sites\/vc\/wp-content\/uploads\/2019\/11\/MURAL-6-e1574096887110.jpg","articleSection":["Noticia"],"inLanguage":"es"},{"@type":"WebPage","@id":"https:\/\/dev.antudigital.cl\/sites\/vc\/valparaiso-adhiere-a-red-mundial-de-turismo-creativo\/","url":"https:\/\/dev.antudigital.cl\/sites\/vc\/valparaiso-adhiere-a-red-mundial-de-turismo-creativo\/","name":"Valpara\u00edso adhiere a red mundial de Turismo Creativo - Valpara\u00ed\u00adso Creativo","isPartOf":{"@id":"https:\/\/dev.antudigital.cl\/sites\/vc\/#website"},"primaryImageOfPage":{"@id":"https:\/\/dev.antudigital.cl\/sites\/vc\/valparaiso-adhiere-a-red-mundial-de-turismo-creativo\/#primaryimage"},"image":{"@id":"https:\/\/dev.antudigital.cl\/sites\/vc\/valparaiso-adhiere-a-red-mundial-de-turismo-creativo\/#primaryimage"},"thumbnailUrl":"https:\/\/dev.antudigital.cl\/sites\/vc\/wp-content\/uploads\/2019\/11\/MURAL-6-e1574096887110.jpg","datePublished":"2019-11-04T14:08:51+00:00","author":{"@id":"https:\/\/dev.antudigital.cl\/sites\/vc\/#\/schema\/person\/81d1dcd51abd542b5dfc00f5f951a0f1"},"breadcrumb":{"@id":"https:\/\/dev.antudigital.cl\/sites\/vc\/valparaiso-adhiere-a-red-mundial-de-turismo-creativo\/#breadcrumb"},"inLanguage":"es","potentialAction":[{"@type":"ReadAction","target":["https:\/\/dev.antudigital.cl\/sites\/vc\/valparaiso-adhiere-a-red-mundial-de-turismo-creativo\/"]}]},{"@type":"ImageObject","inLanguage":"es","@id":"https:\/\/dev.antudigital.cl\/sites\/vc\/valparaiso-adhiere-a-red-mundial-de-turismo-creativo\/#primaryimage","url":"https:\/\/dev.antudigital.cl\/sites\/vc\/wp-content\/uploads\/2019\/11\/MURAL-6-e1574096887110.jpg","contentUrl":"https:\/\/dev.antudigital.cl\/sites\/vc\/wp-content\/uploads\/2019\/11\/MURAL-6-e1574096887110.jpg","width":1600,"height":900},{"@type":"BreadcrumbList","@id":"https:\/\/dev.antudigital.cl\/sites\/vc\/valparaiso-adhiere-a-red-mundial-de-turismo-creativo\/#breadcrumb","itemListElement":[{"@type":"ListItem","position":1,"name":"Home","item":"https:\/\/dev.antudigital.cl\/sites\/vc\/"},{"@type":"ListItem","position":2,"name":"Valpara\u00edso adhiere a red mundial de Turismo Creativo"}]},{"@type":"WebSite","@id":"https:\/\/dev.antudigital.cl\/sites\/vc\/#website","url":"https:\/\/dev.antudigital.cl\/sites\/vc\/","name":"Valpara\u00ed\u00adso Creativo","description":"","potentialAction":[{"@type":"SearchAction","target":{"@type":"EntryPoint","urlTemplate":"https:\/\/dev.antudigital.cl\/sites\/vc\/?s={search_term_string}"},"query-input":{"@type":"PropertyValueSpecification","valueRequired":true,"valueName":"search_term_string"}}],"inLanguage":"es"},{"@type":"Person","@id":"https:\/\/dev.antudigital.cl\/sites\/vc\/#\/schema\/person\/81d1dcd51abd542b5dfc00f5f951a0f1","name":"Valparaiso Creativo","url":"https:\/\/dev.antudigital.cl\/sites\/vc\/author\/valparaiso-creativo\/"}]}},"_links":{"self":[{"href":"https:\/\/dev.antudigital.cl\/sites\/vc\/wp-json\/wp\/v2\/posts\/8940","targetHints":{"allow":["GET"]}}],"collection":[{"href":"https:\/\/dev.antudigital.cl\/sites\/vc\/wp-json\/wp\/v2\/posts"}],"about":[{"href":"https:\/\/dev.antudigital.cl\/sites\/vc\/wp-json\/wp\/v2\/types\/post"}],"author":[{"embeddable":true,"href":"https:\/\/dev.antudigital.cl\/sites\/vc\/wp-json\/wp\/v2\/users\/3"}],"replies":[{"embeddable":true,"href":"https:\/\/dev.antudigital.cl\/sites\/vc\/wp-json\/wp\/v2\/comments?post=8940"}],"version-history":[{"count":0,"href":"https:\/\/dev.antudigital.cl\/sites\/vc\/wp-json\/wp\/v2\/posts\/8940\/revisions"}],"wp:featuredmedia":[{"embeddable":true,"href":"https:\/\/dev.antudigital.cl\/sites\/vc\/wp-json\/wp\/v2\/media\/8941"}],"wp:attachment":[{"href":"https:\/\/dev.antudigital.cl\/sites\/vc\/wp-json\/wp\/v2\/media?parent=8940"}],"wp:term":[{"taxonomy":"category","embeddable":true,"href":"https:\/\/dev.antudigital.cl\/sites\/vc\/wp-json\/wp\/v2\/categories?post=8940"},{"taxonomy":"post_tag","embeddable":true,"href":"https:\/\/dev.antudigital.cl\/sites\/vc\/wp-json\/wp\/v2\/tags?post=8940"}],"curies":[{"name":"wp","href":"https:\/\/api.w.org\/{rel}","templated":true}]}}