{"id":8942,"date":"2019-10-16T18:25:42","date_gmt":"2019-10-16T18:25:42","guid":{"rendered":"http:\/\/www.valparaisocreativo.cl\/?p=3736"},"modified":"2019-10-16T18:25:42","modified_gmt":"2019-10-16T18:25:42","slug":"el-aqui-y-el-alla-festival-internacional-de-fotografia-en-valparaiso-anuncia-exposiciones-centrales-en-su-decima-version","status":"publish","type":"post","link":"https:\/\/dev.antudigital.cl\/sites\/vc\/el-aqui-y-el-alla-festival-internacional-de-fotografia-en-valparaiso-anuncia-exposiciones-centrales-en-su-decima-version\/","title":{"rendered":"\u201cEl aqu\u00ed y el all\u00e1\u00bb Festival Internacional de fotograf\u00eda en Valpara\u00edso anuncia exposiciones centrales en su d\u00e9cima versi\u00f3n"},"content":{"rendered":"<ul>\n<li><i><span style=\"font-weight: 400;\">Desde el 26 de octubre hasta el 2 de noviembre se llevar\u00e1 a cabo la d\u00e9cima versi\u00f3n del Festival Internacional de Fotograf\u00eda en Valpara\u00edso, o FIFV, que celebra el aniversario de una d\u00e9cada con un circo en el centro de la ciudad puerto, con una contundente cartelera fotogr\u00e1fica.<\/span><\/i><\/li>\n<\/ul>\n<p>&nbsp;<\/p>\n<p><span style=\"font-weight: 400;\">El <strong>Festival Internacional de Fotograf\u00eda en Valpara\u00edso<\/strong> celebra su d\u00e9cima versi\u00f3n, que este a\u00f1o lleva por t\u00edtulo \u201c<strong>El Aqu\u00ed y el All\u00e1\u201d<\/strong>, aludiendo a la simultaneidad que permite la fotograf\u00eda en su ejercicio creativo: la capacidad de acercarnos a otros puntos geogr\u00e1ficos y hacer que pasen cosas en distintos lugares. Justamente esto \u00faltimo es a lo que el FIFV2019 invita: a cuestionarnos el lugar desde la creaci\u00f3n, que es el que en estos diez a\u00f1os de trayectoria han demostrado ser el coraz\u00f3n de la semana de actividades.<\/span><\/p>\n<p><span style=\"font-weight: 400;\">\u201cEl Aqu\u00ed y el All\u00e1\u201d habla de la confrontaci\u00f3n entre dos realidades, entre lo \u00edntimo y lo extranjero, entre lo local y lo global, entre el tiempo futuro y el pasado, finalmente c\u00f3mo se re\u00fanen dos universos, el que nos pertenece y constituye nuestra identidad y el que queda por explorar, puente de investigaci\u00f3n y curiosidad para la fotograf\u00eda.<\/span><\/p>\n<p><span style=\"font-weight: 400;\">FIFV2019 dar\u00e1 inicio a su d\u00e9cima versi\u00f3n en el Parque Cultural de Valpara\u00edso, a las 19:30hrs. del s\u00e1bado 26 de octubre, para continuar desplegando su cartelera en el Museo Baburizza, Galer\u00eda Ascensor El Peral, la Plaza Victoria, y en especial, en el coraz\u00f3n de Avenida Brasil y Valpara\u00edso con Circo FIFV.<\/span><\/p>\n<p><span style=\"font-weight: 400;\">Los artistas que son parte de la exposici\u00f3n inuagural son: Jordan Alves de Editorial Xavier Barral (Francia), Carla Yovane (Chile), Arno Brignon (Francia), J\u00f6rg Br\u00fcggemann (Alemania), y el trabajo de intermediaci\u00f3n de Imagen Salvaje (Chile).<\/span><\/p>\n<p><span style=\"font-weight: 400;\">\u201cEste a\u00f1o hay un homenaje al editor franc\u00e9s Xavier Barral, y a su trabajo editorial, im\u00e1genes que constituyen una ventana hacia el mundo desde la fotograf\u00eda, ya que hay libros de todos los horizontes. <\/span><i><span style=\"font-weight: 400;\">El Aqu\u00ed y el all\u00e1 <\/span><\/i><span style=\"font-weight: 400;\">es esta ventana a otras realidades\u201d, cuenta Rodrigo G\u00f3mez Rovira, Director General del FIFV.<\/span><\/p>\n<p>&nbsp;<\/p>\n<p><b>Cartelera 2019<\/b><\/p>\n<p><span style=\"font-weight: 400;\">A esta le seguir\u00e1n las inauguraciones del fot\u00f3grafo Mat\u00edas Recart en la galer\u00eda de\u00a0 Ascensor El Peral, el 27 de octubre a las 11:00hrs. Y una especial exposici\u00f3n en el Museo Municipal de Bellas Artes de Valpara\u00edso &#8211; <\/span><i><span style=\"font-weight: 400;\">Museo Baburizza &#8211; <\/span><\/i><span style=\"font-weight: 400;\">en el cual el d\u00eda 28 de octubre, a las 11:00hrs., se har\u00e1 la inauguraci\u00f3n de la muestra de 33 fot\u00f3grafos chilenos que el a\u00f1o pasado se gener\u00f3 en el contexto del Festival de Fotograf\u00eda de Landskrona (Suecia).<\/span><\/p>\n<p>&nbsp;<\/p>\n<p><span style=\"font-weight: 400;\">En esta participaron destacados fot\u00f3grafos\/as de la escena nacional, como <\/span><b>Julia Toro<\/b><span style=\"font-weight: 400;\">, <\/span><b>\u00c1lvaro Hoppe<\/b><span style=\"font-weight: 400;\">, <\/span><b>Zaida Gonz\u00e1lez R\u00edos<\/b><span style=\"font-weight: 400;\">, <\/span><b>Alejandro Olivares<\/b><span style=\"font-weight: 400;\">, entre otros nombres que representan diferentes generaciones de la fotograf\u00eda chilena.<\/span><\/p>\n<p>&nbsp;<\/p>\n<p><span style=\"font-weight: 400;\">Desde el d\u00eda 30 de octubre al 2 de noviembre, se instalar\u00e1 en el coraz\u00f3n de Valpara\u00edso el <\/span><b>Circo FIFV<\/b><span style=\"font-weight: 400;\">: propuesta que desde el a\u00f1o pasado pretende sorprender y vincularse con la ciudadan\u00eda y \u201csacar a la calle\u201d la fotograf\u00eda.\u00a0<\/span><\/p>\n<p>&nbsp;<\/p>\n<p><b>Circo FIFV: celebrando la d\u00e9cima versi\u00f3n\u00a0<\/b><\/p>\n<p>&nbsp;<\/p>\n<p><span style=\"font-weight: 400;\">El Circo FIFV concentrar\u00e1 la mayor parte de la programaci\u00f3n, y estar\u00e1 ubicado en plena Avenida Brasil, frente a la Biblioteca Santiago Sever\u00edn.\u00a0<\/span><\/p>\n<p><span style=\"font-weight: 400;\">Lanzamiento de libros, talleres, y los insignes Di\u00e1logos Fotogr\u00e1ficos se trasladan este a\u00f1o al Circo FIFV, que tendr\u00e1n m\u00e1s de 20 artistas invitados. Entre ellos, Ediciones La Visita, la psicoanalista Constanza Michelson, Manuel Castillo, y los invitados principales del FIFV, que tambi\u00e9n se encontrar\u00e1n haciendo workshops durante la semana.\u00a0<\/span><\/p>\n<p>&nbsp;<\/p>\n<p><span style=\"font-weight: 400;\">Tambi\u00e9n habr\u00e1n proyecciones de documentales como la pel\u00edcula Las Cruces (2018) de Teresa Arredondo y Carlos V\u00e1squez, la presencia del Foro de Escritores, y un especial dedicado a Robert Frank, la gran figura de la fotograf\u00eda y el cine norteamericano y mundial.\u00a0<\/span><\/p>\n<p>&nbsp;<\/p>\n<p><span style=\"font-weight: 400;\">Adem\u00e1s, nuevamente se extiende la curator\u00eda de fotolibros por parte de estudiantes de fotograf\u00eda del Instituto Arcos, alianza que se ha mantenido por a\u00f1os y permite que se expliquen los contenidos y la importancia del formato de fotolibro a la ciudadan\u00eda.<\/span><\/p>\n<p>&nbsp;<\/p>\n<p><b>Imagen Salvaje: mediaci\u00f3n art\u00edstica y patrimonio fotogr\u00e1fico<\/b><\/p>\n<p>&nbsp;<\/p>\n<p><span style=\"font-weight: 400;\">En el Circo FIFV tambi\u00e9n tendr\u00e1n su espacio las actividades de intermediaci\u00f3n de Imagen Salvaje, programa que funciona de manera transversal en el a\u00f1o desde Casa Espacio Buenos Aires 824, desde donde emana el Festival y sus aristas.<\/span><\/p>\n<p>&nbsp;<\/p>\n<p><span style=\"font-weight: 400;\">Este a\u00f1o trae varios hitos por parte de la gesti\u00f3n de Imagen Salvaje, siendo esta la primera d\u00e9cada del FIFV. Un ejemplo de esto es el Encuentro de Minuteros, primera reuni\u00f3n a nivel nacional, que se genera en el marco del Festival, y estar\u00e1n interviniendo y acercando el ejercicio de minuteros a toda la comunidad. Vendr\u00e1n actores del oficio que mantienen esta tradici\u00f3n importante en la fotograf\u00eda, y que rescata la identidad de la misma.<\/span><\/p>\n<p>&nbsp;<\/p>\n<p><span style=\"font-weight: 400;\">Anamar\u00eda Briede, Encargada del \u00e1rea de mediaci\u00f3n &#8211; Imagen Salvaje, afirma que: \u201cEl Encuentro de Minuteros ser\u00e1 la inauguraci\u00f3n del Circo, un hito, ya que no hab\u00eda sucedido nunca una reuni\u00f3n igual en Chile. Es importante rescatar esta pr\u00e1ctica fotogr\u00e1fica y mezclarla con lo contempor\u00e1neo, para que convivan las diferentes \u00e9pocas de la fotograf\u00eda\u201d.<\/span><\/p>\n<p>&nbsp;<\/p>\n<p><b>Invitados internacionales 2019<\/b><\/p>\n<p><b>Jordan Alves <\/b><span style=\"font-weight: 400;\">(Ediciones Xavier Barral, Francia), <\/span><b>Marianne Maric <\/b><span style=\"font-weight: 400;\">(Francia), <\/span><b>J\u00f6rg Bruggemann <\/b><span style=\"font-weight: 400;\">(Alemania) y la reconocida fot\u00f3grafa mexicana <\/span><b>Graciela Iturbide <\/b><span style=\"font-weight: 400;\">son los encargados de dictar los cuatro talleres de \u201cEl Aqu\u00ed y El All\u00e1\u201d, con cuatro enfoques sumamente distintos, abarcando plataformas y disciplinas que son contingentes al estado actual de la fotograf\u00eda.<\/span><\/p>\n<p><span style=\"font-weight: 400;\">Estos son: <\/span><i><span style=\"font-weight: 400;\">Fotograf\u00eda y fotolibros, Fotograf\u00eda y Medios de comunicaci\u00f3n, Del caos nacen las estrellas y Una experiencia con Graciela Iturbide. <\/span><\/i><span style=\"font-weight: 400;\">Es un sumo honor contar en esta d\u00e9cima versi\u00f3n del Festival con una invitada de tal trayectoria. Cada workshop es impartido por expertos en propuestas innovadoras, desde lo editorial hasta el fotoperiodismo.<\/span><\/p>\n<p>&nbsp;<\/p>\n<p><b>Visionado y Brigadas Fotogr\u00e1ficas<\/b><\/p>\n<p><span style=\"font-weight: 400;\">Finalmente, el 5 de octubre pasado tanto resultados de participantes de talleres como de Revisi\u00f3n de Portafolios y Brigadas conocieron sus n\u00f3minas. Se recibieron 200 postulaciones en total, de las cuales resultaron 14 Brigadas, y 28 fot\u00f3grafos que pasar\u00e1n por los visionadores para recibir su retroalimentaci\u00f3n sobre su obra. Adem\u00e1s, estos \u00faltimos estar\u00e1n postulando para ser uno\/a de los ganadores de Visionado, accediendo a una residencia FIFV.<\/span><\/p>\n<p><span style=\"font-weight: 400;\">Los resultados de aquel certamen se dar\u00e1n en el cierre del Circo FIFV el pr\u00f3ximo s\u00e1bado 2 de noviembre a las 20:00hrs.<\/span><\/p>\n<p><span style=\"font-weight: 400;\">Aquel mismo d\u00eda se inaugurar\u00e1n los resultados finales de workshops, y Brigadas Fotogr\u00e1ficas. Todo iniciar\u00e1 con la exposici\u00f3n de resultados en Emporio Echaurren a las 11:00hrs, para continuar a Plaza Victoria al mediod\u00eda. Durante la tarde se continuar\u00e1 con los resultados de cada instancia en el Circo FIFV.<\/span><\/p>\n<p>&nbsp;<\/p>\n<p><b>La invitaci\u00f3n es a la exposici\u00f3n inaugural, este 26 de octubre a las 19:30hrs. en la explanada del Parque Cultural de Valpara\u00edso. Entrada liberada.<\/b><\/p>\n<p><b>Proyecto financiado por Fondo Nacional de Desarrollo Cultural y las Artes, Convocatoria 2019<\/b><\/p>\n<p>&nbsp;<\/p>\n","protected":false},"excerpt":{"rendered":"<p>Desde el 26 de octubre hasta el 2 de noviembre se llevar\u00e1 a cabo la d\u00e9cima versi\u00f3n del Festival Internacional de Fotograf\u00eda en Valpara\u00edso, o FIFV, que celebra el aniversario de una d\u00e9cada con un circo en el centro de la ciudad puerto, con una contundente cartelera fotogr\u00e1fica. &nbsp; El Festival Internacional de Fotograf\u00eda en [&hellip;]<\/p>\n","protected":false},"author":3,"featured_media":8943,"comment_status":"closed","ping_status":"closed","sticky":false,"template":"","format":"standard","meta":{"_acf_changed":false,"footnotes":""},"categories":[8],"tags":[],"class_list":["post-8942","post","type-post","status-publish","format-standard","has-post-thumbnail","hentry","category-noticia"],"acf":[],"yoast_head":"<!-- This site is optimized with the Yoast SEO plugin v27.1.1 - https:\/\/yoast.com\/product\/yoast-seo-wordpress\/ -->\n<title>\u201cEl aqu\u00ed y el all\u00e1&quot; Festival Internacional de fotograf\u00eda en Valpara\u00edso anuncia exposiciones centrales en su d\u00e9cima versi\u00f3n - Valpara\u00ed\u00adso Creativo<\/title>\n<meta name=\"robots\" content=\"index, follow, max-snippet:-1, max-image-preview:large, max-video-preview:-1\" \/>\n<link rel=\"canonical\" href=\"https:\/\/dev.antudigital.cl\/sites\/vc\/el-aqui-y-el-alla-festival-internacional-de-fotografia-en-valparaiso-anuncia-exposiciones-centrales-en-su-decima-version\/\" \/>\n<meta property=\"og:locale\" content=\"es_ES\" \/>\n<meta property=\"og:type\" content=\"article\" \/>\n<meta property=\"og:title\" content=\"\u201cEl aqu\u00ed y el all\u00e1&quot; Festival Internacional de fotograf\u00eda en Valpara\u00edso anuncia exposiciones centrales en su d\u00e9cima versi\u00f3n - Valpara\u00ed\u00adso Creativo\" \/>\n<meta property=\"og:description\" content=\"Desde el 26 de octubre hasta el 2 de noviembre se llevar\u00e1 a cabo la d\u00e9cima versi\u00f3n del Festival Internacional de Fotograf\u00eda en Valpara\u00edso, o FIFV, que celebra el aniversario de una d\u00e9cada con un circo en el centro de la ciudad puerto, con una contundente cartelera fotogr\u00e1fica. &nbsp; El Festival Internacional de Fotograf\u00eda en [&hellip;]\" \/>\n<meta property=\"og:url\" content=\"https:\/\/dev.antudigital.cl\/sites\/vc\/el-aqui-y-el-alla-festival-internacional-de-fotografia-en-valparaiso-anuncia-exposiciones-centrales-en-su-decima-version\/\" \/>\n<meta property=\"og:site_name\" content=\"Valpara\u00ed\u00adso Creativo\" \/>\n<meta property=\"article:published_time\" content=\"2019-10-16T18:25:42+00:00\" \/>\n<meta property=\"og:image\" content=\"https:\/\/dev.antudigital.cl\/sites\/vc\/wp-content\/uploads\/2019\/10\/FIFV-2019.jpg\" \/>\n\t<meta property=\"og:image:width\" content=\"1800\" \/>\n\t<meta property=\"og:image:height\" content=\"685\" \/>\n\t<meta property=\"og:image:type\" content=\"image\/jpeg\" \/>\n<meta name=\"author\" content=\"Valparaiso Creativo\" \/>\n<meta name=\"twitter:card\" content=\"summary_large_image\" \/>\n<meta name=\"twitter:label1\" content=\"Escrito por\" \/>\n\t<meta name=\"twitter:data1\" content=\"Valparaiso Creativo\" \/>\n\t<meta name=\"twitter:label2\" content=\"Tiempo de lectura\" \/>\n\t<meta name=\"twitter:data2\" content=\"6 minutos\" \/>\n<script type=\"application\/ld+json\" class=\"yoast-schema-graph\">{\"@context\":\"https:\/\/schema.org\",\"@graph\":[{\"@type\":\"Article\",\"@id\":\"https:\/\/dev.antudigital.cl\/sites\/vc\/el-aqui-y-el-alla-festival-internacional-de-fotografia-en-valparaiso-anuncia-exposiciones-centrales-en-su-decima-version\/#article\",\"isPartOf\":{\"@id\":\"https:\/\/dev.antudigital.cl\/sites\/vc\/el-aqui-y-el-alla-festival-internacional-de-fotografia-en-valparaiso-anuncia-exposiciones-centrales-en-su-decima-version\/\"},\"author\":{\"name\":\"Valparaiso Creativo\",\"@id\":\"https:\/\/dev.antudigital.cl\/sites\/vc\/#\/schema\/person\/81d1dcd51abd542b5dfc00f5f951a0f1\"},\"headline\":\"\u201cEl aqu\u00ed y el all\u00e1\u00bb Festival Internacional de fotograf\u00eda en Valpara\u00edso anuncia exposiciones centrales en su d\u00e9cima versi\u00f3n\",\"datePublished\":\"2019-10-16T18:25:42+00:00\",\"mainEntityOfPage\":{\"@id\":\"https:\/\/dev.antudigital.cl\/sites\/vc\/el-aqui-y-el-alla-festival-internacional-de-fotografia-en-valparaiso-anuncia-exposiciones-centrales-en-su-decima-version\/\"},\"wordCount\":1255,\"image\":{\"@id\":\"https:\/\/dev.antudigital.cl\/sites\/vc\/el-aqui-y-el-alla-festival-internacional-de-fotografia-en-valparaiso-anuncia-exposiciones-centrales-en-su-decima-version\/#primaryimage\"},\"thumbnailUrl\":\"https:\/\/dev.antudigital.cl\/sites\/vc\/wp-content\/uploads\/2019\/10\/FIFV-2019.jpg\",\"articleSection\":[\"Noticia\"],\"inLanguage\":\"es\"},{\"@type\":\"WebPage\",\"@id\":\"https:\/\/dev.antudigital.cl\/sites\/vc\/el-aqui-y-el-alla-festival-internacional-de-fotografia-en-valparaiso-anuncia-exposiciones-centrales-en-su-decima-version\/\",\"url\":\"https:\/\/dev.antudigital.cl\/sites\/vc\/el-aqui-y-el-alla-festival-internacional-de-fotografia-en-valparaiso-anuncia-exposiciones-centrales-en-su-decima-version\/\",\"name\":\"\u201cEl aqu\u00ed y el all\u00e1\\\" Festival Internacional de fotograf\u00eda en Valpara\u00edso anuncia exposiciones centrales en su d\u00e9cima versi\u00f3n - Valpara\u00ed\u00adso Creativo\",\"isPartOf\":{\"@id\":\"https:\/\/dev.antudigital.cl\/sites\/vc\/#website\"},\"primaryImageOfPage\":{\"@id\":\"https:\/\/dev.antudigital.cl\/sites\/vc\/el-aqui-y-el-alla-festival-internacional-de-fotografia-en-valparaiso-anuncia-exposiciones-centrales-en-su-decima-version\/#primaryimage\"},\"image\":{\"@id\":\"https:\/\/dev.antudigital.cl\/sites\/vc\/el-aqui-y-el-alla-festival-internacional-de-fotografia-en-valparaiso-anuncia-exposiciones-centrales-en-su-decima-version\/#primaryimage\"},\"thumbnailUrl\":\"https:\/\/dev.antudigital.cl\/sites\/vc\/wp-content\/uploads\/2019\/10\/FIFV-2019.jpg\",\"datePublished\":\"2019-10-16T18:25:42+00:00\",\"author\":{\"@id\":\"https:\/\/dev.antudigital.cl\/sites\/vc\/#\/schema\/person\/81d1dcd51abd542b5dfc00f5f951a0f1\"},\"breadcrumb\":{\"@id\":\"https:\/\/dev.antudigital.cl\/sites\/vc\/el-aqui-y-el-alla-festival-internacional-de-fotografia-en-valparaiso-anuncia-exposiciones-centrales-en-su-decima-version\/#breadcrumb\"},\"inLanguage\":\"es\",\"potentialAction\":[{\"@type\":\"ReadAction\",\"target\":[\"https:\/\/dev.antudigital.cl\/sites\/vc\/el-aqui-y-el-alla-festival-internacional-de-fotografia-en-valparaiso-anuncia-exposiciones-centrales-en-su-decima-version\/\"]}]},{\"@type\":\"ImageObject\",\"inLanguage\":\"es\",\"@id\":\"https:\/\/dev.antudigital.cl\/sites\/vc\/el-aqui-y-el-alla-festival-internacional-de-fotografia-en-valparaiso-anuncia-exposiciones-centrales-en-su-decima-version\/#primaryimage\",\"url\":\"https:\/\/dev.antudigital.cl\/sites\/vc\/wp-content\/uploads\/2019\/10\/FIFV-2019.jpg\",\"contentUrl\":\"https:\/\/dev.antudigital.cl\/sites\/vc\/wp-content\/uploads\/2019\/10\/FIFV-2019.jpg\",\"width\":1800,\"height\":685},{\"@type\":\"BreadcrumbList\",\"@id\":\"https:\/\/dev.antudigital.cl\/sites\/vc\/el-aqui-y-el-alla-festival-internacional-de-fotografia-en-valparaiso-anuncia-exposiciones-centrales-en-su-decima-version\/#breadcrumb\",\"itemListElement\":[{\"@type\":\"ListItem\",\"position\":1,\"name\":\"Home\",\"item\":\"https:\/\/dev.antudigital.cl\/sites\/vc\/\"},{\"@type\":\"ListItem\",\"position\":2,\"name\":\"\u201cEl aqu\u00ed y el all\u00e1\u00bb Festival Internacional de fotograf\u00eda en Valpara\u00edso anuncia exposiciones centrales en su d\u00e9cima versi\u00f3n\"}]},{\"@type\":\"WebSite\",\"@id\":\"https:\/\/dev.antudigital.cl\/sites\/vc\/#website\",\"url\":\"https:\/\/dev.antudigital.cl\/sites\/vc\/\",\"name\":\"Valpara\u00ed\u00adso Creativo\",\"description\":\"\",\"potentialAction\":[{\"@type\":\"SearchAction\",\"target\":{\"@type\":\"EntryPoint\",\"urlTemplate\":\"https:\/\/dev.antudigital.cl\/sites\/vc\/?s={search_term_string}\"},\"query-input\":{\"@type\":\"PropertyValueSpecification\",\"valueRequired\":true,\"valueName\":\"search_term_string\"}}],\"inLanguage\":\"es\"},{\"@type\":\"Person\",\"@id\":\"https:\/\/dev.antudigital.cl\/sites\/vc\/#\/schema\/person\/81d1dcd51abd542b5dfc00f5f951a0f1\",\"name\":\"Valparaiso Creativo\",\"url\":\"https:\/\/dev.antudigital.cl\/sites\/vc\/author\/valparaiso-creativo\/\"}]}<\/script>\n<!-- \/ Yoast SEO plugin. -->","yoast_head_json":{"title":"\u201cEl aqu\u00ed y el all\u00e1\" Festival Internacional de fotograf\u00eda en Valpara\u00edso anuncia exposiciones centrales en su d\u00e9cima versi\u00f3n - Valpara\u00ed\u00adso Creativo","robots":{"index":"index","follow":"follow","max-snippet":"max-snippet:-1","max-image-preview":"max-image-preview:large","max-video-preview":"max-video-preview:-1"},"canonical":"https:\/\/dev.antudigital.cl\/sites\/vc\/el-aqui-y-el-alla-festival-internacional-de-fotografia-en-valparaiso-anuncia-exposiciones-centrales-en-su-decima-version\/","og_locale":"es_ES","og_type":"article","og_title":"\u201cEl aqu\u00ed y el all\u00e1\" Festival Internacional de fotograf\u00eda en Valpara\u00edso anuncia exposiciones centrales en su d\u00e9cima versi\u00f3n - Valpara\u00ed\u00adso Creativo","og_description":"Desde el 26 de octubre hasta el 2 de noviembre se llevar\u00e1 a cabo la d\u00e9cima versi\u00f3n del Festival Internacional de Fotograf\u00eda en Valpara\u00edso, o FIFV, que celebra el aniversario de una d\u00e9cada con un circo en el centro de la ciudad puerto, con una contundente cartelera fotogr\u00e1fica. &nbsp; El Festival Internacional de Fotograf\u00eda en [&hellip;]","og_url":"https:\/\/dev.antudigital.cl\/sites\/vc\/el-aqui-y-el-alla-festival-internacional-de-fotografia-en-valparaiso-anuncia-exposiciones-centrales-en-su-decima-version\/","og_site_name":"Valpara\u00ed\u00adso Creativo","article_published_time":"2019-10-16T18:25:42+00:00","og_image":[{"width":1800,"height":685,"url":"https:\/\/dev.antudigital.cl\/sites\/vc\/wp-content\/uploads\/2019\/10\/FIFV-2019.jpg","type":"image\/jpeg"}],"author":"Valparaiso Creativo","twitter_card":"summary_large_image","twitter_misc":{"Escrito por":"Valparaiso Creativo","Tiempo de lectura":"6 minutos"},"schema":{"@context":"https:\/\/schema.org","@graph":[{"@type":"Article","@id":"https:\/\/dev.antudigital.cl\/sites\/vc\/el-aqui-y-el-alla-festival-internacional-de-fotografia-en-valparaiso-anuncia-exposiciones-centrales-en-su-decima-version\/#article","isPartOf":{"@id":"https:\/\/dev.antudigital.cl\/sites\/vc\/el-aqui-y-el-alla-festival-internacional-de-fotografia-en-valparaiso-anuncia-exposiciones-centrales-en-su-decima-version\/"},"author":{"name":"Valparaiso Creativo","@id":"https:\/\/dev.antudigital.cl\/sites\/vc\/#\/schema\/person\/81d1dcd51abd542b5dfc00f5f951a0f1"},"headline":"\u201cEl aqu\u00ed y el all\u00e1\u00bb Festival Internacional de fotograf\u00eda en Valpara\u00edso anuncia exposiciones centrales en su d\u00e9cima versi\u00f3n","datePublished":"2019-10-16T18:25:42+00:00","mainEntityOfPage":{"@id":"https:\/\/dev.antudigital.cl\/sites\/vc\/el-aqui-y-el-alla-festival-internacional-de-fotografia-en-valparaiso-anuncia-exposiciones-centrales-en-su-decima-version\/"},"wordCount":1255,"image":{"@id":"https:\/\/dev.antudigital.cl\/sites\/vc\/el-aqui-y-el-alla-festival-internacional-de-fotografia-en-valparaiso-anuncia-exposiciones-centrales-en-su-decima-version\/#primaryimage"},"thumbnailUrl":"https:\/\/dev.antudigital.cl\/sites\/vc\/wp-content\/uploads\/2019\/10\/FIFV-2019.jpg","articleSection":["Noticia"],"inLanguage":"es"},{"@type":"WebPage","@id":"https:\/\/dev.antudigital.cl\/sites\/vc\/el-aqui-y-el-alla-festival-internacional-de-fotografia-en-valparaiso-anuncia-exposiciones-centrales-en-su-decima-version\/","url":"https:\/\/dev.antudigital.cl\/sites\/vc\/el-aqui-y-el-alla-festival-internacional-de-fotografia-en-valparaiso-anuncia-exposiciones-centrales-en-su-decima-version\/","name":"\u201cEl aqu\u00ed y el all\u00e1\" Festival Internacional de fotograf\u00eda en Valpara\u00edso anuncia exposiciones centrales en su d\u00e9cima versi\u00f3n - Valpara\u00ed\u00adso Creativo","isPartOf":{"@id":"https:\/\/dev.antudigital.cl\/sites\/vc\/#website"},"primaryImageOfPage":{"@id":"https:\/\/dev.antudigital.cl\/sites\/vc\/el-aqui-y-el-alla-festival-internacional-de-fotografia-en-valparaiso-anuncia-exposiciones-centrales-en-su-decima-version\/#primaryimage"},"image":{"@id":"https:\/\/dev.antudigital.cl\/sites\/vc\/el-aqui-y-el-alla-festival-internacional-de-fotografia-en-valparaiso-anuncia-exposiciones-centrales-en-su-decima-version\/#primaryimage"},"thumbnailUrl":"https:\/\/dev.antudigital.cl\/sites\/vc\/wp-content\/uploads\/2019\/10\/FIFV-2019.jpg","datePublished":"2019-10-16T18:25:42+00:00","author":{"@id":"https:\/\/dev.antudigital.cl\/sites\/vc\/#\/schema\/person\/81d1dcd51abd542b5dfc00f5f951a0f1"},"breadcrumb":{"@id":"https:\/\/dev.antudigital.cl\/sites\/vc\/el-aqui-y-el-alla-festival-internacional-de-fotografia-en-valparaiso-anuncia-exposiciones-centrales-en-su-decima-version\/#breadcrumb"},"inLanguage":"es","potentialAction":[{"@type":"ReadAction","target":["https:\/\/dev.antudigital.cl\/sites\/vc\/el-aqui-y-el-alla-festival-internacional-de-fotografia-en-valparaiso-anuncia-exposiciones-centrales-en-su-decima-version\/"]}]},{"@type":"ImageObject","inLanguage":"es","@id":"https:\/\/dev.antudigital.cl\/sites\/vc\/el-aqui-y-el-alla-festival-internacional-de-fotografia-en-valparaiso-anuncia-exposiciones-centrales-en-su-decima-version\/#primaryimage","url":"https:\/\/dev.antudigital.cl\/sites\/vc\/wp-content\/uploads\/2019\/10\/FIFV-2019.jpg","contentUrl":"https:\/\/dev.antudigital.cl\/sites\/vc\/wp-content\/uploads\/2019\/10\/FIFV-2019.jpg","width":1800,"height":685},{"@type":"BreadcrumbList","@id":"https:\/\/dev.antudigital.cl\/sites\/vc\/el-aqui-y-el-alla-festival-internacional-de-fotografia-en-valparaiso-anuncia-exposiciones-centrales-en-su-decima-version\/#breadcrumb","itemListElement":[{"@type":"ListItem","position":1,"name":"Home","item":"https:\/\/dev.antudigital.cl\/sites\/vc\/"},{"@type":"ListItem","position":2,"name":"\u201cEl aqu\u00ed y el all\u00e1\u00bb Festival Internacional de fotograf\u00eda en Valpara\u00edso anuncia exposiciones centrales en su d\u00e9cima versi\u00f3n"}]},{"@type":"WebSite","@id":"https:\/\/dev.antudigital.cl\/sites\/vc\/#website","url":"https:\/\/dev.antudigital.cl\/sites\/vc\/","name":"Valpara\u00ed\u00adso Creativo","description":"","potentialAction":[{"@type":"SearchAction","target":{"@type":"EntryPoint","urlTemplate":"https:\/\/dev.antudigital.cl\/sites\/vc\/?s={search_term_string}"},"query-input":{"@type":"PropertyValueSpecification","valueRequired":true,"valueName":"search_term_string"}}],"inLanguage":"es"},{"@type":"Person","@id":"https:\/\/dev.antudigital.cl\/sites\/vc\/#\/schema\/person\/81d1dcd51abd542b5dfc00f5f951a0f1","name":"Valparaiso Creativo","url":"https:\/\/dev.antudigital.cl\/sites\/vc\/author\/valparaiso-creativo\/"}]}},"_links":{"self":[{"href":"https:\/\/dev.antudigital.cl\/sites\/vc\/wp-json\/wp\/v2\/posts\/8942","targetHints":{"allow":["GET"]}}],"collection":[{"href":"https:\/\/dev.antudigital.cl\/sites\/vc\/wp-json\/wp\/v2\/posts"}],"about":[{"href":"https:\/\/dev.antudigital.cl\/sites\/vc\/wp-json\/wp\/v2\/types\/post"}],"author":[{"embeddable":true,"href":"https:\/\/dev.antudigital.cl\/sites\/vc\/wp-json\/wp\/v2\/users\/3"}],"replies":[{"embeddable":true,"href":"https:\/\/dev.antudigital.cl\/sites\/vc\/wp-json\/wp\/v2\/comments?post=8942"}],"version-history":[{"count":0,"href":"https:\/\/dev.antudigital.cl\/sites\/vc\/wp-json\/wp\/v2\/posts\/8942\/revisions"}],"wp:featuredmedia":[{"embeddable":true,"href":"https:\/\/dev.antudigital.cl\/sites\/vc\/wp-json\/wp\/v2\/media\/8943"}],"wp:attachment":[{"href":"https:\/\/dev.antudigital.cl\/sites\/vc\/wp-json\/wp\/v2\/media?parent=8942"}],"wp:term":[{"taxonomy":"category","embeddable":true,"href":"https:\/\/dev.antudigital.cl\/sites\/vc\/wp-json\/wp\/v2\/categories?post=8942"},{"taxonomy":"post_tag","embeddable":true,"href":"https:\/\/dev.antudigital.cl\/sites\/vc\/wp-json\/wp\/v2\/tags?post=8942"}],"curies":[{"name":"wp","href":"https:\/\/api.w.org\/{rel}","templated":true}]}}