{"id":8944,"date":"2019-10-16T13:43:43","date_gmt":"2019-10-16T13:43:43","guid":{"rendered":"http:\/\/www.valparaisocreativo.cl\/?p=3733"},"modified":"2019-10-16T13:43:43","modified_gmt":"2019-10-16T13:43:43","slug":"vam2019-valparaiso-sera-el-epicentro-de-la-industria-musical-nacional","status":"publish","type":"post","link":"https:\/\/dev.antudigital.cl\/sites\/vc\/vam2019-valparaiso-sera-el-epicentro-de-la-industria-musical-nacional\/","title":{"rendered":"VAM2019: Valpara\u00edso ser\u00e1 el epicentro de la industria musical nacional"},"content":{"rendered":"<ul>\n<li><span style=\"font-weight: 400;\">Invitados internacionales y nacionales ser\u00e1n parte de este encuentro para la <strong>descentralizaci\u00f3n del mercado musical chileno<\/strong> y la <strong>articulaci\u00f3n Latinoamericana<\/strong>. El cierre ser\u00e1 con un espectacular concierto de Los Gaiteros de San Jacinto y Chalupa Travel, bandas oriundas de Colombia, en el Teatro Municipal de Valpara\u00edso<\/span><\/li>\n<\/ul>\n<p>&nbsp;<\/p>\n<p><span style=\"font-weight: 400;\">Valpara\u00edso ser\u00e1 el epicentro de la industria musical nacional con la realizaci\u00f3n de la segunda versi\u00f3n de Valpara\u00edso Musical (VAM), Encuentro para la Descentralizaci\u00f3n del Mercado Musical Chileno y la Articulaci\u00f3n Latinoamericana, que se desarrollar\u00e1 los d\u00edas 24, 25 y 26 de octubre.<\/span><\/p>\n<p><span style=\"font-weight: 400;\">Valpara\u00edso Musical es organizado por el gremio de la Industria Musical de la Regi\u00f3n de Valpara\u00edso (IMUVA), con el apoyo del Ministerio de las Culturas, las Artes y el Patrimonio a trav\u00e9s del fondo Amplifica y tiene como misi\u00f3n abordar los temas relevantes para el desarrollo de la industria musical chilena y su integraci\u00f3n con el mercado musical latinoamericano. Para lograr estos objetivos, se desarrollar\u00e1n conferencias, talleres, ruedas de negocios, encuentros sectoriales, mesas de trabajo y conciertos en diferentes escenarios de Valpara\u00edso.<\/span><\/p>\n<p><span style=\"font-weight: 400;\">VAM reunir\u00e1 a un importante grupo de programadores y expertos con m\u00fasicos, empresas y agentes del sector, donde el foco ser\u00e1 la circulaci\u00f3n de contenidos y artistas en medios de comunicaci\u00f3n y en espacios de shows en vivo a nivel nacional y latinoamericano.<\/span><\/p>\n<p><span style=\"font-weight: 400;\">La realizaci\u00f3n de este evento se inserta en el desarrollo de la hoja de ruta del proyecto Valpara\u00edso Ciudad Creativa de la M\u00fasica UNESCO (Puerto de M\u00fasicas) impulsado por IMUVA, la Ilustre Municipalidad de Valpara\u00edso, el Ministerio de las Culturas, las Artes y el Patrimonio y el programa estrat\u00e9gico de CORFO en econom\u00eda creativa Valpara\u00edso Creativo.<\/span><\/p>\n<blockquote><p><span style=\"font-weight: 400;\">Seg\u00fan Mat\u00edas Mancisidor, presidente de IMUVA, \u201cesperamos que <strong>VAM haga avanzar la agenda de trabajo de Valpara\u00edso Puerto de M\u00fasicas,<\/strong> estrechando lazos entre agentes de distintos pa\u00edses del continente y tambi\u00e9n de distintas regiones de Chile, con el objetivo de construir alianzas, acuerdos y miradas comunes que nos permitan poner a circular la m\u00fasica y el talento de Valpara\u00edso y Chile en el mundo\u201d.\u00a0<\/span><\/p><\/blockquote>\n<p><b>Invitados y conciertos<\/b><\/p>\n<p><span style=\"font-weight: 400;\">VAM 2019 contar\u00e1 con invitados internacionales y nacionales, entre los que destacan Steven Dagenais de Canadian Music Week de Toronto, Canad\u00e1; Ana Claudia, <\/span><i><span style=\"font-weight: 400;\">booke<\/span><\/i><span style=\"font-weight: 400;\">r de Rombos Music en Per\u00fa; Gina Lucco, productora en Suena Tremenda de Mendoza y Eduardo Quezada, director de Iberfest de Medell\u00edn, Colombia.<\/span><\/p>\n<p><span style=\"font-weight: 400;\">Entre los nacionales destaca Yael Meyer, la cantante chilena m\u00e1s escuchada en Netflix y quien acaba de lanzar su nuevo disco. Meyer participar\u00e1 del panel \u00abC\u00f3mo llevar tu m\u00fasica a la pantalla\u00bb, realizar\u00e1 un taller y se<\/span> <span style=\"font-weight: 400;\">presentar\u00e1 en uno de los conciertos. Otros invitados son Felipe Schuster, abogado experto en derechos de autor; Roberto Martinic, Observatorio de Industrias Creativas de Valdivia; Sebasti\u00e1n Milos de Portaldisc y Suena Chile; V\u00edctor Saavedra, Encargado Fortalecimiento del Rock de la Regi\u00f3n del Biob\u00edo; Pia Vargas, de la agencia de comunicaciones Club de Amigos, Tania L\u00f3pez, del medio de comunicaci\u00f3n musical Ni\u00f1a Provincia y Camilo Schrider, manager Moral Distra\u00edda, entre muchos otros.\u00a0<\/span><\/p>\n<p><span style=\"font-weight: 400;\">Los temas a tratar en conferencias, paneles, talleres y mesas de trabajo ser\u00e1n las estrategias de management, el desarrollo de circuitos musicales nacionales e internacionales, sincronizaci\u00f3n, derechos de autor, contratos en la industria musical y el futuro de los medios, entre otros.<\/span><\/p>\n<p><span style=\"font-weight: 400;\">Todas las actividades de VAM 2019, incluidos los shows de bandas en vivo, se llevar\u00e1n a cabo en el Centro de Extensi\u00f3n Duoc UC, Edificio Cousi\u00f1o, el Hub Musical y el Bar C\u00edvico.\u00a0<\/span><\/p>\n<p><span style=\"font-weight: 400;\">El cierre ser\u00e1 el s\u00e1bado 26 con un gran concierto en el Teatro Municipal de Valpara\u00edso junto a dos bandas de Colombia: Los Gaiteros de San Jacinto y Chalupa Travel.<\/span><\/p>\n<p><b>Preventa profesional\u00a0<\/b><\/p>\n<p><span style=\"font-weight: 400;\">Quienes quieran participar de VAM 2019 podr\u00e1n acceder a una credencial profesional que incluye full acceso a las conferencias, <\/span><i><span style=\"font-weight: 400;\">workshops, coffee breaks &amp; networking<\/span><\/i><span style=\"font-weight: 400;\">, ruedas de negocios, <\/span><i><span style=\"font-weight: 400;\">beermeeting, pitching<\/span><\/i><span style=\"font-weight: 400;\">, mentor\u00edas y acceso a todos los conciertos, incluyendo el show de Los Gaiteros de San Jacinto y Chalupa Travel.\u00a0<\/span><\/p>\n<p><span style=\"font-weight: 400;\">Adem\u00e1s, quienes accedan a esta credencial profesional podr\u00e1n asistir gratuitamente a la Feria Pulsar de la SCD en Santiago<\/span><\/p>\n<p><span style=\"font-weight: 400;\">El costo de esta credencial es de<strong> 20 mil en preventa hasta el domingo 20 de octubre<\/strong>. Luego, su precio es de 30 mil pesos.\u00a0<\/span><\/p>\n<p><span style=\"font-weight: 400;\">La entrada a los conciertos es gratuita previa inscripci\u00f3n.<\/span><\/p>\n<p><span style=\"font-weight: 400;\">La programaci\u00f3n completa, venta de tickets, conciertos y toda la informaci\u00f3n se encuentra en <\/span><a href=\"http:\/\/www.valparaisomusical.cl\"><b>www.valparaisomusical.cl<\/b><\/a><span style=\"font-weight: 400;\">\u00a0 <\/span><span style=\"font-weight: 400;\">\u00a0\u00a0<\/span><\/p>\n<p>&nbsp;<\/p>\n","protected":false},"excerpt":{"rendered":"<p>Invitados internacionales y nacionales ser\u00e1n parte de este encuentro para la descentralizaci\u00f3n del mercado musical chileno y la articulaci\u00f3n Latinoamericana. El cierre ser\u00e1 con un espectacular concierto de Los Gaiteros de San Jacinto y Chalupa Travel, bandas oriundas de Colombia, en el Teatro Municipal de Valpara\u00edso &nbsp; Valpara\u00edso ser\u00e1 el epicentro de la industria musical [&hellip;]<\/p>\n","protected":false},"author":3,"featured_media":8945,"comment_status":"closed","ping_status":"closed","sticky":false,"template":"","format":"standard","meta":{"_acf_changed":false,"footnotes":""},"categories":[8,45],"tags":[],"class_list":["post-8944","post","type-post","status-publish","format-standard","has-post-thumbnail","hentry","category-noticia","category-publicidad-marketing"],"acf":[],"yoast_head":"<!-- This site is optimized with the Yoast SEO plugin v27.1.1 - https:\/\/yoast.com\/product\/yoast-seo-wordpress\/ -->\n<title>VAM2019: Valpara\u00edso ser\u00e1 el epicentro de la industria musical nacional - Valpara\u00ed\u00adso Creativo<\/title>\n<meta name=\"robots\" content=\"index, follow, max-snippet:-1, max-image-preview:large, max-video-preview:-1\" \/>\n<link rel=\"canonical\" href=\"https:\/\/dev.antudigital.cl\/sites\/vc\/vam2019-valparaiso-sera-el-epicentro-de-la-industria-musical-nacional\/\" \/>\n<meta property=\"og:locale\" content=\"es_ES\" \/>\n<meta property=\"og:type\" content=\"article\" \/>\n<meta property=\"og:title\" content=\"VAM2019: Valpara\u00edso ser\u00e1 el epicentro de la industria musical nacional - Valpara\u00ed\u00adso Creativo\" \/>\n<meta property=\"og:description\" content=\"Invitados internacionales y nacionales ser\u00e1n parte de este encuentro para la descentralizaci\u00f3n del mercado musical chileno y la articulaci\u00f3n Latinoamericana. El cierre ser\u00e1 con un espectacular concierto de Los Gaiteros de San Jacinto y Chalupa Travel, bandas oriundas de Colombia, en el Teatro Municipal de Valpara\u00edso &nbsp; Valpara\u00edso ser\u00e1 el epicentro de la industria musical [&hellip;]\" \/>\n<meta property=\"og:url\" content=\"https:\/\/dev.antudigital.cl\/sites\/vc\/vam2019-valparaiso-sera-el-epicentro-de-la-industria-musical-nacional\/\" \/>\n<meta property=\"og:site_name\" content=\"Valpara\u00ed\u00adso Creativo\" \/>\n<meta property=\"article:published_time\" content=\"2019-10-16T13:43:43+00:00\" \/>\n<meta property=\"og:image\" content=\"https:\/\/dev.antudigital.cl\/sites\/vc\/wp-content\/uploads\/2019\/10\/VAM2019-inicio.png\" \/>\n\t<meta property=\"og:image:width\" content=\"1080\" \/>\n\t<meta property=\"og:image:height\" content=\"1080\" \/>\n\t<meta property=\"og:image:type\" content=\"image\/png\" \/>\n<meta name=\"author\" content=\"Valparaiso Creativo\" \/>\n<meta name=\"twitter:card\" content=\"summary_large_image\" \/>\n<meta name=\"twitter:label1\" content=\"Escrito por\" \/>\n\t<meta name=\"twitter:data1\" content=\"Valparaiso Creativo\" \/>\n\t<meta name=\"twitter:label2\" content=\"Tiempo de lectura\" \/>\n\t<meta name=\"twitter:data2\" content=\"4 minutos\" \/>\n<script type=\"application\/ld+json\" class=\"yoast-schema-graph\">{\"@context\":\"https:\/\/schema.org\",\"@graph\":[{\"@type\":\"Article\",\"@id\":\"https:\/\/dev.antudigital.cl\/sites\/vc\/vam2019-valparaiso-sera-el-epicentro-de-la-industria-musical-nacional\/#article\",\"isPartOf\":{\"@id\":\"https:\/\/dev.antudigital.cl\/sites\/vc\/vam2019-valparaiso-sera-el-epicentro-de-la-industria-musical-nacional\/\"},\"author\":{\"name\":\"Valparaiso Creativo\",\"@id\":\"https:\/\/dev.antudigital.cl\/sites\/vc\/#\/schema\/person\/81d1dcd51abd542b5dfc00f5f951a0f1\"},\"headline\":\"VAM2019: Valpara\u00edso ser\u00e1 el epicentro de la industria musical nacional\",\"datePublished\":\"2019-10-16T13:43:43+00:00\",\"mainEntityOfPage\":{\"@id\":\"https:\/\/dev.antudigital.cl\/sites\/vc\/vam2019-valparaiso-sera-el-epicentro-de-la-industria-musical-nacional\/\"},\"wordCount\":785,\"image\":{\"@id\":\"https:\/\/dev.antudigital.cl\/sites\/vc\/vam2019-valparaiso-sera-el-epicentro-de-la-industria-musical-nacional\/#primaryimage\"},\"thumbnailUrl\":\"https:\/\/dev.antudigital.cl\/sites\/vc\/wp-content\/uploads\/2019\/10\/VAM2019-inicio.png\",\"articleSection\":[\"Noticia\",\"Publicidad \/ marketing\"],\"inLanguage\":\"es\"},{\"@type\":\"WebPage\",\"@id\":\"https:\/\/dev.antudigital.cl\/sites\/vc\/vam2019-valparaiso-sera-el-epicentro-de-la-industria-musical-nacional\/\",\"url\":\"https:\/\/dev.antudigital.cl\/sites\/vc\/vam2019-valparaiso-sera-el-epicentro-de-la-industria-musical-nacional\/\",\"name\":\"VAM2019: Valpara\u00edso ser\u00e1 el epicentro de la industria musical nacional - Valpara\u00ed\u00adso Creativo\",\"isPartOf\":{\"@id\":\"https:\/\/dev.antudigital.cl\/sites\/vc\/#website\"},\"primaryImageOfPage\":{\"@id\":\"https:\/\/dev.antudigital.cl\/sites\/vc\/vam2019-valparaiso-sera-el-epicentro-de-la-industria-musical-nacional\/#primaryimage\"},\"image\":{\"@id\":\"https:\/\/dev.antudigital.cl\/sites\/vc\/vam2019-valparaiso-sera-el-epicentro-de-la-industria-musical-nacional\/#primaryimage\"},\"thumbnailUrl\":\"https:\/\/dev.antudigital.cl\/sites\/vc\/wp-content\/uploads\/2019\/10\/VAM2019-inicio.png\",\"datePublished\":\"2019-10-16T13:43:43+00:00\",\"author\":{\"@id\":\"https:\/\/dev.antudigital.cl\/sites\/vc\/#\/schema\/person\/81d1dcd51abd542b5dfc00f5f951a0f1\"},\"breadcrumb\":{\"@id\":\"https:\/\/dev.antudigital.cl\/sites\/vc\/vam2019-valparaiso-sera-el-epicentro-de-la-industria-musical-nacional\/#breadcrumb\"},\"inLanguage\":\"es\",\"potentialAction\":[{\"@type\":\"ReadAction\",\"target\":[\"https:\/\/dev.antudigital.cl\/sites\/vc\/vam2019-valparaiso-sera-el-epicentro-de-la-industria-musical-nacional\/\"]}]},{\"@type\":\"ImageObject\",\"inLanguage\":\"es\",\"@id\":\"https:\/\/dev.antudigital.cl\/sites\/vc\/vam2019-valparaiso-sera-el-epicentro-de-la-industria-musical-nacional\/#primaryimage\",\"url\":\"https:\/\/dev.antudigital.cl\/sites\/vc\/wp-content\/uploads\/2019\/10\/VAM2019-inicio.png\",\"contentUrl\":\"https:\/\/dev.antudigital.cl\/sites\/vc\/wp-content\/uploads\/2019\/10\/VAM2019-inicio.png\",\"width\":1080,\"height\":1080},{\"@type\":\"BreadcrumbList\",\"@id\":\"https:\/\/dev.antudigital.cl\/sites\/vc\/vam2019-valparaiso-sera-el-epicentro-de-la-industria-musical-nacional\/#breadcrumb\",\"itemListElement\":[{\"@type\":\"ListItem\",\"position\":1,\"name\":\"Home\",\"item\":\"https:\/\/dev.antudigital.cl\/sites\/vc\/\"},{\"@type\":\"ListItem\",\"position\":2,\"name\":\"VAM2019: Valpara\u00edso ser\u00e1 el epicentro de la industria musical nacional\"}]},{\"@type\":\"WebSite\",\"@id\":\"https:\/\/dev.antudigital.cl\/sites\/vc\/#website\",\"url\":\"https:\/\/dev.antudigital.cl\/sites\/vc\/\",\"name\":\"Valpara\u00ed\u00adso Creativo\",\"description\":\"\",\"potentialAction\":[{\"@type\":\"SearchAction\",\"target\":{\"@type\":\"EntryPoint\",\"urlTemplate\":\"https:\/\/dev.antudigital.cl\/sites\/vc\/?s={search_term_string}\"},\"query-input\":{\"@type\":\"PropertyValueSpecification\",\"valueRequired\":true,\"valueName\":\"search_term_string\"}}],\"inLanguage\":\"es\"},{\"@type\":\"Person\",\"@id\":\"https:\/\/dev.antudigital.cl\/sites\/vc\/#\/schema\/person\/81d1dcd51abd542b5dfc00f5f951a0f1\",\"name\":\"Valparaiso Creativo\",\"url\":\"https:\/\/dev.antudigital.cl\/sites\/vc\/author\/valparaiso-creativo\/\"}]}<\/script>\n<!-- \/ Yoast SEO plugin. -->","yoast_head_json":{"title":"VAM2019: Valpara\u00edso ser\u00e1 el epicentro de la industria musical nacional - Valpara\u00ed\u00adso Creativo","robots":{"index":"index","follow":"follow","max-snippet":"max-snippet:-1","max-image-preview":"max-image-preview:large","max-video-preview":"max-video-preview:-1"},"canonical":"https:\/\/dev.antudigital.cl\/sites\/vc\/vam2019-valparaiso-sera-el-epicentro-de-la-industria-musical-nacional\/","og_locale":"es_ES","og_type":"article","og_title":"VAM2019: Valpara\u00edso ser\u00e1 el epicentro de la industria musical nacional - Valpara\u00ed\u00adso Creativo","og_description":"Invitados internacionales y nacionales ser\u00e1n parte de este encuentro para la descentralizaci\u00f3n del mercado musical chileno y la articulaci\u00f3n Latinoamericana. El cierre ser\u00e1 con un espectacular concierto de Los Gaiteros de San Jacinto y Chalupa Travel, bandas oriundas de Colombia, en el Teatro Municipal de Valpara\u00edso &nbsp; Valpara\u00edso ser\u00e1 el epicentro de la industria musical [&hellip;]","og_url":"https:\/\/dev.antudigital.cl\/sites\/vc\/vam2019-valparaiso-sera-el-epicentro-de-la-industria-musical-nacional\/","og_site_name":"Valpara\u00ed\u00adso Creativo","article_published_time":"2019-10-16T13:43:43+00:00","og_image":[{"width":1080,"height":1080,"url":"https:\/\/dev.antudigital.cl\/sites\/vc\/wp-content\/uploads\/2019\/10\/VAM2019-inicio.png","type":"image\/png"}],"author":"Valparaiso Creativo","twitter_card":"summary_large_image","twitter_misc":{"Escrito por":"Valparaiso Creativo","Tiempo de lectura":"4 minutos"},"schema":{"@context":"https:\/\/schema.org","@graph":[{"@type":"Article","@id":"https:\/\/dev.antudigital.cl\/sites\/vc\/vam2019-valparaiso-sera-el-epicentro-de-la-industria-musical-nacional\/#article","isPartOf":{"@id":"https:\/\/dev.antudigital.cl\/sites\/vc\/vam2019-valparaiso-sera-el-epicentro-de-la-industria-musical-nacional\/"},"author":{"name":"Valparaiso Creativo","@id":"https:\/\/dev.antudigital.cl\/sites\/vc\/#\/schema\/person\/81d1dcd51abd542b5dfc00f5f951a0f1"},"headline":"VAM2019: Valpara\u00edso ser\u00e1 el epicentro de la industria musical nacional","datePublished":"2019-10-16T13:43:43+00:00","mainEntityOfPage":{"@id":"https:\/\/dev.antudigital.cl\/sites\/vc\/vam2019-valparaiso-sera-el-epicentro-de-la-industria-musical-nacional\/"},"wordCount":785,"image":{"@id":"https:\/\/dev.antudigital.cl\/sites\/vc\/vam2019-valparaiso-sera-el-epicentro-de-la-industria-musical-nacional\/#primaryimage"},"thumbnailUrl":"https:\/\/dev.antudigital.cl\/sites\/vc\/wp-content\/uploads\/2019\/10\/VAM2019-inicio.png","articleSection":["Noticia","Publicidad \/ marketing"],"inLanguage":"es"},{"@type":"WebPage","@id":"https:\/\/dev.antudigital.cl\/sites\/vc\/vam2019-valparaiso-sera-el-epicentro-de-la-industria-musical-nacional\/","url":"https:\/\/dev.antudigital.cl\/sites\/vc\/vam2019-valparaiso-sera-el-epicentro-de-la-industria-musical-nacional\/","name":"VAM2019: Valpara\u00edso ser\u00e1 el epicentro de la industria musical nacional - Valpara\u00ed\u00adso Creativo","isPartOf":{"@id":"https:\/\/dev.antudigital.cl\/sites\/vc\/#website"},"primaryImageOfPage":{"@id":"https:\/\/dev.antudigital.cl\/sites\/vc\/vam2019-valparaiso-sera-el-epicentro-de-la-industria-musical-nacional\/#primaryimage"},"image":{"@id":"https:\/\/dev.antudigital.cl\/sites\/vc\/vam2019-valparaiso-sera-el-epicentro-de-la-industria-musical-nacional\/#primaryimage"},"thumbnailUrl":"https:\/\/dev.antudigital.cl\/sites\/vc\/wp-content\/uploads\/2019\/10\/VAM2019-inicio.png","datePublished":"2019-10-16T13:43:43+00:00","author":{"@id":"https:\/\/dev.antudigital.cl\/sites\/vc\/#\/schema\/person\/81d1dcd51abd542b5dfc00f5f951a0f1"},"breadcrumb":{"@id":"https:\/\/dev.antudigital.cl\/sites\/vc\/vam2019-valparaiso-sera-el-epicentro-de-la-industria-musical-nacional\/#breadcrumb"},"inLanguage":"es","potentialAction":[{"@type":"ReadAction","target":["https:\/\/dev.antudigital.cl\/sites\/vc\/vam2019-valparaiso-sera-el-epicentro-de-la-industria-musical-nacional\/"]}]},{"@type":"ImageObject","inLanguage":"es","@id":"https:\/\/dev.antudigital.cl\/sites\/vc\/vam2019-valparaiso-sera-el-epicentro-de-la-industria-musical-nacional\/#primaryimage","url":"https:\/\/dev.antudigital.cl\/sites\/vc\/wp-content\/uploads\/2019\/10\/VAM2019-inicio.png","contentUrl":"https:\/\/dev.antudigital.cl\/sites\/vc\/wp-content\/uploads\/2019\/10\/VAM2019-inicio.png","width":1080,"height":1080},{"@type":"BreadcrumbList","@id":"https:\/\/dev.antudigital.cl\/sites\/vc\/vam2019-valparaiso-sera-el-epicentro-de-la-industria-musical-nacional\/#breadcrumb","itemListElement":[{"@type":"ListItem","position":1,"name":"Home","item":"https:\/\/dev.antudigital.cl\/sites\/vc\/"},{"@type":"ListItem","position":2,"name":"VAM2019: Valpara\u00edso ser\u00e1 el epicentro de la industria musical nacional"}]},{"@type":"WebSite","@id":"https:\/\/dev.antudigital.cl\/sites\/vc\/#website","url":"https:\/\/dev.antudigital.cl\/sites\/vc\/","name":"Valpara\u00ed\u00adso Creativo","description":"","potentialAction":[{"@type":"SearchAction","target":{"@type":"EntryPoint","urlTemplate":"https:\/\/dev.antudigital.cl\/sites\/vc\/?s={search_term_string}"},"query-input":{"@type":"PropertyValueSpecification","valueRequired":true,"valueName":"search_term_string"}}],"inLanguage":"es"},{"@type":"Person","@id":"https:\/\/dev.antudigital.cl\/sites\/vc\/#\/schema\/person\/81d1dcd51abd542b5dfc00f5f951a0f1","name":"Valparaiso Creativo","url":"https:\/\/dev.antudigital.cl\/sites\/vc\/author\/valparaiso-creativo\/"}]}},"_links":{"self":[{"href":"https:\/\/dev.antudigital.cl\/sites\/vc\/wp-json\/wp\/v2\/posts\/8944","targetHints":{"allow":["GET"]}}],"collection":[{"href":"https:\/\/dev.antudigital.cl\/sites\/vc\/wp-json\/wp\/v2\/posts"}],"about":[{"href":"https:\/\/dev.antudigital.cl\/sites\/vc\/wp-json\/wp\/v2\/types\/post"}],"author":[{"embeddable":true,"href":"https:\/\/dev.antudigital.cl\/sites\/vc\/wp-json\/wp\/v2\/users\/3"}],"replies":[{"embeddable":true,"href":"https:\/\/dev.antudigital.cl\/sites\/vc\/wp-json\/wp\/v2\/comments?post=8944"}],"version-history":[{"count":0,"href":"https:\/\/dev.antudigital.cl\/sites\/vc\/wp-json\/wp\/v2\/posts\/8944\/revisions"}],"wp:featuredmedia":[{"embeddable":true,"href":"https:\/\/dev.antudigital.cl\/sites\/vc\/wp-json\/wp\/v2\/media\/8945"}],"wp:attachment":[{"href":"https:\/\/dev.antudigital.cl\/sites\/vc\/wp-json\/wp\/v2\/media?parent=8944"}],"wp:term":[{"taxonomy":"category","embeddable":true,"href":"https:\/\/dev.antudigital.cl\/sites\/vc\/wp-json\/wp\/v2\/categories?post=8944"},{"taxonomy":"post_tag","embeddable":true,"href":"https:\/\/dev.antudigital.cl\/sites\/vc\/wp-json\/wp\/v2\/tags?post=8944"}],"curies":[{"name":"wp","href":"https:\/\/api.w.org\/{rel}","templated":true}]}}