{"id":8948,"date":"2019-10-08T13:42:54","date_gmt":"2019-10-08T13:42:54","guid":{"rendered":"http:\/\/www.valparaisocreativo.cl\/?p=3721"},"modified":"2019-10-08T13:42:54","modified_gmt":"2019-10-08T13:42:54","slug":"llega-a-chile-uno-de-los-eventos-de-realidad-virtual-mas-importantes-del-mundo","status":"publish","type":"post","link":"https:\/\/dev.antudigital.cl\/sites\/vc\/llega-a-chile-uno-de-los-eventos-de-realidad-virtual-mas-importantes-del-mundo\/","title":{"rendered":"Llega a Chile uno de los eventos de realidad virtual m\u00e1s importantes del mundo"},"content":{"rendered":"<ul>\n<li>Stereopsia Latam, encuentro que hace 10 a\u00f1os re\u00fane a los principales expertos mundiales en innovaci\u00f3n, tecnolog\u00edas y contenidos inmersivos en Europa, se realizar\u00e1 en abril de 2020. El evento es patrocinado por Corfo y la Embajada de B\u00e9lgica.<\/li>\n<\/ul>\n<p>Con la presencia del\u00a0<strong>director de Chile Creativo de la Confederaci\u00f3n de la Producci\u00f3n (Corfo), Felipe Mujica<\/strong>\u00a0y el\u00a0<strong>embajador de B\u00e9lgica en Chile, Geert Criel<\/strong>, se realiz\u00f3 el\u00a0<strong>lanzamiento de Stereopsia Latam<\/strong>, evento patrocinado por ambas entidades y que se desarrollar\u00e1 en el pa\u00eds,\u00a0<strong>en abril de 2020<\/strong>. Tambi\u00e9n cont\u00f3 con la participaci\u00f3n de Alain Gallez, cofundador y director general de Stereopsia Europe.<\/p>\n<p><strong>La instancia busca transformar a Chile en una vitrina internacional y un referente latinoamericano en torno\u00a0a las tecnolog\u00edas y contenidos inmersivos<\/strong>\u00a0(realidad virtual, realidad aumentada o realidad mixta, tambi\u00e9n llamadas XR).<\/p>\n<p>\u201c<strong>El valor de Stereopsia Latam, es que tiene el potencial de ayudarnos a posicionar a Chile como una plataforma latinoamericana para contenidos y tecnolog\u00edas en realidad virtual<\/strong>. Esto puede convertirse en una potente se\u00f1al internacional, as\u00ed como para nuestras autoridades, empresarios, creadores y la opini\u00f3n p\u00fablica en general. Creo que es una manera de evidenciar que Chile tiene las caracter\u00edsticas para ser la base regional en materia de industrias creativas, contenidos y tecnolog\u00eda\u201d, detall\u00f3 Mujica.<\/p>\n<p>Para\u00a0<strong>Alain Gallez<\/strong>, este evento\u00a0<strong>\u201ces la oportunidad de aportar la experiencia acumulada durante 10 a\u00f1os en Europa directamente a Am\u00e9rica Latina y, sobre todo, permitir\u00e1 valorizar las competencias y oportunidades locales.\u00a0Adem\u00e1s, se lograr\u00e1 conectar profesionales del rubro de ambos continentes\u201d<\/strong>.<\/p>\n<p>Durante el lanzamiento, los asistentes pudieron experimentar algunas de las tecnolog\u00edas XR que est\u00e1n desarrollando las empresas chilenas Arena\u00a0<strong>Digital-Laboratorio Tecnol\u00f3gico Escolar<\/strong>, enfocada al \u00e1rea de la educaci\u00f3n; y\u00a0<strong>Qualitat<\/strong>, dedicada a la capacitaci\u00f3n en el \u00e1mbito de la industria.<\/p>\n<p>Desde 2009, Stereopsia Europe re\u00fane todos los a\u00f1os a los principales expertos mundiales en torno a las tecnolog\u00edas y contenidos inmersivos.<\/p>\n<p>&nbsp;<\/p>\n<p><em>Fuente: La Nacion.cl\u00a0<\/em><\/p>\n","protected":false},"excerpt":{"rendered":"<p>Stereopsia Latam, encuentro que hace 10 a\u00f1os re\u00fane a los principales expertos mundiales en innovaci\u00f3n, tecnolog\u00edas y contenidos inmersivos en Europa, se realizar\u00e1 en abril de 2020. El evento es patrocinado por Corfo y la Embajada de B\u00e9lgica. Con la presencia del\u00a0director de Chile Creativo de la Confederaci\u00f3n de la Producci\u00f3n (Corfo), Felipe Mujica\u00a0y el\u00a0embajador [&hellip;]<\/p>\n","protected":false},"author":3,"featured_media":8949,"comment_status":"closed","ping_status":"closed","sticky":false,"template":"","format":"standard","meta":{"_acf_changed":false,"footnotes":""},"categories":[8],"tags":[],"class_list":["post-8948","post","type-post","status-publish","format-standard","has-post-thumbnail","hentry","category-noticia"],"acf":[],"yoast_head":"<!-- This site is optimized with the Yoast SEO plugin v27.1.1 - https:\/\/yoast.com\/product\/yoast-seo-wordpress\/ -->\n<title>Llega a Chile uno de los eventos de realidad virtual m\u00e1s importantes del mundo - Valpara\u00ed\u00adso Creativo<\/title>\n<meta name=\"robots\" content=\"index, follow, max-snippet:-1, max-image-preview:large, max-video-preview:-1\" \/>\n<link rel=\"canonical\" href=\"https:\/\/dev.antudigital.cl\/sites\/vc\/llega-a-chile-uno-de-los-eventos-de-realidad-virtual-mas-importantes-del-mundo\/\" \/>\n<meta property=\"og:locale\" content=\"es_ES\" \/>\n<meta property=\"og:type\" content=\"article\" \/>\n<meta property=\"og:title\" content=\"Llega a Chile uno de los eventos de realidad virtual m\u00e1s importantes del mundo - Valpara\u00ed\u00adso Creativo\" \/>\n<meta property=\"og:description\" content=\"Stereopsia Latam, encuentro que hace 10 a\u00f1os re\u00fane a los principales expertos mundiales en innovaci\u00f3n, tecnolog\u00edas y contenidos inmersivos en Europa, se realizar\u00e1 en abril de 2020. El evento es patrocinado por Corfo y la Embajada de B\u00e9lgica. Con la presencia del\u00a0director de Chile Creativo de la Confederaci\u00f3n de la Producci\u00f3n (Corfo), Felipe Mujica\u00a0y el\u00a0embajador [&hellip;]\" \/>\n<meta property=\"og:url\" content=\"https:\/\/dev.antudigital.cl\/sites\/vc\/llega-a-chile-uno-de-los-eventos-de-realidad-virtual-mas-importantes-del-mundo\/\" \/>\n<meta property=\"og:site_name\" content=\"Valpara\u00ed\u00adso Creativo\" \/>\n<meta property=\"article:published_time\" content=\"2019-10-08T13:42:54+00:00\" \/>\n<meta property=\"og:image\" content=\"https:\/\/dev.antudigital.cl\/sites\/vc\/wp-content\/uploads\/2019\/10\/DSF2789.jpg\" \/>\n\t<meta property=\"og:image:width\" content=\"1200\" \/>\n\t<meta property=\"og:image:height\" content=\"800\" \/>\n\t<meta property=\"og:image:type\" content=\"image\/jpeg\" \/>\n<meta name=\"author\" content=\"Valparaiso Creativo\" \/>\n<meta name=\"twitter:card\" content=\"summary_large_image\" \/>\n<meta name=\"twitter:label1\" content=\"Escrito por\" \/>\n\t<meta name=\"twitter:data1\" content=\"Valparaiso Creativo\" \/>\n\t<meta name=\"twitter:label2\" content=\"Tiempo de lectura\" \/>\n\t<meta name=\"twitter:data2\" content=\"2 minutos\" \/>\n<script type=\"application\/ld+json\" class=\"yoast-schema-graph\">{\"@context\":\"https:\/\/schema.org\",\"@graph\":[{\"@type\":\"Article\",\"@id\":\"https:\/\/dev.antudigital.cl\/sites\/vc\/llega-a-chile-uno-de-los-eventos-de-realidad-virtual-mas-importantes-del-mundo\/#article\",\"isPartOf\":{\"@id\":\"https:\/\/dev.antudigital.cl\/sites\/vc\/llega-a-chile-uno-de-los-eventos-de-realidad-virtual-mas-importantes-del-mundo\/\"},\"author\":{\"name\":\"Valparaiso Creativo\",\"@id\":\"https:\/\/dev.antudigital.cl\/sites\/vc\/#\/schema\/person\/81d1dcd51abd542b5dfc00f5f951a0f1\"},\"headline\":\"Llega a Chile uno de los eventos de realidad virtual m\u00e1s importantes del mundo\",\"datePublished\":\"2019-10-08T13:42:54+00:00\",\"mainEntityOfPage\":{\"@id\":\"https:\/\/dev.antudigital.cl\/sites\/vc\/llega-a-chile-uno-de-los-eventos-de-realidad-virtual-mas-importantes-del-mundo\/\"},\"wordCount\":357,\"image\":{\"@id\":\"https:\/\/dev.antudigital.cl\/sites\/vc\/llega-a-chile-uno-de-los-eventos-de-realidad-virtual-mas-importantes-del-mundo\/#primaryimage\"},\"thumbnailUrl\":\"https:\/\/dev.antudigital.cl\/sites\/vc\/wp-content\/uploads\/2019\/10\/DSF2789.jpg\",\"articleSection\":[\"Noticia\"],\"inLanguage\":\"es\"},{\"@type\":\"WebPage\",\"@id\":\"https:\/\/dev.antudigital.cl\/sites\/vc\/llega-a-chile-uno-de-los-eventos-de-realidad-virtual-mas-importantes-del-mundo\/\",\"url\":\"https:\/\/dev.antudigital.cl\/sites\/vc\/llega-a-chile-uno-de-los-eventos-de-realidad-virtual-mas-importantes-del-mundo\/\",\"name\":\"Llega a Chile uno de los eventos de realidad virtual m\u00e1s importantes del mundo - Valpara\u00ed\u00adso Creativo\",\"isPartOf\":{\"@id\":\"https:\/\/dev.antudigital.cl\/sites\/vc\/#website\"},\"primaryImageOfPage\":{\"@id\":\"https:\/\/dev.antudigital.cl\/sites\/vc\/llega-a-chile-uno-de-los-eventos-de-realidad-virtual-mas-importantes-del-mundo\/#primaryimage\"},\"image\":{\"@id\":\"https:\/\/dev.antudigital.cl\/sites\/vc\/llega-a-chile-uno-de-los-eventos-de-realidad-virtual-mas-importantes-del-mundo\/#primaryimage\"},\"thumbnailUrl\":\"https:\/\/dev.antudigital.cl\/sites\/vc\/wp-content\/uploads\/2019\/10\/DSF2789.jpg\",\"datePublished\":\"2019-10-08T13:42:54+00:00\",\"author\":{\"@id\":\"https:\/\/dev.antudigital.cl\/sites\/vc\/#\/schema\/person\/81d1dcd51abd542b5dfc00f5f951a0f1\"},\"breadcrumb\":{\"@id\":\"https:\/\/dev.antudigital.cl\/sites\/vc\/llega-a-chile-uno-de-los-eventos-de-realidad-virtual-mas-importantes-del-mundo\/#breadcrumb\"},\"inLanguage\":\"es\",\"potentialAction\":[{\"@type\":\"ReadAction\",\"target\":[\"https:\/\/dev.antudigital.cl\/sites\/vc\/llega-a-chile-uno-de-los-eventos-de-realidad-virtual-mas-importantes-del-mundo\/\"]}]},{\"@type\":\"ImageObject\",\"inLanguage\":\"es\",\"@id\":\"https:\/\/dev.antudigital.cl\/sites\/vc\/llega-a-chile-uno-de-los-eventos-de-realidad-virtual-mas-importantes-del-mundo\/#primaryimage\",\"url\":\"https:\/\/dev.antudigital.cl\/sites\/vc\/wp-content\/uploads\/2019\/10\/DSF2789.jpg\",\"contentUrl\":\"https:\/\/dev.antudigital.cl\/sites\/vc\/wp-content\/uploads\/2019\/10\/DSF2789.jpg\",\"width\":1200,\"height\":800},{\"@type\":\"BreadcrumbList\",\"@id\":\"https:\/\/dev.antudigital.cl\/sites\/vc\/llega-a-chile-uno-de-los-eventos-de-realidad-virtual-mas-importantes-del-mundo\/#breadcrumb\",\"itemListElement\":[{\"@type\":\"ListItem\",\"position\":1,\"name\":\"Home\",\"item\":\"https:\/\/dev.antudigital.cl\/sites\/vc\/\"},{\"@type\":\"ListItem\",\"position\":2,\"name\":\"Llega a Chile uno de los eventos de realidad virtual m\u00e1s importantes del mundo\"}]},{\"@type\":\"WebSite\",\"@id\":\"https:\/\/dev.antudigital.cl\/sites\/vc\/#website\",\"url\":\"https:\/\/dev.antudigital.cl\/sites\/vc\/\",\"name\":\"Valpara\u00ed\u00adso Creativo\",\"description\":\"\",\"potentialAction\":[{\"@type\":\"SearchAction\",\"target\":{\"@type\":\"EntryPoint\",\"urlTemplate\":\"https:\/\/dev.antudigital.cl\/sites\/vc\/?s={search_term_string}\"},\"query-input\":{\"@type\":\"PropertyValueSpecification\",\"valueRequired\":true,\"valueName\":\"search_term_string\"}}],\"inLanguage\":\"es\"},{\"@type\":\"Person\",\"@id\":\"https:\/\/dev.antudigital.cl\/sites\/vc\/#\/schema\/person\/81d1dcd51abd542b5dfc00f5f951a0f1\",\"name\":\"Valparaiso Creativo\",\"url\":\"https:\/\/dev.antudigital.cl\/sites\/vc\/author\/valparaiso-creativo\/\"}]}<\/script>\n<!-- \/ Yoast SEO plugin. -->","yoast_head_json":{"title":"Llega a Chile uno de los eventos de realidad virtual m\u00e1s importantes del mundo - Valpara\u00ed\u00adso Creativo","robots":{"index":"index","follow":"follow","max-snippet":"max-snippet:-1","max-image-preview":"max-image-preview:large","max-video-preview":"max-video-preview:-1"},"canonical":"https:\/\/dev.antudigital.cl\/sites\/vc\/llega-a-chile-uno-de-los-eventos-de-realidad-virtual-mas-importantes-del-mundo\/","og_locale":"es_ES","og_type":"article","og_title":"Llega a Chile uno de los eventos de realidad virtual m\u00e1s importantes del mundo - Valpara\u00ed\u00adso Creativo","og_description":"Stereopsia Latam, encuentro que hace 10 a\u00f1os re\u00fane a los principales expertos mundiales en innovaci\u00f3n, tecnolog\u00edas y contenidos inmersivos en Europa, se realizar\u00e1 en abril de 2020. El evento es patrocinado por Corfo y la Embajada de B\u00e9lgica. Con la presencia del\u00a0director de Chile Creativo de la Confederaci\u00f3n de la Producci\u00f3n (Corfo), Felipe Mujica\u00a0y el\u00a0embajador [&hellip;]","og_url":"https:\/\/dev.antudigital.cl\/sites\/vc\/llega-a-chile-uno-de-los-eventos-de-realidad-virtual-mas-importantes-del-mundo\/","og_site_name":"Valpara\u00ed\u00adso Creativo","article_published_time":"2019-10-08T13:42:54+00:00","og_image":[{"width":1200,"height":800,"url":"https:\/\/dev.antudigital.cl\/sites\/vc\/wp-content\/uploads\/2019\/10\/DSF2789.jpg","type":"image\/jpeg"}],"author":"Valparaiso Creativo","twitter_card":"summary_large_image","twitter_misc":{"Escrito por":"Valparaiso Creativo","Tiempo de lectura":"2 minutos"},"schema":{"@context":"https:\/\/schema.org","@graph":[{"@type":"Article","@id":"https:\/\/dev.antudigital.cl\/sites\/vc\/llega-a-chile-uno-de-los-eventos-de-realidad-virtual-mas-importantes-del-mundo\/#article","isPartOf":{"@id":"https:\/\/dev.antudigital.cl\/sites\/vc\/llega-a-chile-uno-de-los-eventos-de-realidad-virtual-mas-importantes-del-mundo\/"},"author":{"name":"Valparaiso Creativo","@id":"https:\/\/dev.antudigital.cl\/sites\/vc\/#\/schema\/person\/81d1dcd51abd542b5dfc00f5f951a0f1"},"headline":"Llega a Chile uno de los eventos de realidad virtual m\u00e1s importantes del mundo","datePublished":"2019-10-08T13:42:54+00:00","mainEntityOfPage":{"@id":"https:\/\/dev.antudigital.cl\/sites\/vc\/llega-a-chile-uno-de-los-eventos-de-realidad-virtual-mas-importantes-del-mundo\/"},"wordCount":357,"image":{"@id":"https:\/\/dev.antudigital.cl\/sites\/vc\/llega-a-chile-uno-de-los-eventos-de-realidad-virtual-mas-importantes-del-mundo\/#primaryimage"},"thumbnailUrl":"https:\/\/dev.antudigital.cl\/sites\/vc\/wp-content\/uploads\/2019\/10\/DSF2789.jpg","articleSection":["Noticia"],"inLanguage":"es"},{"@type":"WebPage","@id":"https:\/\/dev.antudigital.cl\/sites\/vc\/llega-a-chile-uno-de-los-eventos-de-realidad-virtual-mas-importantes-del-mundo\/","url":"https:\/\/dev.antudigital.cl\/sites\/vc\/llega-a-chile-uno-de-los-eventos-de-realidad-virtual-mas-importantes-del-mundo\/","name":"Llega a Chile uno de los eventos de realidad virtual m\u00e1s importantes del mundo - Valpara\u00ed\u00adso Creativo","isPartOf":{"@id":"https:\/\/dev.antudigital.cl\/sites\/vc\/#website"},"primaryImageOfPage":{"@id":"https:\/\/dev.antudigital.cl\/sites\/vc\/llega-a-chile-uno-de-los-eventos-de-realidad-virtual-mas-importantes-del-mundo\/#primaryimage"},"image":{"@id":"https:\/\/dev.antudigital.cl\/sites\/vc\/llega-a-chile-uno-de-los-eventos-de-realidad-virtual-mas-importantes-del-mundo\/#primaryimage"},"thumbnailUrl":"https:\/\/dev.antudigital.cl\/sites\/vc\/wp-content\/uploads\/2019\/10\/DSF2789.jpg","datePublished":"2019-10-08T13:42:54+00:00","author":{"@id":"https:\/\/dev.antudigital.cl\/sites\/vc\/#\/schema\/person\/81d1dcd51abd542b5dfc00f5f951a0f1"},"breadcrumb":{"@id":"https:\/\/dev.antudigital.cl\/sites\/vc\/llega-a-chile-uno-de-los-eventos-de-realidad-virtual-mas-importantes-del-mundo\/#breadcrumb"},"inLanguage":"es","potentialAction":[{"@type":"ReadAction","target":["https:\/\/dev.antudigital.cl\/sites\/vc\/llega-a-chile-uno-de-los-eventos-de-realidad-virtual-mas-importantes-del-mundo\/"]}]},{"@type":"ImageObject","inLanguage":"es","@id":"https:\/\/dev.antudigital.cl\/sites\/vc\/llega-a-chile-uno-de-los-eventos-de-realidad-virtual-mas-importantes-del-mundo\/#primaryimage","url":"https:\/\/dev.antudigital.cl\/sites\/vc\/wp-content\/uploads\/2019\/10\/DSF2789.jpg","contentUrl":"https:\/\/dev.antudigital.cl\/sites\/vc\/wp-content\/uploads\/2019\/10\/DSF2789.jpg","width":1200,"height":800},{"@type":"BreadcrumbList","@id":"https:\/\/dev.antudigital.cl\/sites\/vc\/llega-a-chile-uno-de-los-eventos-de-realidad-virtual-mas-importantes-del-mundo\/#breadcrumb","itemListElement":[{"@type":"ListItem","position":1,"name":"Home","item":"https:\/\/dev.antudigital.cl\/sites\/vc\/"},{"@type":"ListItem","position":2,"name":"Llega a Chile uno de los eventos de realidad virtual m\u00e1s importantes del mundo"}]},{"@type":"WebSite","@id":"https:\/\/dev.antudigital.cl\/sites\/vc\/#website","url":"https:\/\/dev.antudigital.cl\/sites\/vc\/","name":"Valpara\u00ed\u00adso Creativo","description":"","potentialAction":[{"@type":"SearchAction","target":{"@type":"EntryPoint","urlTemplate":"https:\/\/dev.antudigital.cl\/sites\/vc\/?s={search_term_string}"},"query-input":{"@type":"PropertyValueSpecification","valueRequired":true,"valueName":"search_term_string"}}],"inLanguage":"es"},{"@type":"Person","@id":"https:\/\/dev.antudigital.cl\/sites\/vc\/#\/schema\/person\/81d1dcd51abd542b5dfc00f5f951a0f1","name":"Valparaiso Creativo","url":"https:\/\/dev.antudigital.cl\/sites\/vc\/author\/valparaiso-creativo\/"}]}},"_links":{"self":[{"href":"https:\/\/dev.antudigital.cl\/sites\/vc\/wp-json\/wp\/v2\/posts\/8948","targetHints":{"allow":["GET"]}}],"collection":[{"href":"https:\/\/dev.antudigital.cl\/sites\/vc\/wp-json\/wp\/v2\/posts"}],"about":[{"href":"https:\/\/dev.antudigital.cl\/sites\/vc\/wp-json\/wp\/v2\/types\/post"}],"author":[{"embeddable":true,"href":"https:\/\/dev.antudigital.cl\/sites\/vc\/wp-json\/wp\/v2\/users\/3"}],"replies":[{"embeddable":true,"href":"https:\/\/dev.antudigital.cl\/sites\/vc\/wp-json\/wp\/v2\/comments?post=8948"}],"version-history":[{"count":0,"href":"https:\/\/dev.antudigital.cl\/sites\/vc\/wp-json\/wp\/v2\/posts\/8948\/revisions"}],"wp:featuredmedia":[{"embeddable":true,"href":"https:\/\/dev.antudigital.cl\/sites\/vc\/wp-json\/wp\/v2\/media\/8949"}],"wp:attachment":[{"href":"https:\/\/dev.antudigital.cl\/sites\/vc\/wp-json\/wp\/v2\/media?parent=8948"}],"wp:term":[{"taxonomy":"category","embeddable":true,"href":"https:\/\/dev.antudigital.cl\/sites\/vc\/wp-json\/wp\/v2\/categories?post=8948"},{"taxonomy":"post_tag","embeddable":true,"href":"https:\/\/dev.antudigital.cl\/sites\/vc\/wp-json\/wp\/v2\/tags?post=8948"}],"curies":[{"name":"wp","href":"https:\/\/api.w.org\/{rel}","templated":true}]}}