{"id":8955,"date":"2019-09-30T16:01:48","date_gmt":"2019-09-30T16:01:48","guid":{"rendered":"http:\/\/www.valparaisocreativo.cl\/?p=3657"},"modified":"2019-09-30T16:01:48","modified_gmt":"2019-09-30T16:01:48","slug":"todo-listo-para-celebrar-el-dia-de-la-musica-y-los-musicos-chilenos","status":"publish","type":"post","link":"https:\/\/dev.antudigital.cl\/sites\/vc\/todo-listo-para-celebrar-el-dia-de-la-musica-y-los-musicos-chilenos\/","title":{"rendered":"Todo listo para celebrar el D\u00eda de la M\u00fasica y los M\u00fasicos Chilenos"},"content":{"rendered":"<ul>\n<li><strong>Festejos se extender\u00e1n durante nueve d\u00edas y culminar\u00e1n en Plaza Sotomayor con la presentaci\u00f3n de artistas que entonar\u00e1n canciones inspiradas en el Puerto junto a la Orquesta Marga Marga. Programaci\u00f3n del D\u00eda de la M\u00fasica contempla talleres y espect\u00e1culos entre el 4 y el 12 de octubre.<\/strong><span id=\"more-146293\"><\/span><\/li>\n<\/ul>\n<p>\u201cValpara\u00edso, Regi\u00f3n de M\u00fasicas\u201d es el lema que este a\u00f1o la Seremi de las Culturas, las Artes y el Patrimonio le dedic\u00f3 a los festejos del D\u00eda Nacional de la M\u00fasica y los M\u00fasicos Chilenos, que se celebrar\u00e1 con diversas actividades en cuatro comunas de la regi\u00f3n, entre el viernes 4 y el s\u00e1bado 12 de octubre.<\/p>\n<p>La seremi de las Culturas, Constance Harvey, se\u00f1al\u00f3 que \u201chemos querido relevar no solamente a las mujeres creadoras, sino adem\u00e1s a Valpara\u00edso como ciudad musical. Nos queremos unir a las ciudad creativas del mundo a trav\u00e9s de Unesco, y es por eso que con estos grandes colaboradores estamos celebrando nueve d\u00edas, con 17 eventos y m\u00e1s de 110 artistas que van a estar en escena en esta gran celebraci\u00f3n de la m\u00fasica, para la cual queremos invitarlos a todos a participar especialmente el d\u00eda 12 en Plaza Sotomayor\u201d.<\/p>\n<p>La programaci\u00f3n contempla 17 actividades que exploran \u00e1reas como la formaci\u00f3n, la industria musical y las presentaciones art\u00edsticas en Valpara\u00edso, Vi\u00f1a del Mar, Villa Alemana y Limache.<\/p>\n<h2><strong>\u201cCanciones a Valpara\u00edso\u201d<\/strong><\/h2>\n<p>El evento prinicipal tendr\u00e1 lugar el s\u00e1bado 12 de octubre (21 horas) con un gran concierto sinf\u00f3nico que encabezar\u00e1 la Orquesta Marga Marga, dirigida por Luis Jos\u00e9 Recart. El elenco musical estar\u00e1 acompa\u00f1ado por 14 destacadas cantantes chilenas que entonar\u00e1n una selecci\u00f3n de canciones inspiradas en Valpara\u00edso.<\/p>\n<p>Las artistas que participar\u00e1n en el concierto son Francesca Ancarola, Paz Court, Cecilia Eche\u00f1ique, Javiera Parra, Fran Straube, Denisse Malebr\u00e1n, Maureen Marambio, Lucy Brice\u00f1o, Magdalena Matthey, Pascuala Ilabaca, Arlette Jequier, Natalia Contesse, Elizabeth Morris y Natalia V\u00e1squez.<\/p>\n<p>Durante el show, el p\u00fablico podr\u00e1 escuchar canciones del repertorio cl\u00e1sico y nuevo, como la \u201cJoya del Pac\u00edfico\u201d, \u201cValpara\u00edso, Ay Rosa\u201d, \u201cValpara\u00edso eterno\u201d, \u201cLos cerros de Valpara\u00edso\u201d, \u201cLas Torpederas\u201d y \u201cAmantes\u201d, entre otras.<\/p>\n<p>El espect\u00e1culo que incluir\u00e1 una obertura del colectivo de compositoras Resonancia Femenina, tambi\u00e9n contempla la participaci\u00f3n del muralista Seco S\u00e1nchez, quien crear\u00e1 un\u00a0 graffiti digital a gran escala que se proyectar\u00e1 simult\u00e1neamente en el frontis del edificio del Ministerio de las Culturas.<\/p>\n<h2><strong>Espect\u00e1culos, ciudad y bohemia<\/strong><\/h2>\n<p>El concierto \u201cRegi\u00f3n de M\u00fasicas\u201d abrir\u00e1 la programaci\u00f3n el viernes 4 de octubre en el Teatro Pompeya de Villa Alemana (Latorre 20). El show comenzar\u00e1 a las 19 horas y estar\u00e1 encabezado por destacadas artistas y agrupaciones de la regi\u00f3n: Lakitas Matrisaya, Pascuala Ilabaca, Mora Lucay y la Orquesta Andina, dirigida por F\u00e9lix C\u00e1rdenas. La entrada es liberada con retiro de pulseras en el Centro Cultural Gabriela Mistral (Santiago 674).<\/p>\n<p>La m\u00fasica tambi\u00e9n se celebrar\u00e1 en Limache con el concierto educativo \u201cLa Pez Era\u201d en el Parque Brasil (Av. Jos\u00e9 Tom\u00e1s Urmeneta con Ram\u00f3n de la Cerda). El espect\u00e1culo de Peces Sexteto es un concierto musical gratuito, donde la familia tiene la posibilidad de escuchar instrumentos de vientos como trompeta, tromb\u00f3n, saxo, flugerhorn y sousaphone, acompa\u00f1ados por una r\u00edtmica bater\u00eda. La actividad se realizar\u00e1 el 6 de octubre a las 19 horas.<\/p>\n<p>Para aquellos\/as parroquianos\/as que aman la bohemia, el rock y las cuecas, la invitaci\u00f3n es a disfrutar de un recorrido que se realizar\u00e1 por tres locales emblem\u00e1ticos de\u00a0Valpara\u00edso en la ruta \u201cDe boliche en boliche\u201d, encabezada por los\/las artistas Dami\u00e1n Rodr\u00edguez, Adelaida y la agrupaci\u00f3n Puerto Bohemio, durante los d\u00edas 9, 10 y 11 de octubre.\u00a0El circuito contempla presentaciones en Pub C\u00edvico (Blanco 1273), , El Rinc\u00f3n de las guitarras (Friere 431) y el restaurante Cinzano (An\u00edbal Pinto 1882).\u00a0 Retira tus tickets gratuitos\u00a0<a href=\"http:\/\/bit.ly\/diadelamusicavalpo\">aqu\u00ed\u00a0<\/a><\/p>\n<p>El jueves 10 de octubre, la terraza del Ministerio de las Culturas tambi\u00e9n se abrir\u00e1 a la m\u00fasica con la presentaci\u00f3n de \u201cCanciones de bolsillo, Sunset\u201d, una serie de conciertos \u00edntimos que tiene por objetivo contribuir al fomento de la creaci\u00f3n y difusi\u00f3n de contenidos musicales emergentes.<\/p>\n<p>La actividad impulsada por el Centro de Extensi\u00f3n del Ministerio de las Culturas (Centex), comenzar\u00e1 a las 19 horas. Entre los artistas que se presentar\u00e1n en esta versi\u00f3n, se encuentra la agrupaci\u00f3n porte\u00f1a Javiera y Lavanda, Kin\u00e9tica (Emiliana Abril) y Ni\u00f1a Tormenta (Tiare Galaz). Los\/as interesados\/as pueden retirar sus pulseras con anticipaci\u00f3n en el edificio institucional (Sotomayor 233).<\/p>\n<p>La cartelera tambi\u00e9n contempla presentaciones musicales a cargo de la banda \u201cMi plan favorito\u201d, dirigido a ni\u00f1os y ni\u00f1as, en el Museo Artequ\u00edn de Vi\u00f1a del Mar (Parque Potrerillos 500). El concierto se realizar\u00e1 a las 12 horas el viernes 11 de octubre, y es con entrada liberada por orden de llegada.<\/p>\n<h2><strong>Formaci\u00f3n y debate<\/strong><\/h2>\n<p>Los d\u00edas s\u00e1bado 5 y domingo 6 de octubre, las actividades se trasladar\u00e1n hasta la Casa de la Cultura de Limache (Palmira Romano Sur 340), donde se realizar\u00e1 el Taller de electr\u00f3nica para ni\u00f1os y ni\u00f1as, que impartir\u00e1 la artista medial Claudia Gonz\u00e1lez. La sesi\u00f3n, que comenzar\u00e1 a las 15.30 horas, se transformar\u00e1 en una instancia de exploraci\u00f3n y aprendizaje a partir de la construcci\u00f3n de m\u00e1quinas generadoras de frecuencias audibles. La inscripci\u00f3n es gratuita en el centro cultural.<\/p>\n<p>Mientras que en la Ciudad Puerto se desarrollar\u00e1 el foro de m\u00fasica docta \u201cLa institucionalidad y la construcci\u00f3n del arraigo sonoro desde Valpara\u00edso\u201d, a cargo del colectivo Resonancia Femenina. Este encuentro propone reflexionar sobre la profesionalizaci\u00f3n de la m\u00fasica en instituciones universitarias, las problem\u00e1ticas actuales y sus proyecciones.<\/p>\n<p>En las sesiones se abordar\u00e1n tres tem\u00e1ticas: composici\u00f3n, direcci\u00f3n e investigaci\u00f3n. Las actividades son con entrada liberada y se realizar\u00e1n el martes 8, mi\u00e9rcoles 9 y jueves 10 de octubre, en la Universidad de Valpara\u00edso (Sala Rub\u00e9n Dar\u00edo, Blanco 1113); Universidad Federico Santa Mar\u00eda (Sal\u00f3n de Honor Casa Central, Av. Espa\u00f1a 1689); y la Pontificia Universidad Cat\u00f3lica de Valpara\u00edso (Sal\u00f3n de Honor Casa Central, Av. Brasil 2950). El horario es de 10 a 12 horas. Entrada liberada.<\/p>\n<p>El Parque Cultural de Valpara\u00edso (C\u00e1rcel 471) tambi\u00e9n se sumar\u00e1 a la programaci\u00f3n del D\u00eda de la M\u00fasica con un taller de percusi\u00f3n corporal, a cargo de la Compa\u00f1\u00eda Kumba. La actividad se realizar\u00e1 los d\u00edas 10, 11 y 12 de octubre, entre las 16 y \u00a019 horas, en la explanada del parque. El objetivo del taller es descubrir un nuevo lenguaje de expresi\u00f3n art\u00edstica a trav\u00e9s del cuerpo, desde lo sonoro y percutivo. El ingreso es gratuito. Inscripciones\u00a0<a href=\"https:\/\/bit.ly\/2kNnehk\">ac\u00e1<\/a><\/p>\n<h2><strong>Industria musical<\/strong><\/h2>\n<p>La Seremi de las Culturas tambi\u00e9n ha querido aportar al desarrollo del proyecto \u201cValpara\u00edso, Ciudad Musical\u201d, postulado a la Unesco en el mes de junio, con el fin de transformar al puerto en una ciudad modelo en la industria musical del pa\u00eds.\u00a0Es por eso que junto con la Asociaci\u00f3n Gremial de la Industria de la M\u00fasica de la Regi\u00f3n de Valpara\u00edso (IMUVA), se desarrollar\u00e1n dos actividades gratuitas para abordar los diversos desaf\u00edos y proyecciones de la industria musical.<\/p>\n<p>El lunes 7 de octubre, a las 19 horas, en el Hub Musical (Condell 1477, Valpara\u00edso), se realizar\u00e1 el \u201cPanel de casos de \u00e9xito y desaf\u00edos para la innovaci\u00f3n en el sector de la m\u00fasica\u201d, con la colaboraci\u00f3n del Centro de Investigaci\u00f3n Musical Aut\u00f3nomo CIMA y MUSTACH (Music Tech Association Chile).\u00a0Mientras que el martes 8, la invitaci\u00f3n es a la \u201cMesa de trabajo para la reactivaci\u00f3n de la oferta musical en Valpara\u00edso\u201d. La actividad se realizar\u00e1 a la misma hora y en el mismo recinto. Retiro de tickets gratuitos\u00a0<a href=\"http:\/\/bit.ly\/diadelamusicavalpo\">aqu\u00ed<\/a><\/p>\n<p>El D\u00eda de la M\u00fasica y los M\u00fasicos Chilenos se celebra el 4 de octubre en homenaje al natalicio de Violeta Parra. Este a\u00f1o la Seremi de las Culturas, las Artes y el Patrimonio cuenta con el apoyo de Asociaci\u00f3n Gremial de la Industria de la M\u00fasica de la Regi\u00f3n de Valpara\u00edso (IMUVA), Corporaci\u00f3n Valpara\u00edso Creativo (CORFO), la Municipalidad de Valpara\u00edso, Municipalidad de Vi\u00f1a del Mar, Municipalidad de Limache y Municipalidad de Villa Alemana; adem\u00e1s del Parque Cultural de Valpara\u00edso, Museo Artequin de Vi\u00f1a del Mar, y la Universidad Federico Santa Mar\u00eda, Universidad de Valpara\u00edso, Pontificia Universidad Cat\u00f3lica de Valpara\u00edso y Metro Valpara\u00edso.<\/p>\n<p><em>Fuente: cultura.gob.cl\u00a0<\/em><\/p>\n","protected":false},"excerpt":{"rendered":"<p>Festejos se extender\u00e1n durante nueve d\u00edas y culminar\u00e1n en Plaza Sotomayor con la presentaci\u00f3n de artistas que entonar\u00e1n canciones inspiradas en el Puerto junto a la Orquesta Marga Marga. Programaci\u00f3n del D\u00eda de la M\u00fasica contempla talleres y espect\u00e1culos entre el 4 y el 12 de octubre. \u201cValpara\u00edso, Regi\u00f3n de M\u00fasicas\u201d es el lema que [&hellip;]<\/p>\n","protected":false},"author":3,"featured_media":8956,"comment_status":"closed","ping_status":"closed","sticky":false,"template":"","format":"standard","meta":{"_acf_changed":false,"footnotes":""},"categories":[8],"tags":[],"class_list":["post-8955","post","type-post","status-publish","format-standard","has-post-thumbnail","hentry","category-noticia"],"acf":[],"yoast_head":"<!-- This site is optimized with the Yoast SEO plugin v27.1.1 - https:\/\/yoast.com\/product\/yoast-seo-wordpress\/ -->\n<title>Todo listo para celebrar el D\u00eda de la M\u00fasica y los M\u00fasicos Chilenos - Valpara\u00ed\u00adso Creativo<\/title>\n<meta name=\"robots\" content=\"index, follow, max-snippet:-1, max-image-preview:large, max-video-preview:-1\" \/>\n<link rel=\"canonical\" href=\"https:\/\/dev.antudigital.cl\/sites\/vc\/todo-listo-para-celebrar-el-dia-de-la-musica-y-los-musicos-chilenos\/\" \/>\n<meta property=\"og:locale\" content=\"es_ES\" \/>\n<meta property=\"og:type\" content=\"article\" \/>\n<meta property=\"og:title\" content=\"Todo listo para celebrar el D\u00eda de la M\u00fasica y los M\u00fasicos Chilenos - Valpara\u00ed\u00adso Creativo\" \/>\n<meta property=\"og:description\" content=\"Festejos se extender\u00e1n durante nueve d\u00edas y culminar\u00e1n en Plaza Sotomayor con la presentaci\u00f3n de artistas que entonar\u00e1n canciones inspiradas en el Puerto junto a la Orquesta Marga Marga. Programaci\u00f3n del D\u00eda de la M\u00fasica contempla talleres y espect\u00e1culos entre el 4 y el 12 de octubre. \u201cValpara\u00edso, Regi\u00f3n de M\u00fasicas\u201d es el lema que [&hellip;]\" \/>\n<meta property=\"og:url\" content=\"https:\/\/dev.antudigital.cl\/sites\/vc\/todo-listo-para-celebrar-el-dia-de-la-musica-y-los-musicos-chilenos\/\" \/>\n<meta property=\"og:site_name\" content=\"Valpara\u00ed\u00adso Creativo\" \/>\n<meta property=\"article:published_time\" content=\"2019-09-30T16:01:48+00:00\" \/>\n<meta property=\"og:image\" content=\"https:\/\/dev.antudigital.cl\/sites\/vc\/wp-content\/uploads\/2019\/10\/Viral-General-e1570129281675.png\" \/>\n\t<meta property=\"og:image:width\" content=\"800\" \/>\n\t<meta property=\"og:image:height\" content=\"450\" \/>\n\t<meta property=\"og:image:type\" content=\"image\/png\" \/>\n<meta name=\"author\" content=\"Valparaiso Creativo\" \/>\n<meta name=\"twitter:card\" content=\"summary_large_image\" \/>\n<meta name=\"twitter:label1\" content=\"Escrito por\" \/>\n\t<meta name=\"twitter:data1\" content=\"Valparaiso Creativo\" \/>\n\t<meta name=\"twitter:label2\" content=\"Tiempo de lectura\" \/>\n\t<meta name=\"twitter:data2\" content=\"7 minutos\" \/>\n<script type=\"application\/ld+json\" class=\"yoast-schema-graph\">{\"@context\":\"https:\/\/schema.org\",\"@graph\":[{\"@type\":\"Article\",\"@id\":\"https:\/\/dev.antudigital.cl\/sites\/vc\/todo-listo-para-celebrar-el-dia-de-la-musica-y-los-musicos-chilenos\/#article\",\"isPartOf\":{\"@id\":\"https:\/\/dev.antudigital.cl\/sites\/vc\/todo-listo-para-celebrar-el-dia-de-la-musica-y-los-musicos-chilenos\/\"},\"author\":{\"name\":\"Valparaiso Creativo\",\"@id\":\"https:\/\/dev.antudigital.cl\/sites\/vc\/#\/schema\/person\/81d1dcd51abd542b5dfc00f5f951a0f1\"},\"headline\":\"Todo listo para celebrar el D\u00eda de la M\u00fasica y los M\u00fasicos Chilenos\",\"datePublished\":\"2019-09-30T16:01:48+00:00\",\"mainEntityOfPage\":{\"@id\":\"https:\/\/dev.antudigital.cl\/sites\/vc\/todo-listo-para-celebrar-el-dia-de-la-musica-y-los-musicos-chilenos\/\"},\"wordCount\":1489,\"image\":{\"@id\":\"https:\/\/dev.antudigital.cl\/sites\/vc\/todo-listo-para-celebrar-el-dia-de-la-musica-y-los-musicos-chilenos\/#primaryimage\"},\"thumbnailUrl\":\"https:\/\/dev.antudigital.cl\/sites\/vc\/wp-content\/uploads\/2019\/10\/Viral-General-e1570129281675.png\",\"articleSection\":[\"Noticia\"],\"inLanguage\":\"es\"},{\"@type\":\"WebPage\",\"@id\":\"https:\/\/dev.antudigital.cl\/sites\/vc\/todo-listo-para-celebrar-el-dia-de-la-musica-y-los-musicos-chilenos\/\",\"url\":\"https:\/\/dev.antudigital.cl\/sites\/vc\/todo-listo-para-celebrar-el-dia-de-la-musica-y-los-musicos-chilenos\/\",\"name\":\"Todo listo para celebrar el D\u00eda de la M\u00fasica y los M\u00fasicos Chilenos - Valpara\u00ed\u00adso Creativo\",\"isPartOf\":{\"@id\":\"https:\/\/dev.antudigital.cl\/sites\/vc\/#website\"},\"primaryImageOfPage\":{\"@id\":\"https:\/\/dev.antudigital.cl\/sites\/vc\/todo-listo-para-celebrar-el-dia-de-la-musica-y-los-musicos-chilenos\/#primaryimage\"},\"image\":{\"@id\":\"https:\/\/dev.antudigital.cl\/sites\/vc\/todo-listo-para-celebrar-el-dia-de-la-musica-y-los-musicos-chilenos\/#primaryimage\"},\"thumbnailUrl\":\"https:\/\/dev.antudigital.cl\/sites\/vc\/wp-content\/uploads\/2019\/10\/Viral-General-e1570129281675.png\",\"datePublished\":\"2019-09-30T16:01:48+00:00\",\"author\":{\"@id\":\"https:\/\/dev.antudigital.cl\/sites\/vc\/#\/schema\/person\/81d1dcd51abd542b5dfc00f5f951a0f1\"},\"breadcrumb\":{\"@id\":\"https:\/\/dev.antudigital.cl\/sites\/vc\/todo-listo-para-celebrar-el-dia-de-la-musica-y-los-musicos-chilenos\/#breadcrumb\"},\"inLanguage\":\"es\",\"potentialAction\":[{\"@type\":\"ReadAction\",\"target\":[\"https:\/\/dev.antudigital.cl\/sites\/vc\/todo-listo-para-celebrar-el-dia-de-la-musica-y-los-musicos-chilenos\/\"]}]},{\"@type\":\"ImageObject\",\"inLanguage\":\"es\",\"@id\":\"https:\/\/dev.antudigital.cl\/sites\/vc\/todo-listo-para-celebrar-el-dia-de-la-musica-y-los-musicos-chilenos\/#primaryimage\",\"url\":\"https:\/\/dev.antudigital.cl\/sites\/vc\/wp-content\/uploads\/2019\/10\/Viral-General-e1570129281675.png\",\"contentUrl\":\"https:\/\/dev.antudigital.cl\/sites\/vc\/wp-content\/uploads\/2019\/10\/Viral-General-e1570129281675.png\",\"width\":800,\"height\":450},{\"@type\":\"BreadcrumbList\",\"@id\":\"https:\/\/dev.antudigital.cl\/sites\/vc\/todo-listo-para-celebrar-el-dia-de-la-musica-y-los-musicos-chilenos\/#breadcrumb\",\"itemListElement\":[{\"@type\":\"ListItem\",\"position\":1,\"name\":\"Home\",\"item\":\"https:\/\/dev.antudigital.cl\/sites\/vc\/\"},{\"@type\":\"ListItem\",\"position\":2,\"name\":\"Todo listo para celebrar el D\u00eda de la M\u00fasica y los M\u00fasicos Chilenos\"}]},{\"@type\":\"WebSite\",\"@id\":\"https:\/\/dev.antudigital.cl\/sites\/vc\/#website\",\"url\":\"https:\/\/dev.antudigital.cl\/sites\/vc\/\",\"name\":\"Valpara\u00ed\u00adso Creativo\",\"description\":\"\",\"potentialAction\":[{\"@type\":\"SearchAction\",\"target\":{\"@type\":\"EntryPoint\",\"urlTemplate\":\"https:\/\/dev.antudigital.cl\/sites\/vc\/?s={search_term_string}\"},\"query-input\":{\"@type\":\"PropertyValueSpecification\",\"valueRequired\":true,\"valueName\":\"search_term_string\"}}],\"inLanguage\":\"es\"},{\"@type\":\"Person\",\"@id\":\"https:\/\/dev.antudigital.cl\/sites\/vc\/#\/schema\/person\/81d1dcd51abd542b5dfc00f5f951a0f1\",\"name\":\"Valparaiso Creativo\",\"url\":\"https:\/\/dev.antudigital.cl\/sites\/vc\/author\/valparaiso-creativo\/\"}]}<\/script>\n<!-- \/ Yoast SEO plugin. -->","yoast_head_json":{"title":"Todo listo para celebrar el D\u00eda de la M\u00fasica y los M\u00fasicos Chilenos - Valpara\u00ed\u00adso Creativo","robots":{"index":"index","follow":"follow","max-snippet":"max-snippet:-1","max-image-preview":"max-image-preview:large","max-video-preview":"max-video-preview:-1"},"canonical":"https:\/\/dev.antudigital.cl\/sites\/vc\/todo-listo-para-celebrar-el-dia-de-la-musica-y-los-musicos-chilenos\/","og_locale":"es_ES","og_type":"article","og_title":"Todo listo para celebrar el D\u00eda de la M\u00fasica y los M\u00fasicos Chilenos - Valpara\u00ed\u00adso Creativo","og_description":"Festejos se extender\u00e1n durante nueve d\u00edas y culminar\u00e1n en Plaza Sotomayor con la presentaci\u00f3n de artistas que entonar\u00e1n canciones inspiradas en el Puerto junto a la Orquesta Marga Marga. Programaci\u00f3n del D\u00eda de la M\u00fasica contempla talleres y espect\u00e1culos entre el 4 y el 12 de octubre. \u201cValpara\u00edso, Regi\u00f3n de M\u00fasicas\u201d es el lema que [&hellip;]","og_url":"https:\/\/dev.antudigital.cl\/sites\/vc\/todo-listo-para-celebrar-el-dia-de-la-musica-y-los-musicos-chilenos\/","og_site_name":"Valpara\u00ed\u00adso Creativo","article_published_time":"2019-09-30T16:01:48+00:00","og_image":[{"width":800,"height":450,"url":"https:\/\/dev.antudigital.cl\/sites\/vc\/wp-content\/uploads\/2019\/10\/Viral-General-e1570129281675.png","type":"image\/png"}],"author":"Valparaiso Creativo","twitter_card":"summary_large_image","twitter_misc":{"Escrito por":"Valparaiso Creativo","Tiempo de lectura":"7 minutos"},"schema":{"@context":"https:\/\/schema.org","@graph":[{"@type":"Article","@id":"https:\/\/dev.antudigital.cl\/sites\/vc\/todo-listo-para-celebrar-el-dia-de-la-musica-y-los-musicos-chilenos\/#article","isPartOf":{"@id":"https:\/\/dev.antudigital.cl\/sites\/vc\/todo-listo-para-celebrar-el-dia-de-la-musica-y-los-musicos-chilenos\/"},"author":{"name":"Valparaiso Creativo","@id":"https:\/\/dev.antudigital.cl\/sites\/vc\/#\/schema\/person\/81d1dcd51abd542b5dfc00f5f951a0f1"},"headline":"Todo listo para celebrar el D\u00eda de la M\u00fasica y los M\u00fasicos Chilenos","datePublished":"2019-09-30T16:01:48+00:00","mainEntityOfPage":{"@id":"https:\/\/dev.antudigital.cl\/sites\/vc\/todo-listo-para-celebrar-el-dia-de-la-musica-y-los-musicos-chilenos\/"},"wordCount":1489,"image":{"@id":"https:\/\/dev.antudigital.cl\/sites\/vc\/todo-listo-para-celebrar-el-dia-de-la-musica-y-los-musicos-chilenos\/#primaryimage"},"thumbnailUrl":"https:\/\/dev.antudigital.cl\/sites\/vc\/wp-content\/uploads\/2019\/10\/Viral-General-e1570129281675.png","articleSection":["Noticia"],"inLanguage":"es"},{"@type":"WebPage","@id":"https:\/\/dev.antudigital.cl\/sites\/vc\/todo-listo-para-celebrar-el-dia-de-la-musica-y-los-musicos-chilenos\/","url":"https:\/\/dev.antudigital.cl\/sites\/vc\/todo-listo-para-celebrar-el-dia-de-la-musica-y-los-musicos-chilenos\/","name":"Todo listo para celebrar el D\u00eda de la M\u00fasica y los M\u00fasicos Chilenos - Valpara\u00ed\u00adso Creativo","isPartOf":{"@id":"https:\/\/dev.antudigital.cl\/sites\/vc\/#website"},"primaryImageOfPage":{"@id":"https:\/\/dev.antudigital.cl\/sites\/vc\/todo-listo-para-celebrar-el-dia-de-la-musica-y-los-musicos-chilenos\/#primaryimage"},"image":{"@id":"https:\/\/dev.antudigital.cl\/sites\/vc\/todo-listo-para-celebrar-el-dia-de-la-musica-y-los-musicos-chilenos\/#primaryimage"},"thumbnailUrl":"https:\/\/dev.antudigital.cl\/sites\/vc\/wp-content\/uploads\/2019\/10\/Viral-General-e1570129281675.png","datePublished":"2019-09-30T16:01:48+00:00","author":{"@id":"https:\/\/dev.antudigital.cl\/sites\/vc\/#\/schema\/person\/81d1dcd51abd542b5dfc00f5f951a0f1"},"breadcrumb":{"@id":"https:\/\/dev.antudigital.cl\/sites\/vc\/todo-listo-para-celebrar-el-dia-de-la-musica-y-los-musicos-chilenos\/#breadcrumb"},"inLanguage":"es","potentialAction":[{"@type":"ReadAction","target":["https:\/\/dev.antudigital.cl\/sites\/vc\/todo-listo-para-celebrar-el-dia-de-la-musica-y-los-musicos-chilenos\/"]}]},{"@type":"ImageObject","inLanguage":"es","@id":"https:\/\/dev.antudigital.cl\/sites\/vc\/todo-listo-para-celebrar-el-dia-de-la-musica-y-los-musicos-chilenos\/#primaryimage","url":"https:\/\/dev.antudigital.cl\/sites\/vc\/wp-content\/uploads\/2019\/10\/Viral-General-e1570129281675.png","contentUrl":"https:\/\/dev.antudigital.cl\/sites\/vc\/wp-content\/uploads\/2019\/10\/Viral-General-e1570129281675.png","width":800,"height":450},{"@type":"BreadcrumbList","@id":"https:\/\/dev.antudigital.cl\/sites\/vc\/todo-listo-para-celebrar-el-dia-de-la-musica-y-los-musicos-chilenos\/#breadcrumb","itemListElement":[{"@type":"ListItem","position":1,"name":"Home","item":"https:\/\/dev.antudigital.cl\/sites\/vc\/"},{"@type":"ListItem","position":2,"name":"Todo listo para celebrar el D\u00eda de la M\u00fasica y los M\u00fasicos Chilenos"}]},{"@type":"WebSite","@id":"https:\/\/dev.antudigital.cl\/sites\/vc\/#website","url":"https:\/\/dev.antudigital.cl\/sites\/vc\/","name":"Valpara\u00ed\u00adso Creativo","description":"","potentialAction":[{"@type":"SearchAction","target":{"@type":"EntryPoint","urlTemplate":"https:\/\/dev.antudigital.cl\/sites\/vc\/?s={search_term_string}"},"query-input":{"@type":"PropertyValueSpecification","valueRequired":true,"valueName":"search_term_string"}}],"inLanguage":"es"},{"@type":"Person","@id":"https:\/\/dev.antudigital.cl\/sites\/vc\/#\/schema\/person\/81d1dcd51abd542b5dfc00f5f951a0f1","name":"Valparaiso Creativo","url":"https:\/\/dev.antudigital.cl\/sites\/vc\/author\/valparaiso-creativo\/"}]}},"_links":{"self":[{"href":"https:\/\/dev.antudigital.cl\/sites\/vc\/wp-json\/wp\/v2\/posts\/8955","targetHints":{"allow":["GET"]}}],"collection":[{"href":"https:\/\/dev.antudigital.cl\/sites\/vc\/wp-json\/wp\/v2\/posts"}],"about":[{"href":"https:\/\/dev.antudigital.cl\/sites\/vc\/wp-json\/wp\/v2\/types\/post"}],"author":[{"embeddable":true,"href":"https:\/\/dev.antudigital.cl\/sites\/vc\/wp-json\/wp\/v2\/users\/3"}],"replies":[{"embeddable":true,"href":"https:\/\/dev.antudigital.cl\/sites\/vc\/wp-json\/wp\/v2\/comments?post=8955"}],"version-history":[{"count":0,"href":"https:\/\/dev.antudigital.cl\/sites\/vc\/wp-json\/wp\/v2\/posts\/8955\/revisions"}],"wp:featuredmedia":[{"embeddable":true,"href":"https:\/\/dev.antudigital.cl\/sites\/vc\/wp-json\/wp\/v2\/media\/8956"}],"wp:attachment":[{"href":"https:\/\/dev.antudigital.cl\/sites\/vc\/wp-json\/wp\/v2\/media?parent=8955"}],"wp:term":[{"taxonomy":"category","embeddable":true,"href":"https:\/\/dev.antudigital.cl\/sites\/vc\/wp-json\/wp\/v2\/categories?post=8955"},{"taxonomy":"post_tag","embeddable":true,"href":"https:\/\/dev.antudigital.cl\/sites\/vc\/wp-json\/wp\/v2\/tags?post=8955"}],"curies":[{"name":"wp","href":"https:\/\/api.w.org\/{rel}","templated":true}]}}