{"id":8957,"date":"2019-09-26T17:54:05","date_gmt":"2019-09-26T17:54:05","guid":{"rendered":"http:\/\/www.valparaisocreativo.cl\/?p=3645"},"modified":"2021-12-25T20:54:02","modified_gmt":"2021-12-25T20:54:02","slug":"con-gran-convocatoria-se-realizo-workshop-casos-de-epica-patrimonial","status":"publish","type":"post","link":"https:\/\/dev.antudigital.cl\/sites\/vc\/con-gran-convocatoria-se-realizo-workshop-casos-de-epica-patrimonial\/","title":{"rendered":"Con gran convocatoria se realiz\u00f3 workshop \u00abCasos de \u00c9pica Patrimonial\u00bb"},"content":{"rendered":"<ul>\n<li>En la jornada se expusieron los casos de cuatro espacios culturales: CasaPlan, Insomnia Teatro Condell, Espacio Santa Ana y desde Santiago, Nave con el objetivo de conocer la experiencia de sostenibilidad y gobernanza de sus proyectos.<\/li>\n<\/ul>\n<p>&nbsp;<\/p>\n<p>Con una importante convocatoria se realiz\u00f3&nbsp; el workshop <strong>\u00abCasos de \u00c9pica Patrimonial: gesti\u00f3n sostenible de espacios patrimoniales con usos culturales y creativos\u00bb,<\/strong> en donde se invit\u00f3 a distintos gestores tanto privados como p\u00fablicos de diversos espacios culturales no tan s\u00f3lo de Valpara\u00edso, sino de otras comunas de Chile.<\/p>\n<p>La actividad fue organizada en conjunto por el programa de Corfo Valpara\u00edso Creativo, el Parque Cultural de Valpara\u00edso y el Ministerio de las Culturas, las Artes y el Patrimonio de la Regi\u00f3n de Valpara\u00edso, y tuvo como objetivo entablar un espacio de di\u00e1logo e intercambio de experiencias en torno al uso de espacio e inmuebles patrimoniales para fines creativos y culturales.<\/p>\n<p><img fetchpriority=\"high\" decoding=\"async\" class=\"alignleft size-medium wp-image-3650\" src=\"http:\/\/www.valparaisocreativo.cl\/wp-content\/uploads\/2019\/09\/DSC09501-300x225.jpg\" alt=\"\" width=\"300\" height=\"225\">El primer bloque de la ma\u00f1ana estuvo destinada a revisar la sostenibilidad de los espacios culturales en donde expusieron sus experiencias Claudio Pereira y Leonardo Torres de Insomnia Teatro Condell&nbsp; y&nbsp; Roberto Acosta, en representaci\u00f3n de CasaPlan. A trav\u00e9s de su relato se dio a conocer c\u00f3mo funciona cada uno de estos espacios, sus motivaciones y tambi\u00e9n dificultades que han enfrentado a la hora de levantar y mantener proyectos como los que llevan a cabo.<\/p>\n<p>Los representantes de <strong>Insomnia Teatro Condell,<\/strong> quienes llevan 15 a\u00f1os de historia, manifestaron que&nbsp; \u00abel conocimiento y cari\u00f1o por la ciudad de Valparaiso es lo que hacen posible y dan vida a estos proyectos\u00bb. Recientemente se adjudicaron el <a href=\"https:\/\/www.valparaisocreativo.cl\/recuperacion-de-espacios-para-la-cultura-la-remodelacion-del-teatro-condell\/\">Fondo de Infraestructura Cultural<\/a> del Ministerio de las Culturas, las Artes y el Patrimonio con un monto cercano a los 180 millones de pesos, lo que les permiti\u00f3 re abrir la sala a mitad de a\u00f1o refaccionada, con nuevo suelo, camarines, reparaciones en el sistema el\u00e9ctrico y el cambio y renovaci\u00f3n de butacas, como una de las cosas m\u00e1s simb\u00f3licas.<\/p>\n<p>En el caso del espacio emplazado en Avenida Brasil esquina Puedeto, Roberto Acosta explic\u00f3 que \u00abel coraz\u00f3n de <strong>CasaPlan<\/strong> es el taller de grabado\u00bb. Sin embargo, como no les genera el sustento econ\u00f3mico suficiente, la cafeter\u00eda&nbsp; juega un rol fundamental. De esta forma, no es tan s\u00f3lo un espacio de arte (con el Taller de grabado y galer\u00eda) sino que ahora abren su negocio a una hospedaje y espacio de cowork.<\/p>\n<p><img decoding=\"async\" class=\"size-medium wp-image-3651 alignright\" src=\"http:\/\/www.valparaisocreativo.cl\/wp-content\/uploads\/2019\/09\/DSC09604-300x225.jpg\" alt=\"\" width=\"300\" height=\"225\">El bloque de la tarde estuvo enfocada en abordar el tema de la gobernanza a trav\u00e9s de la exposici\u00f3n de dos casos. Uno de ellos fue el <strong>Espacio Santa Ana<\/strong> el cual est\u00e1 ubicado en el Cerro Cordillera. Carolina Cabello y Christian Amarales se refirieron a su modelo de gesti\u00f3n en donde destacaron su planificaci\u00f3n organizacional: pasar de un Centro Comunitario a una Corporaci\u00f3n de Desarrollo Cultural y Social.<\/p>\n<p>Por \u00faltimo, fue el turno de <strong>Nave,<\/strong> centro de creaci\u00f3n y residencia art\u00edstica emplazado en el patrimonial Barrio Yungay en Santiago. Cecilia Checa&nbsp; destac\u00f3 entre sus pr\u00e1cticas virtuosas, el de contar con un equipo compuesto por un 90% de mujeres.<\/p>\n<p>&nbsp;<\/p>\n<p><img decoding=\"async\" class=\"size-medium wp-image-3652 aligncenter\" src=\"http:\/\/www.valparaisocreativo.cl\/wp-content\/uploads\/2019\/09\/DSC09657-300x225.jpg\" alt=\"\" width=\"300\" height=\"225\"><\/p>\n","protected":false},"excerpt":{"rendered":"<p>En la jornada se expusieron los casos de cuatro espacios culturales: CasaPlan, Insomnia Teatro Condell, Espacio Santa Ana y desde Santiago, Nave con el objetivo de conocer la experiencia de sostenibilidad y gobernanza de sus proyectos. &nbsp; Con una importante convocatoria se realiz\u00f3&nbsp; el workshop \u00abCasos de \u00c9pica Patrimonial: gesti\u00f3n sostenible de espacios patrimoniales con [&hellip;]<\/p>\n","protected":false},"author":3,"featured_media":8960,"comment_status":"closed","ping_status":"closed","sticky":false,"template":"","format":"standard","meta":{"_acf_changed":false,"footnotes":""},"categories":[8],"tags":[],"class_list":["post-8957","post","type-post","status-publish","format-standard","has-post-thumbnail","hentry","category-noticia"],"acf":[],"yoast_head":"<!-- This site is optimized with the Yoast SEO plugin v27.1.1 - https:\/\/yoast.com\/product\/yoast-seo-wordpress\/ -->\n<title>Con gran convocatoria se realiz\u00f3 workshop &quot;Casos de \u00c9pica Patrimonial&quot; - Valpara\u00ed\u00adso Creativo<\/title>\n<meta name=\"robots\" content=\"index, follow, max-snippet:-1, max-image-preview:large, max-video-preview:-1\" \/>\n<link rel=\"canonical\" href=\"https:\/\/dev.antudigital.cl\/sites\/vc\/con-gran-convocatoria-se-realizo-workshop-casos-de-epica-patrimonial\/\" \/>\n<meta property=\"og:locale\" content=\"es_ES\" \/>\n<meta property=\"og:type\" content=\"article\" \/>\n<meta property=\"og:title\" content=\"Con gran convocatoria se realiz\u00f3 workshop &quot;Casos de \u00c9pica Patrimonial&quot; - Valpara\u00ed\u00adso Creativo\" \/>\n<meta property=\"og:description\" content=\"En la jornada se expusieron los casos de cuatro espacios culturales: CasaPlan, Insomnia Teatro Condell, Espacio Santa Ana y desde Santiago, Nave con el objetivo de conocer la experiencia de sostenibilidad y gobernanza de sus proyectos. &nbsp; Con una importante convocatoria se realiz\u00f3&nbsp; el workshop \u00abCasos de \u00c9pica Patrimonial: gesti\u00f3n sostenible de espacios patrimoniales con [&hellip;]\" \/>\n<meta property=\"og:url\" content=\"https:\/\/dev.antudigital.cl\/sites\/vc\/con-gran-convocatoria-se-realizo-workshop-casos-de-epica-patrimonial\/\" \/>\n<meta property=\"og:site_name\" content=\"Valpara\u00ed\u00adso Creativo\" \/>\n<meta property=\"article:published_time\" content=\"2019-09-26T17:54:05+00:00\" \/>\n<meta property=\"article:modified_time\" content=\"2021-12-25T20:54:02+00:00\" \/>\n<meta property=\"og:image\" content=\"https:\/\/dev.antudigital.cl\/sites\/vc\/wp-content\/uploads\/2019\/09\/DSC09518-e1569431293242.jpg\" \/>\n\t<meta property=\"og:image:width\" content=\"1800\" \/>\n\t<meta property=\"og:image:height\" content=\"1350\" \/>\n\t<meta property=\"og:image:type\" content=\"image\/jpeg\" \/>\n<meta name=\"author\" content=\"Valparaiso Creativo\" \/>\n<meta name=\"twitter:card\" content=\"summary_large_image\" \/>\n<meta name=\"twitter:label1\" content=\"Escrito por\" \/>\n\t<meta name=\"twitter:data1\" content=\"Valparaiso Creativo\" \/>\n\t<meta name=\"twitter:label2\" content=\"Tiempo de lectura\" \/>\n\t<meta name=\"twitter:data2\" content=\"3 minutos\" \/>\n<script type=\"application\/ld+json\" class=\"yoast-schema-graph\">{\"@context\":\"https:\/\/schema.org\",\"@graph\":[{\"@type\":\"Article\",\"@id\":\"https:\/\/dev.antudigital.cl\/sites\/vc\/con-gran-convocatoria-se-realizo-workshop-casos-de-epica-patrimonial\/#article\",\"isPartOf\":{\"@id\":\"https:\/\/dev.antudigital.cl\/sites\/vc\/con-gran-convocatoria-se-realizo-workshop-casos-de-epica-patrimonial\/\"},\"author\":{\"name\":\"Valparaiso Creativo\",\"@id\":\"https:\/\/dev.antudigital.cl\/sites\/vc\/#\/schema\/person\/81d1dcd51abd542b5dfc00f5f951a0f1\"},\"headline\":\"Con gran convocatoria se realiz\u00f3 workshop \u00abCasos de \u00c9pica Patrimonial\u00bb\",\"datePublished\":\"2019-09-26T17:54:05+00:00\",\"dateModified\":\"2021-12-25T20:54:02+00:00\",\"mainEntityOfPage\":{\"@id\":\"https:\/\/dev.antudigital.cl\/sites\/vc\/con-gran-convocatoria-se-realizo-workshop-casos-de-epica-patrimonial\/\"},\"wordCount\":547,\"image\":{\"@id\":\"https:\/\/dev.antudigital.cl\/sites\/vc\/con-gran-convocatoria-se-realizo-workshop-casos-de-epica-patrimonial\/#primaryimage\"},\"thumbnailUrl\":\"https:\/\/dev.antudigital.cl\/sites\/vc\/wp-content\/uploads\/2019\/09\/DSC09518-e1569431293242.jpg\",\"articleSection\":[\"Noticia\"],\"inLanguage\":\"es\"},{\"@type\":\"WebPage\",\"@id\":\"https:\/\/dev.antudigital.cl\/sites\/vc\/con-gran-convocatoria-se-realizo-workshop-casos-de-epica-patrimonial\/\",\"url\":\"https:\/\/dev.antudigital.cl\/sites\/vc\/con-gran-convocatoria-se-realizo-workshop-casos-de-epica-patrimonial\/\",\"name\":\"Con gran convocatoria se realiz\u00f3 workshop \\\"Casos de \u00c9pica Patrimonial\\\" - Valpara\u00ed\u00adso Creativo\",\"isPartOf\":{\"@id\":\"https:\/\/dev.antudigital.cl\/sites\/vc\/#website\"},\"primaryImageOfPage\":{\"@id\":\"https:\/\/dev.antudigital.cl\/sites\/vc\/con-gran-convocatoria-se-realizo-workshop-casos-de-epica-patrimonial\/#primaryimage\"},\"image\":{\"@id\":\"https:\/\/dev.antudigital.cl\/sites\/vc\/con-gran-convocatoria-se-realizo-workshop-casos-de-epica-patrimonial\/#primaryimage\"},\"thumbnailUrl\":\"https:\/\/dev.antudigital.cl\/sites\/vc\/wp-content\/uploads\/2019\/09\/DSC09518-e1569431293242.jpg\",\"datePublished\":\"2019-09-26T17:54:05+00:00\",\"dateModified\":\"2021-12-25T20:54:02+00:00\",\"author\":{\"@id\":\"https:\/\/dev.antudigital.cl\/sites\/vc\/#\/schema\/person\/81d1dcd51abd542b5dfc00f5f951a0f1\"},\"breadcrumb\":{\"@id\":\"https:\/\/dev.antudigital.cl\/sites\/vc\/con-gran-convocatoria-se-realizo-workshop-casos-de-epica-patrimonial\/#breadcrumb\"},\"inLanguage\":\"es\",\"potentialAction\":[{\"@type\":\"ReadAction\",\"target\":[\"https:\/\/dev.antudigital.cl\/sites\/vc\/con-gran-convocatoria-se-realizo-workshop-casos-de-epica-patrimonial\/\"]}]},{\"@type\":\"ImageObject\",\"inLanguage\":\"es\",\"@id\":\"https:\/\/dev.antudigital.cl\/sites\/vc\/con-gran-convocatoria-se-realizo-workshop-casos-de-epica-patrimonial\/#primaryimage\",\"url\":\"https:\/\/dev.antudigital.cl\/sites\/vc\/wp-content\/uploads\/2019\/09\/DSC09518-e1569431293242.jpg\",\"contentUrl\":\"https:\/\/dev.antudigital.cl\/sites\/vc\/wp-content\/uploads\/2019\/09\/DSC09518-e1569431293242.jpg\",\"width\":1800,\"height\":1350},{\"@type\":\"BreadcrumbList\",\"@id\":\"https:\/\/dev.antudigital.cl\/sites\/vc\/con-gran-convocatoria-se-realizo-workshop-casos-de-epica-patrimonial\/#breadcrumb\",\"itemListElement\":[{\"@type\":\"ListItem\",\"position\":1,\"name\":\"Home\",\"item\":\"https:\/\/dev.antudigital.cl\/sites\/vc\/\"},{\"@type\":\"ListItem\",\"position\":2,\"name\":\"Con gran convocatoria se realiz\u00f3 workshop \u00abCasos de \u00c9pica Patrimonial\u00bb\"}]},{\"@type\":\"WebSite\",\"@id\":\"https:\/\/dev.antudigital.cl\/sites\/vc\/#website\",\"url\":\"https:\/\/dev.antudigital.cl\/sites\/vc\/\",\"name\":\"Valpara\u00ed\u00adso Creativo\",\"description\":\"\",\"potentialAction\":[{\"@type\":\"SearchAction\",\"target\":{\"@type\":\"EntryPoint\",\"urlTemplate\":\"https:\/\/dev.antudigital.cl\/sites\/vc\/?s={search_term_string}\"},\"query-input\":{\"@type\":\"PropertyValueSpecification\",\"valueRequired\":true,\"valueName\":\"search_term_string\"}}],\"inLanguage\":\"es\"},{\"@type\":\"Person\",\"@id\":\"https:\/\/dev.antudigital.cl\/sites\/vc\/#\/schema\/person\/81d1dcd51abd542b5dfc00f5f951a0f1\",\"name\":\"Valparaiso Creativo\",\"url\":\"https:\/\/dev.antudigital.cl\/sites\/vc\/author\/valparaiso-creativo\/\"}]}<\/script>\n<!-- \/ Yoast SEO plugin. -->","yoast_head_json":{"title":"Con gran convocatoria se realiz\u00f3 workshop \"Casos de \u00c9pica Patrimonial\" - Valpara\u00ed\u00adso Creativo","robots":{"index":"index","follow":"follow","max-snippet":"max-snippet:-1","max-image-preview":"max-image-preview:large","max-video-preview":"max-video-preview:-1"},"canonical":"https:\/\/dev.antudigital.cl\/sites\/vc\/con-gran-convocatoria-se-realizo-workshop-casos-de-epica-patrimonial\/","og_locale":"es_ES","og_type":"article","og_title":"Con gran convocatoria se realiz\u00f3 workshop \"Casos de \u00c9pica Patrimonial\" - Valpara\u00ed\u00adso Creativo","og_description":"En la jornada se expusieron los casos de cuatro espacios culturales: CasaPlan, Insomnia Teatro Condell, Espacio Santa Ana y desde Santiago, Nave con el objetivo de conocer la experiencia de sostenibilidad y gobernanza de sus proyectos. &nbsp; Con una importante convocatoria se realiz\u00f3&nbsp; el workshop \u00abCasos de \u00c9pica Patrimonial: gesti\u00f3n sostenible de espacios patrimoniales con [&hellip;]","og_url":"https:\/\/dev.antudigital.cl\/sites\/vc\/con-gran-convocatoria-se-realizo-workshop-casos-de-epica-patrimonial\/","og_site_name":"Valpara\u00ed\u00adso Creativo","article_published_time":"2019-09-26T17:54:05+00:00","article_modified_time":"2021-12-25T20:54:02+00:00","og_image":[{"width":1800,"height":1350,"url":"https:\/\/dev.antudigital.cl\/sites\/vc\/wp-content\/uploads\/2019\/09\/DSC09518-e1569431293242.jpg","type":"image\/jpeg"}],"author":"Valparaiso Creativo","twitter_card":"summary_large_image","twitter_misc":{"Escrito por":"Valparaiso Creativo","Tiempo de lectura":"3 minutos"},"schema":{"@context":"https:\/\/schema.org","@graph":[{"@type":"Article","@id":"https:\/\/dev.antudigital.cl\/sites\/vc\/con-gran-convocatoria-se-realizo-workshop-casos-de-epica-patrimonial\/#article","isPartOf":{"@id":"https:\/\/dev.antudigital.cl\/sites\/vc\/con-gran-convocatoria-se-realizo-workshop-casos-de-epica-patrimonial\/"},"author":{"name":"Valparaiso Creativo","@id":"https:\/\/dev.antudigital.cl\/sites\/vc\/#\/schema\/person\/81d1dcd51abd542b5dfc00f5f951a0f1"},"headline":"Con gran convocatoria se realiz\u00f3 workshop \u00abCasos de \u00c9pica Patrimonial\u00bb","datePublished":"2019-09-26T17:54:05+00:00","dateModified":"2021-12-25T20:54:02+00:00","mainEntityOfPage":{"@id":"https:\/\/dev.antudigital.cl\/sites\/vc\/con-gran-convocatoria-se-realizo-workshop-casos-de-epica-patrimonial\/"},"wordCount":547,"image":{"@id":"https:\/\/dev.antudigital.cl\/sites\/vc\/con-gran-convocatoria-se-realizo-workshop-casos-de-epica-patrimonial\/#primaryimage"},"thumbnailUrl":"https:\/\/dev.antudigital.cl\/sites\/vc\/wp-content\/uploads\/2019\/09\/DSC09518-e1569431293242.jpg","articleSection":["Noticia"],"inLanguage":"es"},{"@type":"WebPage","@id":"https:\/\/dev.antudigital.cl\/sites\/vc\/con-gran-convocatoria-se-realizo-workshop-casos-de-epica-patrimonial\/","url":"https:\/\/dev.antudigital.cl\/sites\/vc\/con-gran-convocatoria-se-realizo-workshop-casos-de-epica-patrimonial\/","name":"Con gran convocatoria se realiz\u00f3 workshop \"Casos de \u00c9pica Patrimonial\" - Valpara\u00ed\u00adso Creativo","isPartOf":{"@id":"https:\/\/dev.antudigital.cl\/sites\/vc\/#website"},"primaryImageOfPage":{"@id":"https:\/\/dev.antudigital.cl\/sites\/vc\/con-gran-convocatoria-se-realizo-workshop-casos-de-epica-patrimonial\/#primaryimage"},"image":{"@id":"https:\/\/dev.antudigital.cl\/sites\/vc\/con-gran-convocatoria-se-realizo-workshop-casos-de-epica-patrimonial\/#primaryimage"},"thumbnailUrl":"https:\/\/dev.antudigital.cl\/sites\/vc\/wp-content\/uploads\/2019\/09\/DSC09518-e1569431293242.jpg","datePublished":"2019-09-26T17:54:05+00:00","dateModified":"2021-12-25T20:54:02+00:00","author":{"@id":"https:\/\/dev.antudigital.cl\/sites\/vc\/#\/schema\/person\/81d1dcd51abd542b5dfc00f5f951a0f1"},"breadcrumb":{"@id":"https:\/\/dev.antudigital.cl\/sites\/vc\/con-gran-convocatoria-se-realizo-workshop-casos-de-epica-patrimonial\/#breadcrumb"},"inLanguage":"es","potentialAction":[{"@type":"ReadAction","target":["https:\/\/dev.antudigital.cl\/sites\/vc\/con-gran-convocatoria-se-realizo-workshop-casos-de-epica-patrimonial\/"]}]},{"@type":"ImageObject","inLanguage":"es","@id":"https:\/\/dev.antudigital.cl\/sites\/vc\/con-gran-convocatoria-se-realizo-workshop-casos-de-epica-patrimonial\/#primaryimage","url":"https:\/\/dev.antudigital.cl\/sites\/vc\/wp-content\/uploads\/2019\/09\/DSC09518-e1569431293242.jpg","contentUrl":"https:\/\/dev.antudigital.cl\/sites\/vc\/wp-content\/uploads\/2019\/09\/DSC09518-e1569431293242.jpg","width":1800,"height":1350},{"@type":"BreadcrumbList","@id":"https:\/\/dev.antudigital.cl\/sites\/vc\/con-gran-convocatoria-se-realizo-workshop-casos-de-epica-patrimonial\/#breadcrumb","itemListElement":[{"@type":"ListItem","position":1,"name":"Home","item":"https:\/\/dev.antudigital.cl\/sites\/vc\/"},{"@type":"ListItem","position":2,"name":"Con gran convocatoria se realiz\u00f3 workshop \u00abCasos de \u00c9pica Patrimonial\u00bb"}]},{"@type":"WebSite","@id":"https:\/\/dev.antudigital.cl\/sites\/vc\/#website","url":"https:\/\/dev.antudigital.cl\/sites\/vc\/","name":"Valpara\u00ed\u00adso Creativo","description":"","potentialAction":[{"@type":"SearchAction","target":{"@type":"EntryPoint","urlTemplate":"https:\/\/dev.antudigital.cl\/sites\/vc\/?s={search_term_string}"},"query-input":{"@type":"PropertyValueSpecification","valueRequired":true,"valueName":"search_term_string"}}],"inLanguage":"es"},{"@type":"Person","@id":"https:\/\/dev.antudigital.cl\/sites\/vc\/#\/schema\/person\/81d1dcd51abd542b5dfc00f5f951a0f1","name":"Valparaiso Creativo","url":"https:\/\/dev.antudigital.cl\/sites\/vc\/author\/valparaiso-creativo\/"}]}},"_links":{"self":[{"href":"https:\/\/dev.antudigital.cl\/sites\/vc\/wp-json\/wp\/v2\/posts\/8957","targetHints":{"allow":["GET"]}}],"collection":[{"href":"https:\/\/dev.antudigital.cl\/sites\/vc\/wp-json\/wp\/v2\/posts"}],"about":[{"href":"https:\/\/dev.antudigital.cl\/sites\/vc\/wp-json\/wp\/v2\/types\/post"}],"author":[{"embeddable":true,"href":"https:\/\/dev.antudigital.cl\/sites\/vc\/wp-json\/wp\/v2\/users\/3"}],"replies":[{"embeddable":true,"href":"https:\/\/dev.antudigital.cl\/sites\/vc\/wp-json\/wp\/v2\/comments?post=8957"}],"version-history":[{"count":2,"href":"https:\/\/dev.antudigital.cl\/sites\/vc\/wp-json\/wp\/v2\/posts\/8957\/revisions"}],"predecessor-version":[{"id":8961,"href":"https:\/\/dev.antudigital.cl\/sites\/vc\/wp-json\/wp\/v2\/posts\/8957\/revisions\/8961"}],"wp:featuredmedia":[{"embeddable":true,"href":"https:\/\/dev.antudigital.cl\/sites\/vc\/wp-json\/wp\/v2\/media\/8960"}],"wp:attachment":[{"href":"https:\/\/dev.antudigital.cl\/sites\/vc\/wp-json\/wp\/v2\/media?parent=8957"}],"wp:term":[{"taxonomy":"category","embeddable":true,"href":"https:\/\/dev.antudigital.cl\/sites\/vc\/wp-json\/wp\/v2\/categories?post=8957"},{"taxonomy":"post_tag","embeddable":true,"href":"https:\/\/dev.antudigital.cl\/sites\/vc\/wp-json\/wp\/v2\/tags?post=8957"}],"curies":[{"name":"wp","href":"https:\/\/api.w.org\/{rel}","templated":true}]}}