{"id":8964,"date":"2019-08-27T13:55:36","date_gmt":"2019-08-27T13:55:36","guid":{"rendered":"http:\/\/www.valparaisocreativo.cl\/?p=3632"},"modified":"2019-08-27T13:55:36","modified_gmt":"2019-08-27T13:55:36","slug":"prochile-invita-a-participar-en-encuentro-exportador-de-industrias-creativas-a-realizarse-en-valparaiso","status":"publish","type":"post","link":"https:\/\/dev.antudigital.cl\/sites\/vc\/prochile-invita-a-participar-en-encuentro-exportador-de-industrias-creativas-a-realizarse-en-valparaiso\/","title":{"rendered":"ProChile invita a participar en Encuentro Exportador de Industrias Creativas a realizarse en Valpara\u00edso"},"content":{"rendered":"<ul>\n<li>El pr\u00f3ximo 6 y 7 de noviembre se desarrollar\u00e1 en Valpara\u00edso ENEXPRO 2019 que reunir\u00e1 empresas chilenas del sector creativo con potenciales compradores y socios de 10 pa\u00edses de Europa, Am\u00e9rica del Norte y Latinoam\u00e9rica.<\/li>\n<li>Para quienes deseen participar de este evento y las ruedas de negocios la convocatoria est\u00e1 <strong>abierta hasta el 13 de septiembre<\/strong>.<\/li>\n<\/ul>\n<p>&nbsp;<\/p>\n<p>La ciudad de Valpara\u00edso ser\u00e1 el anfitri\u00f3n de una nueva versi\u00f3n de ENEXPRO 2019,\u00a0 encuentro organizado por Pro Chile y que re\u00fane al sector creativo nacional con destacadas empresas internacionales.<\/p>\n<p>Esta es un oportunidad \u00fanica para dar a conocer las ofertas de las empresas del sector creativo y establecer relaciones comerciales con empresas extranjeras. Durante los d\u00edas 6 y 7 de noviembre se celebrar\u00e1n alrededor de 700 reuniones bilaterales y eventos de networking con el objetivo de reforzar y profundizar las alianzas y redes estrat\u00e9gicas comerciales y afianzar el conocimiento mutuo entre exportadores chilenos e importadores.<\/p>\n<p>Los potenciales compradores extranjeros provendr\u00e1n de mercados como Estados Unidos (Nueva York, Los Angeles y Miami), Brasil, Espa\u00f1a, M\u00e9xico, Colombia, Francia, Per\u00fa, Canad\u00e1, Holanda e Inglaterra.<\/p>\n<blockquote><p>\u201cLa realizaci\u00f3n de este encuentro es un hito en s\u00ed mismo, ya que se trata del primero de estos Enexpro dedicado exclusivamente a la econom\u00eda creativa. Esto da cuenta de la importancia que tiene este sector no s\u00f3lo para ProChile sino para la econom\u00eda nacional\u201d, dijo Tatiana Larredonda, Jefa del Departamento de Econom\u00eda Creativa de ProChile.<\/p><\/blockquote>\n<p>La invitaci\u00f3n est\u00e1 dirigida a empresas chilenas exportadoras y no exportadoras pertenecientes al sector, con capacidad de gesti\u00f3n t\u00e9cnica y financiera, para abordar el mercado internacional o diversificar su oferta exportable en nuevos mercados.<\/p>\n<p>Se privilegiar\u00e1n de los siguientes sectores:<\/p>\n<ul>\n<li>Audiovisual<\/li>\n<li>Videojuegos<\/li>\n<li>Animaci\u00f3n<\/li>\n<li>Editorial<\/li>\n<li>M\u00fasica<\/li>\n<li>Narrativa Gr\u00e1fica e Ilustraci\u00f3n<\/li>\n<li>Moda<\/li>\n<\/ul>\n<blockquote><p>\u201cSeg\u00fan el Mapeo de las Industrias Creativas que realiz\u00f3 el Ministerio de las Culturas, las Artes y el Patrimonio, se estima que este sector suma m\u00e1s de 30 mil empresas, las que equivalen al 3% del total nacional, \u00e9stas generan cerca del 6% de los empleos del pa\u00eds y sus ventas superan los US$ 11 mil millones\u201d, agreg\u00f3 Larredonda.<\/p>\n<p>\u201cEl crecimiento de este sector da cuenta que Chile no es s\u00f3lo una fuente de materias primas, sino que tambi\u00e9n de talento, inteligencia y creatividad. Las exportaciones de servicios asociadas a este sector nos permite exportar la identidad y cultura de nuestro pa\u00eds, lo que en definitiva contribuye a posicionar la imagen de Chile en el extranjero\u201d, termin\u00f3 diciendo Larredonda.<\/p><\/blockquote>\n<p>Las <strong>postulaciones estar\u00e1n abiertas a partir del 20 de agosto de 2019.<\/strong> Una vez inscritas, las empresas ser\u00e1n validadas por ProChile y su aceptaci\u00f3n ser\u00e1 notificada online. Posteriormente, podr\u00e1n solicitar reuniones directamente a los compradores, quienes podr\u00e1n aceptar o rechazar su solicitud.<\/p>\n<p><strong>Fechas importantes:\u00a0<\/strong><\/p>\n<p>13 de septiembre: vence plazo de postulaci\u00f3n.<\/p>\n<p>15 al 23 de septiembre: validaci\u00f3n de empresas<\/p>\n<p>24 de septiembre al 23 de octubre: preparaci\u00f3n y confirmaci\u00f3n de agendas<\/p>\n<p>6 y\u00a0 7 de noviembre: ruedas de negocios.<\/p>\n<p>&nbsp;<\/p>\n<p><strong><em>Cr\u00e9ditos: ProChile\u00a0<\/em><\/strong><\/p>\n","protected":false},"excerpt":{"rendered":"<p>El pr\u00f3ximo 6 y 7 de noviembre se desarrollar\u00e1 en Valpara\u00edso ENEXPRO 2019 que reunir\u00e1 empresas chilenas del sector creativo con potenciales compradores y socios de 10 pa\u00edses de Europa, Am\u00e9rica del Norte y Latinoam\u00e9rica. Para quienes deseen participar de este evento y las ruedas de negocios la convocatoria est\u00e1 abierta hasta el 13 de [&hellip;]<\/p>\n","protected":false},"author":3,"featured_media":8965,"comment_status":"closed","ping_status":"closed","sticky":false,"template":"","format":"standard","meta":{"_acf_changed":false,"footnotes":""},"categories":[8],"tags":[],"class_list":["post-8964","post","type-post","status-publish","format-standard","has-post-thumbnail","hentry","category-noticia"],"acf":[],"yoast_head":"<!-- This site is optimized with the Yoast SEO plugin v27.1.1 - https:\/\/yoast.com\/product\/yoast-seo-wordpress\/ -->\n<title>ProChile invita a participar en Encuentro Exportador de Industrias Creativas a realizarse en Valpara\u00edso - Valpara\u00ed\u00adso Creativo<\/title>\n<meta name=\"robots\" content=\"index, follow, max-snippet:-1, max-image-preview:large, max-video-preview:-1\" \/>\n<link rel=\"canonical\" href=\"https:\/\/dev.antudigital.cl\/sites\/vc\/prochile-invita-a-participar-en-encuentro-exportador-de-industrias-creativas-a-realizarse-en-valparaiso\/\" \/>\n<meta property=\"og:locale\" content=\"es_ES\" \/>\n<meta property=\"og:type\" content=\"article\" \/>\n<meta property=\"og:title\" content=\"ProChile invita a participar en Encuentro Exportador de Industrias Creativas a realizarse en Valpara\u00edso - Valpara\u00ed\u00adso Creativo\" \/>\n<meta property=\"og:description\" content=\"El pr\u00f3ximo 6 y 7 de noviembre se desarrollar\u00e1 en Valpara\u00edso ENEXPRO 2019 que reunir\u00e1 empresas chilenas del sector creativo con potenciales compradores y socios de 10 pa\u00edses de Europa, Am\u00e9rica del Norte y Latinoam\u00e9rica. Para quienes deseen participar de este evento y las ruedas de negocios la convocatoria est\u00e1 abierta hasta el 13 de [&hellip;]\" \/>\n<meta property=\"og:url\" content=\"https:\/\/dev.antudigital.cl\/sites\/vc\/prochile-invita-a-participar-en-encuentro-exportador-de-industrias-creativas-a-realizarse-en-valparaiso\/\" \/>\n<meta property=\"og:site_name\" content=\"Valpara\u00ed\u00adso Creativo\" \/>\n<meta property=\"article:published_time\" content=\"2019-08-27T13:55:36+00:00\" \/>\n<meta property=\"og:image\" content=\"https:\/\/dev.antudigital.cl\/sites\/vc\/wp-content\/uploads\/2019\/08\/ProChile_ruedas-de-negocio_.jpg\" \/>\n\t<meta property=\"og:image:width\" content=\"1280\" \/>\n\t<meta property=\"og:image:height\" content=\"720\" \/>\n\t<meta property=\"og:image:type\" content=\"image\/jpeg\" \/>\n<meta name=\"author\" content=\"Valparaiso Creativo\" \/>\n<meta name=\"twitter:card\" content=\"summary_large_image\" \/>\n<meta name=\"twitter:label1\" content=\"Escrito por\" \/>\n\t<meta name=\"twitter:data1\" content=\"Valparaiso Creativo\" \/>\n\t<meta name=\"twitter:label2\" content=\"Tiempo de lectura\" \/>\n\t<meta name=\"twitter:data2\" content=\"3 minutos\" \/>\n<script type=\"application\/ld+json\" class=\"yoast-schema-graph\">{\"@context\":\"https:\/\/schema.org\",\"@graph\":[{\"@type\":\"Article\",\"@id\":\"https:\/\/dev.antudigital.cl\/sites\/vc\/prochile-invita-a-participar-en-encuentro-exportador-de-industrias-creativas-a-realizarse-en-valparaiso\/#article\",\"isPartOf\":{\"@id\":\"https:\/\/dev.antudigital.cl\/sites\/vc\/prochile-invita-a-participar-en-encuentro-exportador-de-industrias-creativas-a-realizarse-en-valparaiso\/\"},\"author\":{\"name\":\"Valparaiso Creativo\",\"@id\":\"https:\/\/dev.antudigital.cl\/sites\/vc\/#\/schema\/person\/81d1dcd51abd542b5dfc00f5f951a0f1\"},\"headline\":\"ProChile invita a participar en Encuentro Exportador de Industrias Creativas a realizarse en Valpara\u00edso\",\"datePublished\":\"2019-08-27T13:55:36+00:00\",\"mainEntityOfPage\":{\"@id\":\"https:\/\/dev.antudigital.cl\/sites\/vc\/prochile-invita-a-participar-en-encuentro-exportador-de-industrias-creativas-a-realizarse-en-valparaiso\/\"},\"wordCount\":523,\"image\":{\"@id\":\"https:\/\/dev.antudigital.cl\/sites\/vc\/prochile-invita-a-participar-en-encuentro-exportador-de-industrias-creativas-a-realizarse-en-valparaiso\/#primaryimage\"},\"thumbnailUrl\":\"https:\/\/dev.antudigital.cl\/sites\/vc\/wp-content\/uploads\/2019\/08\/ProChile_ruedas-de-negocio_.jpg\",\"articleSection\":[\"Noticia\"],\"inLanguage\":\"es\"},{\"@type\":\"WebPage\",\"@id\":\"https:\/\/dev.antudigital.cl\/sites\/vc\/prochile-invita-a-participar-en-encuentro-exportador-de-industrias-creativas-a-realizarse-en-valparaiso\/\",\"url\":\"https:\/\/dev.antudigital.cl\/sites\/vc\/prochile-invita-a-participar-en-encuentro-exportador-de-industrias-creativas-a-realizarse-en-valparaiso\/\",\"name\":\"ProChile invita a participar en Encuentro Exportador de Industrias Creativas a realizarse en Valpara\u00edso - Valpara\u00ed\u00adso Creativo\",\"isPartOf\":{\"@id\":\"https:\/\/dev.antudigital.cl\/sites\/vc\/#website\"},\"primaryImageOfPage\":{\"@id\":\"https:\/\/dev.antudigital.cl\/sites\/vc\/prochile-invita-a-participar-en-encuentro-exportador-de-industrias-creativas-a-realizarse-en-valparaiso\/#primaryimage\"},\"image\":{\"@id\":\"https:\/\/dev.antudigital.cl\/sites\/vc\/prochile-invita-a-participar-en-encuentro-exportador-de-industrias-creativas-a-realizarse-en-valparaiso\/#primaryimage\"},\"thumbnailUrl\":\"https:\/\/dev.antudigital.cl\/sites\/vc\/wp-content\/uploads\/2019\/08\/ProChile_ruedas-de-negocio_.jpg\",\"datePublished\":\"2019-08-27T13:55:36+00:00\",\"author\":{\"@id\":\"https:\/\/dev.antudigital.cl\/sites\/vc\/#\/schema\/person\/81d1dcd51abd542b5dfc00f5f951a0f1\"},\"breadcrumb\":{\"@id\":\"https:\/\/dev.antudigital.cl\/sites\/vc\/prochile-invita-a-participar-en-encuentro-exportador-de-industrias-creativas-a-realizarse-en-valparaiso\/#breadcrumb\"},\"inLanguage\":\"es\",\"potentialAction\":[{\"@type\":\"ReadAction\",\"target\":[\"https:\/\/dev.antudigital.cl\/sites\/vc\/prochile-invita-a-participar-en-encuentro-exportador-de-industrias-creativas-a-realizarse-en-valparaiso\/\"]}]},{\"@type\":\"ImageObject\",\"inLanguage\":\"es\",\"@id\":\"https:\/\/dev.antudigital.cl\/sites\/vc\/prochile-invita-a-participar-en-encuentro-exportador-de-industrias-creativas-a-realizarse-en-valparaiso\/#primaryimage\",\"url\":\"https:\/\/dev.antudigital.cl\/sites\/vc\/wp-content\/uploads\/2019\/08\/ProChile_ruedas-de-negocio_.jpg\",\"contentUrl\":\"https:\/\/dev.antudigital.cl\/sites\/vc\/wp-content\/uploads\/2019\/08\/ProChile_ruedas-de-negocio_.jpg\",\"width\":1280,\"height\":720},{\"@type\":\"BreadcrumbList\",\"@id\":\"https:\/\/dev.antudigital.cl\/sites\/vc\/prochile-invita-a-participar-en-encuentro-exportador-de-industrias-creativas-a-realizarse-en-valparaiso\/#breadcrumb\",\"itemListElement\":[{\"@type\":\"ListItem\",\"position\":1,\"name\":\"Home\",\"item\":\"https:\/\/dev.antudigital.cl\/sites\/vc\/\"},{\"@type\":\"ListItem\",\"position\":2,\"name\":\"ProChile invita a participar en Encuentro Exportador de Industrias Creativas a realizarse en Valpara\u00edso\"}]},{\"@type\":\"WebSite\",\"@id\":\"https:\/\/dev.antudigital.cl\/sites\/vc\/#website\",\"url\":\"https:\/\/dev.antudigital.cl\/sites\/vc\/\",\"name\":\"Valpara\u00ed\u00adso Creativo\",\"description\":\"\",\"potentialAction\":[{\"@type\":\"SearchAction\",\"target\":{\"@type\":\"EntryPoint\",\"urlTemplate\":\"https:\/\/dev.antudigital.cl\/sites\/vc\/?s={search_term_string}\"},\"query-input\":{\"@type\":\"PropertyValueSpecification\",\"valueRequired\":true,\"valueName\":\"search_term_string\"}}],\"inLanguage\":\"es\"},{\"@type\":\"Person\",\"@id\":\"https:\/\/dev.antudigital.cl\/sites\/vc\/#\/schema\/person\/81d1dcd51abd542b5dfc00f5f951a0f1\",\"name\":\"Valparaiso Creativo\",\"url\":\"https:\/\/dev.antudigital.cl\/sites\/vc\/author\/valparaiso-creativo\/\"}]}<\/script>\n<!-- \/ Yoast SEO plugin. -->","yoast_head_json":{"title":"ProChile invita a participar en Encuentro Exportador de Industrias Creativas a realizarse en Valpara\u00edso - Valpara\u00ed\u00adso Creativo","robots":{"index":"index","follow":"follow","max-snippet":"max-snippet:-1","max-image-preview":"max-image-preview:large","max-video-preview":"max-video-preview:-1"},"canonical":"https:\/\/dev.antudigital.cl\/sites\/vc\/prochile-invita-a-participar-en-encuentro-exportador-de-industrias-creativas-a-realizarse-en-valparaiso\/","og_locale":"es_ES","og_type":"article","og_title":"ProChile invita a participar en Encuentro Exportador de Industrias Creativas a realizarse en Valpara\u00edso - Valpara\u00ed\u00adso Creativo","og_description":"El pr\u00f3ximo 6 y 7 de noviembre se desarrollar\u00e1 en Valpara\u00edso ENEXPRO 2019 que reunir\u00e1 empresas chilenas del sector creativo con potenciales compradores y socios de 10 pa\u00edses de Europa, Am\u00e9rica del Norte y Latinoam\u00e9rica. Para quienes deseen participar de este evento y las ruedas de negocios la convocatoria est\u00e1 abierta hasta el 13 de [&hellip;]","og_url":"https:\/\/dev.antudigital.cl\/sites\/vc\/prochile-invita-a-participar-en-encuentro-exportador-de-industrias-creativas-a-realizarse-en-valparaiso\/","og_site_name":"Valpara\u00ed\u00adso Creativo","article_published_time":"2019-08-27T13:55:36+00:00","og_image":[{"width":1280,"height":720,"url":"https:\/\/dev.antudigital.cl\/sites\/vc\/wp-content\/uploads\/2019\/08\/ProChile_ruedas-de-negocio_.jpg","type":"image\/jpeg"}],"author":"Valparaiso Creativo","twitter_card":"summary_large_image","twitter_misc":{"Escrito por":"Valparaiso Creativo","Tiempo de lectura":"3 minutos"},"schema":{"@context":"https:\/\/schema.org","@graph":[{"@type":"Article","@id":"https:\/\/dev.antudigital.cl\/sites\/vc\/prochile-invita-a-participar-en-encuentro-exportador-de-industrias-creativas-a-realizarse-en-valparaiso\/#article","isPartOf":{"@id":"https:\/\/dev.antudigital.cl\/sites\/vc\/prochile-invita-a-participar-en-encuentro-exportador-de-industrias-creativas-a-realizarse-en-valparaiso\/"},"author":{"name":"Valparaiso Creativo","@id":"https:\/\/dev.antudigital.cl\/sites\/vc\/#\/schema\/person\/81d1dcd51abd542b5dfc00f5f951a0f1"},"headline":"ProChile invita a participar en Encuentro Exportador de Industrias Creativas a realizarse en Valpara\u00edso","datePublished":"2019-08-27T13:55:36+00:00","mainEntityOfPage":{"@id":"https:\/\/dev.antudigital.cl\/sites\/vc\/prochile-invita-a-participar-en-encuentro-exportador-de-industrias-creativas-a-realizarse-en-valparaiso\/"},"wordCount":523,"image":{"@id":"https:\/\/dev.antudigital.cl\/sites\/vc\/prochile-invita-a-participar-en-encuentro-exportador-de-industrias-creativas-a-realizarse-en-valparaiso\/#primaryimage"},"thumbnailUrl":"https:\/\/dev.antudigital.cl\/sites\/vc\/wp-content\/uploads\/2019\/08\/ProChile_ruedas-de-negocio_.jpg","articleSection":["Noticia"],"inLanguage":"es"},{"@type":"WebPage","@id":"https:\/\/dev.antudigital.cl\/sites\/vc\/prochile-invita-a-participar-en-encuentro-exportador-de-industrias-creativas-a-realizarse-en-valparaiso\/","url":"https:\/\/dev.antudigital.cl\/sites\/vc\/prochile-invita-a-participar-en-encuentro-exportador-de-industrias-creativas-a-realizarse-en-valparaiso\/","name":"ProChile invita a participar en Encuentro Exportador de Industrias Creativas a realizarse en Valpara\u00edso - Valpara\u00ed\u00adso Creativo","isPartOf":{"@id":"https:\/\/dev.antudigital.cl\/sites\/vc\/#website"},"primaryImageOfPage":{"@id":"https:\/\/dev.antudigital.cl\/sites\/vc\/prochile-invita-a-participar-en-encuentro-exportador-de-industrias-creativas-a-realizarse-en-valparaiso\/#primaryimage"},"image":{"@id":"https:\/\/dev.antudigital.cl\/sites\/vc\/prochile-invita-a-participar-en-encuentro-exportador-de-industrias-creativas-a-realizarse-en-valparaiso\/#primaryimage"},"thumbnailUrl":"https:\/\/dev.antudigital.cl\/sites\/vc\/wp-content\/uploads\/2019\/08\/ProChile_ruedas-de-negocio_.jpg","datePublished":"2019-08-27T13:55:36+00:00","author":{"@id":"https:\/\/dev.antudigital.cl\/sites\/vc\/#\/schema\/person\/81d1dcd51abd542b5dfc00f5f951a0f1"},"breadcrumb":{"@id":"https:\/\/dev.antudigital.cl\/sites\/vc\/prochile-invita-a-participar-en-encuentro-exportador-de-industrias-creativas-a-realizarse-en-valparaiso\/#breadcrumb"},"inLanguage":"es","potentialAction":[{"@type":"ReadAction","target":["https:\/\/dev.antudigital.cl\/sites\/vc\/prochile-invita-a-participar-en-encuentro-exportador-de-industrias-creativas-a-realizarse-en-valparaiso\/"]}]},{"@type":"ImageObject","inLanguage":"es","@id":"https:\/\/dev.antudigital.cl\/sites\/vc\/prochile-invita-a-participar-en-encuentro-exportador-de-industrias-creativas-a-realizarse-en-valparaiso\/#primaryimage","url":"https:\/\/dev.antudigital.cl\/sites\/vc\/wp-content\/uploads\/2019\/08\/ProChile_ruedas-de-negocio_.jpg","contentUrl":"https:\/\/dev.antudigital.cl\/sites\/vc\/wp-content\/uploads\/2019\/08\/ProChile_ruedas-de-negocio_.jpg","width":1280,"height":720},{"@type":"BreadcrumbList","@id":"https:\/\/dev.antudigital.cl\/sites\/vc\/prochile-invita-a-participar-en-encuentro-exportador-de-industrias-creativas-a-realizarse-en-valparaiso\/#breadcrumb","itemListElement":[{"@type":"ListItem","position":1,"name":"Home","item":"https:\/\/dev.antudigital.cl\/sites\/vc\/"},{"@type":"ListItem","position":2,"name":"ProChile invita a participar en Encuentro Exportador de Industrias Creativas a realizarse en Valpara\u00edso"}]},{"@type":"WebSite","@id":"https:\/\/dev.antudigital.cl\/sites\/vc\/#website","url":"https:\/\/dev.antudigital.cl\/sites\/vc\/","name":"Valpara\u00ed\u00adso Creativo","description":"","potentialAction":[{"@type":"SearchAction","target":{"@type":"EntryPoint","urlTemplate":"https:\/\/dev.antudigital.cl\/sites\/vc\/?s={search_term_string}"},"query-input":{"@type":"PropertyValueSpecification","valueRequired":true,"valueName":"search_term_string"}}],"inLanguage":"es"},{"@type":"Person","@id":"https:\/\/dev.antudigital.cl\/sites\/vc\/#\/schema\/person\/81d1dcd51abd542b5dfc00f5f951a0f1","name":"Valparaiso Creativo","url":"https:\/\/dev.antudigital.cl\/sites\/vc\/author\/valparaiso-creativo\/"}]}},"_links":{"self":[{"href":"https:\/\/dev.antudigital.cl\/sites\/vc\/wp-json\/wp\/v2\/posts\/8964","targetHints":{"allow":["GET"]}}],"collection":[{"href":"https:\/\/dev.antudigital.cl\/sites\/vc\/wp-json\/wp\/v2\/posts"}],"about":[{"href":"https:\/\/dev.antudigital.cl\/sites\/vc\/wp-json\/wp\/v2\/types\/post"}],"author":[{"embeddable":true,"href":"https:\/\/dev.antudigital.cl\/sites\/vc\/wp-json\/wp\/v2\/users\/3"}],"replies":[{"embeddable":true,"href":"https:\/\/dev.antudigital.cl\/sites\/vc\/wp-json\/wp\/v2\/comments?post=8964"}],"version-history":[{"count":0,"href":"https:\/\/dev.antudigital.cl\/sites\/vc\/wp-json\/wp\/v2\/posts\/8964\/revisions"}],"wp:featuredmedia":[{"embeddable":true,"href":"https:\/\/dev.antudigital.cl\/sites\/vc\/wp-json\/wp\/v2\/media\/8965"}],"wp:attachment":[{"href":"https:\/\/dev.antudigital.cl\/sites\/vc\/wp-json\/wp\/v2\/media?parent=8964"}],"wp:term":[{"taxonomy":"category","embeddable":true,"href":"https:\/\/dev.antudigital.cl\/sites\/vc\/wp-json\/wp\/v2\/categories?post=8964"},{"taxonomy":"post_tag","embeddable":true,"href":"https:\/\/dev.antudigital.cl\/sites\/vc\/wp-json\/wp\/v2\/tags?post=8964"}],"curies":[{"name":"wp","href":"https:\/\/api.w.org\/{rel}","templated":true}]}}