{"id":8966,"date":"2019-08-23T11:02:24","date_gmt":"2019-08-23T11:02:24","guid":{"rendered":"http:\/\/www.valparaisocreativo.cl\/?p=3629"},"modified":"2019-08-23T11:02:24","modified_gmt":"2019-08-23T11:02:24","slug":"corfo-abre-concurso-factoria-musical-2019","status":"publish","type":"post","link":"https:\/\/dev.antudigital.cl\/sites\/vc\/corfo-abre-concurso-factoria-musical-2019\/","title":{"rendered":"Corfo abre concurso Factor\u00eda Musical 2019"},"content":{"rendered":"<ul>\n<li>Una gran oportunidad para quienes est\u00e1n involucrados en la industria musical es el concurso que abri\u00f3 Corfo \u00abFactor\u00eda Musical\u00bb, con el fin de hacer crecer y diversificar tu empresa musical. Tiene un cofinanciamiento de hasta 50 millones.<\/li>\n<li>La convocatoria se extiende hasta el viernes 6 de septiembre a las 11 am.<\/li>\n<\/ul>\n<p>&nbsp;<\/p>\n<p>Si tienes desaf\u00edos de crecimiento y diversificaci\u00f3n con tu empresa; y adem\u00e1s un portafolio de entre 1 y 3 artistas nacionales o residentes en Chile, postula a este concurso que tiene 2 componentes:<br \/>\n<strong>\u00a0 \u00a0 \u00a0-Fortalecimiento Empresarial:<\/strong> se debe enfocar en mejorar la competitividad de tu empresa para insertarte en nuevos mercados, generar redes y colaboraci\u00f3n, entre otros.<br \/>\n<strong>\u00a0&#8211; Portafolio:<\/strong>\u00a0integrado por un cat\u00e1logo y\/o repertorio de hasta 3 artistas nacionales o residentes en Chile.<\/p>\n<p>El objetivo de Factor\u00eda Musical es mejorar la competitividad de empresas nacionales del sector musical, co financiando un proyecto que se denominar\u00e1 \u201cFactor\u00eda Musical\u201d, que contemplar\u00e1 un componente de orientado al fortalecimiento de la empresa postulante, acompa\u00f1ado de un portafolio compuesto de un cat\u00e1logo y\/o repertorio de hasta 3 artistas nacionales y\/o residentes en Chile, que contenga una estrategia de difusi\u00f3n, ventas, comercializaci\u00f3n e internacionalizaci\u00f3n.<\/p>\n<p>El concurso est\u00e1 destinado a empresas residentes en Chile cuyo foco est\u00e9 en el desarrollo, distribuci\u00f3n y comercializaci\u00f3n de m\u00fasicos nacionales en el mercado internacional, tales como sellos discogr\u00e1ficos, distribuidores, empresas de management, entre otros.\u00a0 <strong>Las empresas deber\u00e1n desarrollar actividades gravadas con el impuesto en primera categor\u00eda, y que demuestren ventas anuales entre UF 1.200 y UF 100.000.-<\/strong><\/p>\n<p>El programa de Factor\u00eda Musical est\u00e1 compuesto por dos componentes:<\/p>\n<ul>\n<li><strong>Fortalecimiento Empresarial:\u00a0<\/strong>El Componente de Fortalecimiento Empresarial deber\u00e1 enfocarse en aumentar el est\u00e1ndar de calidad de su portafolio, haciendo un uso m\u00e1s<br \/>\neficiente de sus recursos, diversificar sus servicios, insertarse en nuevos mercados, generar redes y colaboraci\u00f3n, atraer inversi\u00f3n, entre otros, para distribuir y comercializar el repertorio y\/o portafolio sus artistas de manera m\u00e1s eficiente y competitiva.<\/li>\n<\/ul>\n<p>&nbsp;<\/p>\n<ul>\n<li><strong>Portafolio:\u00a0<\/strong>Un portafolio que contenga hasta un m\u00e1ximo de 3 artistas nacionales y\/o<br \/>\nresidentes en Chile. Deber\u00e1n dise\u00f1ar y ejecutar una estrategia de ventas y<br \/>\ncomercializaci\u00f3n, enfoc\u00e1ndose en el posicionamiento internacional con fines<br \/>\ncomerciales de su repertorio actual y\/o de su cat\u00e1logo.<\/li>\n<\/ul>\n<p>El co financiamiento es de un 70% del costo total del proyecto con un tope de 50 MM. Adem\u00e1s, al menos un 15% del aporte Corfo debe destinarse al Componente de Fortalecimiento Empresarial, el cual s\u00f3lo podr\u00e1 ser co financiado con aportes pecuniarios. En tanto, el portafolio puede ser co financiado con aportes valorados y\/o con aportes pecuniarios de empresa beneficiaria y\/o de asociado\/a.<\/p>\n<p>El aporte valorado solo podr\u00e1 consistir en horas persona de RRHH contratados antes de la postulaci\u00f3n por la beneficiaria\/o y\/o del asociado\/a, que presten servicios identificados claramente para \u00e9ste.<\/p>\n<p>Se podr\u00e1 postular hasta el 6 de septiembre hasta las 11 am en:\u00a0<a href=\"http:\/\/www.corfo.cl\/sites\/cpp\/convocatorias\/concurso_factoria_musical\">www.corfo.cl\/sites\/cpp\/convocatorias\/concurso_factoria_musical\u00a0<\/a><\/p>\n<p>Por cualquier duda, todas las preguntas y consultas ser\u00e1n canalizadas a trav\u00e9s del correo\u00a0<a href=\"mailto:factoriamusical2019@corfo.cl\" target=\"_blank\" rel=\"noopener noreferrer\">factoriamusical2019@corfo.cl<\/a><\/p>\n","protected":false},"excerpt":{"rendered":"<p>Una gran oportunidad para quienes est\u00e1n involucrados en la industria musical es el concurso que abri\u00f3 Corfo \u00abFactor\u00eda Musical\u00bb, con el fin de hacer crecer y diversificar tu empresa musical. Tiene un cofinanciamiento de hasta 50 millones. La convocatoria se extiende hasta el viernes 6 de septiembre a las 11 am. &nbsp; Si tienes desaf\u00edos [&hellip;]<\/p>\n","protected":false},"author":3,"featured_media":8967,"comment_status":"closed","ping_status":"closed","sticky":false,"template":"","format":"standard","meta":{"_acf_changed":false,"footnotes":""},"categories":[8],"tags":[],"class_list":["post-8966","post","type-post","status-publish","format-standard","has-post-thumbnail","hentry","category-noticia"],"acf":[],"yoast_head":"<!-- This site is optimized with the Yoast SEO plugin v27.1.1 - https:\/\/yoast.com\/product\/yoast-seo-wordpress\/ -->\n<title>Corfo abre concurso Factor\u00eda Musical 2019 - Valpara\u00ed\u00adso Creativo<\/title>\n<meta name=\"robots\" content=\"index, follow, max-snippet:-1, max-image-preview:large, max-video-preview:-1\" \/>\n<link rel=\"canonical\" href=\"https:\/\/dev.antudigital.cl\/sites\/vc\/corfo-abre-concurso-factoria-musical-2019\/\" \/>\n<meta property=\"og:locale\" content=\"es_ES\" \/>\n<meta property=\"og:type\" content=\"article\" \/>\n<meta property=\"og:title\" content=\"Corfo abre concurso Factor\u00eda Musical 2019 - Valpara\u00ed\u00adso Creativo\" \/>\n<meta property=\"og:description\" content=\"Una gran oportunidad para quienes est\u00e1n involucrados en la industria musical es el concurso que abri\u00f3 Corfo \u00abFactor\u00eda Musical\u00bb, con el fin de hacer crecer y diversificar tu empresa musical. Tiene un cofinanciamiento de hasta 50 millones. La convocatoria se extiende hasta el viernes 6 de septiembre a las 11 am. &nbsp; Si tienes desaf\u00edos [&hellip;]\" \/>\n<meta property=\"og:url\" content=\"https:\/\/dev.antudigital.cl\/sites\/vc\/corfo-abre-concurso-factoria-musical-2019\/\" \/>\n<meta property=\"og:site_name\" content=\"Valpara\u00ed\u00adso Creativo\" \/>\n<meta property=\"article:published_time\" content=\"2019-08-23T11:02:24+00:00\" \/>\n<meta property=\"og:image\" content=\"https:\/\/dev.antudigital.cl\/sites\/vc\/wp-content\/uploads\/2019\/08\/factoriamusical.jpg\" \/>\n\t<meta property=\"og:image:width\" content=\"1440\" \/>\n\t<meta property=\"og:image:height\" content=\"1440\" \/>\n\t<meta property=\"og:image:type\" content=\"image\/jpeg\" \/>\n<meta name=\"author\" content=\"Valparaiso Creativo\" \/>\n<meta name=\"twitter:card\" content=\"summary_large_image\" \/>\n<meta name=\"twitter:label1\" content=\"Escrito por\" \/>\n\t<meta name=\"twitter:data1\" content=\"Valparaiso Creativo\" \/>\n\t<meta name=\"twitter:label2\" content=\"Tiempo de lectura\" \/>\n\t<meta name=\"twitter:data2\" content=\"3 minutos\" \/>\n<script type=\"application\/ld+json\" class=\"yoast-schema-graph\">{\"@context\":\"https:\/\/schema.org\",\"@graph\":[{\"@type\":\"Article\",\"@id\":\"https:\/\/dev.antudigital.cl\/sites\/vc\/corfo-abre-concurso-factoria-musical-2019\/#article\",\"isPartOf\":{\"@id\":\"https:\/\/dev.antudigital.cl\/sites\/vc\/corfo-abre-concurso-factoria-musical-2019\/\"},\"author\":{\"name\":\"Valparaiso Creativo\",\"@id\":\"https:\/\/dev.antudigital.cl\/sites\/vc\/#\/schema\/person\/81d1dcd51abd542b5dfc00f5f951a0f1\"},\"headline\":\"Corfo abre concurso Factor\u00eda Musical 2019\",\"datePublished\":\"2019-08-23T11:02:24+00:00\",\"mainEntityOfPage\":{\"@id\":\"https:\/\/dev.antudigital.cl\/sites\/vc\/corfo-abre-concurso-factoria-musical-2019\/\"},\"wordCount\":530,\"image\":{\"@id\":\"https:\/\/dev.antudigital.cl\/sites\/vc\/corfo-abre-concurso-factoria-musical-2019\/#primaryimage\"},\"thumbnailUrl\":\"https:\/\/dev.antudigital.cl\/sites\/vc\/wp-content\/uploads\/2019\/08\/factoriamusical.jpg\",\"articleSection\":[\"Noticia\"],\"inLanguage\":\"es\"},{\"@type\":\"WebPage\",\"@id\":\"https:\/\/dev.antudigital.cl\/sites\/vc\/corfo-abre-concurso-factoria-musical-2019\/\",\"url\":\"https:\/\/dev.antudigital.cl\/sites\/vc\/corfo-abre-concurso-factoria-musical-2019\/\",\"name\":\"Corfo abre concurso Factor\u00eda Musical 2019 - Valpara\u00ed\u00adso Creativo\",\"isPartOf\":{\"@id\":\"https:\/\/dev.antudigital.cl\/sites\/vc\/#website\"},\"primaryImageOfPage\":{\"@id\":\"https:\/\/dev.antudigital.cl\/sites\/vc\/corfo-abre-concurso-factoria-musical-2019\/#primaryimage\"},\"image\":{\"@id\":\"https:\/\/dev.antudigital.cl\/sites\/vc\/corfo-abre-concurso-factoria-musical-2019\/#primaryimage\"},\"thumbnailUrl\":\"https:\/\/dev.antudigital.cl\/sites\/vc\/wp-content\/uploads\/2019\/08\/factoriamusical.jpg\",\"datePublished\":\"2019-08-23T11:02:24+00:00\",\"author\":{\"@id\":\"https:\/\/dev.antudigital.cl\/sites\/vc\/#\/schema\/person\/81d1dcd51abd542b5dfc00f5f951a0f1\"},\"breadcrumb\":{\"@id\":\"https:\/\/dev.antudigital.cl\/sites\/vc\/corfo-abre-concurso-factoria-musical-2019\/#breadcrumb\"},\"inLanguage\":\"es\",\"potentialAction\":[{\"@type\":\"ReadAction\",\"target\":[\"https:\/\/dev.antudigital.cl\/sites\/vc\/corfo-abre-concurso-factoria-musical-2019\/\"]}]},{\"@type\":\"ImageObject\",\"inLanguage\":\"es\",\"@id\":\"https:\/\/dev.antudigital.cl\/sites\/vc\/corfo-abre-concurso-factoria-musical-2019\/#primaryimage\",\"url\":\"https:\/\/dev.antudigital.cl\/sites\/vc\/wp-content\/uploads\/2019\/08\/factoriamusical.jpg\",\"contentUrl\":\"https:\/\/dev.antudigital.cl\/sites\/vc\/wp-content\/uploads\/2019\/08\/factoriamusical.jpg\",\"width\":1440,\"height\":1440},{\"@type\":\"BreadcrumbList\",\"@id\":\"https:\/\/dev.antudigital.cl\/sites\/vc\/corfo-abre-concurso-factoria-musical-2019\/#breadcrumb\",\"itemListElement\":[{\"@type\":\"ListItem\",\"position\":1,\"name\":\"Home\",\"item\":\"https:\/\/dev.antudigital.cl\/sites\/vc\/\"},{\"@type\":\"ListItem\",\"position\":2,\"name\":\"Corfo abre concurso Factor\u00eda Musical 2019\"}]},{\"@type\":\"WebSite\",\"@id\":\"https:\/\/dev.antudigital.cl\/sites\/vc\/#website\",\"url\":\"https:\/\/dev.antudigital.cl\/sites\/vc\/\",\"name\":\"Valpara\u00ed\u00adso Creativo\",\"description\":\"\",\"potentialAction\":[{\"@type\":\"SearchAction\",\"target\":{\"@type\":\"EntryPoint\",\"urlTemplate\":\"https:\/\/dev.antudigital.cl\/sites\/vc\/?s={search_term_string}\"},\"query-input\":{\"@type\":\"PropertyValueSpecification\",\"valueRequired\":true,\"valueName\":\"search_term_string\"}}],\"inLanguage\":\"es\"},{\"@type\":\"Person\",\"@id\":\"https:\/\/dev.antudigital.cl\/sites\/vc\/#\/schema\/person\/81d1dcd51abd542b5dfc00f5f951a0f1\",\"name\":\"Valparaiso Creativo\",\"url\":\"https:\/\/dev.antudigital.cl\/sites\/vc\/author\/valparaiso-creativo\/\"}]}<\/script>\n<!-- \/ Yoast SEO plugin. -->","yoast_head_json":{"title":"Corfo abre concurso Factor\u00eda Musical 2019 - Valpara\u00ed\u00adso Creativo","robots":{"index":"index","follow":"follow","max-snippet":"max-snippet:-1","max-image-preview":"max-image-preview:large","max-video-preview":"max-video-preview:-1"},"canonical":"https:\/\/dev.antudigital.cl\/sites\/vc\/corfo-abre-concurso-factoria-musical-2019\/","og_locale":"es_ES","og_type":"article","og_title":"Corfo abre concurso Factor\u00eda Musical 2019 - Valpara\u00ed\u00adso Creativo","og_description":"Una gran oportunidad para quienes est\u00e1n involucrados en la industria musical es el concurso que abri\u00f3 Corfo \u00abFactor\u00eda Musical\u00bb, con el fin de hacer crecer y diversificar tu empresa musical. Tiene un cofinanciamiento de hasta 50 millones. La convocatoria se extiende hasta el viernes 6 de septiembre a las 11 am. &nbsp; Si tienes desaf\u00edos [&hellip;]","og_url":"https:\/\/dev.antudigital.cl\/sites\/vc\/corfo-abre-concurso-factoria-musical-2019\/","og_site_name":"Valpara\u00ed\u00adso Creativo","article_published_time":"2019-08-23T11:02:24+00:00","og_image":[{"width":1440,"height":1440,"url":"https:\/\/dev.antudigital.cl\/sites\/vc\/wp-content\/uploads\/2019\/08\/factoriamusical.jpg","type":"image\/jpeg"}],"author":"Valparaiso Creativo","twitter_card":"summary_large_image","twitter_misc":{"Escrito por":"Valparaiso Creativo","Tiempo de lectura":"3 minutos"},"schema":{"@context":"https:\/\/schema.org","@graph":[{"@type":"Article","@id":"https:\/\/dev.antudigital.cl\/sites\/vc\/corfo-abre-concurso-factoria-musical-2019\/#article","isPartOf":{"@id":"https:\/\/dev.antudigital.cl\/sites\/vc\/corfo-abre-concurso-factoria-musical-2019\/"},"author":{"name":"Valparaiso Creativo","@id":"https:\/\/dev.antudigital.cl\/sites\/vc\/#\/schema\/person\/81d1dcd51abd542b5dfc00f5f951a0f1"},"headline":"Corfo abre concurso Factor\u00eda Musical 2019","datePublished":"2019-08-23T11:02:24+00:00","mainEntityOfPage":{"@id":"https:\/\/dev.antudigital.cl\/sites\/vc\/corfo-abre-concurso-factoria-musical-2019\/"},"wordCount":530,"image":{"@id":"https:\/\/dev.antudigital.cl\/sites\/vc\/corfo-abre-concurso-factoria-musical-2019\/#primaryimage"},"thumbnailUrl":"https:\/\/dev.antudigital.cl\/sites\/vc\/wp-content\/uploads\/2019\/08\/factoriamusical.jpg","articleSection":["Noticia"],"inLanguage":"es"},{"@type":"WebPage","@id":"https:\/\/dev.antudigital.cl\/sites\/vc\/corfo-abre-concurso-factoria-musical-2019\/","url":"https:\/\/dev.antudigital.cl\/sites\/vc\/corfo-abre-concurso-factoria-musical-2019\/","name":"Corfo abre concurso Factor\u00eda Musical 2019 - Valpara\u00ed\u00adso Creativo","isPartOf":{"@id":"https:\/\/dev.antudigital.cl\/sites\/vc\/#website"},"primaryImageOfPage":{"@id":"https:\/\/dev.antudigital.cl\/sites\/vc\/corfo-abre-concurso-factoria-musical-2019\/#primaryimage"},"image":{"@id":"https:\/\/dev.antudigital.cl\/sites\/vc\/corfo-abre-concurso-factoria-musical-2019\/#primaryimage"},"thumbnailUrl":"https:\/\/dev.antudigital.cl\/sites\/vc\/wp-content\/uploads\/2019\/08\/factoriamusical.jpg","datePublished":"2019-08-23T11:02:24+00:00","author":{"@id":"https:\/\/dev.antudigital.cl\/sites\/vc\/#\/schema\/person\/81d1dcd51abd542b5dfc00f5f951a0f1"},"breadcrumb":{"@id":"https:\/\/dev.antudigital.cl\/sites\/vc\/corfo-abre-concurso-factoria-musical-2019\/#breadcrumb"},"inLanguage":"es","potentialAction":[{"@type":"ReadAction","target":["https:\/\/dev.antudigital.cl\/sites\/vc\/corfo-abre-concurso-factoria-musical-2019\/"]}]},{"@type":"ImageObject","inLanguage":"es","@id":"https:\/\/dev.antudigital.cl\/sites\/vc\/corfo-abre-concurso-factoria-musical-2019\/#primaryimage","url":"https:\/\/dev.antudigital.cl\/sites\/vc\/wp-content\/uploads\/2019\/08\/factoriamusical.jpg","contentUrl":"https:\/\/dev.antudigital.cl\/sites\/vc\/wp-content\/uploads\/2019\/08\/factoriamusical.jpg","width":1440,"height":1440},{"@type":"BreadcrumbList","@id":"https:\/\/dev.antudigital.cl\/sites\/vc\/corfo-abre-concurso-factoria-musical-2019\/#breadcrumb","itemListElement":[{"@type":"ListItem","position":1,"name":"Home","item":"https:\/\/dev.antudigital.cl\/sites\/vc\/"},{"@type":"ListItem","position":2,"name":"Corfo abre concurso Factor\u00eda Musical 2019"}]},{"@type":"WebSite","@id":"https:\/\/dev.antudigital.cl\/sites\/vc\/#website","url":"https:\/\/dev.antudigital.cl\/sites\/vc\/","name":"Valpara\u00ed\u00adso Creativo","description":"","potentialAction":[{"@type":"SearchAction","target":{"@type":"EntryPoint","urlTemplate":"https:\/\/dev.antudigital.cl\/sites\/vc\/?s={search_term_string}"},"query-input":{"@type":"PropertyValueSpecification","valueRequired":true,"valueName":"search_term_string"}}],"inLanguage":"es"},{"@type":"Person","@id":"https:\/\/dev.antudigital.cl\/sites\/vc\/#\/schema\/person\/81d1dcd51abd542b5dfc00f5f951a0f1","name":"Valparaiso Creativo","url":"https:\/\/dev.antudigital.cl\/sites\/vc\/author\/valparaiso-creativo\/"}]}},"_links":{"self":[{"href":"https:\/\/dev.antudigital.cl\/sites\/vc\/wp-json\/wp\/v2\/posts\/8966","targetHints":{"allow":["GET"]}}],"collection":[{"href":"https:\/\/dev.antudigital.cl\/sites\/vc\/wp-json\/wp\/v2\/posts"}],"about":[{"href":"https:\/\/dev.antudigital.cl\/sites\/vc\/wp-json\/wp\/v2\/types\/post"}],"author":[{"embeddable":true,"href":"https:\/\/dev.antudigital.cl\/sites\/vc\/wp-json\/wp\/v2\/users\/3"}],"replies":[{"embeddable":true,"href":"https:\/\/dev.antudigital.cl\/sites\/vc\/wp-json\/wp\/v2\/comments?post=8966"}],"version-history":[{"count":0,"href":"https:\/\/dev.antudigital.cl\/sites\/vc\/wp-json\/wp\/v2\/posts\/8966\/revisions"}],"wp:featuredmedia":[{"embeddable":true,"href":"https:\/\/dev.antudigital.cl\/sites\/vc\/wp-json\/wp\/v2\/media\/8967"}],"wp:attachment":[{"href":"https:\/\/dev.antudigital.cl\/sites\/vc\/wp-json\/wp\/v2\/media?parent=8966"}],"wp:term":[{"taxonomy":"category","embeddable":true,"href":"https:\/\/dev.antudigital.cl\/sites\/vc\/wp-json\/wp\/v2\/categories?post=8966"},{"taxonomy":"post_tag","embeddable":true,"href":"https:\/\/dev.antudigital.cl\/sites\/vc\/wp-json\/wp\/v2\/tags?post=8966"}],"curies":[{"name":"wp","href":"https:\/\/api.w.org\/{rel}","templated":true}]}}