{"id":8969,"date":"2019-08-21T16:44:08","date_gmt":"2019-08-21T16:44:08","guid":{"rendered":"http:\/\/www.valparaisocreativo.cl\/?p=3626"},"modified":"2019-08-21T16:44:08","modified_gmt":"2019-08-21T16:44:08","slug":"obra-50-anos-de-viaje-por-la-cresta-del-mundo-anuncia-su-funcion-de-estreno-y-gira-por-la-quinta-region","status":"publish","type":"post","link":"https:\/\/dev.antudigital.cl\/sites\/vc\/obra-50-anos-de-viaje-por-la-cresta-del-mundo-anuncia-su-funcion-de-estreno-y-gira-por-la-quinta-region\/","title":{"rendered":"Obra \u201c50 a\u00f1os de Viaje por la Cresta del Mundo\u201d anuncia su funci\u00f3n de estreno y gira por la Quinta Regi\u00f3n"},"content":{"rendered":"<ul>\n<li>El montaje de m\u00fasica y danza contempor\u00e1nea que pone en escena la obra del grupo Congreso ya tiene fecha para su debut: viernes 23 de agosto en el Parque Cultural de Valpara\u00edso.\u00a0El proyecto cuenta con el apoyo de\u00a0Fondart Regional, Convocatoria 2019, del Ministerio de las Culturas, las Artes y el\u00a0Patrimonio.<\/li>\n<\/ul>\n<p>El innovador espect\u00e1culo, ideado y ejecutado por el\u00a0<b>C<\/b><strong>olectivo Esc\u00e9nico Agua-Cero<\/strong>,\u00a0tendr\u00e1 un total de 7 fechas, que se realizar\u00e1n en las principales urbes de la Regi\u00f3n de Valpara\u00edso, en comunas tales como La Ligua, San Antonio, Quillota y\u00a0\u00a0Cabildo, para cerrar con broche de oro en Quilpu\u00e9, ciudad de origen de Congreso.\u00a0Por otro lado, la obra tendr\u00e1 un \u00e1rea formativa destinada a crear audiencias, y contar\u00e1 con una experiencia de mediaci\u00f3n en los distintos lugares donde ser\u00e1 presentada.<\/p>\n<p>En palabras de\u00a0<strong>Francisco Sazo<\/strong>\u00a0vocalista y letrista del Grupo Congreso,\u00a0<em>\u201ces un\u00a0proyecto extraordinario llevar al p\u00fablico otra faceta de la m\u00fasica de Congreso a trav\u00e9s del\u00a0lenguaje de la danza, me parece maravilloso poder asistir como p\u00fablico a esta puesta en\u00a0escena vestida con el cuerpo de los bailarines y la direcci\u00f3n art\u00edstica que tiene como tel\u00f3n\u00a0de fondo nuestra m\u00fasica\u201d<\/em>.<\/p>\n<p>El estreno de esta obra de danza contempor\u00e1nea se enmarca en las celebraciones oficiales por el medio siglo de Congreso, una de las bandas insigne de la historia de la m\u00fasica chilena, quienes mantienen plena vigencia con la publicaci\u00f3n del disco \u00abLa Canci\u00f3n que te Deb\u00eda\u00bb (Premio Pulsar 2018, categor\u00eda \u00c1lbum del A\u00f1o), adem\u00e1s de un extenso calendario de presentaciones en Santiago, Valpara\u00edso, Europa y Norteam\u00e9rica.<\/p>\n<p>\u00ab50 a\u00f1os de Viaje por la Cresta del Mundo\u00bb cuenta con la direcci\u00f3n art\u00edstica de Enrique Saldes Aliaga, la direcci\u00f3n coreogr\u00e1fica de Carolina Escobillana Reinaud y la producci\u00f3n general de Francisco Saldes Aliaga. Su dise\u00f1o sonoro abarca el repertorio de Congreso entre los a\u00f1os 1984 al 2017; canciones usadas como insumo para desatar una mirada hacia los imaginarios culturales y las vulnerabilidades transversales de un <strong>\u00abSujeto Universal\u00bb,<\/strong> identificado y localizado desde la interacci\u00f3n de la danza y la m\u00fasica, poniendo \u00e9nfasis en su car\u00e1cter social y colectivo en la acci\u00f3n art\u00edstica.<\/p>\n<p>El ingreso a estos espect\u00e1culos es con entrada liberada y por orden de llegada.<\/p>\n<p><strong>\u00ab50 a\u00f1os de Viaje por la Cresta del Mundo\u00bb\u00a0<\/strong>cuenta con el apoyo de\u00a0Fondart Regional, Convocatoria 2019, del Ministerio de las Culturas, las Artes y el\u00a0Patrimonio.<\/p>\n<p>&nbsp;<\/p>\n<p><strong>Gira Regional<\/strong><\/p>\n<div><strong>23 de Agosto &#8211; 20:00 hrs.<\/strong><br \/>\nParque Cultural de Valpara\u00edso. (Estreno).<\/p>\n<p><strong>06 de Septiembre &#8211; 20:00 hrs.<\/strong><br \/>\nGimnasio Municipal de La Ligua.<br \/>\n<strong>14 de Septiembre &#8211; 19:00 hrs.<\/strong><br \/>\nTeatro Municipal de Llay Llay.<\/p>\n<p><strong>05 de Octubre &#8211; 20:00 hrs.<\/strong><br \/>\nCentro Cultural San Antonio.<br \/>\n<strong>11 de Octubre &#8211; 20:00 hrs.<\/strong><br \/>\nCentro Cultural L. Silva Reynoard de Quillota.<br \/>\n<strong>19 de Octubre &#8211; 19:00 hrs.<\/strong><br \/>\nTeatro Municipal de Cabildo.<br \/>\n<strong>25 de Octubre &#8211; 20:00 hrs.\u00a0<\/strong><br \/>\nTeatro Municipal Juan Bustos Ram\u00edrez de\u00a0Quilpu\u00e9.<\/div>\n<p>&nbsp;<\/p>\n","protected":false},"excerpt":{"rendered":"<p>El montaje de m\u00fasica y danza contempor\u00e1nea que pone en escena la obra del grupo Congreso ya tiene fecha para su debut: viernes 23 de agosto en el Parque Cultural de Valpara\u00edso.\u00a0El proyecto cuenta con el apoyo de\u00a0Fondart Regional, Convocatoria 2019, del Ministerio de las Culturas, las Artes y el\u00a0Patrimonio. El innovador espect\u00e1culo, ideado y [&hellip;]<\/p>\n","protected":false},"author":3,"featured_media":8970,"comment_status":"closed","ping_status":"closed","sticky":false,"template":"","format":"standard","meta":{"_acf_changed":false,"footnotes":""},"categories":[8],"tags":[],"class_list":["post-8969","post","type-post","status-publish","format-standard","has-post-thumbnail","hentry","category-noticia"],"acf":[],"yoast_head":"<!-- This site is optimized with the Yoast SEO plugin v27.1.1 - https:\/\/yoast.com\/product\/yoast-seo-wordpress\/ -->\n<title>Obra \u201c50 a\u00f1os de Viaje por la Cresta del Mundo\u201d anuncia su funci\u00f3n de estreno y gira por la Quinta Regi\u00f3n - Valpara\u00ed\u00adso Creativo<\/title>\n<meta name=\"robots\" content=\"index, follow, max-snippet:-1, max-image-preview:large, max-video-preview:-1\" \/>\n<link rel=\"canonical\" href=\"https:\/\/dev.antudigital.cl\/sites\/vc\/obra-50-anos-de-viaje-por-la-cresta-del-mundo-anuncia-su-funcion-de-estreno-y-gira-por-la-quinta-region\/\" \/>\n<meta property=\"og:locale\" content=\"es_ES\" \/>\n<meta property=\"og:type\" content=\"article\" \/>\n<meta property=\"og:title\" content=\"Obra \u201c50 a\u00f1os de Viaje por la Cresta del Mundo\u201d anuncia su funci\u00f3n de estreno y gira por la Quinta Regi\u00f3n - Valpara\u00ed\u00adso Creativo\" \/>\n<meta property=\"og:description\" content=\"El montaje de m\u00fasica y danza contempor\u00e1nea que pone en escena la obra del grupo Congreso ya tiene fecha para su debut: viernes 23 de agosto en el Parque Cultural de Valpara\u00edso.\u00a0El proyecto cuenta con el apoyo de\u00a0Fondart Regional, Convocatoria 2019, del Ministerio de las Culturas, las Artes y el\u00a0Patrimonio. El innovador espect\u00e1culo, ideado y [&hellip;]\" \/>\n<meta property=\"og:url\" content=\"https:\/\/dev.antudigital.cl\/sites\/vc\/obra-50-anos-de-viaje-por-la-cresta-del-mundo-anuncia-su-funcion-de-estreno-y-gira-por-la-quinta-region\/\" \/>\n<meta property=\"og:site_name\" content=\"Valpara\u00ed\u00adso Creativo\" \/>\n<meta property=\"article:published_time\" content=\"2019-08-21T16:44:08+00:00\" \/>\n<meta property=\"og:image\" content=\"https:\/\/dev.antudigital.cl\/sites\/vc\/wp-content\/uploads\/2019\/08\/Congreso.jpg\" \/>\n\t<meta property=\"og:image:width\" content=\"1000\" \/>\n\t<meta property=\"og:image:height\" content=\"563\" \/>\n\t<meta property=\"og:image:type\" content=\"image\/jpeg\" \/>\n<meta name=\"author\" content=\"Valparaiso Creativo\" \/>\n<meta name=\"twitter:card\" content=\"summary_large_image\" \/>\n<meta name=\"twitter:label1\" content=\"Escrito por\" \/>\n\t<meta name=\"twitter:data1\" content=\"Valparaiso Creativo\" \/>\n\t<meta name=\"twitter:label2\" content=\"Tiempo de lectura\" \/>\n\t<meta name=\"twitter:data2\" content=\"2 minutos\" \/>\n<script type=\"application\/ld+json\" class=\"yoast-schema-graph\">{\"@context\":\"https:\/\/schema.org\",\"@graph\":[{\"@type\":\"Article\",\"@id\":\"https:\/\/dev.antudigital.cl\/sites\/vc\/obra-50-anos-de-viaje-por-la-cresta-del-mundo-anuncia-su-funcion-de-estreno-y-gira-por-la-quinta-region\/#article\",\"isPartOf\":{\"@id\":\"https:\/\/dev.antudigital.cl\/sites\/vc\/obra-50-anos-de-viaje-por-la-cresta-del-mundo-anuncia-su-funcion-de-estreno-y-gira-por-la-quinta-region\/\"},\"author\":{\"name\":\"Valparaiso Creativo\",\"@id\":\"https:\/\/dev.antudigital.cl\/sites\/vc\/#\/schema\/person\/81d1dcd51abd542b5dfc00f5f951a0f1\"},\"headline\":\"Obra \u201c50 a\u00f1os de Viaje por la Cresta del Mundo\u201d anuncia su funci\u00f3n de estreno y gira por la Quinta Regi\u00f3n\",\"datePublished\":\"2019-08-21T16:44:08+00:00\",\"mainEntityOfPage\":{\"@id\":\"https:\/\/dev.antudigital.cl\/sites\/vc\/obra-50-anos-de-viaje-por-la-cresta-del-mundo-anuncia-su-funcion-de-estreno-y-gira-por-la-quinta-region\/\"},\"wordCount\":523,\"image\":{\"@id\":\"https:\/\/dev.antudigital.cl\/sites\/vc\/obra-50-anos-de-viaje-por-la-cresta-del-mundo-anuncia-su-funcion-de-estreno-y-gira-por-la-quinta-region\/#primaryimage\"},\"thumbnailUrl\":\"https:\/\/dev.antudigital.cl\/sites\/vc\/wp-content\/uploads\/2019\/08\/Congreso.jpg\",\"articleSection\":[\"Noticia\"],\"inLanguage\":\"es\"},{\"@type\":\"WebPage\",\"@id\":\"https:\/\/dev.antudigital.cl\/sites\/vc\/obra-50-anos-de-viaje-por-la-cresta-del-mundo-anuncia-su-funcion-de-estreno-y-gira-por-la-quinta-region\/\",\"url\":\"https:\/\/dev.antudigital.cl\/sites\/vc\/obra-50-anos-de-viaje-por-la-cresta-del-mundo-anuncia-su-funcion-de-estreno-y-gira-por-la-quinta-region\/\",\"name\":\"Obra \u201c50 a\u00f1os de Viaje por la Cresta del Mundo\u201d anuncia su funci\u00f3n de estreno y gira por la Quinta Regi\u00f3n - Valpara\u00ed\u00adso Creativo\",\"isPartOf\":{\"@id\":\"https:\/\/dev.antudigital.cl\/sites\/vc\/#website\"},\"primaryImageOfPage\":{\"@id\":\"https:\/\/dev.antudigital.cl\/sites\/vc\/obra-50-anos-de-viaje-por-la-cresta-del-mundo-anuncia-su-funcion-de-estreno-y-gira-por-la-quinta-region\/#primaryimage\"},\"image\":{\"@id\":\"https:\/\/dev.antudigital.cl\/sites\/vc\/obra-50-anos-de-viaje-por-la-cresta-del-mundo-anuncia-su-funcion-de-estreno-y-gira-por-la-quinta-region\/#primaryimage\"},\"thumbnailUrl\":\"https:\/\/dev.antudigital.cl\/sites\/vc\/wp-content\/uploads\/2019\/08\/Congreso.jpg\",\"datePublished\":\"2019-08-21T16:44:08+00:00\",\"author\":{\"@id\":\"https:\/\/dev.antudigital.cl\/sites\/vc\/#\/schema\/person\/81d1dcd51abd542b5dfc00f5f951a0f1\"},\"breadcrumb\":{\"@id\":\"https:\/\/dev.antudigital.cl\/sites\/vc\/obra-50-anos-de-viaje-por-la-cresta-del-mundo-anuncia-su-funcion-de-estreno-y-gira-por-la-quinta-region\/#breadcrumb\"},\"inLanguage\":\"es\",\"potentialAction\":[{\"@type\":\"ReadAction\",\"target\":[\"https:\/\/dev.antudigital.cl\/sites\/vc\/obra-50-anos-de-viaje-por-la-cresta-del-mundo-anuncia-su-funcion-de-estreno-y-gira-por-la-quinta-region\/\"]}]},{\"@type\":\"ImageObject\",\"inLanguage\":\"es\",\"@id\":\"https:\/\/dev.antudigital.cl\/sites\/vc\/obra-50-anos-de-viaje-por-la-cresta-del-mundo-anuncia-su-funcion-de-estreno-y-gira-por-la-quinta-region\/#primaryimage\",\"url\":\"https:\/\/dev.antudigital.cl\/sites\/vc\/wp-content\/uploads\/2019\/08\/Congreso.jpg\",\"contentUrl\":\"https:\/\/dev.antudigital.cl\/sites\/vc\/wp-content\/uploads\/2019\/08\/Congreso.jpg\",\"width\":1000,\"height\":563},{\"@type\":\"BreadcrumbList\",\"@id\":\"https:\/\/dev.antudigital.cl\/sites\/vc\/obra-50-anos-de-viaje-por-la-cresta-del-mundo-anuncia-su-funcion-de-estreno-y-gira-por-la-quinta-region\/#breadcrumb\",\"itemListElement\":[{\"@type\":\"ListItem\",\"position\":1,\"name\":\"Home\",\"item\":\"https:\/\/dev.antudigital.cl\/sites\/vc\/\"},{\"@type\":\"ListItem\",\"position\":2,\"name\":\"Obra \u201c50 a\u00f1os de Viaje por la Cresta del Mundo\u201d anuncia su funci\u00f3n de estreno y gira por la Quinta Regi\u00f3n\"}]},{\"@type\":\"WebSite\",\"@id\":\"https:\/\/dev.antudigital.cl\/sites\/vc\/#website\",\"url\":\"https:\/\/dev.antudigital.cl\/sites\/vc\/\",\"name\":\"Valpara\u00ed\u00adso Creativo\",\"description\":\"\",\"potentialAction\":[{\"@type\":\"SearchAction\",\"target\":{\"@type\":\"EntryPoint\",\"urlTemplate\":\"https:\/\/dev.antudigital.cl\/sites\/vc\/?s={search_term_string}\"},\"query-input\":{\"@type\":\"PropertyValueSpecification\",\"valueRequired\":true,\"valueName\":\"search_term_string\"}}],\"inLanguage\":\"es\"},{\"@type\":\"Person\",\"@id\":\"https:\/\/dev.antudigital.cl\/sites\/vc\/#\/schema\/person\/81d1dcd51abd542b5dfc00f5f951a0f1\",\"name\":\"Valparaiso Creativo\",\"url\":\"https:\/\/dev.antudigital.cl\/sites\/vc\/author\/valparaiso-creativo\/\"}]}<\/script>\n<!-- \/ Yoast SEO plugin. -->","yoast_head_json":{"title":"Obra \u201c50 a\u00f1os de Viaje por la Cresta del Mundo\u201d anuncia su funci\u00f3n de estreno y gira por la Quinta Regi\u00f3n - Valpara\u00ed\u00adso Creativo","robots":{"index":"index","follow":"follow","max-snippet":"max-snippet:-1","max-image-preview":"max-image-preview:large","max-video-preview":"max-video-preview:-1"},"canonical":"https:\/\/dev.antudigital.cl\/sites\/vc\/obra-50-anos-de-viaje-por-la-cresta-del-mundo-anuncia-su-funcion-de-estreno-y-gira-por-la-quinta-region\/","og_locale":"es_ES","og_type":"article","og_title":"Obra \u201c50 a\u00f1os de Viaje por la Cresta del Mundo\u201d anuncia su funci\u00f3n de estreno y gira por la Quinta Regi\u00f3n - Valpara\u00ed\u00adso Creativo","og_description":"El montaje de m\u00fasica y danza contempor\u00e1nea que pone en escena la obra del grupo Congreso ya tiene fecha para su debut: viernes 23 de agosto en el Parque Cultural de Valpara\u00edso.\u00a0El proyecto cuenta con el apoyo de\u00a0Fondart Regional, Convocatoria 2019, del Ministerio de las Culturas, las Artes y el\u00a0Patrimonio. El innovador espect\u00e1culo, ideado y [&hellip;]","og_url":"https:\/\/dev.antudigital.cl\/sites\/vc\/obra-50-anos-de-viaje-por-la-cresta-del-mundo-anuncia-su-funcion-de-estreno-y-gira-por-la-quinta-region\/","og_site_name":"Valpara\u00ed\u00adso Creativo","article_published_time":"2019-08-21T16:44:08+00:00","og_image":[{"width":1000,"height":563,"url":"https:\/\/dev.antudigital.cl\/sites\/vc\/wp-content\/uploads\/2019\/08\/Congreso.jpg","type":"image\/jpeg"}],"author":"Valparaiso Creativo","twitter_card":"summary_large_image","twitter_misc":{"Escrito por":"Valparaiso Creativo","Tiempo de lectura":"2 minutos"},"schema":{"@context":"https:\/\/schema.org","@graph":[{"@type":"Article","@id":"https:\/\/dev.antudigital.cl\/sites\/vc\/obra-50-anos-de-viaje-por-la-cresta-del-mundo-anuncia-su-funcion-de-estreno-y-gira-por-la-quinta-region\/#article","isPartOf":{"@id":"https:\/\/dev.antudigital.cl\/sites\/vc\/obra-50-anos-de-viaje-por-la-cresta-del-mundo-anuncia-su-funcion-de-estreno-y-gira-por-la-quinta-region\/"},"author":{"name":"Valparaiso Creativo","@id":"https:\/\/dev.antudigital.cl\/sites\/vc\/#\/schema\/person\/81d1dcd51abd542b5dfc00f5f951a0f1"},"headline":"Obra \u201c50 a\u00f1os de Viaje por la Cresta del Mundo\u201d anuncia su funci\u00f3n de estreno y gira por la Quinta Regi\u00f3n","datePublished":"2019-08-21T16:44:08+00:00","mainEntityOfPage":{"@id":"https:\/\/dev.antudigital.cl\/sites\/vc\/obra-50-anos-de-viaje-por-la-cresta-del-mundo-anuncia-su-funcion-de-estreno-y-gira-por-la-quinta-region\/"},"wordCount":523,"image":{"@id":"https:\/\/dev.antudigital.cl\/sites\/vc\/obra-50-anos-de-viaje-por-la-cresta-del-mundo-anuncia-su-funcion-de-estreno-y-gira-por-la-quinta-region\/#primaryimage"},"thumbnailUrl":"https:\/\/dev.antudigital.cl\/sites\/vc\/wp-content\/uploads\/2019\/08\/Congreso.jpg","articleSection":["Noticia"],"inLanguage":"es"},{"@type":"WebPage","@id":"https:\/\/dev.antudigital.cl\/sites\/vc\/obra-50-anos-de-viaje-por-la-cresta-del-mundo-anuncia-su-funcion-de-estreno-y-gira-por-la-quinta-region\/","url":"https:\/\/dev.antudigital.cl\/sites\/vc\/obra-50-anos-de-viaje-por-la-cresta-del-mundo-anuncia-su-funcion-de-estreno-y-gira-por-la-quinta-region\/","name":"Obra \u201c50 a\u00f1os de Viaje por la Cresta del Mundo\u201d anuncia su funci\u00f3n de estreno y gira por la Quinta Regi\u00f3n - Valpara\u00ed\u00adso Creativo","isPartOf":{"@id":"https:\/\/dev.antudigital.cl\/sites\/vc\/#website"},"primaryImageOfPage":{"@id":"https:\/\/dev.antudigital.cl\/sites\/vc\/obra-50-anos-de-viaje-por-la-cresta-del-mundo-anuncia-su-funcion-de-estreno-y-gira-por-la-quinta-region\/#primaryimage"},"image":{"@id":"https:\/\/dev.antudigital.cl\/sites\/vc\/obra-50-anos-de-viaje-por-la-cresta-del-mundo-anuncia-su-funcion-de-estreno-y-gira-por-la-quinta-region\/#primaryimage"},"thumbnailUrl":"https:\/\/dev.antudigital.cl\/sites\/vc\/wp-content\/uploads\/2019\/08\/Congreso.jpg","datePublished":"2019-08-21T16:44:08+00:00","author":{"@id":"https:\/\/dev.antudigital.cl\/sites\/vc\/#\/schema\/person\/81d1dcd51abd542b5dfc00f5f951a0f1"},"breadcrumb":{"@id":"https:\/\/dev.antudigital.cl\/sites\/vc\/obra-50-anos-de-viaje-por-la-cresta-del-mundo-anuncia-su-funcion-de-estreno-y-gira-por-la-quinta-region\/#breadcrumb"},"inLanguage":"es","potentialAction":[{"@type":"ReadAction","target":["https:\/\/dev.antudigital.cl\/sites\/vc\/obra-50-anos-de-viaje-por-la-cresta-del-mundo-anuncia-su-funcion-de-estreno-y-gira-por-la-quinta-region\/"]}]},{"@type":"ImageObject","inLanguage":"es","@id":"https:\/\/dev.antudigital.cl\/sites\/vc\/obra-50-anos-de-viaje-por-la-cresta-del-mundo-anuncia-su-funcion-de-estreno-y-gira-por-la-quinta-region\/#primaryimage","url":"https:\/\/dev.antudigital.cl\/sites\/vc\/wp-content\/uploads\/2019\/08\/Congreso.jpg","contentUrl":"https:\/\/dev.antudigital.cl\/sites\/vc\/wp-content\/uploads\/2019\/08\/Congreso.jpg","width":1000,"height":563},{"@type":"BreadcrumbList","@id":"https:\/\/dev.antudigital.cl\/sites\/vc\/obra-50-anos-de-viaje-por-la-cresta-del-mundo-anuncia-su-funcion-de-estreno-y-gira-por-la-quinta-region\/#breadcrumb","itemListElement":[{"@type":"ListItem","position":1,"name":"Home","item":"https:\/\/dev.antudigital.cl\/sites\/vc\/"},{"@type":"ListItem","position":2,"name":"Obra \u201c50 a\u00f1os de Viaje por la Cresta del Mundo\u201d anuncia su funci\u00f3n de estreno y gira por la Quinta Regi\u00f3n"}]},{"@type":"WebSite","@id":"https:\/\/dev.antudigital.cl\/sites\/vc\/#website","url":"https:\/\/dev.antudigital.cl\/sites\/vc\/","name":"Valpara\u00ed\u00adso Creativo","description":"","potentialAction":[{"@type":"SearchAction","target":{"@type":"EntryPoint","urlTemplate":"https:\/\/dev.antudigital.cl\/sites\/vc\/?s={search_term_string}"},"query-input":{"@type":"PropertyValueSpecification","valueRequired":true,"valueName":"search_term_string"}}],"inLanguage":"es"},{"@type":"Person","@id":"https:\/\/dev.antudigital.cl\/sites\/vc\/#\/schema\/person\/81d1dcd51abd542b5dfc00f5f951a0f1","name":"Valparaiso Creativo","url":"https:\/\/dev.antudigital.cl\/sites\/vc\/author\/valparaiso-creativo\/"}]}},"_links":{"self":[{"href":"https:\/\/dev.antudigital.cl\/sites\/vc\/wp-json\/wp\/v2\/posts\/8969","targetHints":{"allow":["GET"]}}],"collection":[{"href":"https:\/\/dev.antudigital.cl\/sites\/vc\/wp-json\/wp\/v2\/posts"}],"about":[{"href":"https:\/\/dev.antudigital.cl\/sites\/vc\/wp-json\/wp\/v2\/types\/post"}],"author":[{"embeddable":true,"href":"https:\/\/dev.antudigital.cl\/sites\/vc\/wp-json\/wp\/v2\/users\/3"}],"replies":[{"embeddable":true,"href":"https:\/\/dev.antudigital.cl\/sites\/vc\/wp-json\/wp\/v2\/comments?post=8969"}],"version-history":[{"count":0,"href":"https:\/\/dev.antudigital.cl\/sites\/vc\/wp-json\/wp\/v2\/posts\/8969\/revisions"}],"wp:featuredmedia":[{"embeddable":true,"href":"https:\/\/dev.antudigital.cl\/sites\/vc\/wp-json\/wp\/v2\/media\/8970"}],"wp:attachment":[{"href":"https:\/\/dev.antudigital.cl\/sites\/vc\/wp-json\/wp\/v2\/media?parent=8969"}],"wp:term":[{"taxonomy":"category","embeddable":true,"href":"https:\/\/dev.antudigital.cl\/sites\/vc\/wp-json\/wp\/v2\/categories?post=8969"},{"taxonomy":"post_tag","embeddable":true,"href":"https:\/\/dev.antudigital.cl\/sites\/vc\/wp-json\/wp\/v2\/tags?post=8969"}],"curies":[{"name":"wp","href":"https:\/\/api.w.org\/{rel}","templated":true}]}}