{"id":8971,"date":"2019-08-20T11:50:51","date_gmt":"2019-08-20T11:50:51","guid":{"rendered":"http:\/\/www.valparaisocreativo.cl\/?p=3621"},"modified":"2021-12-25T23:23:30","modified_gmt":"2021-12-25T23:23:30","slug":"sello-recolector-realiza-workshops-para-profesionales-de-la-industria-de-la-musica","status":"publish","type":"post","link":"https:\/\/dev.antudigital.cl\/sites\/vc\/sello-recolector-realiza-workshops-para-profesionales-de-la-industria-de-la-musica\/","title":{"rendered":"Sello Recolector realiza workshops para profesionales de la industria de la m\u00fasica"},"content":{"rendered":"<div>Entre los meses de julio y octubre el Sello Recolector est\u00e1 realizando distintos workshops en el marco de un programa de formaci\u00f3n y traspaso de capacidades profesionales con el fin de contribuir al desarrollo de la industria musical local.<\/div>\n<div><\/div>\n<div>En cada una de las sesiones participan expositores de alta relevancia nacional que buscan traspasar capacidades profesionales a quienes asistan.<\/div>\n<div>De esta forma, los talleres est\u00e1n dirigidos a m\u00fasicos, productores musicales, ingenieros en sonido y para tod@s quienes tengan alg\u00fan tipo de conocimiento en creaci\u00f3n y\/o producci\u00f3n musical y busquen ampliar sus competencias para potencias su creatividad y t\u00e9cnica.<\/div>\n<div><\/div>\n<div>TALLERES<\/p>\n<ol>\n<li>Producci\u00f3n Musical de autor por Pablo Stipicic. Fecha: 27 Julio.<\/li>\n<li><strong>Composici\u00f3n de M\u00fasica de Ra\u00edz por Pascuala Ilabaca. Fecha: S\u00e1bado 24 Agosto.<\/strong><\/li>\n<li>Producci\u00f3n Musical de Trap y M\u00fasica Urbana por TytoKush. Fecha: 31 de agosto.<\/li>\n<li>Producci\u00f3n Musical, Grabaci\u00f3n y Performance por Roman. Fecha: 7 Septiembre.<\/li>\n<li>Composici\u00f3n y Producci\u00f3n de Autor por Felipe Cadenasso y Antonio del Favero. Fecha: 5 Octubre.<\/li>\n<li>C\u00f3mo se construye una canci\u00f3n en estudio por Carlos Barros. Fecha: 19 Octubre<\/li>\n<\/ol>\n<\/div>\n<div>El pr\u00f3ximo taller se realizar\u00e1 el s\u00e1bado 24 de agosto con Pascuala Ilabaca si quieres participar completa el&nbsp; <a href=\"https:\/\/docs.google.com\/forms\/d\/e\/1FAIpQLSdbtNMAjkhd95THZ2aHe0ZWepiqLaIV9Bisc2dnFUCtL0du9w\/viewform\" target=\"_blank\" rel=\"noopener\" data-saferedirecturl=\"https:\/\/www.google.com\/url?q=https:\/\/docs.google.com\/forms\/d\/e\/1FAIpQLSdbtNMAjkhd95THZ2aHe0ZWepiqLaIV9Bisc2dnFUCtL0du9w\/viewform&amp;source=gmail&amp;ust=1566398592287000&amp;usg=AFQjCNH4pgtD49K-U9MblAnLGHdoYl16Fw\">Formulario de Inscripci\u00f3n<\/a>.<\/p>\n<div><\/div>\n<\/div>\n<div>Pascuala Ilabaca es cantautora, compositora e int\u00e9rprete de voz, piano y acorde\u00f3n. Licenciada en M\u00fasica en la PUCV.<\/div>\n<div>Ha realizado 20 giras internacionales representando a Chile en importantes instancias como: WAA Luncheon Seattle US, San Francisco Jazz USA, Los Angeles Grand Performances USA, Festival Womad UK, Filarm\u00f3nica de Berl\u00edn Alemania, Festival Selv\u00e1monos Per\u00fa, Festival EtnoSur Pirineos Sur, Barnasants Etnosu, entre otros.<\/div>\n<div>Galardonada con los premios: Top of the world UK 2015 y 2018 Songlines UK, Independent Music Awards 2013 y 2015 Nueva York EEUU, Premio Pulsar Chile Mejor Cantautor 2016, entre otros. Ha formado parte de Procesos de Formaci\u00f3n Art\u00edstica como tallerista junto a Escuelas de Rock Maule, Escuelas de Rock Valpara\u00edso, Escuelas de Rock entre otros.<\/div>\n<div>\n<strong>CONTENIDOS DEL TALLER:<\/strong><\/p>\n<ul>\n<li>Presentaci\u00f3n y Debate 1: \u00bfCu\u00e1l es el sentido\/aporte de la m\u00fasica de ra\u00edz a la cultura global?<\/li>\n<li>Diversidad de Formas musicales dentro de la m\u00fasica de ra\u00edz; formas abiertas y cerradas \/ An\u00e1lisis de 2 Formas Musicales.<\/li>\n<li>Pr\u00e1ctica: Creaci\u00f3n de subgrupos.<\/li>\n<li>Cierre y Debate 2: \u00bfCu\u00e1l\/es es\/son el\/los desaf\u00edo\/s de la m\u00fasica de ra\u00edz en la actualidad?<\/li>\n<\/ul>\n<p>VALOR:<\/p>\n<\/div>\n<div>Preventa $30.000<br \/>\nGeneral &nbsp; $40.000<\/p>\n<p>FECHA: 24 de agosto<br \/>\nDuraci\u00f3n: 8 horas- 1 sesi\u00f3n de 8 horas<br \/>\nHorario: 10:00 a 14:00, 15:30 a 19:30<br \/>\nLUGAR: Hub Musical, Condell 1477, Valpara\u00edso.<\/p>\n<\/div>\n<div><\/div>\n<div><\/div>\n","protected":false},"excerpt":{"rendered":"<p>Entre los meses de julio y octubre el Sello Recolector est\u00e1 realizando distintos workshops en el marco de un programa de formaci\u00f3n y traspaso de capacidades profesionales con el fin de contribuir al desarrollo de la industria musical local. En cada una de las sesiones participan expositores de alta relevancia nacional que buscan traspasar capacidades [&hellip;]<\/p>\n","protected":false},"author":3,"featured_media":8973,"comment_status":"closed","ping_status":"closed","sticky":false,"template":"","format":"standard","meta":{"_acf_changed":false,"footnotes":""},"categories":[8],"tags":[],"class_list":["post-8971","post","type-post","status-publish","format-standard","has-post-thumbnail","hentry","category-noticia"],"acf":[],"yoast_head":"<!-- This site is optimized with the Yoast SEO plugin v27.1.1 - https:\/\/yoast.com\/product\/yoast-seo-wordpress\/ -->\n<title>Sello Recolector realiza workshops para profesionales de la industria de la m\u00fasica - Valpara\u00ed\u00adso Creativo<\/title>\n<meta name=\"robots\" content=\"index, follow, max-snippet:-1, max-image-preview:large, max-video-preview:-1\" \/>\n<link rel=\"canonical\" href=\"https:\/\/dev.antudigital.cl\/sites\/vc\/sello-recolector-realiza-workshops-para-profesionales-de-la-industria-de-la-musica\/\" \/>\n<meta property=\"og:locale\" content=\"es_ES\" \/>\n<meta property=\"og:type\" content=\"article\" \/>\n<meta property=\"og:title\" content=\"Sello Recolector realiza workshops para profesionales de la industria de la m\u00fasica - Valpara\u00ed\u00adso Creativo\" \/>\n<meta property=\"og:description\" content=\"Entre los meses de julio y octubre el Sello Recolector est\u00e1 realizando distintos workshops en el marco de un programa de formaci\u00f3n y traspaso de capacidades profesionales con el fin de contribuir al desarrollo de la industria musical local. En cada una de las sesiones participan expositores de alta relevancia nacional que buscan traspasar capacidades [&hellip;]\" \/>\n<meta property=\"og:url\" content=\"https:\/\/dev.antudigital.cl\/sites\/vc\/sello-recolector-realiza-workshops-para-profesionales-de-la-industria-de-la-musica\/\" \/>\n<meta property=\"og:site_name\" content=\"Valpara\u00ed\u00adso Creativo\" \/>\n<meta property=\"article:published_time\" content=\"2019-08-20T11:50:51+00:00\" \/>\n<meta property=\"article:modified_time\" content=\"2021-12-25T23:23:30+00:00\" \/>\n<meta property=\"og:image\" content=\"https:\/\/dev.antudigital.cl\/sites\/vc\/wp-content\/uploads\/2019\/08\/pascuala-evento.jpg\" \/>\n\t<meta property=\"og:image:width\" content=\"2084\" \/>\n\t<meta property=\"og:image:height\" content=\"1093\" \/>\n\t<meta property=\"og:image:type\" content=\"image\/jpeg\" \/>\n<meta name=\"author\" content=\"Valparaiso Creativo\" \/>\n<meta name=\"twitter:card\" content=\"summary_large_image\" \/>\n<meta name=\"twitter:label1\" content=\"Escrito por\" \/>\n\t<meta name=\"twitter:data1\" content=\"Valparaiso Creativo\" \/>\n\t<meta name=\"twitter:label2\" content=\"Tiempo de lectura\" \/>\n\t<meta name=\"twitter:data2\" content=\"2 minutos\" \/>\n<script type=\"application\/ld+json\" class=\"yoast-schema-graph\">{\"@context\":\"https:\/\/schema.org\",\"@graph\":[{\"@type\":\"Article\",\"@id\":\"https:\/\/dev.antudigital.cl\/sites\/vc\/sello-recolector-realiza-workshops-para-profesionales-de-la-industria-de-la-musica\/#article\",\"isPartOf\":{\"@id\":\"https:\/\/dev.antudigital.cl\/sites\/vc\/sello-recolector-realiza-workshops-para-profesionales-de-la-industria-de-la-musica\/\"},\"author\":{\"name\":\"Valparaiso Creativo\",\"@id\":\"https:\/\/dev.antudigital.cl\/sites\/vc\/#\/schema\/person\/81d1dcd51abd542b5dfc00f5f951a0f1\"},\"headline\":\"Sello Recolector realiza workshops para profesionales de la industria de la m\u00fasica\",\"datePublished\":\"2019-08-20T11:50:51+00:00\",\"dateModified\":\"2021-12-25T23:23:30+00:00\",\"mainEntityOfPage\":{\"@id\":\"https:\/\/dev.antudigital.cl\/sites\/vc\/sello-recolector-realiza-workshops-para-profesionales-de-la-industria-de-la-musica\/\"},\"wordCount\":442,\"image\":{\"@id\":\"https:\/\/dev.antudigital.cl\/sites\/vc\/sello-recolector-realiza-workshops-para-profesionales-de-la-industria-de-la-musica\/#primaryimage\"},\"thumbnailUrl\":\"https:\/\/dev.antudigital.cl\/sites\/vc\/wp-content\/uploads\/2019\/08\/pascuala-evento.jpg\",\"articleSection\":[\"Noticia\"],\"inLanguage\":\"es\"},{\"@type\":\"WebPage\",\"@id\":\"https:\/\/dev.antudigital.cl\/sites\/vc\/sello-recolector-realiza-workshops-para-profesionales-de-la-industria-de-la-musica\/\",\"url\":\"https:\/\/dev.antudigital.cl\/sites\/vc\/sello-recolector-realiza-workshops-para-profesionales-de-la-industria-de-la-musica\/\",\"name\":\"Sello Recolector realiza workshops para profesionales de la industria de la m\u00fasica - Valpara\u00ed\u00adso Creativo\",\"isPartOf\":{\"@id\":\"https:\/\/dev.antudigital.cl\/sites\/vc\/#website\"},\"primaryImageOfPage\":{\"@id\":\"https:\/\/dev.antudigital.cl\/sites\/vc\/sello-recolector-realiza-workshops-para-profesionales-de-la-industria-de-la-musica\/#primaryimage\"},\"image\":{\"@id\":\"https:\/\/dev.antudigital.cl\/sites\/vc\/sello-recolector-realiza-workshops-para-profesionales-de-la-industria-de-la-musica\/#primaryimage\"},\"thumbnailUrl\":\"https:\/\/dev.antudigital.cl\/sites\/vc\/wp-content\/uploads\/2019\/08\/pascuala-evento.jpg\",\"datePublished\":\"2019-08-20T11:50:51+00:00\",\"dateModified\":\"2021-12-25T23:23:30+00:00\",\"author\":{\"@id\":\"https:\/\/dev.antudigital.cl\/sites\/vc\/#\/schema\/person\/81d1dcd51abd542b5dfc00f5f951a0f1\"},\"breadcrumb\":{\"@id\":\"https:\/\/dev.antudigital.cl\/sites\/vc\/sello-recolector-realiza-workshops-para-profesionales-de-la-industria-de-la-musica\/#breadcrumb\"},\"inLanguage\":\"es\",\"potentialAction\":[{\"@type\":\"ReadAction\",\"target\":[\"https:\/\/dev.antudigital.cl\/sites\/vc\/sello-recolector-realiza-workshops-para-profesionales-de-la-industria-de-la-musica\/\"]}]},{\"@type\":\"ImageObject\",\"inLanguage\":\"es\",\"@id\":\"https:\/\/dev.antudigital.cl\/sites\/vc\/sello-recolector-realiza-workshops-para-profesionales-de-la-industria-de-la-musica\/#primaryimage\",\"url\":\"https:\/\/dev.antudigital.cl\/sites\/vc\/wp-content\/uploads\/2019\/08\/pascuala-evento.jpg\",\"contentUrl\":\"https:\/\/dev.antudigital.cl\/sites\/vc\/wp-content\/uploads\/2019\/08\/pascuala-evento.jpg\",\"width\":2084,\"height\":1093},{\"@type\":\"BreadcrumbList\",\"@id\":\"https:\/\/dev.antudigital.cl\/sites\/vc\/sello-recolector-realiza-workshops-para-profesionales-de-la-industria-de-la-musica\/#breadcrumb\",\"itemListElement\":[{\"@type\":\"ListItem\",\"position\":1,\"name\":\"Home\",\"item\":\"https:\/\/dev.antudigital.cl\/sites\/vc\/\"},{\"@type\":\"ListItem\",\"position\":2,\"name\":\"Sello Recolector realiza workshops para profesionales de la industria de la m\u00fasica\"}]},{\"@type\":\"WebSite\",\"@id\":\"https:\/\/dev.antudigital.cl\/sites\/vc\/#website\",\"url\":\"https:\/\/dev.antudigital.cl\/sites\/vc\/\",\"name\":\"Valpara\u00ed\u00adso Creativo\",\"description\":\"\",\"potentialAction\":[{\"@type\":\"SearchAction\",\"target\":{\"@type\":\"EntryPoint\",\"urlTemplate\":\"https:\/\/dev.antudigital.cl\/sites\/vc\/?s={search_term_string}\"},\"query-input\":{\"@type\":\"PropertyValueSpecification\",\"valueRequired\":true,\"valueName\":\"search_term_string\"}}],\"inLanguage\":\"es\"},{\"@type\":\"Person\",\"@id\":\"https:\/\/dev.antudigital.cl\/sites\/vc\/#\/schema\/person\/81d1dcd51abd542b5dfc00f5f951a0f1\",\"name\":\"Valparaiso Creativo\",\"url\":\"https:\/\/dev.antudigital.cl\/sites\/vc\/author\/valparaiso-creativo\/\"}]}<\/script>\n<!-- \/ Yoast SEO plugin. -->","yoast_head_json":{"title":"Sello Recolector realiza workshops para profesionales de la industria de la m\u00fasica - Valpara\u00ed\u00adso Creativo","robots":{"index":"index","follow":"follow","max-snippet":"max-snippet:-1","max-image-preview":"max-image-preview:large","max-video-preview":"max-video-preview:-1"},"canonical":"https:\/\/dev.antudigital.cl\/sites\/vc\/sello-recolector-realiza-workshops-para-profesionales-de-la-industria-de-la-musica\/","og_locale":"es_ES","og_type":"article","og_title":"Sello Recolector realiza workshops para profesionales de la industria de la m\u00fasica - Valpara\u00ed\u00adso Creativo","og_description":"Entre los meses de julio y octubre el Sello Recolector est\u00e1 realizando distintos workshops en el marco de un programa de formaci\u00f3n y traspaso de capacidades profesionales con el fin de contribuir al desarrollo de la industria musical local. En cada una de las sesiones participan expositores de alta relevancia nacional que buscan traspasar capacidades [&hellip;]","og_url":"https:\/\/dev.antudigital.cl\/sites\/vc\/sello-recolector-realiza-workshops-para-profesionales-de-la-industria-de-la-musica\/","og_site_name":"Valpara\u00ed\u00adso Creativo","article_published_time":"2019-08-20T11:50:51+00:00","article_modified_time":"2021-12-25T23:23:30+00:00","og_image":[{"width":2084,"height":1093,"url":"https:\/\/dev.antudigital.cl\/sites\/vc\/wp-content\/uploads\/2019\/08\/pascuala-evento.jpg","type":"image\/jpeg"}],"author":"Valparaiso Creativo","twitter_card":"summary_large_image","twitter_misc":{"Escrito por":"Valparaiso Creativo","Tiempo de lectura":"2 minutos"},"schema":{"@context":"https:\/\/schema.org","@graph":[{"@type":"Article","@id":"https:\/\/dev.antudigital.cl\/sites\/vc\/sello-recolector-realiza-workshops-para-profesionales-de-la-industria-de-la-musica\/#article","isPartOf":{"@id":"https:\/\/dev.antudigital.cl\/sites\/vc\/sello-recolector-realiza-workshops-para-profesionales-de-la-industria-de-la-musica\/"},"author":{"name":"Valparaiso Creativo","@id":"https:\/\/dev.antudigital.cl\/sites\/vc\/#\/schema\/person\/81d1dcd51abd542b5dfc00f5f951a0f1"},"headline":"Sello Recolector realiza workshops para profesionales de la industria de la m\u00fasica","datePublished":"2019-08-20T11:50:51+00:00","dateModified":"2021-12-25T23:23:30+00:00","mainEntityOfPage":{"@id":"https:\/\/dev.antudigital.cl\/sites\/vc\/sello-recolector-realiza-workshops-para-profesionales-de-la-industria-de-la-musica\/"},"wordCount":442,"image":{"@id":"https:\/\/dev.antudigital.cl\/sites\/vc\/sello-recolector-realiza-workshops-para-profesionales-de-la-industria-de-la-musica\/#primaryimage"},"thumbnailUrl":"https:\/\/dev.antudigital.cl\/sites\/vc\/wp-content\/uploads\/2019\/08\/pascuala-evento.jpg","articleSection":["Noticia"],"inLanguage":"es"},{"@type":"WebPage","@id":"https:\/\/dev.antudigital.cl\/sites\/vc\/sello-recolector-realiza-workshops-para-profesionales-de-la-industria-de-la-musica\/","url":"https:\/\/dev.antudigital.cl\/sites\/vc\/sello-recolector-realiza-workshops-para-profesionales-de-la-industria-de-la-musica\/","name":"Sello Recolector realiza workshops para profesionales de la industria de la m\u00fasica - Valpara\u00ed\u00adso Creativo","isPartOf":{"@id":"https:\/\/dev.antudigital.cl\/sites\/vc\/#website"},"primaryImageOfPage":{"@id":"https:\/\/dev.antudigital.cl\/sites\/vc\/sello-recolector-realiza-workshops-para-profesionales-de-la-industria-de-la-musica\/#primaryimage"},"image":{"@id":"https:\/\/dev.antudigital.cl\/sites\/vc\/sello-recolector-realiza-workshops-para-profesionales-de-la-industria-de-la-musica\/#primaryimage"},"thumbnailUrl":"https:\/\/dev.antudigital.cl\/sites\/vc\/wp-content\/uploads\/2019\/08\/pascuala-evento.jpg","datePublished":"2019-08-20T11:50:51+00:00","dateModified":"2021-12-25T23:23:30+00:00","author":{"@id":"https:\/\/dev.antudigital.cl\/sites\/vc\/#\/schema\/person\/81d1dcd51abd542b5dfc00f5f951a0f1"},"breadcrumb":{"@id":"https:\/\/dev.antudigital.cl\/sites\/vc\/sello-recolector-realiza-workshops-para-profesionales-de-la-industria-de-la-musica\/#breadcrumb"},"inLanguage":"es","potentialAction":[{"@type":"ReadAction","target":["https:\/\/dev.antudigital.cl\/sites\/vc\/sello-recolector-realiza-workshops-para-profesionales-de-la-industria-de-la-musica\/"]}]},{"@type":"ImageObject","inLanguage":"es","@id":"https:\/\/dev.antudigital.cl\/sites\/vc\/sello-recolector-realiza-workshops-para-profesionales-de-la-industria-de-la-musica\/#primaryimage","url":"https:\/\/dev.antudigital.cl\/sites\/vc\/wp-content\/uploads\/2019\/08\/pascuala-evento.jpg","contentUrl":"https:\/\/dev.antudigital.cl\/sites\/vc\/wp-content\/uploads\/2019\/08\/pascuala-evento.jpg","width":2084,"height":1093},{"@type":"BreadcrumbList","@id":"https:\/\/dev.antudigital.cl\/sites\/vc\/sello-recolector-realiza-workshops-para-profesionales-de-la-industria-de-la-musica\/#breadcrumb","itemListElement":[{"@type":"ListItem","position":1,"name":"Home","item":"https:\/\/dev.antudigital.cl\/sites\/vc\/"},{"@type":"ListItem","position":2,"name":"Sello Recolector realiza workshops para profesionales de la industria de la m\u00fasica"}]},{"@type":"WebSite","@id":"https:\/\/dev.antudigital.cl\/sites\/vc\/#website","url":"https:\/\/dev.antudigital.cl\/sites\/vc\/","name":"Valpara\u00ed\u00adso Creativo","description":"","potentialAction":[{"@type":"SearchAction","target":{"@type":"EntryPoint","urlTemplate":"https:\/\/dev.antudigital.cl\/sites\/vc\/?s={search_term_string}"},"query-input":{"@type":"PropertyValueSpecification","valueRequired":true,"valueName":"search_term_string"}}],"inLanguage":"es"},{"@type":"Person","@id":"https:\/\/dev.antudigital.cl\/sites\/vc\/#\/schema\/person\/81d1dcd51abd542b5dfc00f5f951a0f1","name":"Valparaiso Creativo","url":"https:\/\/dev.antudigital.cl\/sites\/vc\/author\/valparaiso-creativo\/"}]}},"_links":{"self":[{"href":"https:\/\/dev.antudigital.cl\/sites\/vc\/wp-json\/wp\/v2\/posts\/8971","targetHints":{"allow":["GET"]}}],"collection":[{"href":"https:\/\/dev.antudigital.cl\/sites\/vc\/wp-json\/wp\/v2\/posts"}],"about":[{"href":"https:\/\/dev.antudigital.cl\/sites\/vc\/wp-json\/wp\/v2\/types\/post"}],"author":[{"embeddable":true,"href":"https:\/\/dev.antudigital.cl\/sites\/vc\/wp-json\/wp\/v2\/users\/3"}],"replies":[{"embeddable":true,"href":"https:\/\/dev.antudigital.cl\/sites\/vc\/wp-json\/wp\/v2\/comments?post=8971"}],"version-history":[{"count":1,"href":"https:\/\/dev.antudigital.cl\/sites\/vc\/wp-json\/wp\/v2\/posts\/8971\/revisions"}],"predecessor-version":[{"id":8974,"href":"https:\/\/dev.antudigital.cl\/sites\/vc\/wp-json\/wp\/v2\/posts\/8971\/revisions\/8974"}],"wp:featuredmedia":[{"embeddable":true,"href":"https:\/\/dev.antudigital.cl\/sites\/vc\/wp-json\/wp\/v2\/media\/8973"}],"wp:attachment":[{"href":"https:\/\/dev.antudigital.cl\/sites\/vc\/wp-json\/wp\/v2\/media?parent=8971"}],"wp:term":[{"taxonomy":"category","embeddable":true,"href":"https:\/\/dev.antudigital.cl\/sites\/vc\/wp-json\/wp\/v2\/categories?post=8971"},{"taxonomy":"post_tag","embeddable":true,"href":"https:\/\/dev.antudigital.cl\/sites\/vc\/wp-json\/wp\/v2\/tags?post=8971"}],"curies":[{"name":"wp","href":"https:\/\/api.w.org\/{rel}","templated":true}]}}