{"id":8975,"date":"2019-08-19T13:32:54","date_gmt":"2019-08-19T13:32:54","guid":{"rendered":"http:\/\/www.valparaisocreativo.cl\/?p=3611"},"modified":"2019-08-19T13:32:54","modified_gmt":"2019-08-19T13:32:54","slug":"prochile-invita-a-participar-en-taller-de-formacion-exportadora","status":"publish","type":"post","link":"https:\/\/dev.antudigital.cl\/sites\/vc\/prochile-invita-a-participar-en-taller-de-formacion-exportadora\/","title":{"rendered":"ProChile invita a participar en Taller de Formaci\u00f3n Exportadora"},"content":{"rendered":"<p>El pr\u00f3ximo 29 de agosto desde las 8.30 am hasta las 1 pm se realizar\u00e1 en el Hotel Marina del Rey un Taller de Formaci\u00f3n Exportadora con un foco en el mercado mexicano. Para participar deben inscribirse con antelaci\u00f3n ya que se disponen de 30 cupos y se respetar\u00e1 el orden de inscripci\u00f3n<\/p>\n<p>El objetivo de este taller es fortalecer la mirada estrat\u00e9gica del empresario respecto a la internacionalizaci\u00f3n de su negocio, a trav\u00e9s de la instalaci\u00f3n de capacidades basada en el conocimiento del proceso exportador.<\/p>\n<p><a href=\"https:\/\/convocatorias.prochile.gob.cl\/formulario\/taller-exportacion-de-servicios-enfocado-al-mercado-mexicano\">Link de inscripci\u00f3n<\/a><\/p>\n<p><a href=\"http:\/\/www.valparaisocreativo.cl\/wp-content\/uploads\/2019\/08\/taller_exp_ss_a_mexico_valpo_programa.pdf\" target=\"_blank\" rel=\"noopener\">Programa<\/a><\/p>\n","protected":false},"excerpt":{"rendered":"<p>El pr\u00f3ximo 29 de agosto desde las 8.30 am hasta las 1 pm se realizar\u00e1 en el Hotel Marina del Rey un Taller de Formaci\u00f3n Exportadora con un foco en el mercado mexicano. Para participar deben inscribirse con antelaci\u00f3n ya que se disponen de 30 cupos y se respetar\u00e1 el orden de inscripci\u00f3n El objetivo [&hellip;]<\/p>\n","protected":false},"author":3,"featured_media":8976,"comment_status":"closed","ping_status":"closed","sticky":false,"template":"","format":"standard","meta":{"_acf_changed":false,"footnotes":""},"categories":[8],"tags":[],"class_list":["post-8975","post","type-post","status-publish","format-standard","has-post-thumbnail","hentry","category-noticia"],"acf":[],"yoast_head":"<!-- This site is optimized with the Yoast SEO plugin v27.1.1 - https:\/\/yoast.com\/product\/yoast-seo-wordpress\/ -->\n<title>ProChile invita a participar en Taller de Formaci\u00f3n Exportadora - Valpara\u00ed\u00adso Creativo<\/title>\n<meta name=\"robots\" content=\"index, follow, max-snippet:-1, max-image-preview:large, max-video-preview:-1\" \/>\n<link rel=\"canonical\" href=\"https:\/\/dev.antudigital.cl\/sites\/vc\/prochile-invita-a-participar-en-taller-de-formacion-exportadora\/\" \/>\n<meta property=\"og:locale\" content=\"es_ES\" \/>\n<meta property=\"og:type\" content=\"article\" \/>\n<meta property=\"og:title\" content=\"ProChile invita a participar en Taller de Formaci\u00f3n Exportadora - Valpara\u00ed\u00adso Creativo\" \/>\n<meta property=\"og:description\" content=\"El pr\u00f3ximo 29 de agosto desde las 8.30 am hasta las 1 pm se realizar\u00e1 en el Hotel Marina del Rey un Taller de Formaci\u00f3n Exportadora con un foco en el mercado mexicano. Para participar deben inscribirse con antelaci\u00f3n ya que se disponen de 30 cupos y se respetar\u00e1 el orden de inscripci\u00f3n El objetivo [&hellip;]\" \/>\n<meta property=\"og:url\" content=\"https:\/\/dev.antudigital.cl\/sites\/vc\/prochile-invita-a-participar-en-taller-de-formacion-exportadora\/\" \/>\n<meta property=\"og:site_name\" content=\"Valpara\u00ed\u00adso Creativo\" \/>\n<meta property=\"article:published_time\" content=\"2019-08-19T13:32:54+00:00\" \/>\n<meta property=\"og:image\" content=\"https:\/\/dev.antudigital.cl\/sites\/vc\/wp-content\/uploads\/2019\/08\/image002.jpg\" \/>\n\t<meta property=\"og:image:width\" content=\"750\" \/>\n\t<meta property=\"og:image:height\" content=\"157\" \/>\n\t<meta property=\"og:image:type\" content=\"image\/jpeg\" \/>\n<meta name=\"author\" content=\"Valparaiso Creativo\" \/>\n<meta name=\"twitter:card\" content=\"summary_large_image\" \/>\n<meta name=\"twitter:label1\" content=\"Escrito por\" \/>\n\t<meta name=\"twitter:data1\" content=\"Valparaiso Creativo\" \/>\n<script type=\"application\/ld+json\" class=\"yoast-schema-graph\">{\"@context\":\"https:\/\/schema.org\",\"@graph\":[{\"@type\":\"Article\",\"@id\":\"https:\/\/dev.antudigital.cl\/sites\/vc\/prochile-invita-a-participar-en-taller-de-formacion-exportadora\/#article\",\"isPartOf\":{\"@id\":\"https:\/\/dev.antudigital.cl\/sites\/vc\/prochile-invita-a-participar-en-taller-de-formacion-exportadora\/\"},\"author\":{\"name\":\"Valparaiso Creativo\",\"@id\":\"https:\/\/dev.antudigital.cl\/sites\/vc\/#\/schema\/person\/81d1dcd51abd542b5dfc00f5f951a0f1\"},\"headline\":\"ProChile invita a participar en Taller de Formaci\u00f3n Exportadora\",\"datePublished\":\"2019-08-19T13:32:54+00:00\",\"mainEntityOfPage\":{\"@id\":\"https:\/\/dev.antudigital.cl\/sites\/vc\/prochile-invita-a-participar-en-taller-de-formacion-exportadora\/\"},\"wordCount\":105,\"image\":{\"@id\":\"https:\/\/dev.antudigital.cl\/sites\/vc\/prochile-invita-a-participar-en-taller-de-formacion-exportadora\/#primaryimage\"},\"thumbnailUrl\":\"https:\/\/dev.antudigital.cl\/sites\/vc\/wp-content\/uploads\/2019\/08\/image002.jpg\",\"articleSection\":[\"Noticia\"],\"inLanguage\":\"es\"},{\"@type\":\"WebPage\",\"@id\":\"https:\/\/dev.antudigital.cl\/sites\/vc\/prochile-invita-a-participar-en-taller-de-formacion-exportadora\/\",\"url\":\"https:\/\/dev.antudigital.cl\/sites\/vc\/prochile-invita-a-participar-en-taller-de-formacion-exportadora\/\",\"name\":\"ProChile invita a participar en Taller de Formaci\u00f3n Exportadora - Valpara\u00ed\u00adso Creativo\",\"isPartOf\":{\"@id\":\"https:\/\/dev.antudigital.cl\/sites\/vc\/#website\"},\"primaryImageOfPage\":{\"@id\":\"https:\/\/dev.antudigital.cl\/sites\/vc\/prochile-invita-a-participar-en-taller-de-formacion-exportadora\/#primaryimage\"},\"image\":{\"@id\":\"https:\/\/dev.antudigital.cl\/sites\/vc\/prochile-invita-a-participar-en-taller-de-formacion-exportadora\/#primaryimage\"},\"thumbnailUrl\":\"https:\/\/dev.antudigital.cl\/sites\/vc\/wp-content\/uploads\/2019\/08\/image002.jpg\",\"datePublished\":\"2019-08-19T13:32:54+00:00\",\"author\":{\"@id\":\"https:\/\/dev.antudigital.cl\/sites\/vc\/#\/schema\/person\/81d1dcd51abd542b5dfc00f5f951a0f1\"},\"breadcrumb\":{\"@id\":\"https:\/\/dev.antudigital.cl\/sites\/vc\/prochile-invita-a-participar-en-taller-de-formacion-exportadora\/#breadcrumb\"},\"inLanguage\":\"es\",\"potentialAction\":[{\"@type\":\"ReadAction\",\"target\":[\"https:\/\/dev.antudigital.cl\/sites\/vc\/prochile-invita-a-participar-en-taller-de-formacion-exportadora\/\"]}]},{\"@type\":\"ImageObject\",\"inLanguage\":\"es\",\"@id\":\"https:\/\/dev.antudigital.cl\/sites\/vc\/prochile-invita-a-participar-en-taller-de-formacion-exportadora\/#primaryimage\",\"url\":\"https:\/\/dev.antudigital.cl\/sites\/vc\/wp-content\/uploads\/2019\/08\/image002.jpg\",\"contentUrl\":\"https:\/\/dev.antudigital.cl\/sites\/vc\/wp-content\/uploads\/2019\/08\/image002.jpg\",\"width\":750,\"height\":157},{\"@type\":\"BreadcrumbList\",\"@id\":\"https:\/\/dev.antudigital.cl\/sites\/vc\/prochile-invita-a-participar-en-taller-de-formacion-exportadora\/#breadcrumb\",\"itemListElement\":[{\"@type\":\"ListItem\",\"position\":1,\"name\":\"Home\",\"item\":\"https:\/\/dev.antudigital.cl\/sites\/vc\/\"},{\"@type\":\"ListItem\",\"position\":2,\"name\":\"ProChile invita a participar en Taller de Formaci\u00f3n Exportadora\"}]},{\"@type\":\"WebSite\",\"@id\":\"https:\/\/dev.antudigital.cl\/sites\/vc\/#website\",\"url\":\"https:\/\/dev.antudigital.cl\/sites\/vc\/\",\"name\":\"Valpara\u00ed\u00adso Creativo\",\"description\":\"\",\"potentialAction\":[{\"@type\":\"SearchAction\",\"target\":{\"@type\":\"EntryPoint\",\"urlTemplate\":\"https:\/\/dev.antudigital.cl\/sites\/vc\/?s={search_term_string}\"},\"query-input\":{\"@type\":\"PropertyValueSpecification\",\"valueRequired\":true,\"valueName\":\"search_term_string\"}}],\"inLanguage\":\"es\"},{\"@type\":\"Person\",\"@id\":\"https:\/\/dev.antudigital.cl\/sites\/vc\/#\/schema\/person\/81d1dcd51abd542b5dfc00f5f951a0f1\",\"name\":\"Valparaiso Creativo\",\"url\":\"https:\/\/dev.antudigital.cl\/sites\/vc\/author\/valparaiso-creativo\/\"}]}<\/script>\n<!-- \/ Yoast SEO plugin. -->","yoast_head_json":{"title":"ProChile invita a participar en Taller de Formaci\u00f3n Exportadora - Valpara\u00ed\u00adso Creativo","robots":{"index":"index","follow":"follow","max-snippet":"max-snippet:-1","max-image-preview":"max-image-preview:large","max-video-preview":"max-video-preview:-1"},"canonical":"https:\/\/dev.antudigital.cl\/sites\/vc\/prochile-invita-a-participar-en-taller-de-formacion-exportadora\/","og_locale":"es_ES","og_type":"article","og_title":"ProChile invita a participar en Taller de Formaci\u00f3n Exportadora - Valpara\u00ed\u00adso Creativo","og_description":"El pr\u00f3ximo 29 de agosto desde las 8.30 am hasta las 1 pm se realizar\u00e1 en el Hotel Marina del Rey un Taller de Formaci\u00f3n Exportadora con un foco en el mercado mexicano. Para participar deben inscribirse con antelaci\u00f3n ya que se disponen de 30 cupos y se respetar\u00e1 el orden de inscripci\u00f3n El objetivo [&hellip;]","og_url":"https:\/\/dev.antudigital.cl\/sites\/vc\/prochile-invita-a-participar-en-taller-de-formacion-exportadora\/","og_site_name":"Valpara\u00ed\u00adso Creativo","article_published_time":"2019-08-19T13:32:54+00:00","og_image":[{"width":750,"height":157,"url":"https:\/\/dev.antudigital.cl\/sites\/vc\/wp-content\/uploads\/2019\/08\/image002.jpg","type":"image\/jpeg"}],"author":"Valparaiso Creativo","twitter_card":"summary_large_image","twitter_misc":{"Escrito por":"Valparaiso Creativo"},"schema":{"@context":"https:\/\/schema.org","@graph":[{"@type":"Article","@id":"https:\/\/dev.antudigital.cl\/sites\/vc\/prochile-invita-a-participar-en-taller-de-formacion-exportadora\/#article","isPartOf":{"@id":"https:\/\/dev.antudigital.cl\/sites\/vc\/prochile-invita-a-participar-en-taller-de-formacion-exportadora\/"},"author":{"name":"Valparaiso Creativo","@id":"https:\/\/dev.antudigital.cl\/sites\/vc\/#\/schema\/person\/81d1dcd51abd542b5dfc00f5f951a0f1"},"headline":"ProChile invita a participar en Taller de Formaci\u00f3n Exportadora","datePublished":"2019-08-19T13:32:54+00:00","mainEntityOfPage":{"@id":"https:\/\/dev.antudigital.cl\/sites\/vc\/prochile-invita-a-participar-en-taller-de-formacion-exportadora\/"},"wordCount":105,"image":{"@id":"https:\/\/dev.antudigital.cl\/sites\/vc\/prochile-invita-a-participar-en-taller-de-formacion-exportadora\/#primaryimage"},"thumbnailUrl":"https:\/\/dev.antudigital.cl\/sites\/vc\/wp-content\/uploads\/2019\/08\/image002.jpg","articleSection":["Noticia"],"inLanguage":"es"},{"@type":"WebPage","@id":"https:\/\/dev.antudigital.cl\/sites\/vc\/prochile-invita-a-participar-en-taller-de-formacion-exportadora\/","url":"https:\/\/dev.antudigital.cl\/sites\/vc\/prochile-invita-a-participar-en-taller-de-formacion-exportadora\/","name":"ProChile invita a participar en Taller de Formaci\u00f3n Exportadora - Valpara\u00ed\u00adso Creativo","isPartOf":{"@id":"https:\/\/dev.antudigital.cl\/sites\/vc\/#website"},"primaryImageOfPage":{"@id":"https:\/\/dev.antudigital.cl\/sites\/vc\/prochile-invita-a-participar-en-taller-de-formacion-exportadora\/#primaryimage"},"image":{"@id":"https:\/\/dev.antudigital.cl\/sites\/vc\/prochile-invita-a-participar-en-taller-de-formacion-exportadora\/#primaryimage"},"thumbnailUrl":"https:\/\/dev.antudigital.cl\/sites\/vc\/wp-content\/uploads\/2019\/08\/image002.jpg","datePublished":"2019-08-19T13:32:54+00:00","author":{"@id":"https:\/\/dev.antudigital.cl\/sites\/vc\/#\/schema\/person\/81d1dcd51abd542b5dfc00f5f951a0f1"},"breadcrumb":{"@id":"https:\/\/dev.antudigital.cl\/sites\/vc\/prochile-invita-a-participar-en-taller-de-formacion-exportadora\/#breadcrumb"},"inLanguage":"es","potentialAction":[{"@type":"ReadAction","target":["https:\/\/dev.antudigital.cl\/sites\/vc\/prochile-invita-a-participar-en-taller-de-formacion-exportadora\/"]}]},{"@type":"ImageObject","inLanguage":"es","@id":"https:\/\/dev.antudigital.cl\/sites\/vc\/prochile-invita-a-participar-en-taller-de-formacion-exportadora\/#primaryimage","url":"https:\/\/dev.antudigital.cl\/sites\/vc\/wp-content\/uploads\/2019\/08\/image002.jpg","contentUrl":"https:\/\/dev.antudigital.cl\/sites\/vc\/wp-content\/uploads\/2019\/08\/image002.jpg","width":750,"height":157},{"@type":"BreadcrumbList","@id":"https:\/\/dev.antudigital.cl\/sites\/vc\/prochile-invita-a-participar-en-taller-de-formacion-exportadora\/#breadcrumb","itemListElement":[{"@type":"ListItem","position":1,"name":"Home","item":"https:\/\/dev.antudigital.cl\/sites\/vc\/"},{"@type":"ListItem","position":2,"name":"ProChile invita a participar en Taller de Formaci\u00f3n Exportadora"}]},{"@type":"WebSite","@id":"https:\/\/dev.antudigital.cl\/sites\/vc\/#website","url":"https:\/\/dev.antudigital.cl\/sites\/vc\/","name":"Valpara\u00ed\u00adso Creativo","description":"","potentialAction":[{"@type":"SearchAction","target":{"@type":"EntryPoint","urlTemplate":"https:\/\/dev.antudigital.cl\/sites\/vc\/?s={search_term_string}"},"query-input":{"@type":"PropertyValueSpecification","valueRequired":true,"valueName":"search_term_string"}}],"inLanguage":"es"},{"@type":"Person","@id":"https:\/\/dev.antudigital.cl\/sites\/vc\/#\/schema\/person\/81d1dcd51abd542b5dfc00f5f951a0f1","name":"Valparaiso Creativo","url":"https:\/\/dev.antudigital.cl\/sites\/vc\/author\/valparaiso-creativo\/"}]}},"_links":{"self":[{"href":"https:\/\/dev.antudigital.cl\/sites\/vc\/wp-json\/wp\/v2\/posts\/8975","targetHints":{"allow":["GET"]}}],"collection":[{"href":"https:\/\/dev.antudigital.cl\/sites\/vc\/wp-json\/wp\/v2\/posts"}],"about":[{"href":"https:\/\/dev.antudigital.cl\/sites\/vc\/wp-json\/wp\/v2\/types\/post"}],"author":[{"embeddable":true,"href":"https:\/\/dev.antudigital.cl\/sites\/vc\/wp-json\/wp\/v2\/users\/3"}],"replies":[{"embeddable":true,"href":"https:\/\/dev.antudigital.cl\/sites\/vc\/wp-json\/wp\/v2\/comments?post=8975"}],"version-history":[{"count":0,"href":"https:\/\/dev.antudigital.cl\/sites\/vc\/wp-json\/wp\/v2\/posts\/8975\/revisions"}],"wp:featuredmedia":[{"embeddable":true,"href":"https:\/\/dev.antudigital.cl\/sites\/vc\/wp-json\/wp\/v2\/media\/8976"}],"wp:attachment":[{"href":"https:\/\/dev.antudigital.cl\/sites\/vc\/wp-json\/wp\/v2\/media?parent=8975"}],"wp:term":[{"taxonomy":"category","embeddable":true,"href":"https:\/\/dev.antudigital.cl\/sites\/vc\/wp-json\/wp\/v2\/categories?post=8975"},{"taxonomy":"post_tag","embeddable":true,"href":"https:\/\/dev.antudigital.cl\/sites\/vc\/wp-json\/wp\/v2\/tags?post=8975"}],"curies":[{"name":"wp","href":"https:\/\/api.w.org\/{rel}","templated":true}]}}