{"id":8986,"date":"2019-07-08T01:46:00","date_gmt":"2019-07-08T01:46:00","guid":{"rendered":"http:\/\/www.valparaisocreativo.cl\/?p=3601"},"modified":"2019-07-08T01:46:00","modified_gmt":"2019-07-08T01:46:00","slug":"scd-presentara-libro-sobre-la-industria-musical-chilena-en-los-ultimos-30-anos","status":"publish","type":"post","link":"https:\/\/dev.antudigital.cl\/sites\/vc\/scd-presentara-libro-sobre-la-industria-musical-chilena-en-los-ultimos-30-anos\/","title":{"rendered":"SCD presentar\u00e1 libro sobre la industria musical chilena en los \u00faltimos 30 a\u00f1os"},"content":{"rendered":"<p><strong>El texto recoge el desarrollo y crecimiento de la m\u00fasica nacional, examinando distintos hitos que han marcado su historia durante las \u00faltimas d\u00e9cadas.<\/strong><\/p>\n<p>Este jueves 4 de julio, la Sociedad Chilena de Autores e Int\u00e9rpretes Musicales (SCD) lanzar\u00e1 de manera oficial \u201c30 a\u00f1os de la industria musical chilena\u201d, un libro que entre sus p\u00e1ginas explica el recorrido que ha hecho la m\u00fasica nacional entre los a\u00f1os 1988 y 2018. Un periodo temporal que no es casual y que se condice con la celebraci\u00f3n de tres d\u00e9cadas de vida que celebr\u00f3 la colectividad.<\/p>\n<p>La publicaci\u00f3n \u2013editada por la SCD en conjunto con Hueders- es una serie de reflexiones y testimonios que se presenta en 10 diferentes ensayos que analizan en profundidad los cambios que ha afrontado la industria nacional y que la han llevado a transformarse en una parte fundamental de las industrias creativas y de nuestra cultura. As\u00ed, este registro literario se detiene a observar c\u00f3mo la m\u00fasica se ha relacionado con aspectos pol\u00edticos, culturales, sociales y tecnol\u00f3gicos.<\/p>\n<p>El libro adem\u00e1s plantea la necesidad de instalar la idea de que la m\u00fasica, y todos los actores que participan en su creaci\u00f3n y producci\u00f3n, es una industria en crecimiento que aporta de manera significativa al desarrollo de nuestro patrimonio cultural.<\/p>\n<p>Sim\u00f3n Palominos, Marisol Garc\u00eda, David Ponce, Denisse Malebr\u00e1n, Mauricio J\u00fcrgensen, Alfredo Saint-Jean, Marcelo Aldunate, Manuel Vilches, Federico Schumacher, Arturo Arriagada, Francisco Ib\u00e1\u00f1ez y Nicol\u00e1s Avil\u00e9s son quienes firman como autores de esta publicaci\u00f3n; todos especialistas en el tema y vinculados a la m\u00fasica, el periodismo, la academia y la producci\u00f3n.<\/p>\n<p>La presentaci\u00f3n de \u201c30 a\u00f1os de la industria musical chilena\u201d se realizar\u00e1 en un conversatorio en Bar Liguria integrado por los periodistas Marisol Garc\u00eda, Mauricio J\u00fcrgensen y Sergio Cancino y que ser\u00e1 moderado por Claudio Vergara. Junto a ello, tambi\u00e9n habr\u00e1 una especial presentaci\u00f3n en vivo del cantautor Fernando Milagros.<\/p>\n","protected":false},"excerpt":{"rendered":"<p>El texto recoge el desarrollo y crecimiento de la m\u00fasica nacional, examinando distintos hitos que han marcado su historia durante las \u00faltimas d\u00e9cadas. Este jueves 4 de julio, la Sociedad Chilena de Autores e Int\u00e9rpretes Musicales (SCD) lanzar\u00e1 de manera oficial \u201c30 a\u00f1os de la industria musical chilena\u201d, un libro que entre sus p\u00e1ginas explica [&hellip;]<\/p>\n","protected":false},"author":3,"featured_media":8987,"comment_status":"closed","ping_status":"closed","sticky":false,"template":"","format":"standard","meta":{"_acf_changed":false,"footnotes":""},"categories":[8],"tags":[],"class_list":["post-8986","post","type-post","status-publish","format-standard","has-post-thumbnail","hentry","category-noticia"],"acf":[],"yoast_head":"<!-- This site is optimized with the Yoast SEO plugin v27.1.1 - https:\/\/yoast.com\/product\/yoast-seo-wordpress\/ -->\n<title>SCD presentar\u00e1 libro sobre la industria musical chilena en los \u00faltimos 30 a\u00f1os - Valpara\u00ed\u00adso Creativo<\/title>\n<meta name=\"robots\" content=\"index, follow, max-snippet:-1, max-image-preview:large, max-video-preview:-1\" \/>\n<link rel=\"canonical\" href=\"https:\/\/dev.antudigital.cl\/sites\/vc\/scd-presentara-libro-sobre-la-industria-musical-chilena-en-los-ultimos-30-anos\/\" \/>\n<meta property=\"og:locale\" content=\"es_ES\" \/>\n<meta property=\"og:type\" content=\"article\" \/>\n<meta property=\"og:title\" content=\"SCD presentar\u00e1 libro sobre la industria musical chilena en los \u00faltimos 30 a\u00f1os - Valpara\u00ed\u00adso Creativo\" \/>\n<meta property=\"og:description\" content=\"El texto recoge el desarrollo y crecimiento de la m\u00fasica nacional, examinando distintos hitos que han marcado su historia durante las \u00faltimas d\u00e9cadas. Este jueves 4 de julio, la Sociedad Chilena de Autores e Int\u00e9rpretes Musicales (SCD) lanzar\u00e1 de manera oficial \u201c30 a\u00f1os de la industria musical chilena\u201d, un libro que entre sus p\u00e1ginas explica [&hellip;]\" \/>\n<meta property=\"og:url\" content=\"https:\/\/dev.antudigital.cl\/sites\/vc\/scd-presentara-libro-sobre-la-industria-musical-chilena-en-los-ultimos-30-anos\/\" \/>\n<meta property=\"og:site_name\" content=\"Valpara\u00ed\u00adso Creativo\" \/>\n<meta property=\"article:published_time\" content=\"2019-07-08T01:46:00+00:00\" \/>\n<meta property=\"og:image\" content=\"https:\/\/dev.antudigital.cl\/sites\/vc\/wp-content\/uploads\/2019\/07\/SCD_libro.jpg\" \/>\n\t<meta property=\"og:image:width\" content=\"400\" \/>\n\t<meta property=\"og:image:height\" content=\"325\" \/>\n\t<meta property=\"og:image:type\" content=\"image\/jpeg\" \/>\n<meta name=\"author\" content=\"Valparaiso Creativo\" \/>\n<meta name=\"twitter:card\" content=\"summary_large_image\" \/>\n<meta name=\"twitter:label1\" content=\"Escrito por\" \/>\n\t<meta name=\"twitter:data1\" content=\"Valparaiso Creativo\" \/>\n\t<meta name=\"twitter:label2\" content=\"Tiempo de lectura\" \/>\n\t<meta name=\"twitter:data2\" content=\"2 minutos\" \/>\n<script type=\"application\/ld+json\" class=\"yoast-schema-graph\">{\"@context\":\"https:\/\/schema.org\",\"@graph\":[{\"@type\":\"Article\",\"@id\":\"https:\/\/dev.antudigital.cl\/sites\/vc\/scd-presentara-libro-sobre-la-industria-musical-chilena-en-los-ultimos-30-anos\/#article\",\"isPartOf\":{\"@id\":\"https:\/\/dev.antudigital.cl\/sites\/vc\/scd-presentara-libro-sobre-la-industria-musical-chilena-en-los-ultimos-30-anos\/\"},\"author\":{\"name\":\"Valparaiso Creativo\",\"@id\":\"https:\/\/dev.antudigital.cl\/sites\/vc\/#\/schema\/person\/81d1dcd51abd542b5dfc00f5f951a0f1\"},\"headline\":\"SCD presentar\u00e1 libro sobre la industria musical chilena en los \u00faltimos 30 a\u00f1os\",\"datePublished\":\"2019-07-08T01:46:00+00:00\",\"mainEntityOfPage\":{\"@id\":\"https:\/\/dev.antudigital.cl\/sites\/vc\/scd-presentara-libro-sobre-la-industria-musical-chilena-en-los-ultimos-30-anos\/\"},\"wordCount\":350,\"image\":{\"@id\":\"https:\/\/dev.antudigital.cl\/sites\/vc\/scd-presentara-libro-sobre-la-industria-musical-chilena-en-los-ultimos-30-anos\/#primaryimage\"},\"thumbnailUrl\":\"https:\/\/dev.antudigital.cl\/sites\/vc\/wp-content\/uploads\/2019\/07\/SCD_libro.jpg\",\"articleSection\":[\"Noticia\"],\"inLanguage\":\"es\"},{\"@type\":\"WebPage\",\"@id\":\"https:\/\/dev.antudigital.cl\/sites\/vc\/scd-presentara-libro-sobre-la-industria-musical-chilena-en-los-ultimos-30-anos\/\",\"url\":\"https:\/\/dev.antudigital.cl\/sites\/vc\/scd-presentara-libro-sobre-la-industria-musical-chilena-en-los-ultimos-30-anos\/\",\"name\":\"SCD presentar\u00e1 libro sobre la industria musical chilena en los \u00faltimos 30 a\u00f1os - Valpara\u00ed\u00adso Creativo\",\"isPartOf\":{\"@id\":\"https:\/\/dev.antudigital.cl\/sites\/vc\/#website\"},\"primaryImageOfPage\":{\"@id\":\"https:\/\/dev.antudigital.cl\/sites\/vc\/scd-presentara-libro-sobre-la-industria-musical-chilena-en-los-ultimos-30-anos\/#primaryimage\"},\"image\":{\"@id\":\"https:\/\/dev.antudigital.cl\/sites\/vc\/scd-presentara-libro-sobre-la-industria-musical-chilena-en-los-ultimos-30-anos\/#primaryimage\"},\"thumbnailUrl\":\"https:\/\/dev.antudigital.cl\/sites\/vc\/wp-content\/uploads\/2019\/07\/SCD_libro.jpg\",\"datePublished\":\"2019-07-08T01:46:00+00:00\",\"author\":{\"@id\":\"https:\/\/dev.antudigital.cl\/sites\/vc\/#\/schema\/person\/81d1dcd51abd542b5dfc00f5f951a0f1\"},\"breadcrumb\":{\"@id\":\"https:\/\/dev.antudigital.cl\/sites\/vc\/scd-presentara-libro-sobre-la-industria-musical-chilena-en-los-ultimos-30-anos\/#breadcrumb\"},\"inLanguage\":\"es\",\"potentialAction\":[{\"@type\":\"ReadAction\",\"target\":[\"https:\/\/dev.antudigital.cl\/sites\/vc\/scd-presentara-libro-sobre-la-industria-musical-chilena-en-los-ultimos-30-anos\/\"]}]},{\"@type\":\"ImageObject\",\"inLanguage\":\"es\",\"@id\":\"https:\/\/dev.antudigital.cl\/sites\/vc\/scd-presentara-libro-sobre-la-industria-musical-chilena-en-los-ultimos-30-anos\/#primaryimage\",\"url\":\"https:\/\/dev.antudigital.cl\/sites\/vc\/wp-content\/uploads\/2019\/07\/SCD_libro.jpg\",\"contentUrl\":\"https:\/\/dev.antudigital.cl\/sites\/vc\/wp-content\/uploads\/2019\/07\/SCD_libro.jpg\",\"width\":400,\"height\":325},{\"@type\":\"BreadcrumbList\",\"@id\":\"https:\/\/dev.antudigital.cl\/sites\/vc\/scd-presentara-libro-sobre-la-industria-musical-chilena-en-los-ultimos-30-anos\/#breadcrumb\",\"itemListElement\":[{\"@type\":\"ListItem\",\"position\":1,\"name\":\"Home\",\"item\":\"https:\/\/dev.antudigital.cl\/sites\/vc\/\"},{\"@type\":\"ListItem\",\"position\":2,\"name\":\"SCD presentar\u00e1 libro sobre la industria musical chilena en los \u00faltimos 30 a\u00f1os\"}]},{\"@type\":\"WebSite\",\"@id\":\"https:\/\/dev.antudigital.cl\/sites\/vc\/#website\",\"url\":\"https:\/\/dev.antudigital.cl\/sites\/vc\/\",\"name\":\"Valpara\u00ed\u00adso Creativo\",\"description\":\"\",\"potentialAction\":[{\"@type\":\"SearchAction\",\"target\":{\"@type\":\"EntryPoint\",\"urlTemplate\":\"https:\/\/dev.antudigital.cl\/sites\/vc\/?s={search_term_string}\"},\"query-input\":{\"@type\":\"PropertyValueSpecification\",\"valueRequired\":true,\"valueName\":\"search_term_string\"}}],\"inLanguage\":\"es\"},{\"@type\":\"Person\",\"@id\":\"https:\/\/dev.antudigital.cl\/sites\/vc\/#\/schema\/person\/81d1dcd51abd542b5dfc00f5f951a0f1\",\"name\":\"Valparaiso Creativo\",\"url\":\"https:\/\/dev.antudigital.cl\/sites\/vc\/author\/valparaiso-creativo\/\"}]}<\/script>\n<!-- \/ Yoast SEO plugin. -->","yoast_head_json":{"title":"SCD presentar\u00e1 libro sobre la industria musical chilena en los \u00faltimos 30 a\u00f1os - Valpara\u00ed\u00adso Creativo","robots":{"index":"index","follow":"follow","max-snippet":"max-snippet:-1","max-image-preview":"max-image-preview:large","max-video-preview":"max-video-preview:-1"},"canonical":"https:\/\/dev.antudigital.cl\/sites\/vc\/scd-presentara-libro-sobre-la-industria-musical-chilena-en-los-ultimos-30-anos\/","og_locale":"es_ES","og_type":"article","og_title":"SCD presentar\u00e1 libro sobre la industria musical chilena en los \u00faltimos 30 a\u00f1os - Valpara\u00ed\u00adso Creativo","og_description":"El texto recoge el desarrollo y crecimiento de la m\u00fasica nacional, examinando distintos hitos que han marcado su historia durante las \u00faltimas d\u00e9cadas. Este jueves 4 de julio, la Sociedad Chilena de Autores e Int\u00e9rpretes Musicales (SCD) lanzar\u00e1 de manera oficial \u201c30 a\u00f1os de la industria musical chilena\u201d, un libro que entre sus p\u00e1ginas explica [&hellip;]","og_url":"https:\/\/dev.antudigital.cl\/sites\/vc\/scd-presentara-libro-sobre-la-industria-musical-chilena-en-los-ultimos-30-anos\/","og_site_name":"Valpara\u00ed\u00adso Creativo","article_published_time":"2019-07-08T01:46:00+00:00","og_image":[{"width":400,"height":325,"url":"https:\/\/dev.antudigital.cl\/sites\/vc\/wp-content\/uploads\/2019\/07\/SCD_libro.jpg","type":"image\/jpeg"}],"author":"Valparaiso Creativo","twitter_card":"summary_large_image","twitter_misc":{"Escrito por":"Valparaiso Creativo","Tiempo de lectura":"2 minutos"},"schema":{"@context":"https:\/\/schema.org","@graph":[{"@type":"Article","@id":"https:\/\/dev.antudigital.cl\/sites\/vc\/scd-presentara-libro-sobre-la-industria-musical-chilena-en-los-ultimos-30-anos\/#article","isPartOf":{"@id":"https:\/\/dev.antudigital.cl\/sites\/vc\/scd-presentara-libro-sobre-la-industria-musical-chilena-en-los-ultimos-30-anos\/"},"author":{"name":"Valparaiso Creativo","@id":"https:\/\/dev.antudigital.cl\/sites\/vc\/#\/schema\/person\/81d1dcd51abd542b5dfc00f5f951a0f1"},"headline":"SCD presentar\u00e1 libro sobre la industria musical chilena en los \u00faltimos 30 a\u00f1os","datePublished":"2019-07-08T01:46:00+00:00","mainEntityOfPage":{"@id":"https:\/\/dev.antudigital.cl\/sites\/vc\/scd-presentara-libro-sobre-la-industria-musical-chilena-en-los-ultimos-30-anos\/"},"wordCount":350,"image":{"@id":"https:\/\/dev.antudigital.cl\/sites\/vc\/scd-presentara-libro-sobre-la-industria-musical-chilena-en-los-ultimos-30-anos\/#primaryimage"},"thumbnailUrl":"https:\/\/dev.antudigital.cl\/sites\/vc\/wp-content\/uploads\/2019\/07\/SCD_libro.jpg","articleSection":["Noticia"],"inLanguage":"es"},{"@type":"WebPage","@id":"https:\/\/dev.antudigital.cl\/sites\/vc\/scd-presentara-libro-sobre-la-industria-musical-chilena-en-los-ultimos-30-anos\/","url":"https:\/\/dev.antudigital.cl\/sites\/vc\/scd-presentara-libro-sobre-la-industria-musical-chilena-en-los-ultimos-30-anos\/","name":"SCD presentar\u00e1 libro sobre la industria musical chilena en los \u00faltimos 30 a\u00f1os - Valpara\u00ed\u00adso Creativo","isPartOf":{"@id":"https:\/\/dev.antudigital.cl\/sites\/vc\/#website"},"primaryImageOfPage":{"@id":"https:\/\/dev.antudigital.cl\/sites\/vc\/scd-presentara-libro-sobre-la-industria-musical-chilena-en-los-ultimos-30-anos\/#primaryimage"},"image":{"@id":"https:\/\/dev.antudigital.cl\/sites\/vc\/scd-presentara-libro-sobre-la-industria-musical-chilena-en-los-ultimos-30-anos\/#primaryimage"},"thumbnailUrl":"https:\/\/dev.antudigital.cl\/sites\/vc\/wp-content\/uploads\/2019\/07\/SCD_libro.jpg","datePublished":"2019-07-08T01:46:00+00:00","author":{"@id":"https:\/\/dev.antudigital.cl\/sites\/vc\/#\/schema\/person\/81d1dcd51abd542b5dfc00f5f951a0f1"},"breadcrumb":{"@id":"https:\/\/dev.antudigital.cl\/sites\/vc\/scd-presentara-libro-sobre-la-industria-musical-chilena-en-los-ultimos-30-anos\/#breadcrumb"},"inLanguage":"es","potentialAction":[{"@type":"ReadAction","target":["https:\/\/dev.antudigital.cl\/sites\/vc\/scd-presentara-libro-sobre-la-industria-musical-chilena-en-los-ultimos-30-anos\/"]}]},{"@type":"ImageObject","inLanguage":"es","@id":"https:\/\/dev.antudigital.cl\/sites\/vc\/scd-presentara-libro-sobre-la-industria-musical-chilena-en-los-ultimos-30-anos\/#primaryimage","url":"https:\/\/dev.antudigital.cl\/sites\/vc\/wp-content\/uploads\/2019\/07\/SCD_libro.jpg","contentUrl":"https:\/\/dev.antudigital.cl\/sites\/vc\/wp-content\/uploads\/2019\/07\/SCD_libro.jpg","width":400,"height":325},{"@type":"BreadcrumbList","@id":"https:\/\/dev.antudigital.cl\/sites\/vc\/scd-presentara-libro-sobre-la-industria-musical-chilena-en-los-ultimos-30-anos\/#breadcrumb","itemListElement":[{"@type":"ListItem","position":1,"name":"Home","item":"https:\/\/dev.antudigital.cl\/sites\/vc\/"},{"@type":"ListItem","position":2,"name":"SCD presentar\u00e1 libro sobre la industria musical chilena en los \u00faltimos 30 a\u00f1os"}]},{"@type":"WebSite","@id":"https:\/\/dev.antudigital.cl\/sites\/vc\/#website","url":"https:\/\/dev.antudigital.cl\/sites\/vc\/","name":"Valpara\u00ed\u00adso Creativo","description":"","potentialAction":[{"@type":"SearchAction","target":{"@type":"EntryPoint","urlTemplate":"https:\/\/dev.antudigital.cl\/sites\/vc\/?s={search_term_string}"},"query-input":{"@type":"PropertyValueSpecification","valueRequired":true,"valueName":"search_term_string"}}],"inLanguage":"es"},{"@type":"Person","@id":"https:\/\/dev.antudigital.cl\/sites\/vc\/#\/schema\/person\/81d1dcd51abd542b5dfc00f5f951a0f1","name":"Valparaiso Creativo","url":"https:\/\/dev.antudigital.cl\/sites\/vc\/author\/valparaiso-creativo\/"}]}},"_links":{"self":[{"href":"https:\/\/dev.antudigital.cl\/sites\/vc\/wp-json\/wp\/v2\/posts\/8986","targetHints":{"allow":["GET"]}}],"collection":[{"href":"https:\/\/dev.antudigital.cl\/sites\/vc\/wp-json\/wp\/v2\/posts"}],"about":[{"href":"https:\/\/dev.antudigital.cl\/sites\/vc\/wp-json\/wp\/v2\/types\/post"}],"author":[{"embeddable":true,"href":"https:\/\/dev.antudigital.cl\/sites\/vc\/wp-json\/wp\/v2\/users\/3"}],"replies":[{"embeddable":true,"href":"https:\/\/dev.antudigital.cl\/sites\/vc\/wp-json\/wp\/v2\/comments?post=8986"}],"version-history":[{"count":0,"href":"https:\/\/dev.antudigital.cl\/sites\/vc\/wp-json\/wp\/v2\/posts\/8986\/revisions"}],"wp:featuredmedia":[{"embeddable":true,"href":"https:\/\/dev.antudigital.cl\/sites\/vc\/wp-json\/wp\/v2\/media\/8987"}],"wp:attachment":[{"href":"https:\/\/dev.antudigital.cl\/sites\/vc\/wp-json\/wp\/v2\/media?parent=8986"}],"wp:term":[{"taxonomy":"category","embeddable":true,"href":"https:\/\/dev.antudigital.cl\/sites\/vc\/wp-json\/wp\/v2\/categories?post=8986"},{"taxonomy":"post_tag","embeddable":true,"href":"https:\/\/dev.antudigital.cl\/sites\/vc\/wp-json\/wp\/v2\/tags?post=8986"}],"curies":[{"name":"wp","href":"https:\/\/api.w.org\/{rel}","templated":true}]}}