{"id":8988,"date":"2019-07-04T16:17:08","date_gmt":"2019-07-04T16:17:08","guid":{"rendered":"http:\/\/www.valparaisocreativo.cl\/?p=3581"},"modified":"2019-07-04T16:17:08","modified_gmt":"2019-07-04T16:17:08","slug":"en-valparaiso-se-realizara-forum-internacional-que-une-musicas-ciencias-y-nuevas-tecnologias","status":"publish","type":"post","link":"https:\/\/dev.antudigital.cl\/sites\/vc\/en-valparaiso-se-realizara-forum-internacional-que-une-musicas-ciencias-y-nuevas-tecnologias\/","title":{"rendered":"En Valpara\u00edso se realizar\u00e1 Forum Internacional que une m\u00fasicas, ciencias y nuevas tecnolog\u00edas"},"content":{"rendered":"<ul>\n<li>Entre el 6 y 9 de agosto pr\u00f3ximo se desarrollar\u00e1 en Valpara\u00edso el Forum Internacional de M\u00fasica, Ciencias y Nuevas Tecnolog\u00edas en la Universidad Cat\u00f3lica de Valpara\u00edso, organizado por el Centro de Investigaci\u00f3n Musical Aut\u00f3nomo (CIMA) junto al apoyo de la Facultad de Ingenier\u00eda PUCV.<\/li>\n<\/ul>\n<p>Durante cuatro d\u00edas se reunir\u00e1n en un s\u00f3lo lugar distintos exponentes que est\u00e9n o hayan trabajado en relaci\u00f3n a la m\u00fasica, las nuevas tecnolog\u00edas y la ciencia. El cruce de estas disciplinas hacen de \u00e9ste un espacio \u00fanico para reflexionar e intercambio de experiencias en el \u00e1mbito.<\/p>\n<p>La actividad es con entrada liberada previa inscripci\u00f3n en el siguiente <a href=\"https:\/\/docs.google.com\/forms\/d\/1t290OsUBXg3bJxkjeRcRq1X9ilXEuz8X_jakJELnEus\/viewform?usp=sharing&amp;edit_requested=true\">link.<\/a><\/p>\n<p style=\"text-align: left;\">Esta es una actividad destinada a la difusi\u00f3n del conocimiento cient\u00edfico-art\u00edstico-musical, mediante la generaci\u00f3n de espacios reflexivos y de transferencia de conocimiento para proyectos de investigaci\u00f3n\u00a0<span style=\"font-weight: 400;\">con nuevas tecnolog\u00edas, en un marco internacional de conversaci\u00f3n\u00a0<\/span><span style=\"font-weight: 400;\">abierta sobre la aplicaci\u00f3n del sonido y la m\u00fasica como objeto de estudio y\/o medio\u00a0<\/span><span style=\"font-weight: 400;\">de expresi\u00f3n. El Forum se conforma por acad\u00e9micos y profesionales de diversos\u00a0<\/span><span style=\"font-weight: 400;\">lugares del continente -Argentina, Per\u00fa, EEUU y Chile-, la mayor\u00eda con estudios de\u00a0<\/span><span style=\"font-weight: 400;\">doctorado, que impartir\u00e1n conferencias relacionadas a los campo de la ingenier\u00eda,\u00a0<\/span><span style=\"font-weight: 400;\">inform\u00e1tica, electr\u00f3nica, ciencias cognitivas, matem\u00e1ticas, f\u00edsica, arte sonoro, m\u00fasica\u00a0<\/span><span style=\"font-weight: 400;\">electroac\u00fastica, entre otras \u00e1reas que sean transversales al campo de la m\u00fasica y el\u00a0<\/span><span style=\"font-weight: 400;\">sonido.\u00a0<\/span><\/p>\n<p><span style=\"font-weight: 400;\">De esta manera, el Forum busca promover la generaci\u00f3n de asociatividad entre el\u00a0<\/span><span style=\"font-weight: 400;\">\u00e1rea de la m\u00fasica e ingenier\u00eda, permitiendo fortalecer la coordinaci\u00f3n con\u00a0<\/span><span style=\"font-weight: 400;\">instituciones acad\u00e9micas nacionales e internacionales, mediante una gesti\u00f3n basada\u00a0<\/span><span style=\"font-weight: 400;\">en la ampliaci\u00f3n y generaci\u00f3n de redes, para fomentar el sector de la m\u00fasica en Chile\u00a0<\/span><span style=\"font-weight: 400;\">y el extranjero.<\/span><\/p>\n<p>&nbsp;<\/p>\n<p><img fetchpriority=\"high\" decoding=\"async\" class=\"size-medium wp-image-3596 aligncenter\" src=\"http:\/\/www.valparaisocreativo.cl\/wp-content\/uploads\/2019\/07\/Foroum_Correcion-afiche-Horizontal-2019-300x168.jpg\" alt=\"\" width=\"300\" height=\"168\" \/><\/p>\n<p>&nbsp;<\/p>\n","protected":false},"excerpt":{"rendered":"<p>Entre el 6 y 9 de agosto pr\u00f3ximo se desarrollar\u00e1 en Valpara\u00edso el Forum Internacional de M\u00fasica, Ciencias y Nuevas Tecnolog\u00edas en la Universidad Cat\u00f3lica de Valpara\u00edso, organizado por el Centro de Investigaci\u00f3n Musical Aut\u00f3nomo (CIMA) junto al apoyo de la Facultad de Ingenier\u00eda PUCV. Durante cuatro d\u00edas se reunir\u00e1n en un s\u00f3lo lugar distintos [&hellip;]<\/p>\n","protected":false},"author":3,"featured_media":8989,"comment_status":"closed","ping_status":"closed","sticky":false,"template":"","format":"standard","meta":{"_acf_changed":false,"footnotes":""},"categories":[8],"tags":[],"class_list":["post-8988","post","type-post","status-publish","format-standard","has-post-thumbnail","hentry","category-noticia"],"acf":[],"yoast_head":"<!-- This site is optimized with the Yoast SEO plugin v27.1.1 - https:\/\/yoast.com\/product\/yoast-seo-wordpress\/ -->\n<title>En Valpara\u00edso se realizar\u00e1 Forum Internacional que une m\u00fasicas, ciencias y nuevas tecnolog\u00edas - Valpara\u00ed\u00adso Creativo<\/title>\n<meta name=\"robots\" content=\"index, follow, max-snippet:-1, max-image-preview:large, max-video-preview:-1\" \/>\n<link rel=\"canonical\" href=\"https:\/\/dev.antudigital.cl\/sites\/vc\/en-valparaiso-se-realizara-forum-internacional-que-une-musicas-ciencias-y-nuevas-tecnologias\/\" \/>\n<meta property=\"og:locale\" content=\"es_ES\" \/>\n<meta property=\"og:type\" content=\"article\" \/>\n<meta property=\"og:title\" content=\"En Valpara\u00edso se realizar\u00e1 Forum Internacional que une m\u00fasicas, ciencias y nuevas tecnolog\u00edas - Valpara\u00ed\u00adso Creativo\" \/>\n<meta property=\"og:description\" content=\"Entre el 6 y 9 de agosto pr\u00f3ximo se desarrollar\u00e1 en Valpara\u00edso el Forum Internacional de M\u00fasica, Ciencias y Nuevas Tecnolog\u00edas en la Universidad Cat\u00f3lica de Valpara\u00edso, organizado por el Centro de Investigaci\u00f3n Musical Aut\u00f3nomo (CIMA) junto al apoyo de la Facultad de Ingenier\u00eda PUCV. Durante cuatro d\u00edas se reunir\u00e1n en un s\u00f3lo lugar distintos [&hellip;]\" \/>\n<meta property=\"og:url\" content=\"https:\/\/dev.antudigital.cl\/sites\/vc\/en-valparaiso-se-realizara-forum-internacional-que-une-musicas-ciencias-y-nuevas-tecnologias\/\" \/>\n<meta property=\"og:site_name\" content=\"Valpara\u00ed\u00adso Creativo\" \/>\n<meta property=\"article:published_time\" content=\"2019-07-04T16:17:08+00:00\" \/>\n<meta property=\"og:image\" content=\"https:\/\/dev.antudigital.cl\/sites\/vc\/wp-content\/uploads\/2019\/07\/Foroum_Correcion-afiche-Horizontal-2019-1-e1562271365772.jpg\" \/>\n\t<meta property=\"og:image:width\" content=\"800\" \/>\n\t<meta property=\"og:image:height\" content=\"447\" \/>\n\t<meta property=\"og:image:type\" content=\"image\/jpeg\" \/>\n<meta name=\"author\" content=\"Valparaiso Creativo\" \/>\n<meta name=\"twitter:card\" content=\"summary_large_image\" \/>\n<meta name=\"twitter:label1\" content=\"Escrito por\" \/>\n\t<meta name=\"twitter:data1\" content=\"Valparaiso Creativo\" \/>\n\t<meta name=\"twitter:label2\" content=\"Tiempo de lectura\" \/>\n\t<meta name=\"twitter:data2\" content=\"2 minutos\" \/>\n<script type=\"application\/ld+json\" class=\"yoast-schema-graph\">{\"@context\":\"https:\/\/schema.org\",\"@graph\":[{\"@type\":\"Article\",\"@id\":\"https:\/\/dev.antudigital.cl\/sites\/vc\/en-valparaiso-se-realizara-forum-internacional-que-une-musicas-ciencias-y-nuevas-tecnologias\/#article\",\"isPartOf\":{\"@id\":\"https:\/\/dev.antudigital.cl\/sites\/vc\/en-valparaiso-se-realizara-forum-internacional-que-une-musicas-ciencias-y-nuevas-tecnologias\/\"},\"author\":{\"name\":\"Valparaiso Creativo\",\"@id\":\"https:\/\/dev.antudigital.cl\/sites\/vc\/#\/schema\/person\/81d1dcd51abd542b5dfc00f5f951a0f1\"},\"headline\":\"En Valpara\u00edso se realizar\u00e1 Forum Internacional que une m\u00fasicas, ciencias y nuevas tecnolog\u00edas\",\"datePublished\":\"2019-07-04T16:17:08+00:00\",\"mainEntityOfPage\":{\"@id\":\"https:\/\/dev.antudigital.cl\/sites\/vc\/en-valparaiso-se-realizara-forum-internacional-que-une-musicas-ciencias-y-nuevas-tecnologias\/\"},\"wordCount\":330,\"image\":{\"@id\":\"https:\/\/dev.antudigital.cl\/sites\/vc\/en-valparaiso-se-realizara-forum-internacional-que-une-musicas-ciencias-y-nuevas-tecnologias\/#primaryimage\"},\"thumbnailUrl\":\"https:\/\/dev.antudigital.cl\/sites\/vc\/wp-content\/uploads\/2019\/07\/Foroum_Correcion-afiche-Horizontal-2019-1-e1562271365772.jpg\",\"articleSection\":[\"Noticia\"],\"inLanguage\":\"es\"},{\"@type\":\"WebPage\",\"@id\":\"https:\/\/dev.antudigital.cl\/sites\/vc\/en-valparaiso-se-realizara-forum-internacional-que-une-musicas-ciencias-y-nuevas-tecnologias\/\",\"url\":\"https:\/\/dev.antudigital.cl\/sites\/vc\/en-valparaiso-se-realizara-forum-internacional-que-une-musicas-ciencias-y-nuevas-tecnologias\/\",\"name\":\"En Valpara\u00edso se realizar\u00e1 Forum Internacional que une m\u00fasicas, ciencias y nuevas tecnolog\u00edas - Valpara\u00ed\u00adso Creativo\",\"isPartOf\":{\"@id\":\"https:\/\/dev.antudigital.cl\/sites\/vc\/#website\"},\"primaryImageOfPage\":{\"@id\":\"https:\/\/dev.antudigital.cl\/sites\/vc\/en-valparaiso-se-realizara-forum-internacional-que-une-musicas-ciencias-y-nuevas-tecnologias\/#primaryimage\"},\"image\":{\"@id\":\"https:\/\/dev.antudigital.cl\/sites\/vc\/en-valparaiso-se-realizara-forum-internacional-que-une-musicas-ciencias-y-nuevas-tecnologias\/#primaryimage\"},\"thumbnailUrl\":\"https:\/\/dev.antudigital.cl\/sites\/vc\/wp-content\/uploads\/2019\/07\/Foroum_Correcion-afiche-Horizontal-2019-1-e1562271365772.jpg\",\"datePublished\":\"2019-07-04T16:17:08+00:00\",\"author\":{\"@id\":\"https:\/\/dev.antudigital.cl\/sites\/vc\/#\/schema\/person\/81d1dcd51abd542b5dfc00f5f951a0f1\"},\"breadcrumb\":{\"@id\":\"https:\/\/dev.antudigital.cl\/sites\/vc\/en-valparaiso-se-realizara-forum-internacional-que-une-musicas-ciencias-y-nuevas-tecnologias\/#breadcrumb\"},\"inLanguage\":\"es\",\"potentialAction\":[{\"@type\":\"ReadAction\",\"target\":[\"https:\/\/dev.antudigital.cl\/sites\/vc\/en-valparaiso-se-realizara-forum-internacional-que-une-musicas-ciencias-y-nuevas-tecnologias\/\"]}]},{\"@type\":\"ImageObject\",\"inLanguage\":\"es\",\"@id\":\"https:\/\/dev.antudigital.cl\/sites\/vc\/en-valparaiso-se-realizara-forum-internacional-que-une-musicas-ciencias-y-nuevas-tecnologias\/#primaryimage\",\"url\":\"https:\/\/dev.antudigital.cl\/sites\/vc\/wp-content\/uploads\/2019\/07\/Foroum_Correcion-afiche-Horizontal-2019-1-e1562271365772.jpg\",\"contentUrl\":\"https:\/\/dev.antudigital.cl\/sites\/vc\/wp-content\/uploads\/2019\/07\/Foroum_Correcion-afiche-Horizontal-2019-1-e1562271365772.jpg\",\"width\":800,\"height\":447},{\"@type\":\"BreadcrumbList\",\"@id\":\"https:\/\/dev.antudigital.cl\/sites\/vc\/en-valparaiso-se-realizara-forum-internacional-que-une-musicas-ciencias-y-nuevas-tecnologias\/#breadcrumb\",\"itemListElement\":[{\"@type\":\"ListItem\",\"position\":1,\"name\":\"Home\",\"item\":\"https:\/\/dev.antudigital.cl\/sites\/vc\/\"},{\"@type\":\"ListItem\",\"position\":2,\"name\":\"En Valpara\u00edso se realizar\u00e1 Forum Internacional que une m\u00fasicas, ciencias y nuevas tecnolog\u00edas\"}]},{\"@type\":\"WebSite\",\"@id\":\"https:\/\/dev.antudigital.cl\/sites\/vc\/#website\",\"url\":\"https:\/\/dev.antudigital.cl\/sites\/vc\/\",\"name\":\"Valpara\u00ed\u00adso Creativo\",\"description\":\"\",\"potentialAction\":[{\"@type\":\"SearchAction\",\"target\":{\"@type\":\"EntryPoint\",\"urlTemplate\":\"https:\/\/dev.antudigital.cl\/sites\/vc\/?s={search_term_string}\"},\"query-input\":{\"@type\":\"PropertyValueSpecification\",\"valueRequired\":true,\"valueName\":\"search_term_string\"}}],\"inLanguage\":\"es\"},{\"@type\":\"Person\",\"@id\":\"https:\/\/dev.antudigital.cl\/sites\/vc\/#\/schema\/person\/81d1dcd51abd542b5dfc00f5f951a0f1\",\"name\":\"Valparaiso Creativo\",\"url\":\"https:\/\/dev.antudigital.cl\/sites\/vc\/author\/valparaiso-creativo\/\"}]}<\/script>\n<!-- \/ Yoast SEO plugin. -->","yoast_head_json":{"title":"En Valpara\u00edso se realizar\u00e1 Forum Internacional que une m\u00fasicas, ciencias y nuevas tecnolog\u00edas - Valpara\u00ed\u00adso Creativo","robots":{"index":"index","follow":"follow","max-snippet":"max-snippet:-1","max-image-preview":"max-image-preview:large","max-video-preview":"max-video-preview:-1"},"canonical":"https:\/\/dev.antudigital.cl\/sites\/vc\/en-valparaiso-se-realizara-forum-internacional-que-une-musicas-ciencias-y-nuevas-tecnologias\/","og_locale":"es_ES","og_type":"article","og_title":"En Valpara\u00edso se realizar\u00e1 Forum Internacional que une m\u00fasicas, ciencias y nuevas tecnolog\u00edas - Valpara\u00ed\u00adso Creativo","og_description":"Entre el 6 y 9 de agosto pr\u00f3ximo se desarrollar\u00e1 en Valpara\u00edso el Forum Internacional de M\u00fasica, Ciencias y Nuevas Tecnolog\u00edas en la Universidad Cat\u00f3lica de Valpara\u00edso, organizado por el Centro de Investigaci\u00f3n Musical Aut\u00f3nomo (CIMA) junto al apoyo de la Facultad de Ingenier\u00eda PUCV. Durante cuatro d\u00edas se reunir\u00e1n en un s\u00f3lo lugar distintos [&hellip;]","og_url":"https:\/\/dev.antudigital.cl\/sites\/vc\/en-valparaiso-se-realizara-forum-internacional-que-une-musicas-ciencias-y-nuevas-tecnologias\/","og_site_name":"Valpara\u00ed\u00adso Creativo","article_published_time":"2019-07-04T16:17:08+00:00","og_image":[{"width":800,"height":447,"url":"https:\/\/dev.antudigital.cl\/sites\/vc\/wp-content\/uploads\/2019\/07\/Foroum_Correcion-afiche-Horizontal-2019-1-e1562271365772.jpg","type":"image\/jpeg"}],"author":"Valparaiso Creativo","twitter_card":"summary_large_image","twitter_misc":{"Escrito por":"Valparaiso Creativo","Tiempo de lectura":"2 minutos"},"schema":{"@context":"https:\/\/schema.org","@graph":[{"@type":"Article","@id":"https:\/\/dev.antudigital.cl\/sites\/vc\/en-valparaiso-se-realizara-forum-internacional-que-une-musicas-ciencias-y-nuevas-tecnologias\/#article","isPartOf":{"@id":"https:\/\/dev.antudigital.cl\/sites\/vc\/en-valparaiso-se-realizara-forum-internacional-que-une-musicas-ciencias-y-nuevas-tecnologias\/"},"author":{"name":"Valparaiso Creativo","@id":"https:\/\/dev.antudigital.cl\/sites\/vc\/#\/schema\/person\/81d1dcd51abd542b5dfc00f5f951a0f1"},"headline":"En Valpara\u00edso se realizar\u00e1 Forum Internacional que une m\u00fasicas, ciencias y nuevas tecnolog\u00edas","datePublished":"2019-07-04T16:17:08+00:00","mainEntityOfPage":{"@id":"https:\/\/dev.antudigital.cl\/sites\/vc\/en-valparaiso-se-realizara-forum-internacional-que-une-musicas-ciencias-y-nuevas-tecnologias\/"},"wordCount":330,"image":{"@id":"https:\/\/dev.antudigital.cl\/sites\/vc\/en-valparaiso-se-realizara-forum-internacional-que-une-musicas-ciencias-y-nuevas-tecnologias\/#primaryimage"},"thumbnailUrl":"https:\/\/dev.antudigital.cl\/sites\/vc\/wp-content\/uploads\/2019\/07\/Foroum_Correcion-afiche-Horizontal-2019-1-e1562271365772.jpg","articleSection":["Noticia"],"inLanguage":"es"},{"@type":"WebPage","@id":"https:\/\/dev.antudigital.cl\/sites\/vc\/en-valparaiso-se-realizara-forum-internacional-que-une-musicas-ciencias-y-nuevas-tecnologias\/","url":"https:\/\/dev.antudigital.cl\/sites\/vc\/en-valparaiso-se-realizara-forum-internacional-que-une-musicas-ciencias-y-nuevas-tecnologias\/","name":"En Valpara\u00edso se realizar\u00e1 Forum Internacional que une m\u00fasicas, ciencias y nuevas tecnolog\u00edas - Valpara\u00ed\u00adso Creativo","isPartOf":{"@id":"https:\/\/dev.antudigital.cl\/sites\/vc\/#website"},"primaryImageOfPage":{"@id":"https:\/\/dev.antudigital.cl\/sites\/vc\/en-valparaiso-se-realizara-forum-internacional-que-une-musicas-ciencias-y-nuevas-tecnologias\/#primaryimage"},"image":{"@id":"https:\/\/dev.antudigital.cl\/sites\/vc\/en-valparaiso-se-realizara-forum-internacional-que-une-musicas-ciencias-y-nuevas-tecnologias\/#primaryimage"},"thumbnailUrl":"https:\/\/dev.antudigital.cl\/sites\/vc\/wp-content\/uploads\/2019\/07\/Foroum_Correcion-afiche-Horizontal-2019-1-e1562271365772.jpg","datePublished":"2019-07-04T16:17:08+00:00","author":{"@id":"https:\/\/dev.antudigital.cl\/sites\/vc\/#\/schema\/person\/81d1dcd51abd542b5dfc00f5f951a0f1"},"breadcrumb":{"@id":"https:\/\/dev.antudigital.cl\/sites\/vc\/en-valparaiso-se-realizara-forum-internacional-que-une-musicas-ciencias-y-nuevas-tecnologias\/#breadcrumb"},"inLanguage":"es","potentialAction":[{"@type":"ReadAction","target":["https:\/\/dev.antudigital.cl\/sites\/vc\/en-valparaiso-se-realizara-forum-internacional-que-une-musicas-ciencias-y-nuevas-tecnologias\/"]}]},{"@type":"ImageObject","inLanguage":"es","@id":"https:\/\/dev.antudigital.cl\/sites\/vc\/en-valparaiso-se-realizara-forum-internacional-que-une-musicas-ciencias-y-nuevas-tecnologias\/#primaryimage","url":"https:\/\/dev.antudigital.cl\/sites\/vc\/wp-content\/uploads\/2019\/07\/Foroum_Correcion-afiche-Horizontal-2019-1-e1562271365772.jpg","contentUrl":"https:\/\/dev.antudigital.cl\/sites\/vc\/wp-content\/uploads\/2019\/07\/Foroum_Correcion-afiche-Horizontal-2019-1-e1562271365772.jpg","width":800,"height":447},{"@type":"BreadcrumbList","@id":"https:\/\/dev.antudigital.cl\/sites\/vc\/en-valparaiso-se-realizara-forum-internacional-que-une-musicas-ciencias-y-nuevas-tecnologias\/#breadcrumb","itemListElement":[{"@type":"ListItem","position":1,"name":"Home","item":"https:\/\/dev.antudigital.cl\/sites\/vc\/"},{"@type":"ListItem","position":2,"name":"En Valpara\u00edso se realizar\u00e1 Forum Internacional que une m\u00fasicas, ciencias y nuevas tecnolog\u00edas"}]},{"@type":"WebSite","@id":"https:\/\/dev.antudigital.cl\/sites\/vc\/#website","url":"https:\/\/dev.antudigital.cl\/sites\/vc\/","name":"Valpara\u00ed\u00adso Creativo","description":"","potentialAction":[{"@type":"SearchAction","target":{"@type":"EntryPoint","urlTemplate":"https:\/\/dev.antudigital.cl\/sites\/vc\/?s={search_term_string}"},"query-input":{"@type":"PropertyValueSpecification","valueRequired":true,"valueName":"search_term_string"}}],"inLanguage":"es"},{"@type":"Person","@id":"https:\/\/dev.antudigital.cl\/sites\/vc\/#\/schema\/person\/81d1dcd51abd542b5dfc00f5f951a0f1","name":"Valparaiso Creativo","url":"https:\/\/dev.antudigital.cl\/sites\/vc\/author\/valparaiso-creativo\/"}]}},"_links":{"self":[{"href":"https:\/\/dev.antudigital.cl\/sites\/vc\/wp-json\/wp\/v2\/posts\/8988","targetHints":{"allow":["GET"]}}],"collection":[{"href":"https:\/\/dev.antudigital.cl\/sites\/vc\/wp-json\/wp\/v2\/posts"}],"about":[{"href":"https:\/\/dev.antudigital.cl\/sites\/vc\/wp-json\/wp\/v2\/types\/post"}],"author":[{"embeddable":true,"href":"https:\/\/dev.antudigital.cl\/sites\/vc\/wp-json\/wp\/v2\/users\/3"}],"replies":[{"embeddable":true,"href":"https:\/\/dev.antudigital.cl\/sites\/vc\/wp-json\/wp\/v2\/comments?post=8988"}],"version-history":[{"count":0,"href":"https:\/\/dev.antudigital.cl\/sites\/vc\/wp-json\/wp\/v2\/posts\/8988\/revisions"}],"wp:featuredmedia":[{"embeddable":true,"href":"https:\/\/dev.antudigital.cl\/sites\/vc\/wp-json\/wp\/v2\/media\/8989"}],"wp:attachment":[{"href":"https:\/\/dev.antudigital.cl\/sites\/vc\/wp-json\/wp\/v2\/media?parent=8988"}],"wp:term":[{"taxonomy":"category","embeddable":true,"href":"https:\/\/dev.antudigital.cl\/sites\/vc\/wp-json\/wp\/v2\/categories?post=8988"},{"taxonomy":"post_tag","embeddable":true,"href":"https:\/\/dev.antudigital.cl\/sites\/vc\/wp-json\/wp\/v2\/tags?post=8988"}],"curies":[{"name":"wp","href":"https:\/\/api.w.org\/{rel}","templated":true}]}}