{"id":8991,"date":"2019-07-03T15:57:17","date_gmt":"2019-07-03T15:57:17","guid":{"rendered":"http:\/\/www.valparaisocreativo.cl\/?p=3588"},"modified":"2021-12-26T00:01:52","modified_gmt":"2021-12-26T00:01:52","slug":"cetur-invita-a-seminario-sobre-la-era-del-turista-digital","status":"publish","type":"post","link":"https:\/\/dev.antudigital.cl\/sites\/vc\/cetur-invita-a-seminario-sobre-la-era-del-turista-digital\/","title":{"rendered":"CETUR invita a Seminario sobre la era del turista digital"},"content":{"rendered":"<ul>\n<li>El pr\u00f3ximo 18 de julio el Centro Tecn\u00f3logico del Turismo se desarrollar\u00e1 Seminario sobre turismo en el Campus Vi\u00f1a del Mar de la Universidad Andr\u00e9s Bello.<\/li>\n<\/ul>\n<p>La forma en que&nbsp;se hace turismo ha cambiado de manera dr\u00e1stica en los \u00faltimos a\u00f1os, con internet y las redes sociales situadas en el epicentro de esta revoluci\u00f3n.&nbsp;P\u00e1ginas especializadas en comparar precios y ordenar comentarios, o Instagram potenciando destinos&nbsp;y empresas tur\u00edsticas, ayudan a un viajero&nbsp;cada vez m\u00e1s exigente, impaciente e hiperconectado, que busca huir del turismo masivo y ans\u00eda experiencias \u00fanicas y personalizadas en cada lugar que visita.<\/p>\n<p>En este contexto, es que CETUR (Centro Tecn\u00f3logico del Turismo) de la Universidad Andr\u00e9s Bello y de la Escuela de Turismo y Hoteler\u00eda, perteneciente a la Facultad de Econom\u00eda y Negocios de la Universidad Andr\u00e9s Bello est\u00e1 organizando el <strong>Seminario \u00abLa Era del Turista Digital\u00bb<\/strong> el cual se desarrollar\u00e1 en el Auditorio Rojo de la sede Vi\u00f1a del Mar ubicada en la misma universidad.<\/p>\n<p>En esta oportunidad expondr\u00e1n expertos de empresas y organizaciones l\u00edderes en el sector del turismo, gastronom\u00eda y la transformaci\u00f3n digital. Adicionalmente se dar\u00e1n a conocer las actividades que desarrollar\u00e1 CETUR-UNAB durante el a\u00f1o 2019 en la Regi\u00f3n de Valpara\u00edso.<\/p>\n<p>En este seminario podr\u00e1n inscribirse de forma gratuita, los representantes legales, gerentes, administradores y tomadores de decisi\u00f3n de las empresas tur\u00edsticas a las que representen.<\/p>\n<p>\u00bfQuieres participar?&nbsp;&nbsp;<a href=\"https:\/\/docs.google.com\/forms\/d\/e\/1FAIpQLSd84uUyvERqgZFVxCSpRMdnqAndBo586s7RZdOaDjm8BABeKQ\/viewform?vc=0&amp;c=0&amp;w=1\">Inscripciones aqu\u00ed&nbsp;&nbsp;<\/a><\/p>\n","protected":false},"excerpt":{"rendered":"<p>El pr\u00f3ximo 18 de julio el Centro Tecn\u00f3logico del Turismo se desarrollar\u00e1 Seminario sobre turismo en el Campus Vi\u00f1a del Mar de la Universidad Andr\u00e9s Bello. La forma en que&nbsp;se hace turismo ha cambiado de manera dr\u00e1stica en los \u00faltimos a\u00f1os, con internet y las redes sociales situadas en el epicentro de esta revoluci\u00f3n.&nbsp;P\u00e1ginas especializadas [&hellip;]<\/p>\n","protected":false},"author":3,"featured_media":8998,"comment_status":"closed","ping_status":"closed","sticky":false,"template":"","format":"standard","meta":{"_acf_changed":false,"footnotes":""},"categories":[8],"tags":[],"class_list":["post-8991","post","type-post","status-publish","format-standard","has-post-thumbnail","hentry","category-noticia"],"acf":[],"yoast_head":"<!-- This site is optimized with the Yoast SEO plugin v27.1.1 - https:\/\/yoast.com\/product\/yoast-seo-wordpress\/ -->\n<title>CETUR invita a Seminario sobre la era del turista digital - Valpara\u00ed\u00adso Creativo<\/title>\n<meta name=\"robots\" content=\"index, follow, max-snippet:-1, max-image-preview:large, max-video-preview:-1\" \/>\n<link rel=\"canonical\" href=\"https:\/\/dev.antudigital.cl\/sites\/vc\/cetur-invita-a-seminario-sobre-la-era-del-turista-digital\/\" \/>\n<meta property=\"og:locale\" content=\"es_ES\" \/>\n<meta property=\"og:type\" content=\"article\" \/>\n<meta property=\"og:title\" content=\"CETUR invita a Seminario sobre la era del turista digital - Valpara\u00ed\u00adso Creativo\" \/>\n<meta property=\"og:description\" content=\"El pr\u00f3ximo 18 de julio el Centro Tecn\u00f3logico del Turismo se desarrollar\u00e1 Seminario sobre turismo en el Campus Vi\u00f1a del Mar de la Universidad Andr\u00e9s Bello. La forma en que&nbsp;se hace turismo ha cambiado de manera dr\u00e1stica en los \u00faltimos a\u00f1os, con internet y las redes sociales situadas en el epicentro de esta revoluci\u00f3n.&nbsp;P\u00e1ginas especializadas [&hellip;]\" \/>\n<meta property=\"og:url\" content=\"https:\/\/dev.antudigital.cl\/sites\/vc\/cetur-invita-a-seminario-sobre-la-era-del-turista-digital\/\" \/>\n<meta property=\"og:site_name\" content=\"Valpara\u00ed\u00adso Creativo\" \/>\n<meta property=\"article:published_time\" content=\"2019-07-03T15:57:17+00:00\" \/>\n<meta property=\"article:modified_time\" content=\"2021-12-26T00:01:52+00:00\" \/>\n<meta property=\"og:image\" content=\"https:\/\/dev.antudigital.cl\/sites\/vc\/wp-content\/uploads\/2019\/07\/CETUR.jpg\" \/>\n\t<meta property=\"og:image:width\" content=\"1920\" \/>\n\t<meta property=\"og:image:height\" content=\"1080\" \/>\n\t<meta property=\"og:image:type\" content=\"image\/jpeg\" \/>\n<meta name=\"author\" content=\"Valparaiso Creativo\" \/>\n<meta name=\"twitter:card\" content=\"summary_large_image\" \/>\n<meta name=\"twitter:label1\" content=\"Escrito por\" \/>\n\t<meta name=\"twitter:data1\" content=\"Valparaiso Creativo\" \/>\n\t<meta name=\"twitter:label2\" content=\"Tiempo de lectura\" \/>\n\t<meta name=\"twitter:data2\" content=\"2 minutos\" \/>\n<script type=\"application\/ld+json\" class=\"yoast-schema-graph\">{\"@context\":\"https:\/\/schema.org\",\"@graph\":[{\"@type\":\"Article\",\"@id\":\"https:\/\/dev.antudigital.cl\/sites\/vc\/cetur-invita-a-seminario-sobre-la-era-del-turista-digital\/#article\",\"isPartOf\":{\"@id\":\"https:\/\/dev.antudigital.cl\/sites\/vc\/cetur-invita-a-seminario-sobre-la-era-del-turista-digital\/\"},\"author\":{\"name\":\"Valparaiso Creativo\",\"@id\":\"https:\/\/dev.antudigital.cl\/sites\/vc\/#\/schema\/person\/81d1dcd51abd542b5dfc00f5f951a0f1\"},\"headline\":\"CETUR invita a Seminario sobre la era del turista digital\",\"datePublished\":\"2019-07-03T15:57:17+00:00\",\"dateModified\":\"2021-12-26T00:01:52+00:00\",\"mainEntityOfPage\":{\"@id\":\"https:\/\/dev.antudigital.cl\/sites\/vc\/cetur-invita-a-seminario-sobre-la-era-del-turista-digital\/\"},\"wordCount\":274,\"image\":{\"@id\":\"https:\/\/dev.antudigital.cl\/sites\/vc\/cetur-invita-a-seminario-sobre-la-era-del-turista-digital\/#primaryimage\"},\"thumbnailUrl\":\"https:\/\/dev.antudigital.cl\/sites\/vc\/wp-content\/uploads\/2019\/07\/CETUR.jpg\",\"articleSection\":[\"Noticia\"],\"inLanguage\":\"es\"},{\"@type\":\"WebPage\",\"@id\":\"https:\/\/dev.antudigital.cl\/sites\/vc\/cetur-invita-a-seminario-sobre-la-era-del-turista-digital\/\",\"url\":\"https:\/\/dev.antudigital.cl\/sites\/vc\/cetur-invita-a-seminario-sobre-la-era-del-turista-digital\/\",\"name\":\"CETUR invita a Seminario sobre la era del turista digital - Valpara\u00ed\u00adso Creativo\",\"isPartOf\":{\"@id\":\"https:\/\/dev.antudigital.cl\/sites\/vc\/#website\"},\"primaryImageOfPage\":{\"@id\":\"https:\/\/dev.antudigital.cl\/sites\/vc\/cetur-invita-a-seminario-sobre-la-era-del-turista-digital\/#primaryimage\"},\"image\":{\"@id\":\"https:\/\/dev.antudigital.cl\/sites\/vc\/cetur-invita-a-seminario-sobre-la-era-del-turista-digital\/#primaryimage\"},\"thumbnailUrl\":\"https:\/\/dev.antudigital.cl\/sites\/vc\/wp-content\/uploads\/2019\/07\/CETUR.jpg\",\"datePublished\":\"2019-07-03T15:57:17+00:00\",\"dateModified\":\"2021-12-26T00:01:52+00:00\",\"author\":{\"@id\":\"https:\/\/dev.antudigital.cl\/sites\/vc\/#\/schema\/person\/81d1dcd51abd542b5dfc00f5f951a0f1\"},\"breadcrumb\":{\"@id\":\"https:\/\/dev.antudigital.cl\/sites\/vc\/cetur-invita-a-seminario-sobre-la-era-del-turista-digital\/#breadcrumb\"},\"inLanguage\":\"es\",\"potentialAction\":[{\"@type\":\"ReadAction\",\"target\":[\"https:\/\/dev.antudigital.cl\/sites\/vc\/cetur-invita-a-seminario-sobre-la-era-del-turista-digital\/\"]}]},{\"@type\":\"ImageObject\",\"inLanguage\":\"es\",\"@id\":\"https:\/\/dev.antudigital.cl\/sites\/vc\/cetur-invita-a-seminario-sobre-la-era-del-turista-digital\/#primaryimage\",\"url\":\"https:\/\/dev.antudigital.cl\/sites\/vc\/wp-content\/uploads\/2019\/07\/CETUR.jpg\",\"contentUrl\":\"https:\/\/dev.antudigital.cl\/sites\/vc\/wp-content\/uploads\/2019\/07\/CETUR.jpg\",\"width\":1920,\"height\":1080},{\"@type\":\"BreadcrumbList\",\"@id\":\"https:\/\/dev.antudigital.cl\/sites\/vc\/cetur-invita-a-seminario-sobre-la-era-del-turista-digital\/#breadcrumb\",\"itemListElement\":[{\"@type\":\"ListItem\",\"position\":1,\"name\":\"Home\",\"item\":\"https:\/\/dev.antudigital.cl\/sites\/vc\/\"},{\"@type\":\"ListItem\",\"position\":2,\"name\":\"CETUR invita a Seminario sobre la era del turista digital\"}]},{\"@type\":\"WebSite\",\"@id\":\"https:\/\/dev.antudigital.cl\/sites\/vc\/#website\",\"url\":\"https:\/\/dev.antudigital.cl\/sites\/vc\/\",\"name\":\"Valpara\u00ed\u00adso Creativo\",\"description\":\"\",\"potentialAction\":[{\"@type\":\"SearchAction\",\"target\":{\"@type\":\"EntryPoint\",\"urlTemplate\":\"https:\/\/dev.antudigital.cl\/sites\/vc\/?s={search_term_string}\"},\"query-input\":{\"@type\":\"PropertyValueSpecification\",\"valueRequired\":true,\"valueName\":\"search_term_string\"}}],\"inLanguage\":\"es\"},{\"@type\":\"Person\",\"@id\":\"https:\/\/dev.antudigital.cl\/sites\/vc\/#\/schema\/person\/81d1dcd51abd542b5dfc00f5f951a0f1\",\"name\":\"Valparaiso Creativo\",\"url\":\"https:\/\/dev.antudigital.cl\/sites\/vc\/author\/valparaiso-creativo\/\"}]}<\/script>\n<!-- \/ Yoast SEO plugin. -->","yoast_head_json":{"title":"CETUR invita a Seminario sobre la era del turista digital - Valpara\u00ed\u00adso Creativo","robots":{"index":"index","follow":"follow","max-snippet":"max-snippet:-1","max-image-preview":"max-image-preview:large","max-video-preview":"max-video-preview:-1"},"canonical":"https:\/\/dev.antudigital.cl\/sites\/vc\/cetur-invita-a-seminario-sobre-la-era-del-turista-digital\/","og_locale":"es_ES","og_type":"article","og_title":"CETUR invita a Seminario sobre la era del turista digital - Valpara\u00ed\u00adso Creativo","og_description":"El pr\u00f3ximo 18 de julio el Centro Tecn\u00f3logico del Turismo se desarrollar\u00e1 Seminario sobre turismo en el Campus Vi\u00f1a del Mar de la Universidad Andr\u00e9s Bello. La forma en que&nbsp;se hace turismo ha cambiado de manera dr\u00e1stica en los \u00faltimos a\u00f1os, con internet y las redes sociales situadas en el epicentro de esta revoluci\u00f3n.&nbsp;P\u00e1ginas especializadas [&hellip;]","og_url":"https:\/\/dev.antudigital.cl\/sites\/vc\/cetur-invita-a-seminario-sobre-la-era-del-turista-digital\/","og_site_name":"Valpara\u00ed\u00adso Creativo","article_published_time":"2019-07-03T15:57:17+00:00","article_modified_time":"2021-12-26T00:01:52+00:00","og_image":[{"width":1920,"height":1080,"url":"https:\/\/dev.antudigital.cl\/sites\/vc\/wp-content\/uploads\/2019\/07\/CETUR.jpg","type":"image\/jpeg"}],"author":"Valparaiso Creativo","twitter_card":"summary_large_image","twitter_misc":{"Escrito por":"Valparaiso Creativo","Tiempo de lectura":"2 minutos"},"schema":{"@context":"https:\/\/schema.org","@graph":[{"@type":"Article","@id":"https:\/\/dev.antudigital.cl\/sites\/vc\/cetur-invita-a-seminario-sobre-la-era-del-turista-digital\/#article","isPartOf":{"@id":"https:\/\/dev.antudigital.cl\/sites\/vc\/cetur-invita-a-seminario-sobre-la-era-del-turista-digital\/"},"author":{"name":"Valparaiso Creativo","@id":"https:\/\/dev.antudigital.cl\/sites\/vc\/#\/schema\/person\/81d1dcd51abd542b5dfc00f5f951a0f1"},"headline":"CETUR invita a Seminario sobre la era del turista digital","datePublished":"2019-07-03T15:57:17+00:00","dateModified":"2021-12-26T00:01:52+00:00","mainEntityOfPage":{"@id":"https:\/\/dev.antudigital.cl\/sites\/vc\/cetur-invita-a-seminario-sobre-la-era-del-turista-digital\/"},"wordCount":274,"image":{"@id":"https:\/\/dev.antudigital.cl\/sites\/vc\/cetur-invita-a-seminario-sobre-la-era-del-turista-digital\/#primaryimage"},"thumbnailUrl":"https:\/\/dev.antudigital.cl\/sites\/vc\/wp-content\/uploads\/2019\/07\/CETUR.jpg","articleSection":["Noticia"],"inLanguage":"es"},{"@type":"WebPage","@id":"https:\/\/dev.antudigital.cl\/sites\/vc\/cetur-invita-a-seminario-sobre-la-era-del-turista-digital\/","url":"https:\/\/dev.antudigital.cl\/sites\/vc\/cetur-invita-a-seminario-sobre-la-era-del-turista-digital\/","name":"CETUR invita a Seminario sobre la era del turista digital - Valpara\u00ed\u00adso Creativo","isPartOf":{"@id":"https:\/\/dev.antudigital.cl\/sites\/vc\/#website"},"primaryImageOfPage":{"@id":"https:\/\/dev.antudigital.cl\/sites\/vc\/cetur-invita-a-seminario-sobre-la-era-del-turista-digital\/#primaryimage"},"image":{"@id":"https:\/\/dev.antudigital.cl\/sites\/vc\/cetur-invita-a-seminario-sobre-la-era-del-turista-digital\/#primaryimage"},"thumbnailUrl":"https:\/\/dev.antudigital.cl\/sites\/vc\/wp-content\/uploads\/2019\/07\/CETUR.jpg","datePublished":"2019-07-03T15:57:17+00:00","dateModified":"2021-12-26T00:01:52+00:00","author":{"@id":"https:\/\/dev.antudigital.cl\/sites\/vc\/#\/schema\/person\/81d1dcd51abd542b5dfc00f5f951a0f1"},"breadcrumb":{"@id":"https:\/\/dev.antudigital.cl\/sites\/vc\/cetur-invita-a-seminario-sobre-la-era-del-turista-digital\/#breadcrumb"},"inLanguage":"es","potentialAction":[{"@type":"ReadAction","target":["https:\/\/dev.antudigital.cl\/sites\/vc\/cetur-invita-a-seminario-sobre-la-era-del-turista-digital\/"]}]},{"@type":"ImageObject","inLanguage":"es","@id":"https:\/\/dev.antudigital.cl\/sites\/vc\/cetur-invita-a-seminario-sobre-la-era-del-turista-digital\/#primaryimage","url":"https:\/\/dev.antudigital.cl\/sites\/vc\/wp-content\/uploads\/2019\/07\/CETUR.jpg","contentUrl":"https:\/\/dev.antudigital.cl\/sites\/vc\/wp-content\/uploads\/2019\/07\/CETUR.jpg","width":1920,"height":1080},{"@type":"BreadcrumbList","@id":"https:\/\/dev.antudigital.cl\/sites\/vc\/cetur-invita-a-seminario-sobre-la-era-del-turista-digital\/#breadcrumb","itemListElement":[{"@type":"ListItem","position":1,"name":"Home","item":"https:\/\/dev.antudigital.cl\/sites\/vc\/"},{"@type":"ListItem","position":2,"name":"CETUR invita a Seminario sobre la era del turista digital"}]},{"@type":"WebSite","@id":"https:\/\/dev.antudigital.cl\/sites\/vc\/#website","url":"https:\/\/dev.antudigital.cl\/sites\/vc\/","name":"Valpara\u00ed\u00adso Creativo","description":"","potentialAction":[{"@type":"SearchAction","target":{"@type":"EntryPoint","urlTemplate":"https:\/\/dev.antudigital.cl\/sites\/vc\/?s={search_term_string}"},"query-input":{"@type":"PropertyValueSpecification","valueRequired":true,"valueName":"search_term_string"}}],"inLanguage":"es"},{"@type":"Person","@id":"https:\/\/dev.antudigital.cl\/sites\/vc\/#\/schema\/person\/81d1dcd51abd542b5dfc00f5f951a0f1","name":"Valparaiso Creativo","url":"https:\/\/dev.antudigital.cl\/sites\/vc\/author\/valparaiso-creativo\/"}]}},"_links":{"self":[{"href":"https:\/\/dev.antudigital.cl\/sites\/vc\/wp-json\/wp\/v2\/posts\/8991","targetHints":{"allow":["GET"]}}],"collection":[{"href":"https:\/\/dev.antudigital.cl\/sites\/vc\/wp-json\/wp\/v2\/posts"}],"about":[{"href":"https:\/\/dev.antudigital.cl\/sites\/vc\/wp-json\/wp\/v2\/types\/post"}],"author":[{"embeddable":true,"href":"https:\/\/dev.antudigital.cl\/sites\/vc\/wp-json\/wp\/v2\/users\/3"}],"replies":[{"embeddable":true,"href":"https:\/\/dev.antudigital.cl\/sites\/vc\/wp-json\/wp\/v2\/comments?post=8991"}],"version-history":[{"count":2,"href":"https:\/\/dev.antudigital.cl\/sites\/vc\/wp-json\/wp\/v2\/posts\/8991\/revisions"}],"predecessor-version":[{"id":8999,"href":"https:\/\/dev.antudigital.cl\/sites\/vc\/wp-json\/wp\/v2\/posts\/8991\/revisions\/8999"}],"wp:featuredmedia":[{"embeddable":true,"href":"https:\/\/dev.antudigital.cl\/sites\/vc\/wp-json\/wp\/v2\/media\/8998"}],"wp:attachment":[{"href":"https:\/\/dev.antudigital.cl\/sites\/vc\/wp-json\/wp\/v2\/media?parent=8991"}],"wp:term":[{"taxonomy":"category","embeddable":true,"href":"https:\/\/dev.antudigital.cl\/sites\/vc\/wp-json\/wp\/v2\/categories?post=8991"},{"taxonomy":"post_tag","embeddable":true,"href":"https:\/\/dev.antudigital.cl\/sites\/vc\/wp-json\/wp\/v2\/tags?post=8991"}],"curies":[{"name":"wp","href":"https:\/\/api.w.org\/{rel}","templated":true}]}}