{"id":9002,"date":"2019-06-26T12:27:47","date_gmt":"2019-06-26T12:27:47","guid":{"rendered":"http:\/\/www.valparaisocreativo.cl\/?p=3573"},"modified":"2019-06-26T12:27:47","modified_gmt":"2019-06-26T12:27:47","slug":"valparaiso-envia-postulacion-para-ser-nominada-por-la-unesco-como-ciudad-musical","status":"publish","type":"post","link":"https:\/\/dev.antudigital.cl\/sites\/vc\/valparaiso-envia-postulacion-para-ser-nominada-por-la-unesco-como-ciudad-musical\/","title":{"rendered":"Valpara\u00edso env\u00eda postulaci\u00f3n para ser nominada por la Unesco como Ciudad Musical"},"content":{"rendered":"<ul>\n<li><span lang=\"ES-CL\">Luego de casi dos a\u00f1os de trabajo en alianza p\u00fablico y privado, el proyecto \u201cPuerto de M\u00fasicas\u201d busca instalar la m\u00fasica al centro de un modelo de desarrollo para la ciudad, que posicione a Valpara\u00edso nacional e internacionalmente como ciudad creativa.<\/span><\/li>\n<\/ul>\n<p style=\"font-weight: 400;\">Con la presencia de artistas hist\u00f3ricos del puerto como Lucy Avil\u00e9s, Pancho Sazo y Hugo Pirovich de grupo Congreso; y contempor\u00e1neos como Mora Lucay y Cabro Chico MC, el alcalde Jorge Sharp concret\u00f3 el env\u00edo de la postulaci\u00f3n de Valpara\u00edso a la Red de Ciudades Creativas de la Unesco, en su categor\u00eda de Ciudad Musical, finalizando con ello un largo proceso de trabajo de diagn\u00f3stico y planificaci\u00f3n que busca aprovechar el potencial de la m\u00fasica porte\u00f1a para el desarrollo sostenible de la ciudad.<\/p>\n<p style=\"font-weight: 400;\"><img fetchpriority=\"high\" decoding=\"async\" class=\"size-medium wp-image-3575 alignright\" src=\"http:\/\/www.valparaisocreativo.cl\/wp-content\/uploads\/2019\/06\/Hito_IMG_1019-300x200.jpg\" alt=\"\" width=\"300\" height=\"200\" \/>Para la implementaci\u00f3n del proyecto \u201cPuerto de M\u00fasicas\u201d, co-dise\u00f1ado por el Municipio, a trav\u00e9s de su Direcci\u00f3n de Cultura, el Ministerio de las Culturas, las Artes y el Patrimonio, la Asociaci\u00f3n Gremial de la Industria de la M\u00fasica de la regi\u00f3n (IMUVA) y el programa estrat\u00e9gico de Corfo \u201cValpara\u00edso Creativo\u201d, se anunci\u00f3 la creaci\u00f3n de dos organismos responsables de impulsar distintas iniciativas con foco en cuatro puntos: Dinamizaci\u00f3n del sector, Turismo, Educaci\u00f3n y Comunidad.<\/p>\n<p style=\"font-weight: 400;\">De esta forma, se constituir\u00e1 una gobernanza participativa, mediante un Consejo Ciudadano de la M\u00fasica, al que ser\u00e1n convocados diversos actores del ecosistema musical de la ciudad, pertenecientes al mundo p\u00fablico, privado, la academia y la sociedad civil. As\u00ed mismo, se crear\u00e1 una Oficina de M\u00fasicas, basado en experiencias internacionales.<\/p>\n<p style=\"font-weight: 400;\"><img decoding=\"async\" class=\"alignleft size-medium wp-image-3576\" src=\"http:\/\/www.valparaisocreativo.cl\/wp-content\/uploads\/2019\/06\/Hito_IMG_1136-300x200.jpg\" alt=\"\" width=\"300\" height=\"200\" \/>Tras la ceremonia realizada en el Teatro Municipal, el alcalde Jorge Sharp se manifest\u00f3 confiado de lograr la nominaci\u00f3n, expresando que<\/p>\n<blockquote>\n<p style=\"font-weight: 400;\">\u201cValpara\u00edso tiene pergaminos que van a justificar sin lugar a dudas esta postulaci\u00f3n. El que la Unesco nos declare Ciudad Musical le abre a la ciudad, desde la perspectiva de las econom\u00edas, del empleo, de la cultura, de la colocaci\u00f3n internacional, desde la perspectiva de las oportunidades que van a tener los y las artistas de Valpara\u00edso, un universo gigantesco de posibilidades.\u201d<\/p>\n<\/blockquote>\n<p style=\"font-weight: 400;\">Por su parte, Juan Carlos Silva, subsecretario de las Culturas y las Artes, indic\u00f3 que<\/p>\n<blockquote>\n<p style=\"font-weight: 400;\">\u201cla postulaci\u00f3n de Valpara\u00edso como Ciudad Creativa de la Unesco hace justicia con su historia. Desde su origen y por su ubicaci\u00f3n privilegiada, ha sido la puerta de entrada para distintas tradiciones, culturas y visiones de mundo. Aqu\u00ed naci\u00f3 la Royal Orchestra, primera banda de jazz nacional. Ac\u00e1 debut\u00f3 Mauricio Redol\u00e9s, se present\u00f3 Louis Armstrong. Valpara\u00edso ha configurado un panorama cultural intenso y diverso. Gracias a este esfuerzo interinstitucional podremos posicionar la creatividad y las industrias culturales en el centro de su plan de desarrollo\u00bb.<\/p>\n<\/blockquote>\n<p style=\"font-weight: 400;\">Para el presidente de Imuva, Mat\u00edas Mancisidor, en la voz del gremio musical de la regi\u00f3n, manifest\u00f3 que<\/p>\n<blockquote>\n<p style=\"font-weight: 400;\">\u201cnosotros esperamos que con esta nominaci\u00f3n y con este trabajo articulado puedan dinamizarse otros sectores, como el turismo, el tejido social y por supuesto que crezca, se fortalezca y se dinamice el sector de la m\u00fasica, los m\u00fasicos, la industria musical, los productores de eventos, los sellos discogr\u00e1ficos regionales\u201d.<\/p>\n<\/blockquote>\n<p style=\"font-weight: 400;\">Finalmente, el director regional de Corfo, Juan Acu\u00f1a, tambi\u00e9n manifest\u00f3 su apoyo a la nominaci\u00f3n resaltando que,<\/p>\n<blockquote>\n<p style=\"font-weight: 400;\">\u00abValpara\u00edso tiene todo el potencial para ser reconocida como una ciudad creativa de la m\u00fasica, es una industria que aporta significativamente a la ciudad. De este modo, vemos una tremenda oportunidad de desarrollo para el pa\u00eds, y desde Corfo queremos apoyar transversalmente las ciudades creativas ya que apostamos y creemos en el capital creativo existente en Chile\u00bb.<\/p>\n<\/blockquote>\n<p>Hoy en d\u00eda, Valpara\u00edso se ha consagrado como una ciudad de festivales, desarroll\u00e1ndose m\u00e1s de 2.000 presentaciones de m\u00fasica en vivo al a\u00f1o. A su vez, la escena musical est\u00e1 compuesta por m\u00e1s de 600 m\u00fasicos locales y existe una proyecci\u00f3n internacional en donde se realizan m\u00e1s de 160 conciertos de m\u00fasicos locales en el extranjero. La actual red la componen 180 ciudades Creativas, 30 de la m\u00fasica, cinco en Latinoam\u00e9rica y una en Chile que es Frutillar. Para m\u00e1s informaci\u00f3n del proyecto se puede visitar el sitio\u00a0<a href=\"http:\/\/www.puertodemusicas.cl\/\" target=\"_blank\" rel=\"noopener noreferrer\" data-saferedirecturl=\"https:\/\/www.google.com\/url?q=http:\/\/www.puertodemusicas.cl&amp;source=gmail&amp;ust=1561650060073000&amp;usg=AFQjCNGsqKwd9muEKhsOzaXTnuKXPXzdEw\">www.puertodemusicas.cl<\/a><\/p>\n","protected":false},"excerpt":{"rendered":"<p>Luego de casi dos a\u00f1os de trabajo en alianza p\u00fablico y privado, el proyecto \u201cPuerto de M\u00fasicas\u201d busca instalar la m\u00fasica al centro de un modelo de desarrollo para la ciudad, que posicione a Valpara\u00edso nacional e internacionalmente como ciudad creativa. Con la presencia de artistas hist\u00f3ricos del puerto como Lucy Avil\u00e9s, Pancho Sazo y [&hellip;]<\/p>\n","protected":false},"author":3,"featured_media":9005,"comment_status":"closed","ping_status":"closed","sticky":false,"template":"","format":"standard","meta":{"_acf_changed":false,"footnotes":""},"categories":[8],"tags":[],"class_list":["post-9002","post","type-post","status-publish","format-standard","has-post-thumbnail","hentry","category-noticia"],"acf":[],"yoast_head":"<!-- This site is optimized with the Yoast SEO plugin v27.1.1 - https:\/\/yoast.com\/product\/yoast-seo-wordpress\/ -->\n<title>Valpara\u00edso env\u00eda postulaci\u00f3n para ser nominada por la Unesco como Ciudad Musical - Valpara\u00ed\u00adso Creativo<\/title>\n<meta name=\"robots\" content=\"index, follow, max-snippet:-1, max-image-preview:large, max-video-preview:-1\" \/>\n<link rel=\"canonical\" href=\"https:\/\/dev.antudigital.cl\/sites\/vc\/valparaiso-envia-postulacion-para-ser-nominada-por-la-unesco-como-ciudad-musical\/\" \/>\n<meta property=\"og:locale\" content=\"es_ES\" \/>\n<meta property=\"og:type\" content=\"article\" \/>\n<meta property=\"og:title\" content=\"Valpara\u00edso env\u00eda postulaci\u00f3n para ser nominada por la Unesco como Ciudad Musical - Valpara\u00ed\u00adso Creativo\" \/>\n<meta property=\"og:description\" content=\"Luego de casi dos a\u00f1os de trabajo en alianza p\u00fablico y privado, el proyecto \u201cPuerto de M\u00fasicas\u201d busca instalar la m\u00fasica al centro de un modelo de desarrollo para la ciudad, que posicione a Valpara\u00edso nacional e internacionalmente como ciudad creativa. Con la presencia de artistas hist\u00f3ricos del puerto como Lucy Avil\u00e9s, Pancho Sazo y [&hellip;]\" \/>\n<meta property=\"og:url\" content=\"https:\/\/dev.antudigital.cl\/sites\/vc\/valparaiso-envia-postulacion-para-ser-nominada-por-la-unesco-como-ciudad-musical\/\" \/>\n<meta property=\"og:site_name\" content=\"Valpara\u00ed\u00adso Creativo\" \/>\n<meta property=\"article:published_time\" content=\"2019-06-26T12:27:47+00:00\" \/>\n<meta property=\"og:image\" content=\"https:\/\/dev.antudigital.cl\/sites\/vc\/wp-content\/uploads\/2019\/06\/Hito_IMG_1155.jpg\" \/>\n\t<meta property=\"og:image:width\" content=\"1600\" \/>\n\t<meta property=\"og:image:height\" content=\"1067\" \/>\n\t<meta property=\"og:image:type\" content=\"image\/jpeg\" \/>\n<meta name=\"author\" content=\"Valparaiso Creativo\" \/>\n<meta name=\"twitter:card\" content=\"summary_large_image\" \/>\n<meta name=\"twitter:label1\" content=\"Escrito por\" \/>\n\t<meta name=\"twitter:data1\" content=\"Valparaiso Creativo\" \/>\n\t<meta name=\"twitter:label2\" content=\"Tiempo de lectura\" \/>\n\t<meta name=\"twitter:data2\" content=\"4 minutos\" \/>\n<script type=\"application\/ld+json\" class=\"yoast-schema-graph\">{\"@context\":\"https:\/\/schema.org\",\"@graph\":[{\"@type\":\"Article\",\"@id\":\"https:\/\/dev.antudigital.cl\/sites\/vc\/valparaiso-envia-postulacion-para-ser-nominada-por-la-unesco-como-ciudad-musical\/#article\",\"isPartOf\":{\"@id\":\"https:\/\/dev.antudigital.cl\/sites\/vc\/valparaiso-envia-postulacion-para-ser-nominada-por-la-unesco-como-ciudad-musical\/\"},\"author\":{\"name\":\"Valparaiso Creativo\",\"@id\":\"https:\/\/dev.antudigital.cl\/sites\/vc\/#\/schema\/person\/81d1dcd51abd542b5dfc00f5f951a0f1\"},\"headline\":\"Valpara\u00edso env\u00eda postulaci\u00f3n para ser nominada por la Unesco como Ciudad Musical\",\"datePublished\":\"2019-06-26T12:27:47+00:00\",\"mainEntityOfPage\":{\"@id\":\"https:\/\/dev.antudigital.cl\/sites\/vc\/valparaiso-envia-postulacion-para-ser-nominada-por-la-unesco-como-ciudad-musical\/\"},\"wordCount\":744,\"image\":{\"@id\":\"https:\/\/dev.antudigital.cl\/sites\/vc\/valparaiso-envia-postulacion-para-ser-nominada-por-la-unesco-como-ciudad-musical\/#primaryimage\"},\"thumbnailUrl\":\"https:\/\/dev.antudigital.cl\/sites\/vc\/wp-content\/uploads\/2019\/06\/Hito_IMG_1155.jpg\",\"articleSection\":[\"Noticia\"],\"inLanguage\":\"es\"},{\"@type\":\"WebPage\",\"@id\":\"https:\/\/dev.antudigital.cl\/sites\/vc\/valparaiso-envia-postulacion-para-ser-nominada-por-la-unesco-como-ciudad-musical\/\",\"url\":\"https:\/\/dev.antudigital.cl\/sites\/vc\/valparaiso-envia-postulacion-para-ser-nominada-por-la-unesco-como-ciudad-musical\/\",\"name\":\"Valpara\u00edso env\u00eda postulaci\u00f3n para ser nominada por la Unesco como Ciudad Musical - Valpara\u00ed\u00adso Creativo\",\"isPartOf\":{\"@id\":\"https:\/\/dev.antudigital.cl\/sites\/vc\/#website\"},\"primaryImageOfPage\":{\"@id\":\"https:\/\/dev.antudigital.cl\/sites\/vc\/valparaiso-envia-postulacion-para-ser-nominada-por-la-unesco-como-ciudad-musical\/#primaryimage\"},\"image\":{\"@id\":\"https:\/\/dev.antudigital.cl\/sites\/vc\/valparaiso-envia-postulacion-para-ser-nominada-por-la-unesco-como-ciudad-musical\/#primaryimage\"},\"thumbnailUrl\":\"https:\/\/dev.antudigital.cl\/sites\/vc\/wp-content\/uploads\/2019\/06\/Hito_IMG_1155.jpg\",\"datePublished\":\"2019-06-26T12:27:47+00:00\",\"author\":{\"@id\":\"https:\/\/dev.antudigital.cl\/sites\/vc\/#\/schema\/person\/81d1dcd51abd542b5dfc00f5f951a0f1\"},\"breadcrumb\":{\"@id\":\"https:\/\/dev.antudigital.cl\/sites\/vc\/valparaiso-envia-postulacion-para-ser-nominada-por-la-unesco-como-ciudad-musical\/#breadcrumb\"},\"inLanguage\":\"es\",\"potentialAction\":[{\"@type\":\"ReadAction\",\"target\":[\"https:\/\/dev.antudigital.cl\/sites\/vc\/valparaiso-envia-postulacion-para-ser-nominada-por-la-unesco-como-ciudad-musical\/\"]}]},{\"@type\":\"ImageObject\",\"inLanguage\":\"es\",\"@id\":\"https:\/\/dev.antudigital.cl\/sites\/vc\/valparaiso-envia-postulacion-para-ser-nominada-por-la-unesco-como-ciudad-musical\/#primaryimage\",\"url\":\"https:\/\/dev.antudigital.cl\/sites\/vc\/wp-content\/uploads\/2019\/06\/Hito_IMG_1155.jpg\",\"contentUrl\":\"https:\/\/dev.antudigital.cl\/sites\/vc\/wp-content\/uploads\/2019\/06\/Hito_IMG_1155.jpg\",\"width\":1600,\"height\":1067},{\"@type\":\"BreadcrumbList\",\"@id\":\"https:\/\/dev.antudigital.cl\/sites\/vc\/valparaiso-envia-postulacion-para-ser-nominada-por-la-unesco-como-ciudad-musical\/#breadcrumb\",\"itemListElement\":[{\"@type\":\"ListItem\",\"position\":1,\"name\":\"Home\",\"item\":\"https:\/\/dev.antudigital.cl\/sites\/vc\/\"},{\"@type\":\"ListItem\",\"position\":2,\"name\":\"Valpara\u00edso env\u00eda postulaci\u00f3n para ser nominada por la Unesco como Ciudad Musical\"}]},{\"@type\":\"WebSite\",\"@id\":\"https:\/\/dev.antudigital.cl\/sites\/vc\/#website\",\"url\":\"https:\/\/dev.antudigital.cl\/sites\/vc\/\",\"name\":\"Valpara\u00ed\u00adso Creativo\",\"description\":\"\",\"potentialAction\":[{\"@type\":\"SearchAction\",\"target\":{\"@type\":\"EntryPoint\",\"urlTemplate\":\"https:\/\/dev.antudigital.cl\/sites\/vc\/?s={search_term_string}\"},\"query-input\":{\"@type\":\"PropertyValueSpecification\",\"valueRequired\":true,\"valueName\":\"search_term_string\"}}],\"inLanguage\":\"es\"},{\"@type\":\"Person\",\"@id\":\"https:\/\/dev.antudigital.cl\/sites\/vc\/#\/schema\/person\/81d1dcd51abd542b5dfc00f5f951a0f1\",\"name\":\"Valparaiso Creativo\",\"url\":\"https:\/\/dev.antudigital.cl\/sites\/vc\/author\/valparaiso-creativo\/\"}]}<\/script>\n<!-- \/ Yoast SEO plugin. -->","yoast_head_json":{"title":"Valpara\u00edso env\u00eda postulaci\u00f3n para ser nominada por la Unesco como Ciudad Musical - Valpara\u00ed\u00adso Creativo","robots":{"index":"index","follow":"follow","max-snippet":"max-snippet:-1","max-image-preview":"max-image-preview:large","max-video-preview":"max-video-preview:-1"},"canonical":"https:\/\/dev.antudigital.cl\/sites\/vc\/valparaiso-envia-postulacion-para-ser-nominada-por-la-unesco-como-ciudad-musical\/","og_locale":"es_ES","og_type":"article","og_title":"Valpara\u00edso env\u00eda postulaci\u00f3n para ser nominada por la Unesco como Ciudad Musical - Valpara\u00ed\u00adso Creativo","og_description":"Luego de casi dos a\u00f1os de trabajo en alianza p\u00fablico y privado, el proyecto \u201cPuerto de M\u00fasicas\u201d busca instalar la m\u00fasica al centro de un modelo de desarrollo para la ciudad, que posicione a Valpara\u00edso nacional e internacionalmente como ciudad creativa. Con la presencia de artistas hist\u00f3ricos del puerto como Lucy Avil\u00e9s, Pancho Sazo y [&hellip;]","og_url":"https:\/\/dev.antudigital.cl\/sites\/vc\/valparaiso-envia-postulacion-para-ser-nominada-por-la-unesco-como-ciudad-musical\/","og_site_name":"Valpara\u00ed\u00adso Creativo","article_published_time":"2019-06-26T12:27:47+00:00","og_image":[{"width":1600,"height":1067,"url":"https:\/\/dev.antudigital.cl\/sites\/vc\/wp-content\/uploads\/2019\/06\/Hito_IMG_1155.jpg","type":"image\/jpeg"}],"author":"Valparaiso Creativo","twitter_card":"summary_large_image","twitter_misc":{"Escrito por":"Valparaiso Creativo","Tiempo de lectura":"4 minutos"},"schema":{"@context":"https:\/\/schema.org","@graph":[{"@type":"Article","@id":"https:\/\/dev.antudigital.cl\/sites\/vc\/valparaiso-envia-postulacion-para-ser-nominada-por-la-unesco-como-ciudad-musical\/#article","isPartOf":{"@id":"https:\/\/dev.antudigital.cl\/sites\/vc\/valparaiso-envia-postulacion-para-ser-nominada-por-la-unesco-como-ciudad-musical\/"},"author":{"name":"Valparaiso Creativo","@id":"https:\/\/dev.antudigital.cl\/sites\/vc\/#\/schema\/person\/81d1dcd51abd542b5dfc00f5f951a0f1"},"headline":"Valpara\u00edso env\u00eda postulaci\u00f3n para ser nominada por la Unesco como Ciudad Musical","datePublished":"2019-06-26T12:27:47+00:00","mainEntityOfPage":{"@id":"https:\/\/dev.antudigital.cl\/sites\/vc\/valparaiso-envia-postulacion-para-ser-nominada-por-la-unesco-como-ciudad-musical\/"},"wordCount":744,"image":{"@id":"https:\/\/dev.antudigital.cl\/sites\/vc\/valparaiso-envia-postulacion-para-ser-nominada-por-la-unesco-como-ciudad-musical\/#primaryimage"},"thumbnailUrl":"https:\/\/dev.antudigital.cl\/sites\/vc\/wp-content\/uploads\/2019\/06\/Hito_IMG_1155.jpg","articleSection":["Noticia"],"inLanguage":"es"},{"@type":"WebPage","@id":"https:\/\/dev.antudigital.cl\/sites\/vc\/valparaiso-envia-postulacion-para-ser-nominada-por-la-unesco-como-ciudad-musical\/","url":"https:\/\/dev.antudigital.cl\/sites\/vc\/valparaiso-envia-postulacion-para-ser-nominada-por-la-unesco-como-ciudad-musical\/","name":"Valpara\u00edso env\u00eda postulaci\u00f3n para ser nominada por la Unesco como Ciudad Musical - Valpara\u00ed\u00adso Creativo","isPartOf":{"@id":"https:\/\/dev.antudigital.cl\/sites\/vc\/#website"},"primaryImageOfPage":{"@id":"https:\/\/dev.antudigital.cl\/sites\/vc\/valparaiso-envia-postulacion-para-ser-nominada-por-la-unesco-como-ciudad-musical\/#primaryimage"},"image":{"@id":"https:\/\/dev.antudigital.cl\/sites\/vc\/valparaiso-envia-postulacion-para-ser-nominada-por-la-unesco-como-ciudad-musical\/#primaryimage"},"thumbnailUrl":"https:\/\/dev.antudigital.cl\/sites\/vc\/wp-content\/uploads\/2019\/06\/Hito_IMG_1155.jpg","datePublished":"2019-06-26T12:27:47+00:00","author":{"@id":"https:\/\/dev.antudigital.cl\/sites\/vc\/#\/schema\/person\/81d1dcd51abd542b5dfc00f5f951a0f1"},"breadcrumb":{"@id":"https:\/\/dev.antudigital.cl\/sites\/vc\/valparaiso-envia-postulacion-para-ser-nominada-por-la-unesco-como-ciudad-musical\/#breadcrumb"},"inLanguage":"es","potentialAction":[{"@type":"ReadAction","target":["https:\/\/dev.antudigital.cl\/sites\/vc\/valparaiso-envia-postulacion-para-ser-nominada-por-la-unesco-como-ciudad-musical\/"]}]},{"@type":"ImageObject","inLanguage":"es","@id":"https:\/\/dev.antudigital.cl\/sites\/vc\/valparaiso-envia-postulacion-para-ser-nominada-por-la-unesco-como-ciudad-musical\/#primaryimage","url":"https:\/\/dev.antudigital.cl\/sites\/vc\/wp-content\/uploads\/2019\/06\/Hito_IMG_1155.jpg","contentUrl":"https:\/\/dev.antudigital.cl\/sites\/vc\/wp-content\/uploads\/2019\/06\/Hito_IMG_1155.jpg","width":1600,"height":1067},{"@type":"BreadcrumbList","@id":"https:\/\/dev.antudigital.cl\/sites\/vc\/valparaiso-envia-postulacion-para-ser-nominada-por-la-unesco-como-ciudad-musical\/#breadcrumb","itemListElement":[{"@type":"ListItem","position":1,"name":"Home","item":"https:\/\/dev.antudigital.cl\/sites\/vc\/"},{"@type":"ListItem","position":2,"name":"Valpara\u00edso env\u00eda postulaci\u00f3n para ser nominada por la Unesco como Ciudad Musical"}]},{"@type":"WebSite","@id":"https:\/\/dev.antudigital.cl\/sites\/vc\/#website","url":"https:\/\/dev.antudigital.cl\/sites\/vc\/","name":"Valpara\u00ed\u00adso Creativo","description":"","potentialAction":[{"@type":"SearchAction","target":{"@type":"EntryPoint","urlTemplate":"https:\/\/dev.antudigital.cl\/sites\/vc\/?s={search_term_string}"},"query-input":{"@type":"PropertyValueSpecification","valueRequired":true,"valueName":"search_term_string"}}],"inLanguage":"es"},{"@type":"Person","@id":"https:\/\/dev.antudigital.cl\/sites\/vc\/#\/schema\/person\/81d1dcd51abd542b5dfc00f5f951a0f1","name":"Valparaiso Creativo","url":"https:\/\/dev.antudigital.cl\/sites\/vc\/author\/valparaiso-creativo\/"}]}},"_links":{"self":[{"href":"https:\/\/dev.antudigital.cl\/sites\/vc\/wp-json\/wp\/v2\/posts\/9002","targetHints":{"allow":["GET"]}}],"collection":[{"href":"https:\/\/dev.antudigital.cl\/sites\/vc\/wp-json\/wp\/v2\/posts"}],"about":[{"href":"https:\/\/dev.antudigital.cl\/sites\/vc\/wp-json\/wp\/v2\/types\/post"}],"author":[{"embeddable":true,"href":"https:\/\/dev.antudigital.cl\/sites\/vc\/wp-json\/wp\/v2\/users\/3"}],"replies":[{"embeddable":true,"href":"https:\/\/dev.antudigital.cl\/sites\/vc\/wp-json\/wp\/v2\/comments?post=9002"}],"version-history":[{"count":0,"href":"https:\/\/dev.antudigital.cl\/sites\/vc\/wp-json\/wp\/v2\/posts\/9002\/revisions"}],"wp:featuredmedia":[{"embeddable":true,"href":"https:\/\/dev.antudigital.cl\/sites\/vc\/wp-json\/wp\/v2\/media\/9005"}],"wp:attachment":[{"href":"https:\/\/dev.antudigital.cl\/sites\/vc\/wp-json\/wp\/v2\/media?parent=9002"}],"wp:term":[{"taxonomy":"category","embeddable":true,"href":"https:\/\/dev.antudigital.cl\/sites\/vc\/wp-json\/wp\/v2\/categories?post=9002"},{"taxonomy":"post_tag","embeddable":true,"href":"https:\/\/dev.antudigital.cl\/sites\/vc\/wp-json\/wp\/v2\/tags?post=9002"}],"curies":[{"name":"wp","href":"https:\/\/api.w.org\/{rel}","templated":true}]}}