{"id":9036,"date":"2019-06-04T17:27:34","date_gmt":"2019-06-04T17:27:34","guid":{"rendered":"http:\/\/www.valparaisocreativo.cl\/?p=3440"},"modified":"2019-06-04T17:27:34","modified_gmt":"2019-06-04T17:27:34","slug":"valparaiso-creativo-participa-en-el-23o-encuentro-empresarial","status":"publish","type":"post","link":"https:\/\/dev.antudigital.cl\/sites\/vc\/valparaiso-creativo-participa-en-el-23o-encuentro-empresarial\/","title":{"rendered":"Valpara\u00edso Creativo participa en el 23\u00ba Encuentro Empresarial"},"content":{"rendered":"<ul>\n<li style=\"text-align: left;\">Por tercer a\u00f1o consecutivo Valpara\u00edso Creativo participar\u00e1 en una nueva edici\u00f3n del Encuentro Empresarial organizado por la C\u00e1mara Regional de Comercio y la Producci\u00f3n\u00a0 a realizarse los d\u00edas 12 y 13 de junio en el Enjoy de Vi\u00f1a del Mar<\/li>\n<\/ul>\n<p>En esta oportunidad contar\u00e1 con un \u00abPabell\u00f3n de Servicios Creativos T\u00e9cnolog\u00edcos\u00bb\u00a0 dando la posibilidad de visibilizar a empresas del sector de videojuegos, aplicaciones tecnol\u00f3gicas, mapping, realidad virtual entre otras del rubro. En este pabell\u00f3n las empresas podr\u00e1n exhibir sus productos y servicios as\u00ed como tambi\u00e9n generar instancias de reuni\u00f3n con clientes, siendo una importante vitrina para empresas del sector creativo.<\/p>\n<p>Adem\u00e1s, hemos articulado una instancia de colaboraci\u00f3n junto a IMUVA, la Industria de la m\u00fasica de la regi\u00f3n de Valpara\u00edso y ProChile, para relevar el sector musical en donde se contar\u00e1 con un intercambio de experiencias junto a compradores internacionales que vienen desde M\u00e9xico, Colombia, Per\u00fa y Canad\u00e1.<\/p>\n<div><strong>Encuentro Empresarial\u00a0<\/strong><\/div>\n<div>Esta es la vig\u00e9sima tercera versi\u00f3n del Encuentro Empresarial, considerado como el evento empresarial m\u00e1s importante de la regi\u00f3n\u00a0 que en esta ocasi\u00f3n lleva por nombre \u00abSerendipia\u00bb,\u00a0 Hoy entendemos la serendipia como un descubrimiento o un hallazgo valioso que se produce de manera accidental o casual. Se trata de un proceso activo, y no pasivo, donde quien descubre se encuentra atento y abierto a lo inesperado -aunque est\u00e9 buscando otra cosa-.<\/div>\n<div>\n<p>Seminarios, actividades de networking, ruedas de negocios y mucho m\u00e1s ser\u00e1n parte del 23 Encuentro Empresarial: Serendipia.\u00a0 Contar\u00e1 con importantes expositores nacionales internacionales, que abordar\u00e1n materias como el desarrollo de ecosistemas, la innovaci\u00f3n, la creatividad, el emprendimiento y la transformaci\u00f3n digital en turismo. Adem\u00e1s, contempla la realizaci\u00f3n de seminarios, charlas magistrales, actividades de networking, ruedas de negocios, showroom y mucho m\u00e1s, transform\u00e1ndose as\u00ed en un espacio clave para el entramado empresarial de la regi\u00f3n.<\/p>\n<\/div>\n<div>El Encuentro Empresarial convoca anualmente a m\u00e1s de 1.000 asistentes, adem\u00e1s de 3.000 visitas a trav\u00e9s de streaming. La tem\u00e1tica principal ser\u00e1 el rol que cumple la actividad empresarial para resolver los desaf\u00edos de la sociedad, con \u00e9nfasis en la innovaci\u00f3n, la creatividad, el emprendimiento, la creaci\u00f3n de valor compartido y el desarrollo de ecosistemas.<\/div>\n<p>&nbsp;<\/p>\n<p>&nbsp;<\/p>\n<p>&nbsp;<\/p>\n<p>&nbsp;<\/p>\n<p>&nbsp;<\/p>\n","protected":false},"excerpt":{"rendered":"<p>Por tercer a\u00f1o consecutivo Valpara\u00edso Creativo participar\u00e1 en una nueva edici\u00f3n del Encuentro Empresarial organizado por la C\u00e1mara Regional de Comercio y la Producci\u00f3n\u00a0 a realizarse los d\u00edas 12 y 13 de junio en el Enjoy de Vi\u00f1a del Mar En esta oportunidad contar\u00e1 con un \u00abPabell\u00f3n de Servicios Creativos T\u00e9cnolog\u00edcos\u00bb\u00a0 dando la posibilidad de [&hellip;]<\/p>\n","protected":false},"author":3,"featured_media":9037,"comment_status":"closed","ping_status":"closed","sticky":false,"template":"","format":"standard","meta":{"_acf_changed":false,"footnotes":""},"categories":[8],"tags":[],"class_list":["post-9036","post","type-post","status-publish","format-standard","has-post-thumbnail","hentry","category-noticia"],"acf":[],"yoast_head":"<!-- This site is optimized with the Yoast SEO plugin v27.1.1 - https:\/\/yoast.com\/product\/yoast-seo-wordpress\/ -->\n<title>Valpara\u00edso Creativo participa en el 23\u00ba Encuentro Empresarial - Valpara\u00ed\u00adso Creativo<\/title>\n<meta name=\"robots\" content=\"index, follow, max-snippet:-1, max-image-preview:large, max-video-preview:-1\" \/>\n<link rel=\"canonical\" href=\"https:\/\/dev.antudigital.cl\/sites\/vc\/valparaiso-creativo-participa-en-el-23o-encuentro-empresarial\/\" \/>\n<meta property=\"og:locale\" content=\"es_ES\" \/>\n<meta property=\"og:type\" content=\"article\" \/>\n<meta property=\"og:title\" content=\"Valpara\u00edso Creativo participa en el 23\u00ba Encuentro Empresarial - Valpara\u00ed\u00adso Creativo\" \/>\n<meta property=\"og:description\" content=\"Por tercer a\u00f1o consecutivo Valpara\u00edso Creativo participar\u00e1 en una nueva edici\u00f3n del Encuentro Empresarial organizado por la C\u00e1mara Regional de Comercio y la Producci\u00f3n\u00a0 a realizarse los d\u00edas 12 y 13 de junio en el Enjoy de Vi\u00f1a del Mar En esta oportunidad contar\u00e1 con un \u00abPabell\u00f3n de Servicios Creativos T\u00e9cnolog\u00edcos\u00bb\u00a0 dando la posibilidad de [&hellip;]\" \/>\n<meta property=\"og:url\" content=\"https:\/\/dev.antudigital.cl\/sites\/vc\/valparaiso-creativo-participa-en-el-23o-encuentro-empresarial\/\" \/>\n<meta property=\"og:site_name\" content=\"Valpara\u00ed\u00adso Creativo\" \/>\n<meta property=\"article:published_time\" content=\"2019-06-04T17:27:34+00:00\" \/>\n<meta property=\"og:image\" content=\"https:\/\/dev.antudigital.cl\/sites\/vc\/wp-content\/uploads\/2019\/06\/DSF2654.jpg\" \/>\n\t<meta property=\"og:image:width\" content=\"1200\" \/>\n\t<meta property=\"og:image:height\" content=\"800\" \/>\n\t<meta property=\"og:image:type\" content=\"image\/jpeg\" \/>\n<meta name=\"author\" content=\"Valparaiso Creativo\" \/>\n<meta name=\"twitter:card\" content=\"summary_large_image\" \/>\n<meta name=\"twitter:label1\" content=\"Escrito por\" \/>\n\t<meta name=\"twitter:data1\" content=\"Valparaiso Creativo\" \/>\n\t<meta name=\"twitter:label2\" content=\"Tiempo de lectura\" \/>\n\t<meta name=\"twitter:data2\" content=\"2 minutos\" \/>\n<script type=\"application\/ld+json\" class=\"yoast-schema-graph\">{\"@context\":\"https:\/\/schema.org\",\"@graph\":[{\"@type\":\"Article\",\"@id\":\"https:\/\/dev.antudigital.cl\/sites\/vc\/valparaiso-creativo-participa-en-el-23o-encuentro-empresarial\/#article\",\"isPartOf\":{\"@id\":\"https:\/\/dev.antudigital.cl\/sites\/vc\/valparaiso-creativo-participa-en-el-23o-encuentro-empresarial\/\"},\"author\":{\"name\":\"Valparaiso Creativo\",\"@id\":\"https:\/\/dev.antudigital.cl\/sites\/vc\/#\/schema\/person\/81d1dcd51abd542b5dfc00f5f951a0f1\"},\"headline\":\"Valpara\u00edso Creativo participa en el 23\u00ba Encuentro Empresarial\",\"datePublished\":\"2019-06-04T17:27:34+00:00\",\"mainEntityOfPage\":{\"@id\":\"https:\/\/dev.antudigital.cl\/sites\/vc\/valparaiso-creativo-participa-en-el-23o-encuentro-empresarial\/\"},\"wordCount\":401,\"image\":{\"@id\":\"https:\/\/dev.antudigital.cl\/sites\/vc\/valparaiso-creativo-participa-en-el-23o-encuentro-empresarial\/#primaryimage\"},\"thumbnailUrl\":\"https:\/\/dev.antudigital.cl\/sites\/vc\/wp-content\/uploads\/2019\/06\/DSF2654.jpg\",\"articleSection\":[\"Noticia\"],\"inLanguage\":\"es\"},{\"@type\":\"WebPage\",\"@id\":\"https:\/\/dev.antudigital.cl\/sites\/vc\/valparaiso-creativo-participa-en-el-23o-encuentro-empresarial\/\",\"url\":\"https:\/\/dev.antudigital.cl\/sites\/vc\/valparaiso-creativo-participa-en-el-23o-encuentro-empresarial\/\",\"name\":\"Valpara\u00edso Creativo participa en el 23\u00ba Encuentro Empresarial - Valpara\u00ed\u00adso Creativo\",\"isPartOf\":{\"@id\":\"https:\/\/dev.antudigital.cl\/sites\/vc\/#website\"},\"primaryImageOfPage\":{\"@id\":\"https:\/\/dev.antudigital.cl\/sites\/vc\/valparaiso-creativo-participa-en-el-23o-encuentro-empresarial\/#primaryimage\"},\"image\":{\"@id\":\"https:\/\/dev.antudigital.cl\/sites\/vc\/valparaiso-creativo-participa-en-el-23o-encuentro-empresarial\/#primaryimage\"},\"thumbnailUrl\":\"https:\/\/dev.antudigital.cl\/sites\/vc\/wp-content\/uploads\/2019\/06\/DSF2654.jpg\",\"datePublished\":\"2019-06-04T17:27:34+00:00\",\"author\":{\"@id\":\"https:\/\/dev.antudigital.cl\/sites\/vc\/#\/schema\/person\/81d1dcd51abd542b5dfc00f5f951a0f1\"},\"breadcrumb\":{\"@id\":\"https:\/\/dev.antudigital.cl\/sites\/vc\/valparaiso-creativo-participa-en-el-23o-encuentro-empresarial\/#breadcrumb\"},\"inLanguage\":\"es\",\"potentialAction\":[{\"@type\":\"ReadAction\",\"target\":[\"https:\/\/dev.antudigital.cl\/sites\/vc\/valparaiso-creativo-participa-en-el-23o-encuentro-empresarial\/\"]}]},{\"@type\":\"ImageObject\",\"inLanguage\":\"es\",\"@id\":\"https:\/\/dev.antudigital.cl\/sites\/vc\/valparaiso-creativo-participa-en-el-23o-encuentro-empresarial\/#primaryimage\",\"url\":\"https:\/\/dev.antudigital.cl\/sites\/vc\/wp-content\/uploads\/2019\/06\/DSF2654.jpg\",\"contentUrl\":\"https:\/\/dev.antudigital.cl\/sites\/vc\/wp-content\/uploads\/2019\/06\/DSF2654.jpg\",\"width\":1200,\"height\":800},{\"@type\":\"BreadcrumbList\",\"@id\":\"https:\/\/dev.antudigital.cl\/sites\/vc\/valparaiso-creativo-participa-en-el-23o-encuentro-empresarial\/#breadcrumb\",\"itemListElement\":[{\"@type\":\"ListItem\",\"position\":1,\"name\":\"Home\",\"item\":\"https:\/\/dev.antudigital.cl\/sites\/vc\/\"},{\"@type\":\"ListItem\",\"position\":2,\"name\":\"Valpara\u00edso Creativo participa en el 23\u00ba Encuentro Empresarial\"}]},{\"@type\":\"WebSite\",\"@id\":\"https:\/\/dev.antudigital.cl\/sites\/vc\/#website\",\"url\":\"https:\/\/dev.antudigital.cl\/sites\/vc\/\",\"name\":\"Valpara\u00ed\u00adso Creativo\",\"description\":\"\",\"potentialAction\":[{\"@type\":\"SearchAction\",\"target\":{\"@type\":\"EntryPoint\",\"urlTemplate\":\"https:\/\/dev.antudigital.cl\/sites\/vc\/?s={search_term_string}\"},\"query-input\":{\"@type\":\"PropertyValueSpecification\",\"valueRequired\":true,\"valueName\":\"search_term_string\"}}],\"inLanguage\":\"es\"},{\"@type\":\"Person\",\"@id\":\"https:\/\/dev.antudigital.cl\/sites\/vc\/#\/schema\/person\/81d1dcd51abd542b5dfc00f5f951a0f1\",\"name\":\"Valparaiso Creativo\",\"url\":\"https:\/\/dev.antudigital.cl\/sites\/vc\/author\/valparaiso-creativo\/\"}]}<\/script>\n<!-- \/ Yoast SEO plugin. -->","yoast_head_json":{"title":"Valpara\u00edso Creativo participa en el 23\u00ba Encuentro Empresarial - Valpara\u00ed\u00adso Creativo","robots":{"index":"index","follow":"follow","max-snippet":"max-snippet:-1","max-image-preview":"max-image-preview:large","max-video-preview":"max-video-preview:-1"},"canonical":"https:\/\/dev.antudigital.cl\/sites\/vc\/valparaiso-creativo-participa-en-el-23o-encuentro-empresarial\/","og_locale":"es_ES","og_type":"article","og_title":"Valpara\u00edso Creativo participa en el 23\u00ba Encuentro Empresarial - Valpara\u00ed\u00adso Creativo","og_description":"Por tercer a\u00f1o consecutivo Valpara\u00edso Creativo participar\u00e1 en una nueva edici\u00f3n del Encuentro Empresarial organizado por la C\u00e1mara Regional de Comercio y la Producci\u00f3n\u00a0 a realizarse los d\u00edas 12 y 13 de junio en el Enjoy de Vi\u00f1a del Mar En esta oportunidad contar\u00e1 con un \u00abPabell\u00f3n de Servicios Creativos T\u00e9cnolog\u00edcos\u00bb\u00a0 dando la posibilidad de [&hellip;]","og_url":"https:\/\/dev.antudigital.cl\/sites\/vc\/valparaiso-creativo-participa-en-el-23o-encuentro-empresarial\/","og_site_name":"Valpara\u00ed\u00adso Creativo","article_published_time":"2019-06-04T17:27:34+00:00","og_image":[{"width":1200,"height":800,"url":"https:\/\/dev.antudigital.cl\/sites\/vc\/wp-content\/uploads\/2019\/06\/DSF2654.jpg","type":"image\/jpeg"}],"author":"Valparaiso Creativo","twitter_card":"summary_large_image","twitter_misc":{"Escrito por":"Valparaiso Creativo","Tiempo de lectura":"2 minutos"},"schema":{"@context":"https:\/\/schema.org","@graph":[{"@type":"Article","@id":"https:\/\/dev.antudigital.cl\/sites\/vc\/valparaiso-creativo-participa-en-el-23o-encuentro-empresarial\/#article","isPartOf":{"@id":"https:\/\/dev.antudigital.cl\/sites\/vc\/valparaiso-creativo-participa-en-el-23o-encuentro-empresarial\/"},"author":{"name":"Valparaiso Creativo","@id":"https:\/\/dev.antudigital.cl\/sites\/vc\/#\/schema\/person\/81d1dcd51abd542b5dfc00f5f951a0f1"},"headline":"Valpara\u00edso Creativo participa en el 23\u00ba Encuentro Empresarial","datePublished":"2019-06-04T17:27:34+00:00","mainEntityOfPage":{"@id":"https:\/\/dev.antudigital.cl\/sites\/vc\/valparaiso-creativo-participa-en-el-23o-encuentro-empresarial\/"},"wordCount":401,"image":{"@id":"https:\/\/dev.antudigital.cl\/sites\/vc\/valparaiso-creativo-participa-en-el-23o-encuentro-empresarial\/#primaryimage"},"thumbnailUrl":"https:\/\/dev.antudigital.cl\/sites\/vc\/wp-content\/uploads\/2019\/06\/DSF2654.jpg","articleSection":["Noticia"],"inLanguage":"es"},{"@type":"WebPage","@id":"https:\/\/dev.antudigital.cl\/sites\/vc\/valparaiso-creativo-participa-en-el-23o-encuentro-empresarial\/","url":"https:\/\/dev.antudigital.cl\/sites\/vc\/valparaiso-creativo-participa-en-el-23o-encuentro-empresarial\/","name":"Valpara\u00edso Creativo participa en el 23\u00ba Encuentro Empresarial - Valpara\u00ed\u00adso Creativo","isPartOf":{"@id":"https:\/\/dev.antudigital.cl\/sites\/vc\/#website"},"primaryImageOfPage":{"@id":"https:\/\/dev.antudigital.cl\/sites\/vc\/valparaiso-creativo-participa-en-el-23o-encuentro-empresarial\/#primaryimage"},"image":{"@id":"https:\/\/dev.antudigital.cl\/sites\/vc\/valparaiso-creativo-participa-en-el-23o-encuentro-empresarial\/#primaryimage"},"thumbnailUrl":"https:\/\/dev.antudigital.cl\/sites\/vc\/wp-content\/uploads\/2019\/06\/DSF2654.jpg","datePublished":"2019-06-04T17:27:34+00:00","author":{"@id":"https:\/\/dev.antudigital.cl\/sites\/vc\/#\/schema\/person\/81d1dcd51abd542b5dfc00f5f951a0f1"},"breadcrumb":{"@id":"https:\/\/dev.antudigital.cl\/sites\/vc\/valparaiso-creativo-participa-en-el-23o-encuentro-empresarial\/#breadcrumb"},"inLanguage":"es","potentialAction":[{"@type":"ReadAction","target":["https:\/\/dev.antudigital.cl\/sites\/vc\/valparaiso-creativo-participa-en-el-23o-encuentro-empresarial\/"]}]},{"@type":"ImageObject","inLanguage":"es","@id":"https:\/\/dev.antudigital.cl\/sites\/vc\/valparaiso-creativo-participa-en-el-23o-encuentro-empresarial\/#primaryimage","url":"https:\/\/dev.antudigital.cl\/sites\/vc\/wp-content\/uploads\/2019\/06\/DSF2654.jpg","contentUrl":"https:\/\/dev.antudigital.cl\/sites\/vc\/wp-content\/uploads\/2019\/06\/DSF2654.jpg","width":1200,"height":800},{"@type":"BreadcrumbList","@id":"https:\/\/dev.antudigital.cl\/sites\/vc\/valparaiso-creativo-participa-en-el-23o-encuentro-empresarial\/#breadcrumb","itemListElement":[{"@type":"ListItem","position":1,"name":"Home","item":"https:\/\/dev.antudigital.cl\/sites\/vc\/"},{"@type":"ListItem","position":2,"name":"Valpara\u00edso Creativo participa en el 23\u00ba Encuentro Empresarial"}]},{"@type":"WebSite","@id":"https:\/\/dev.antudigital.cl\/sites\/vc\/#website","url":"https:\/\/dev.antudigital.cl\/sites\/vc\/","name":"Valpara\u00ed\u00adso Creativo","description":"","potentialAction":[{"@type":"SearchAction","target":{"@type":"EntryPoint","urlTemplate":"https:\/\/dev.antudigital.cl\/sites\/vc\/?s={search_term_string}"},"query-input":{"@type":"PropertyValueSpecification","valueRequired":true,"valueName":"search_term_string"}}],"inLanguage":"es"},{"@type":"Person","@id":"https:\/\/dev.antudigital.cl\/sites\/vc\/#\/schema\/person\/81d1dcd51abd542b5dfc00f5f951a0f1","name":"Valparaiso Creativo","url":"https:\/\/dev.antudigital.cl\/sites\/vc\/author\/valparaiso-creativo\/"}]}},"_links":{"self":[{"href":"https:\/\/dev.antudigital.cl\/sites\/vc\/wp-json\/wp\/v2\/posts\/9036","targetHints":{"allow":["GET"]}}],"collection":[{"href":"https:\/\/dev.antudigital.cl\/sites\/vc\/wp-json\/wp\/v2\/posts"}],"about":[{"href":"https:\/\/dev.antudigital.cl\/sites\/vc\/wp-json\/wp\/v2\/types\/post"}],"author":[{"embeddable":true,"href":"https:\/\/dev.antudigital.cl\/sites\/vc\/wp-json\/wp\/v2\/users\/3"}],"replies":[{"embeddable":true,"href":"https:\/\/dev.antudigital.cl\/sites\/vc\/wp-json\/wp\/v2\/comments?post=9036"}],"version-history":[{"count":0,"href":"https:\/\/dev.antudigital.cl\/sites\/vc\/wp-json\/wp\/v2\/posts\/9036\/revisions"}],"wp:featuredmedia":[{"embeddable":true,"href":"https:\/\/dev.antudigital.cl\/sites\/vc\/wp-json\/wp\/v2\/media\/9037"}],"wp:attachment":[{"href":"https:\/\/dev.antudigital.cl\/sites\/vc\/wp-json\/wp\/v2\/media?parent=9036"}],"wp:term":[{"taxonomy":"category","embeddable":true,"href":"https:\/\/dev.antudigital.cl\/sites\/vc\/wp-json\/wp\/v2\/categories?post=9036"},{"taxonomy":"post_tag","embeddable":true,"href":"https:\/\/dev.antudigital.cl\/sites\/vc\/wp-json\/wp\/v2\/tags?post=9036"}],"curies":[{"name":"wp","href":"https:\/\/api.w.org\/{rel}","templated":true}]}}