{"id":9038,"date":"2019-05-28T16:37:51","date_gmt":"2019-05-28T16:37:51","guid":{"rendered":"http:\/\/www.valparaisocreativo.cl\/?p=3434"},"modified":"2019-05-28T16:37:51","modified_gmt":"2019-05-28T16:37:51","slug":"pro-chile-hace-llamado-a-empresas-con-intenciones-de-internacionalizarse-a-participar-en-encuentro-empresarial","status":"publish","type":"post","link":"https:\/\/dev.antudigital.cl\/sites\/vc\/pro-chile-hace-llamado-a-empresas-con-intenciones-de-internacionalizarse-a-participar-en-encuentro-empresarial\/","title":{"rendered":"Pro Chile hace llamado a empresas con intenciones de internacionalizarse a participar en Encuentro Empresarial"},"content":{"rendered":"<ul>\n<li>El pr\u00f3ximo 12 y 13 de junio se realizar\u00e1 la 23\u00ba versi\u00f3n del Encuentro Empresarial de la Regi\u00f3n de Valpara\u00edso y ProChile est\u00e1 invitando a empresas chilenas a participar.<\/li>\n<\/ul>\n<p>&nbsp;<\/p>\n<p>El perfil de empresas o PYMES son aquellas que tengan\u00a0 un inter\u00e9s en su internacionalizaci\u00f3n y poseer una oferta exportable en bienes y\/o servicio dentro de los subsectores de m\u00fasica, TICs (tecnolog\u00edas de la informaci\u00f3n y comunicaci\u00f3n) y vinos, y que adem\u00e1s contribuyan a la imagen pa\u00eds.<\/p>\n<p>El Encuentro Empresarial es uno de los eventos m\u00e1s importantes de la Regi\u00f3n de Valpara\u00edso, organizado anualmente por la C\u00e1mara Regional de Comercio de Valpara\u00edso. ProChile ha sido aliado estrat\u00e9gico de la C\u00e1mara por m\u00e1s de 20 a\u00f1os organizando la tra\u00edda de importadores internacionales y la realizaci\u00f3n de ruedas de negocios, entre otras actividades.<\/p>\n<p>En esta ocasi\u00f3n, el Encuentro Empresarial contar\u00e1 con ruedas de negocios, pitching, degustaciones de vinos, showcase y otras actividades de network. Adem\u00e1s, participar\u00e1n 16 importadores de los sectores de tecnolog\u00eda, m\u00fasica y vino envasado, provenientes de Brasil, Canad\u00e1, Colombia, Estados Unidos, Guatemala, M\u00e9xico, Paraguay y Per\u00fa.<\/p>\n<p>Todas las empresas que postulen a la presente convocatoria podr\u00e1n asistir al Encuentro Empresarial y participar en varias de las actividades de network que est\u00e1n preparadas. No obstante, se realizar\u00e1 una evaluaci\u00f3n y selecci\u00f3n dentro de los postulantes para las siguientes actividades dentro del programa (de acuerdo al sector):<\/p>\n<ul>\n<li>M\u00fasica: \u201cSpeed meetings\u201d (<strong>15 cupos para sellos<\/strong>)<\/li>\n<li>TICs: \u201cPitching\u201d (<strong>10 cupos para empresa de Agrotech, y 15 para Fintech<\/strong>)<\/li>\n<li>Vino: \u201cDegustaci\u00f3n\u201d (<strong>12 cupos para vi\u00f1as<\/strong>, con dos vinos cada una)<\/li>\n<\/ul>\n<p>M\u00e1s informaci\u00f3n y Postulaciones:\u00a0https:\/\/www.prochile.gob.cl\/evento\/23-encuentro-empresarial-de-valparaiso\/<\/p>\n<p><em>Fuente: Prochile\u00a0<\/em><\/p>\n<p>Fotografia: ProChile<\/p>\n","protected":false},"excerpt":{"rendered":"<p>El pr\u00f3ximo 12 y 13 de junio se realizar\u00e1 la 23\u00ba versi\u00f3n del Encuentro Empresarial de la Regi\u00f3n de Valpara\u00edso y ProChile est\u00e1 invitando a empresas chilenas a participar. &nbsp; El perfil de empresas o PYMES son aquellas que tengan\u00a0 un inter\u00e9s en su internacionalizaci\u00f3n y poseer una oferta exportable en bienes y\/o servicio dentro [&hellip;]<\/p>\n","protected":false},"author":3,"featured_media":9039,"comment_status":"closed","ping_status":"closed","sticky":false,"template":"","format":"standard","meta":{"_acf_changed":false,"footnotes":""},"categories":[8],"tags":[],"class_list":["post-9038","post","type-post","status-publish","format-standard","has-post-thumbnail","hentry","category-noticia"],"acf":[],"yoast_head":"<!-- This site is optimized with the Yoast SEO plugin v27.1.1 - https:\/\/yoast.com\/product\/yoast-seo-wordpress\/ -->\n<title>Pro Chile hace llamado a empresas con intenciones de internacionalizarse a participar en Encuentro Empresarial - Valpara\u00ed\u00adso Creativo<\/title>\n<meta name=\"robots\" content=\"index, follow, max-snippet:-1, max-image-preview:large, max-video-preview:-1\" \/>\n<link rel=\"canonical\" href=\"https:\/\/dev.antudigital.cl\/sites\/vc\/pro-chile-hace-llamado-a-empresas-con-intenciones-de-internacionalizarse-a-participar-en-encuentro-empresarial\/\" \/>\n<meta property=\"og:locale\" content=\"es_ES\" \/>\n<meta property=\"og:type\" content=\"article\" \/>\n<meta property=\"og:title\" content=\"Pro Chile hace llamado a empresas con intenciones de internacionalizarse a participar en Encuentro Empresarial - Valpara\u00ed\u00adso Creativo\" \/>\n<meta property=\"og:description\" content=\"El pr\u00f3ximo 12 y 13 de junio se realizar\u00e1 la 23\u00ba versi\u00f3n del Encuentro Empresarial de la Regi\u00f3n de Valpara\u00edso y ProChile est\u00e1 invitando a empresas chilenas a participar. &nbsp; El perfil de empresas o PYMES son aquellas que tengan\u00a0 un inter\u00e9s en su internacionalizaci\u00f3n y poseer una oferta exportable en bienes y\/o servicio dentro [&hellip;]\" \/>\n<meta property=\"og:url\" content=\"https:\/\/dev.antudigital.cl\/sites\/vc\/pro-chile-hace-llamado-a-empresas-con-intenciones-de-internacionalizarse-a-participar-en-encuentro-empresarial\/\" \/>\n<meta property=\"og:site_name\" content=\"Valpara\u00ed\u00adso Creativo\" \/>\n<meta property=\"article:published_time\" content=\"2019-05-28T16:37:51+00:00\" \/>\n<meta property=\"og:image\" content=\"https:\/\/dev.antudigital.cl\/sites\/vc\/wp-content\/uploads\/2019\/05\/ruedanegocios_ProChileEE.jpg\" \/>\n\t<meta property=\"og:image:width\" content=\"1024\" \/>\n\t<meta property=\"og:image:height\" content=\"576\" \/>\n\t<meta property=\"og:image:type\" content=\"image\/jpeg\" \/>\n<meta name=\"author\" content=\"Valparaiso Creativo\" \/>\n<meta name=\"twitter:card\" content=\"summary_large_image\" \/>\n<meta name=\"twitter:label1\" content=\"Escrito por\" \/>\n\t<meta name=\"twitter:data1\" content=\"Valparaiso Creativo\" \/>\n\t<meta name=\"twitter:label2\" content=\"Tiempo de lectura\" \/>\n\t<meta name=\"twitter:data2\" content=\"2 minutos\" \/>\n<script type=\"application\/ld+json\" class=\"yoast-schema-graph\">{\"@context\":\"https:\/\/schema.org\",\"@graph\":[{\"@type\":\"Article\",\"@id\":\"https:\/\/dev.antudigital.cl\/sites\/vc\/pro-chile-hace-llamado-a-empresas-con-intenciones-de-internacionalizarse-a-participar-en-encuentro-empresarial\/#article\",\"isPartOf\":{\"@id\":\"https:\/\/dev.antudigital.cl\/sites\/vc\/pro-chile-hace-llamado-a-empresas-con-intenciones-de-internacionalizarse-a-participar-en-encuentro-empresarial\/\"},\"author\":{\"name\":\"Valparaiso Creativo\",\"@id\":\"https:\/\/dev.antudigital.cl\/sites\/vc\/#\/schema\/person\/81d1dcd51abd542b5dfc00f5f951a0f1\"},\"headline\":\"Pro Chile hace llamado a empresas con intenciones de internacionalizarse a participar en Encuentro Empresarial\",\"datePublished\":\"2019-05-28T16:37:51+00:00\",\"mainEntityOfPage\":{\"@id\":\"https:\/\/dev.antudigital.cl\/sites\/vc\/pro-chile-hace-llamado-a-empresas-con-intenciones-de-internacionalizarse-a-participar-en-encuentro-empresarial\/\"},\"wordCount\":316,\"image\":{\"@id\":\"https:\/\/dev.antudigital.cl\/sites\/vc\/pro-chile-hace-llamado-a-empresas-con-intenciones-de-internacionalizarse-a-participar-en-encuentro-empresarial\/#primaryimage\"},\"thumbnailUrl\":\"https:\/\/dev.antudigital.cl\/sites\/vc\/wp-content\/uploads\/2019\/05\/ruedanegocios_ProChileEE.jpg\",\"articleSection\":[\"Noticia\"],\"inLanguage\":\"es\"},{\"@type\":\"WebPage\",\"@id\":\"https:\/\/dev.antudigital.cl\/sites\/vc\/pro-chile-hace-llamado-a-empresas-con-intenciones-de-internacionalizarse-a-participar-en-encuentro-empresarial\/\",\"url\":\"https:\/\/dev.antudigital.cl\/sites\/vc\/pro-chile-hace-llamado-a-empresas-con-intenciones-de-internacionalizarse-a-participar-en-encuentro-empresarial\/\",\"name\":\"Pro Chile hace llamado a empresas con intenciones de internacionalizarse a participar en Encuentro Empresarial - Valpara\u00ed\u00adso Creativo\",\"isPartOf\":{\"@id\":\"https:\/\/dev.antudigital.cl\/sites\/vc\/#website\"},\"primaryImageOfPage\":{\"@id\":\"https:\/\/dev.antudigital.cl\/sites\/vc\/pro-chile-hace-llamado-a-empresas-con-intenciones-de-internacionalizarse-a-participar-en-encuentro-empresarial\/#primaryimage\"},\"image\":{\"@id\":\"https:\/\/dev.antudigital.cl\/sites\/vc\/pro-chile-hace-llamado-a-empresas-con-intenciones-de-internacionalizarse-a-participar-en-encuentro-empresarial\/#primaryimage\"},\"thumbnailUrl\":\"https:\/\/dev.antudigital.cl\/sites\/vc\/wp-content\/uploads\/2019\/05\/ruedanegocios_ProChileEE.jpg\",\"datePublished\":\"2019-05-28T16:37:51+00:00\",\"author\":{\"@id\":\"https:\/\/dev.antudigital.cl\/sites\/vc\/#\/schema\/person\/81d1dcd51abd542b5dfc00f5f951a0f1\"},\"breadcrumb\":{\"@id\":\"https:\/\/dev.antudigital.cl\/sites\/vc\/pro-chile-hace-llamado-a-empresas-con-intenciones-de-internacionalizarse-a-participar-en-encuentro-empresarial\/#breadcrumb\"},\"inLanguage\":\"es\",\"potentialAction\":[{\"@type\":\"ReadAction\",\"target\":[\"https:\/\/dev.antudigital.cl\/sites\/vc\/pro-chile-hace-llamado-a-empresas-con-intenciones-de-internacionalizarse-a-participar-en-encuentro-empresarial\/\"]}]},{\"@type\":\"ImageObject\",\"inLanguage\":\"es\",\"@id\":\"https:\/\/dev.antudigital.cl\/sites\/vc\/pro-chile-hace-llamado-a-empresas-con-intenciones-de-internacionalizarse-a-participar-en-encuentro-empresarial\/#primaryimage\",\"url\":\"https:\/\/dev.antudigital.cl\/sites\/vc\/wp-content\/uploads\/2019\/05\/ruedanegocios_ProChileEE.jpg\",\"contentUrl\":\"https:\/\/dev.antudigital.cl\/sites\/vc\/wp-content\/uploads\/2019\/05\/ruedanegocios_ProChileEE.jpg\",\"width\":1024,\"height\":576},{\"@type\":\"BreadcrumbList\",\"@id\":\"https:\/\/dev.antudigital.cl\/sites\/vc\/pro-chile-hace-llamado-a-empresas-con-intenciones-de-internacionalizarse-a-participar-en-encuentro-empresarial\/#breadcrumb\",\"itemListElement\":[{\"@type\":\"ListItem\",\"position\":1,\"name\":\"Home\",\"item\":\"https:\/\/dev.antudigital.cl\/sites\/vc\/\"},{\"@type\":\"ListItem\",\"position\":2,\"name\":\"Pro Chile hace llamado a empresas con intenciones de internacionalizarse a participar en Encuentro Empresarial\"}]},{\"@type\":\"WebSite\",\"@id\":\"https:\/\/dev.antudigital.cl\/sites\/vc\/#website\",\"url\":\"https:\/\/dev.antudigital.cl\/sites\/vc\/\",\"name\":\"Valpara\u00ed\u00adso Creativo\",\"description\":\"\",\"potentialAction\":[{\"@type\":\"SearchAction\",\"target\":{\"@type\":\"EntryPoint\",\"urlTemplate\":\"https:\/\/dev.antudigital.cl\/sites\/vc\/?s={search_term_string}\"},\"query-input\":{\"@type\":\"PropertyValueSpecification\",\"valueRequired\":true,\"valueName\":\"search_term_string\"}}],\"inLanguage\":\"es\"},{\"@type\":\"Person\",\"@id\":\"https:\/\/dev.antudigital.cl\/sites\/vc\/#\/schema\/person\/81d1dcd51abd542b5dfc00f5f951a0f1\",\"name\":\"Valparaiso Creativo\",\"url\":\"https:\/\/dev.antudigital.cl\/sites\/vc\/author\/valparaiso-creativo\/\"}]}<\/script>\n<!-- \/ Yoast SEO plugin. -->","yoast_head_json":{"title":"Pro Chile hace llamado a empresas con intenciones de internacionalizarse a participar en Encuentro Empresarial - Valpara\u00ed\u00adso Creativo","robots":{"index":"index","follow":"follow","max-snippet":"max-snippet:-1","max-image-preview":"max-image-preview:large","max-video-preview":"max-video-preview:-1"},"canonical":"https:\/\/dev.antudigital.cl\/sites\/vc\/pro-chile-hace-llamado-a-empresas-con-intenciones-de-internacionalizarse-a-participar-en-encuentro-empresarial\/","og_locale":"es_ES","og_type":"article","og_title":"Pro Chile hace llamado a empresas con intenciones de internacionalizarse a participar en Encuentro Empresarial - Valpara\u00ed\u00adso Creativo","og_description":"El pr\u00f3ximo 12 y 13 de junio se realizar\u00e1 la 23\u00ba versi\u00f3n del Encuentro Empresarial de la Regi\u00f3n de Valpara\u00edso y ProChile est\u00e1 invitando a empresas chilenas a participar. &nbsp; El perfil de empresas o PYMES son aquellas que tengan\u00a0 un inter\u00e9s en su internacionalizaci\u00f3n y poseer una oferta exportable en bienes y\/o servicio dentro [&hellip;]","og_url":"https:\/\/dev.antudigital.cl\/sites\/vc\/pro-chile-hace-llamado-a-empresas-con-intenciones-de-internacionalizarse-a-participar-en-encuentro-empresarial\/","og_site_name":"Valpara\u00ed\u00adso Creativo","article_published_time":"2019-05-28T16:37:51+00:00","og_image":[{"width":1024,"height":576,"url":"https:\/\/dev.antudigital.cl\/sites\/vc\/wp-content\/uploads\/2019\/05\/ruedanegocios_ProChileEE.jpg","type":"image\/jpeg"}],"author":"Valparaiso Creativo","twitter_card":"summary_large_image","twitter_misc":{"Escrito por":"Valparaiso Creativo","Tiempo de lectura":"2 minutos"},"schema":{"@context":"https:\/\/schema.org","@graph":[{"@type":"Article","@id":"https:\/\/dev.antudigital.cl\/sites\/vc\/pro-chile-hace-llamado-a-empresas-con-intenciones-de-internacionalizarse-a-participar-en-encuentro-empresarial\/#article","isPartOf":{"@id":"https:\/\/dev.antudigital.cl\/sites\/vc\/pro-chile-hace-llamado-a-empresas-con-intenciones-de-internacionalizarse-a-participar-en-encuentro-empresarial\/"},"author":{"name":"Valparaiso Creativo","@id":"https:\/\/dev.antudigital.cl\/sites\/vc\/#\/schema\/person\/81d1dcd51abd542b5dfc00f5f951a0f1"},"headline":"Pro Chile hace llamado a empresas con intenciones de internacionalizarse a participar en Encuentro Empresarial","datePublished":"2019-05-28T16:37:51+00:00","mainEntityOfPage":{"@id":"https:\/\/dev.antudigital.cl\/sites\/vc\/pro-chile-hace-llamado-a-empresas-con-intenciones-de-internacionalizarse-a-participar-en-encuentro-empresarial\/"},"wordCount":316,"image":{"@id":"https:\/\/dev.antudigital.cl\/sites\/vc\/pro-chile-hace-llamado-a-empresas-con-intenciones-de-internacionalizarse-a-participar-en-encuentro-empresarial\/#primaryimage"},"thumbnailUrl":"https:\/\/dev.antudigital.cl\/sites\/vc\/wp-content\/uploads\/2019\/05\/ruedanegocios_ProChileEE.jpg","articleSection":["Noticia"],"inLanguage":"es"},{"@type":"WebPage","@id":"https:\/\/dev.antudigital.cl\/sites\/vc\/pro-chile-hace-llamado-a-empresas-con-intenciones-de-internacionalizarse-a-participar-en-encuentro-empresarial\/","url":"https:\/\/dev.antudigital.cl\/sites\/vc\/pro-chile-hace-llamado-a-empresas-con-intenciones-de-internacionalizarse-a-participar-en-encuentro-empresarial\/","name":"Pro Chile hace llamado a empresas con intenciones de internacionalizarse a participar en Encuentro Empresarial - Valpara\u00ed\u00adso Creativo","isPartOf":{"@id":"https:\/\/dev.antudigital.cl\/sites\/vc\/#website"},"primaryImageOfPage":{"@id":"https:\/\/dev.antudigital.cl\/sites\/vc\/pro-chile-hace-llamado-a-empresas-con-intenciones-de-internacionalizarse-a-participar-en-encuentro-empresarial\/#primaryimage"},"image":{"@id":"https:\/\/dev.antudigital.cl\/sites\/vc\/pro-chile-hace-llamado-a-empresas-con-intenciones-de-internacionalizarse-a-participar-en-encuentro-empresarial\/#primaryimage"},"thumbnailUrl":"https:\/\/dev.antudigital.cl\/sites\/vc\/wp-content\/uploads\/2019\/05\/ruedanegocios_ProChileEE.jpg","datePublished":"2019-05-28T16:37:51+00:00","author":{"@id":"https:\/\/dev.antudigital.cl\/sites\/vc\/#\/schema\/person\/81d1dcd51abd542b5dfc00f5f951a0f1"},"breadcrumb":{"@id":"https:\/\/dev.antudigital.cl\/sites\/vc\/pro-chile-hace-llamado-a-empresas-con-intenciones-de-internacionalizarse-a-participar-en-encuentro-empresarial\/#breadcrumb"},"inLanguage":"es","potentialAction":[{"@type":"ReadAction","target":["https:\/\/dev.antudigital.cl\/sites\/vc\/pro-chile-hace-llamado-a-empresas-con-intenciones-de-internacionalizarse-a-participar-en-encuentro-empresarial\/"]}]},{"@type":"ImageObject","inLanguage":"es","@id":"https:\/\/dev.antudigital.cl\/sites\/vc\/pro-chile-hace-llamado-a-empresas-con-intenciones-de-internacionalizarse-a-participar-en-encuentro-empresarial\/#primaryimage","url":"https:\/\/dev.antudigital.cl\/sites\/vc\/wp-content\/uploads\/2019\/05\/ruedanegocios_ProChileEE.jpg","contentUrl":"https:\/\/dev.antudigital.cl\/sites\/vc\/wp-content\/uploads\/2019\/05\/ruedanegocios_ProChileEE.jpg","width":1024,"height":576},{"@type":"BreadcrumbList","@id":"https:\/\/dev.antudigital.cl\/sites\/vc\/pro-chile-hace-llamado-a-empresas-con-intenciones-de-internacionalizarse-a-participar-en-encuentro-empresarial\/#breadcrumb","itemListElement":[{"@type":"ListItem","position":1,"name":"Home","item":"https:\/\/dev.antudigital.cl\/sites\/vc\/"},{"@type":"ListItem","position":2,"name":"Pro Chile hace llamado a empresas con intenciones de internacionalizarse a participar en Encuentro Empresarial"}]},{"@type":"WebSite","@id":"https:\/\/dev.antudigital.cl\/sites\/vc\/#website","url":"https:\/\/dev.antudigital.cl\/sites\/vc\/","name":"Valpara\u00ed\u00adso Creativo","description":"","potentialAction":[{"@type":"SearchAction","target":{"@type":"EntryPoint","urlTemplate":"https:\/\/dev.antudigital.cl\/sites\/vc\/?s={search_term_string}"},"query-input":{"@type":"PropertyValueSpecification","valueRequired":true,"valueName":"search_term_string"}}],"inLanguage":"es"},{"@type":"Person","@id":"https:\/\/dev.antudigital.cl\/sites\/vc\/#\/schema\/person\/81d1dcd51abd542b5dfc00f5f951a0f1","name":"Valparaiso Creativo","url":"https:\/\/dev.antudigital.cl\/sites\/vc\/author\/valparaiso-creativo\/"}]}},"_links":{"self":[{"href":"https:\/\/dev.antudigital.cl\/sites\/vc\/wp-json\/wp\/v2\/posts\/9038","targetHints":{"allow":["GET"]}}],"collection":[{"href":"https:\/\/dev.antudigital.cl\/sites\/vc\/wp-json\/wp\/v2\/posts"}],"about":[{"href":"https:\/\/dev.antudigital.cl\/sites\/vc\/wp-json\/wp\/v2\/types\/post"}],"author":[{"embeddable":true,"href":"https:\/\/dev.antudigital.cl\/sites\/vc\/wp-json\/wp\/v2\/users\/3"}],"replies":[{"embeddable":true,"href":"https:\/\/dev.antudigital.cl\/sites\/vc\/wp-json\/wp\/v2\/comments?post=9038"}],"version-history":[{"count":0,"href":"https:\/\/dev.antudigital.cl\/sites\/vc\/wp-json\/wp\/v2\/posts\/9038\/revisions"}],"wp:featuredmedia":[{"embeddable":true,"href":"https:\/\/dev.antudigital.cl\/sites\/vc\/wp-json\/wp\/v2\/media\/9039"}],"wp:attachment":[{"href":"https:\/\/dev.antudigital.cl\/sites\/vc\/wp-json\/wp\/v2\/media?parent=9038"}],"wp:term":[{"taxonomy":"category","embeddable":true,"href":"https:\/\/dev.antudigital.cl\/sites\/vc\/wp-json\/wp\/v2\/categories?post=9038"},{"taxonomy":"post_tag","embeddable":true,"href":"https:\/\/dev.antudigital.cl\/sites\/vc\/wp-json\/wp\/v2\/tags?post=9038"}],"curies":[{"name":"wp","href":"https:\/\/api.w.org\/{rel}","templated":true}]}}