{"id":9042,"date":"2019-05-28T12:48:59","date_gmt":"2019-05-28T12:48:59","guid":{"rendered":"http:\/\/www.valparaisocreativo.cl\/?p=3426"},"modified":"2019-05-28T12:48:59","modified_gmt":"2019-05-28T12:48:59","slug":"panel-de-conversacion-abordara-el-impacto-de-los-festivales-culturales-en-sus-territorios","status":"publish","type":"post","link":"https:\/\/dev.antudigital.cl\/sites\/vc\/panel-de-conversacion-abordara-el-impacto-de-los-festivales-culturales-en-sus-territorios\/","title":{"rendered":"Panel de conversaci\u00f3n abordar\u00e1 el impacto de los festivales culturales en sus territorios"},"content":{"rendered":"<ul>\n<li><span style=\"font-weight: 400;\">La actividad forma parte de la programaci\u00f3n de RED. Encuentro de Festivales de Cine de Chile, que se llevar\u00e1 a cabo del 5 al 8 de junio en Valpara\u00edso, en alianza con el programa Valpara\u00edso Creativo de Corfo. \u00a0La entrada es liberada.<\/span><\/li>\n<\/ul>\n<p><span style=\"font-weight: 400;\">El <\/span><b>jueves 6 de junio, de 19 a 20 horas<\/b><span style=\"font-weight: 400;\">, se llevar\u00e1 a cabo el panel de conversaci\u00f3n \u201cImpacto de los festivales en sus territorios\u201d, con la idea de ampliar la mirada y reflexionar sobre lo que estos eventos dinamizan. Esta instancia de di\u00e1logo producida por La Fuente en alianza con el programa Valpara\u00edso Creativo, se realizar\u00e1 en la Sala de Microcine de El Internado de Valpara\u00edso.<\/span><\/p>\n<p><span style=\"font-weight: 400;\">Uno de los expositores ser\u00e1<\/span><b> Guillermo Olivares<\/b><span style=\"font-weight: 400;\">, \u00a0Jefe de Programaci\u00f3n del Festival Internacional de Cine de Valdivia \u00a0e investigador a cargo del estudio de caracterizaci\u00f3n de los festivales de la misma ciudad. A \u00e9l se sumar\u00e1n <\/span><b>\u00a0Jorge Rosenthal<\/b><span style=\"font-weight: 400;\">, Gerente del Programa Valpara\u00edso Creativo de Corfo; y <\/span><b>Mar\u00eda Paz Peirano<\/b><span style=\"font-weight: 400;\">, antrop\u00f3loga e investigadora experta en festivales de cine. <\/span><\/p>\n<p><span style=\"font-weight: 400;\">Considerando la proliferaci\u00f3n de festivales de diversas disciplinas en nuestro pa\u00eds, propiciando el crecimiento de la oferta art\u00edstica y un mayor consumo cultural en las ciudades, esta actividad busca conocer e intercambiar miradas en torno al impacto (cultural, social, tur\u00edstico, econ\u00f3mico) de estos eventos en sus territorios. La actividad est\u00e1 dirigida a gestores culturales, artistas y p\u00fablico general interesado en el \u00e1rea. <\/span><\/p>\n<p><span style=\"font-weight: 400;\">Quienes deseen participar solo deben inscribirse de manera gratuita en el siguiente <a href=\"https:\/\/forms.gle\/x4ybsAUPRw1ogXrNA\">FORMULARIO ONLINE<\/a><\/span><span style=\"font-weight: 400;\">.<\/span> <span style=\"font-weight: 400;\">Para conocer mayores detalles de RED 2019 -encuentro que se reunir\u00e1 durante cuatro d\u00edas en Valpara\u00edso a 32 festivales de cine de todo el pa\u00eds-, su programaci\u00f3n y saber c\u00f3mo asistir a alguna de sus actividades, ingresa a <\/span><a href=\"http:\/\/www.redfestivalesdecine.cl\"><span style=\"font-weight: 400;\">www.redfestivalesdecine.cl<\/span><\/a><\/p>\n<p><span style=\"font-weight: 400;\">RED es un proyecto financiado por el Fondo de Fomento Audiovisual del Ministerio de las Culturas, las Artes y el Patrimonio, Convocatoria 2019. Es producido por La Fuente y cuenta con la colaboraci\u00f3n de la Cineteca PUCV, DUOC UC sede Vi\u00f1a del Mar, la Facultad de Comunicaciones UC, la carrera de Gesti\u00f3n en Turismo y Cultura de la Universidad de Valpara\u00edso, \u00a0Escuela de Periodismo PUCV, Balmaceda Arte Joven Valpara\u00edso, el programa estrat\u00e9gico de Corfo Valpara\u00edso Creativo, La Joya, El Internado y Dinamarca 399, adem\u00e1s del auspicio de Respiral Audiovisual.<\/span><\/p>\n<p>&nbsp;<\/p>\n","protected":false},"excerpt":{"rendered":"<p>La actividad forma parte de la programaci\u00f3n de RED. Encuentro de Festivales de Cine de Chile, que se llevar\u00e1 a cabo del 5 al 8 de junio en Valpara\u00edso, en alianza con el programa Valpara\u00edso Creativo de Corfo. \u00a0La entrada es liberada. El jueves 6 de junio, de 19 a 20 horas, se llevar\u00e1 a [&hellip;]<\/p>\n","protected":false},"author":3,"featured_media":9043,"comment_status":"closed","ping_status":"closed","sticky":false,"template":"","format":"standard","meta":{"_acf_changed":false,"footnotes":""},"categories":[8],"tags":[],"class_list":["post-9042","post","type-post","status-publish","format-standard","has-post-thumbnail","hentry","category-noticia"],"acf":[],"yoast_head":"<!-- This site is optimized with the Yoast SEO plugin v27.1.1 - https:\/\/yoast.com\/product\/yoast-seo-wordpress\/ -->\n<title>Panel de conversaci\u00f3n abordar\u00e1 el impacto de los festivales culturales en sus territorios - Valpara\u00ed\u00adso Creativo<\/title>\n<meta name=\"robots\" content=\"index, follow, max-snippet:-1, max-image-preview:large, max-video-preview:-1\" \/>\n<link rel=\"canonical\" href=\"https:\/\/dev.antudigital.cl\/sites\/vc\/panel-de-conversacion-abordara-el-impacto-de-los-festivales-culturales-en-sus-territorios\/\" \/>\n<meta property=\"og:locale\" content=\"es_ES\" \/>\n<meta property=\"og:type\" content=\"article\" \/>\n<meta property=\"og:title\" content=\"Panel de conversaci\u00f3n abordar\u00e1 el impacto de los festivales culturales en sus territorios - Valpara\u00ed\u00adso Creativo\" \/>\n<meta property=\"og:description\" content=\"La actividad forma parte de la programaci\u00f3n de RED. Encuentro de Festivales de Cine de Chile, que se llevar\u00e1 a cabo del 5 al 8 de junio en Valpara\u00edso, en alianza con el programa Valpara\u00edso Creativo de Corfo. \u00a0La entrada es liberada. El jueves 6 de junio, de 19 a 20 horas, se llevar\u00e1 a [&hellip;]\" \/>\n<meta property=\"og:url\" content=\"https:\/\/dev.antudigital.cl\/sites\/vc\/panel-de-conversacion-abordara-el-impacto-de-los-festivales-culturales-en-sus-territorios\/\" \/>\n<meta property=\"og:site_name\" content=\"Valpara\u00ed\u00adso Creativo\" \/>\n<meta property=\"article:published_time\" content=\"2019-05-28T12:48:59+00:00\" \/>\n<meta property=\"og:image\" content=\"https:\/\/dev.antudigital.cl\/sites\/vc\/wp-content\/uploads\/2019\/05\/FLYER-WEB-3_Final_REDFestivales-e1559061966132.jpg\" \/>\n\t<meta property=\"og:image:width\" content=\"1500\" \/>\n\t<meta property=\"og:image:height\" content=\"785\" \/>\n\t<meta property=\"og:image:type\" content=\"image\/jpeg\" \/>\n<meta name=\"author\" content=\"Valparaiso Creativo\" \/>\n<meta name=\"twitter:card\" content=\"summary_large_image\" \/>\n<meta name=\"twitter:label1\" content=\"Escrito por\" \/>\n\t<meta name=\"twitter:data1\" content=\"Valparaiso Creativo\" \/>\n\t<meta name=\"twitter:label2\" content=\"Tiempo de lectura\" \/>\n\t<meta name=\"twitter:data2\" content=\"2 minutos\" \/>\n<script type=\"application\/ld+json\" class=\"yoast-schema-graph\">{\"@context\":\"https:\/\/schema.org\",\"@graph\":[{\"@type\":\"Article\",\"@id\":\"https:\/\/dev.antudigital.cl\/sites\/vc\/panel-de-conversacion-abordara-el-impacto-de-los-festivales-culturales-en-sus-territorios\/#article\",\"isPartOf\":{\"@id\":\"https:\/\/dev.antudigital.cl\/sites\/vc\/panel-de-conversacion-abordara-el-impacto-de-los-festivales-culturales-en-sus-territorios\/\"},\"author\":{\"name\":\"Valparaiso Creativo\",\"@id\":\"https:\/\/dev.antudigital.cl\/sites\/vc\/#\/schema\/person\/81d1dcd51abd542b5dfc00f5f951a0f1\"},\"headline\":\"Panel de conversaci\u00f3n abordar\u00e1 el impacto de los festivales culturales en sus territorios\",\"datePublished\":\"2019-05-28T12:48:59+00:00\",\"mainEntityOfPage\":{\"@id\":\"https:\/\/dev.antudigital.cl\/sites\/vc\/panel-de-conversacion-abordara-el-impacto-de-los-festivales-culturales-en-sus-territorios\/\"},\"wordCount\":410,\"image\":{\"@id\":\"https:\/\/dev.antudigital.cl\/sites\/vc\/panel-de-conversacion-abordara-el-impacto-de-los-festivales-culturales-en-sus-territorios\/#primaryimage\"},\"thumbnailUrl\":\"https:\/\/dev.antudigital.cl\/sites\/vc\/wp-content\/uploads\/2019\/05\/FLYER-WEB-3_Final_REDFestivales-e1559061966132.jpg\",\"articleSection\":[\"Noticia\"],\"inLanguage\":\"es\"},{\"@type\":\"WebPage\",\"@id\":\"https:\/\/dev.antudigital.cl\/sites\/vc\/panel-de-conversacion-abordara-el-impacto-de-los-festivales-culturales-en-sus-territorios\/\",\"url\":\"https:\/\/dev.antudigital.cl\/sites\/vc\/panel-de-conversacion-abordara-el-impacto-de-los-festivales-culturales-en-sus-territorios\/\",\"name\":\"Panel de conversaci\u00f3n abordar\u00e1 el impacto de los festivales culturales en sus territorios - Valpara\u00ed\u00adso Creativo\",\"isPartOf\":{\"@id\":\"https:\/\/dev.antudigital.cl\/sites\/vc\/#website\"},\"primaryImageOfPage\":{\"@id\":\"https:\/\/dev.antudigital.cl\/sites\/vc\/panel-de-conversacion-abordara-el-impacto-de-los-festivales-culturales-en-sus-territorios\/#primaryimage\"},\"image\":{\"@id\":\"https:\/\/dev.antudigital.cl\/sites\/vc\/panel-de-conversacion-abordara-el-impacto-de-los-festivales-culturales-en-sus-territorios\/#primaryimage\"},\"thumbnailUrl\":\"https:\/\/dev.antudigital.cl\/sites\/vc\/wp-content\/uploads\/2019\/05\/FLYER-WEB-3_Final_REDFestivales-e1559061966132.jpg\",\"datePublished\":\"2019-05-28T12:48:59+00:00\",\"author\":{\"@id\":\"https:\/\/dev.antudigital.cl\/sites\/vc\/#\/schema\/person\/81d1dcd51abd542b5dfc00f5f951a0f1\"},\"breadcrumb\":{\"@id\":\"https:\/\/dev.antudigital.cl\/sites\/vc\/panel-de-conversacion-abordara-el-impacto-de-los-festivales-culturales-en-sus-territorios\/#breadcrumb\"},\"inLanguage\":\"es\",\"potentialAction\":[{\"@type\":\"ReadAction\",\"target\":[\"https:\/\/dev.antudigital.cl\/sites\/vc\/panel-de-conversacion-abordara-el-impacto-de-los-festivales-culturales-en-sus-territorios\/\"]}]},{\"@type\":\"ImageObject\",\"inLanguage\":\"es\",\"@id\":\"https:\/\/dev.antudigital.cl\/sites\/vc\/panel-de-conversacion-abordara-el-impacto-de-los-festivales-culturales-en-sus-territorios\/#primaryimage\",\"url\":\"https:\/\/dev.antudigital.cl\/sites\/vc\/wp-content\/uploads\/2019\/05\/FLYER-WEB-3_Final_REDFestivales-e1559061966132.jpg\",\"contentUrl\":\"https:\/\/dev.antudigital.cl\/sites\/vc\/wp-content\/uploads\/2019\/05\/FLYER-WEB-3_Final_REDFestivales-e1559061966132.jpg\",\"width\":1500,\"height\":785},{\"@type\":\"BreadcrumbList\",\"@id\":\"https:\/\/dev.antudigital.cl\/sites\/vc\/panel-de-conversacion-abordara-el-impacto-de-los-festivales-culturales-en-sus-territorios\/#breadcrumb\",\"itemListElement\":[{\"@type\":\"ListItem\",\"position\":1,\"name\":\"Home\",\"item\":\"https:\/\/dev.antudigital.cl\/sites\/vc\/\"},{\"@type\":\"ListItem\",\"position\":2,\"name\":\"Panel de conversaci\u00f3n abordar\u00e1 el impacto de los festivales culturales en sus territorios\"}]},{\"@type\":\"WebSite\",\"@id\":\"https:\/\/dev.antudigital.cl\/sites\/vc\/#website\",\"url\":\"https:\/\/dev.antudigital.cl\/sites\/vc\/\",\"name\":\"Valpara\u00ed\u00adso Creativo\",\"description\":\"\",\"potentialAction\":[{\"@type\":\"SearchAction\",\"target\":{\"@type\":\"EntryPoint\",\"urlTemplate\":\"https:\/\/dev.antudigital.cl\/sites\/vc\/?s={search_term_string}\"},\"query-input\":{\"@type\":\"PropertyValueSpecification\",\"valueRequired\":true,\"valueName\":\"search_term_string\"}}],\"inLanguage\":\"es\"},{\"@type\":\"Person\",\"@id\":\"https:\/\/dev.antudigital.cl\/sites\/vc\/#\/schema\/person\/81d1dcd51abd542b5dfc00f5f951a0f1\",\"name\":\"Valparaiso Creativo\",\"url\":\"https:\/\/dev.antudigital.cl\/sites\/vc\/author\/valparaiso-creativo\/\"}]}<\/script>\n<!-- \/ Yoast SEO plugin. -->","yoast_head_json":{"title":"Panel de conversaci\u00f3n abordar\u00e1 el impacto de los festivales culturales en sus territorios - Valpara\u00ed\u00adso Creativo","robots":{"index":"index","follow":"follow","max-snippet":"max-snippet:-1","max-image-preview":"max-image-preview:large","max-video-preview":"max-video-preview:-1"},"canonical":"https:\/\/dev.antudigital.cl\/sites\/vc\/panel-de-conversacion-abordara-el-impacto-de-los-festivales-culturales-en-sus-territorios\/","og_locale":"es_ES","og_type":"article","og_title":"Panel de conversaci\u00f3n abordar\u00e1 el impacto de los festivales culturales en sus territorios - Valpara\u00ed\u00adso Creativo","og_description":"La actividad forma parte de la programaci\u00f3n de RED. Encuentro de Festivales de Cine de Chile, que se llevar\u00e1 a cabo del 5 al 8 de junio en Valpara\u00edso, en alianza con el programa Valpara\u00edso Creativo de Corfo. \u00a0La entrada es liberada. El jueves 6 de junio, de 19 a 20 horas, se llevar\u00e1 a [&hellip;]","og_url":"https:\/\/dev.antudigital.cl\/sites\/vc\/panel-de-conversacion-abordara-el-impacto-de-los-festivales-culturales-en-sus-territorios\/","og_site_name":"Valpara\u00ed\u00adso Creativo","article_published_time":"2019-05-28T12:48:59+00:00","og_image":[{"width":1500,"height":785,"url":"https:\/\/dev.antudigital.cl\/sites\/vc\/wp-content\/uploads\/2019\/05\/FLYER-WEB-3_Final_REDFestivales-e1559061966132.jpg","type":"image\/jpeg"}],"author":"Valparaiso Creativo","twitter_card":"summary_large_image","twitter_misc":{"Escrito por":"Valparaiso Creativo","Tiempo de lectura":"2 minutos"},"schema":{"@context":"https:\/\/schema.org","@graph":[{"@type":"Article","@id":"https:\/\/dev.antudigital.cl\/sites\/vc\/panel-de-conversacion-abordara-el-impacto-de-los-festivales-culturales-en-sus-territorios\/#article","isPartOf":{"@id":"https:\/\/dev.antudigital.cl\/sites\/vc\/panel-de-conversacion-abordara-el-impacto-de-los-festivales-culturales-en-sus-territorios\/"},"author":{"name":"Valparaiso Creativo","@id":"https:\/\/dev.antudigital.cl\/sites\/vc\/#\/schema\/person\/81d1dcd51abd542b5dfc00f5f951a0f1"},"headline":"Panel de conversaci\u00f3n abordar\u00e1 el impacto de los festivales culturales en sus territorios","datePublished":"2019-05-28T12:48:59+00:00","mainEntityOfPage":{"@id":"https:\/\/dev.antudigital.cl\/sites\/vc\/panel-de-conversacion-abordara-el-impacto-de-los-festivales-culturales-en-sus-territorios\/"},"wordCount":410,"image":{"@id":"https:\/\/dev.antudigital.cl\/sites\/vc\/panel-de-conversacion-abordara-el-impacto-de-los-festivales-culturales-en-sus-territorios\/#primaryimage"},"thumbnailUrl":"https:\/\/dev.antudigital.cl\/sites\/vc\/wp-content\/uploads\/2019\/05\/FLYER-WEB-3_Final_REDFestivales-e1559061966132.jpg","articleSection":["Noticia"],"inLanguage":"es"},{"@type":"WebPage","@id":"https:\/\/dev.antudigital.cl\/sites\/vc\/panel-de-conversacion-abordara-el-impacto-de-los-festivales-culturales-en-sus-territorios\/","url":"https:\/\/dev.antudigital.cl\/sites\/vc\/panel-de-conversacion-abordara-el-impacto-de-los-festivales-culturales-en-sus-territorios\/","name":"Panel de conversaci\u00f3n abordar\u00e1 el impacto de los festivales culturales en sus territorios - Valpara\u00ed\u00adso Creativo","isPartOf":{"@id":"https:\/\/dev.antudigital.cl\/sites\/vc\/#website"},"primaryImageOfPage":{"@id":"https:\/\/dev.antudigital.cl\/sites\/vc\/panel-de-conversacion-abordara-el-impacto-de-los-festivales-culturales-en-sus-territorios\/#primaryimage"},"image":{"@id":"https:\/\/dev.antudigital.cl\/sites\/vc\/panel-de-conversacion-abordara-el-impacto-de-los-festivales-culturales-en-sus-territorios\/#primaryimage"},"thumbnailUrl":"https:\/\/dev.antudigital.cl\/sites\/vc\/wp-content\/uploads\/2019\/05\/FLYER-WEB-3_Final_REDFestivales-e1559061966132.jpg","datePublished":"2019-05-28T12:48:59+00:00","author":{"@id":"https:\/\/dev.antudigital.cl\/sites\/vc\/#\/schema\/person\/81d1dcd51abd542b5dfc00f5f951a0f1"},"breadcrumb":{"@id":"https:\/\/dev.antudigital.cl\/sites\/vc\/panel-de-conversacion-abordara-el-impacto-de-los-festivales-culturales-en-sus-territorios\/#breadcrumb"},"inLanguage":"es","potentialAction":[{"@type":"ReadAction","target":["https:\/\/dev.antudigital.cl\/sites\/vc\/panel-de-conversacion-abordara-el-impacto-de-los-festivales-culturales-en-sus-territorios\/"]}]},{"@type":"ImageObject","inLanguage":"es","@id":"https:\/\/dev.antudigital.cl\/sites\/vc\/panel-de-conversacion-abordara-el-impacto-de-los-festivales-culturales-en-sus-territorios\/#primaryimage","url":"https:\/\/dev.antudigital.cl\/sites\/vc\/wp-content\/uploads\/2019\/05\/FLYER-WEB-3_Final_REDFestivales-e1559061966132.jpg","contentUrl":"https:\/\/dev.antudigital.cl\/sites\/vc\/wp-content\/uploads\/2019\/05\/FLYER-WEB-3_Final_REDFestivales-e1559061966132.jpg","width":1500,"height":785},{"@type":"BreadcrumbList","@id":"https:\/\/dev.antudigital.cl\/sites\/vc\/panel-de-conversacion-abordara-el-impacto-de-los-festivales-culturales-en-sus-territorios\/#breadcrumb","itemListElement":[{"@type":"ListItem","position":1,"name":"Home","item":"https:\/\/dev.antudigital.cl\/sites\/vc\/"},{"@type":"ListItem","position":2,"name":"Panel de conversaci\u00f3n abordar\u00e1 el impacto de los festivales culturales en sus territorios"}]},{"@type":"WebSite","@id":"https:\/\/dev.antudigital.cl\/sites\/vc\/#website","url":"https:\/\/dev.antudigital.cl\/sites\/vc\/","name":"Valpara\u00ed\u00adso Creativo","description":"","potentialAction":[{"@type":"SearchAction","target":{"@type":"EntryPoint","urlTemplate":"https:\/\/dev.antudigital.cl\/sites\/vc\/?s={search_term_string}"},"query-input":{"@type":"PropertyValueSpecification","valueRequired":true,"valueName":"search_term_string"}}],"inLanguage":"es"},{"@type":"Person","@id":"https:\/\/dev.antudigital.cl\/sites\/vc\/#\/schema\/person\/81d1dcd51abd542b5dfc00f5f951a0f1","name":"Valparaiso Creativo","url":"https:\/\/dev.antudigital.cl\/sites\/vc\/author\/valparaiso-creativo\/"}]}},"_links":{"self":[{"href":"https:\/\/dev.antudigital.cl\/sites\/vc\/wp-json\/wp\/v2\/posts\/9042","targetHints":{"allow":["GET"]}}],"collection":[{"href":"https:\/\/dev.antudigital.cl\/sites\/vc\/wp-json\/wp\/v2\/posts"}],"about":[{"href":"https:\/\/dev.antudigital.cl\/sites\/vc\/wp-json\/wp\/v2\/types\/post"}],"author":[{"embeddable":true,"href":"https:\/\/dev.antudigital.cl\/sites\/vc\/wp-json\/wp\/v2\/users\/3"}],"replies":[{"embeddable":true,"href":"https:\/\/dev.antudigital.cl\/sites\/vc\/wp-json\/wp\/v2\/comments?post=9042"}],"version-history":[{"count":0,"href":"https:\/\/dev.antudigital.cl\/sites\/vc\/wp-json\/wp\/v2\/posts\/9042\/revisions"}],"wp:featuredmedia":[{"embeddable":true,"href":"https:\/\/dev.antudigital.cl\/sites\/vc\/wp-json\/wp\/v2\/media\/9043"}],"wp:attachment":[{"href":"https:\/\/dev.antudigital.cl\/sites\/vc\/wp-json\/wp\/v2\/media?parent=9042"}],"wp:term":[{"taxonomy":"category","embeddable":true,"href":"https:\/\/dev.antudigital.cl\/sites\/vc\/wp-json\/wp\/v2\/categories?post=9042"},{"taxonomy":"post_tag","embeddable":true,"href":"https:\/\/dev.antudigital.cl\/sites\/vc\/wp-json\/wp\/v2\/tags?post=9042"}],"curies":[{"name":"wp","href":"https:\/\/api.w.org\/{rel}","templated":true}]}}