{"id":9047,"date":"2019-05-15T12:56:12","date_gmt":"2019-05-15T12:56:12","guid":{"rendered":"http:\/\/www.valparaisocreativo.cl\/?p=3387"},"modified":"2019-05-15T12:56:12","modified_gmt":"2019-05-15T12:56:12","slug":"abierta-inscripciones-a-curso-para-emprendedores-creativos","status":"publish","type":"post","link":"https:\/\/dev.antudigital.cl\/sites\/vc\/abierta-inscripciones-a-curso-para-emprendedores-creativos\/","title":{"rendered":"Abierta inscripciones a curso para emprendedores creativos"},"content":{"rendered":"<ul>\n<li>Entre el 28 de mayo y el 9 de julio se realizar\u00e1 los cursos y workshops \u00abEmprende Creativo\u00bb dirigidos a emprendedores que est\u00e9n en una etapa inicial o que quieran iniciar un proyecto en las industrias creativas. Las inscripciones son gratuitas y con cupos limitados<\/li>\n<\/ul>\n<p>&nbsp;<\/p>\n<p>Una oportunidad para todas aquellas personas que tengan un emprendimiento en las industrias creativas o tengan ganas de iniciar uno, tienen la opci\u00f3n de participar en los Cursos y Workshops \u00abEmprende Creativo\u00bb que comienzan el martes 28 de mayo a las 10.30 horas en Espacio iF (Condell 1190, Valpara\u00edso).<\/p>\n<p>El curso est\u00e1 dirigido a emprendedores en etapa inicial del polo de las industrias creativas (o personas que quieran emprender dentro de este \u00e1mbito), con el objetivo de entregar una metodolog\u00eda creada y adaptada al sector, que fortalezca las competencias de gesti\u00f3n para viabilizar las iniciativas de desarrollo, fomentando una cultura de emprendimiento e innovaci\u00f3n.<\/p>\n<p>Las personas que quieran tomar el curso, deben tener la disponibilidad de asistir al curso completo que cuenta con siete clases que ser\u00edan todos los martes a las 10.30 horas. El curso contempla un trabajo continuo y cada clase es vital para ese proceso.<\/p>\n<p>Martes 04 de Junio<br \/>\nMartes 11 de Junio<br \/>\nMartes 18 de Junio<br \/>\nMartes 25 de Junio<br \/>\nMartes 02 de Julio<\/p>\n<p>Martes 09 de Julio<\/p>\n<p>Estas jornadas se enmarcan en el Proyecto UV \u00abMetodolog\u00eda de Apoyo al Emprendimiento en la Industria Creativa en la Regi\u00f3n de Valpara\u00edso: Haz despegae tu creaci\u00f3n\u00bb, ejecutado por la Direcci\u00f3n de Innovaci\u00f3n y Transferencia Tecnol\u00f3gica de la VRII UV, y son financiadas por el Programa al Emprendimiento y la Innovaci\u00f3n (PAEI) de Corfo Valpara\u00edso, el Gobiertno Regional de Valpara\u00edso y la Universidad de Valpara\u00edso.<\/p>\n<p>La inscripci\u00f3n es gratuita en el siguiente <a href=\"https:\/\/docs.google.com\/forms\/d\/e\/1FAIpQLScO8twAYaLSmJ6LujB_jkLVOBJfkygJQ8eLSJNYikjh94fQWA\/viewform\">link<\/a><\/p>\n<p>Si tienes dudas escribe a\u00a0<b> <a href=\"mailto:industrias.creativas@uv.cl\" target=\"_blank\" rel=\"noopener\">industrias.creativas@uv.cl<\/a>\u00a0<\/b><\/p>\n<div class=\"gmail_default\"><\/div>\n<div><\/div>\n<div>\n<p><span style=\"color: #000000; font-family: tahoma, sans-serif;\">\u00a0<\/span><\/p>\n<div class=\"gmail_default\"><span style=\"color: #000000; font-family: tahoma, sans-serif;\">\u00a0<\/span><\/div>\n<div class=\"gmail_default\"><\/div>\n<\/div>\n<p>&nbsp;<\/p>\n","protected":false},"excerpt":{"rendered":"<p>Entre el 28 de mayo y el 9 de julio se realizar\u00e1 los cursos y workshops \u00abEmprende Creativo\u00bb dirigidos a emprendedores que est\u00e9n en una etapa inicial o que quieran iniciar un proyecto en las industrias creativas. Las inscripciones son gratuitas y con cupos limitados &nbsp; Una oportunidad para todas aquellas personas que tengan un [&hellip;]<\/p>\n","protected":false},"author":3,"featured_media":9048,"comment_status":"closed","ping_status":"closed","sticky":false,"template":"","format":"standard","meta":{"_acf_changed":false,"footnotes":""},"categories":[8],"tags":[],"class_list":["post-9047","post","type-post","status-publish","format-standard","has-post-thumbnail","hentry","category-noticia"],"acf":[],"yoast_head":"<!-- This site is optimized with the Yoast SEO plugin v27.1.1 - https:\/\/yoast.com\/product\/yoast-seo-wordpress\/ -->\n<title>Abierta inscripciones a curso para emprendedores creativos - Valpara\u00ed\u00adso Creativo<\/title>\n<meta name=\"robots\" content=\"index, follow, max-snippet:-1, max-image-preview:large, max-video-preview:-1\" \/>\n<link rel=\"canonical\" href=\"https:\/\/dev.antudigital.cl\/sites\/vc\/abierta-inscripciones-a-curso-para-emprendedores-creativos\/\" \/>\n<meta property=\"og:locale\" content=\"es_ES\" \/>\n<meta property=\"og:type\" content=\"article\" \/>\n<meta property=\"og:title\" content=\"Abierta inscripciones a curso para emprendedores creativos - Valpara\u00ed\u00adso Creativo\" \/>\n<meta property=\"og:description\" content=\"Entre el 28 de mayo y el 9 de julio se realizar\u00e1 los cursos y workshops \u00abEmprende Creativo\u00bb dirigidos a emprendedores que est\u00e9n en una etapa inicial o que quieran iniciar un proyecto en las industrias creativas. Las inscripciones son gratuitas y con cupos limitados &nbsp; Una oportunidad para todas aquellas personas que tengan un [&hellip;]\" \/>\n<meta property=\"og:url\" content=\"https:\/\/dev.antudigital.cl\/sites\/vc\/abierta-inscripciones-a-curso-para-emprendedores-creativos\/\" \/>\n<meta property=\"og:site_name\" content=\"Valpara\u00ed\u00adso Creativo\" \/>\n<meta property=\"article:published_time\" content=\"2019-05-15T12:56:12+00:00\" \/>\n<meta property=\"og:image\" content=\"https:\/\/dev.antudigital.cl\/sites\/vc\/wp-content\/uploads\/2019\/05\/Cursos-EmprendeCreativo-afiche-e1557939290357.png\" \/>\n\t<meta property=\"og:image:width\" content=\"1146\" \/>\n\t<meta property=\"og:image:height\" content=\"858\" \/>\n\t<meta property=\"og:image:type\" content=\"image\/png\" \/>\n<meta name=\"author\" content=\"Valparaiso Creativo\" \/>\n<meta name=\"twitter:card\" content=\"summary_large_image\" \/>\n<meta name=\"twitter:label1\" content=\"Escrito por\" \/>\n\t<meta name=\"twitter:data1\" content=\"Valparaiso Creativo\" \/>\n\t<meta name=\"twitter:label2\" content=\"Tiempo de lectura\" \/>\n\t<meta name=\"twitter:data2\" content=\"2 minutos\" \/>\n<script type=\"application\/ld+json\" class=\"yoast-schema-graph\">{\"@context\":\"https:\/\/schema.org\",\"@graph\":[{\"@type\":\"Article\",\"@id\":\"https:\/\/dev.antudigital.cl\/sites\/vc\/abierta-inscripciones-a-curso-para-emprendedores-creativos\/#article\",\"isPartOf\":{\"@id\":\"https:\/\/dev.antudigital.cl\/sites\/vc\/abierta-inscripciones-a-curso-para-emprendedores-creativos\/\"},\"author\":{\"name\":\"Valparaiso Creativo\",\"@id\":\"https:\/\/dev.antudigital.cl\/sites\/vc\/#\/schema\/person\/81d1dcd51abd542b5dfc00f5f951a0f1\"},\"headline\":\"Abierta inscripciones a curso para emprendedores creativos\",\"datePublished\":\"2019-05-15T12:56:12+00:00\",\"mainEntityOfPage\":{\"@id\":\"https:\/\/dev.antudigital.cl\/sites\/vc\/abierta-inscripciones-a-curso-para-emprendedores-creativos\/\"},\"wordCount\":314,\"image\":{\"@id\":\"https:\/\/dev.antudigital.cl\/sites\/vc\/abierta-inscripciones-a-curso-para-emprendedores-creativos\/#primaryimage\"},\"thumbnailUrl\":\"https:\/\/dev.antudigital.cl\/sites\/vc\/wp-content\/uploads\/2019\/05\/Cursos-EmprendeCreativo-afiche-e1557939290357.png\",\"articleSection\":[\"Noticia\"],\"inLanguage\":\"es\"},{\"@type\":\"WebPage\",\"@id\":\"https:\/\/dev.antudigital.cl\/sites\/vc\/abierta-inscripciones-a-curso-para-emprendedores-creativos\/\",\"url\":\"https:\/\/dev.antudigital.cl\/sites\/vc\/abierta-inscripciones-a-curso-para-emprendedores-creativos\/\",\"name\":\"Abierta inscripciones a curso para emprendedores creativos - Valpara\u00ed\u00adso Creativo\",\"isPartOf\":{\"@id\":\"https:\/\/dev.antudigital.cl\/sites\/vc\/#website\"},\"primaryImageOfPage\":{\"@id\":\"https:\/\/dev.antudigital.cl\/sites\/vc\/abierta-inscripciones-a-curso-para-emprendedores-creativos\/#primaryimage\"},\"image\":{\"@id\":\"https:\/\/dev.antudigital.cl\/sites\/vc\/abierta-inscripciones-a-curso-para-emprendedores-creativos\/#primaryimage\"},\"thumbnailUrl\":\"https:\/\/dev.antudigital.cl\/sites\/vc\/wp-content\/uploads\/2019\/05\/Cursos-EmprendeCreativo-afiche-e1557939290357.png\",\"datePublished\":\"2019-05-15T12:56:12+00:00\",\"author\":{\"@id\":\"https:\/\/dev.antudigital.cl\/sites\/vc\/#\/schema\/person\/81d1dcd51abd542b5dfc00f5f951a0f1\"},\"breadcrumb\":{\"@id\":\"https:\/\/dev.antudigital.cl\/sites\/vc\/abierta-inscripciones-a-curso-para-emprendedores-creativos\/#breadcrumb\"},\"inLanguage\":\"es\",\"potentialAction\":[{\"@type\":\"ReadAction\",\"target\":[\"https:\/\/dev.antudigital.cl\/sites\/vc\/abierta-inscripciones-a-curso-para-emprendedores-creativos\/\"]}]},{\"@type\":\"ImageObject\",\"inLanguage\":\"es\",\"@id\":\"https:\/\/dev.antudigital.cl\/sites\/vc\/abierta-inscripciones-a-curso-para-emprendedores-creativos\/#primaryimage\",\"url\":\"https:\/\/dev.antudigital.cl\/sites\/vc\/wp-content\/uploads\/2019\/05\/Cursos-EmprendeCreativo-afiche-e1557939290357.png\",\"contentUrl\":\"https:\/\/dev.antudigital.cl\/sites\/vc\/wp-content\/uploads\/2019\/05\/Cursos-EmprendeCreativo-afiche-e1557939290357.png\",\"width\":1146,\"height\":858},{\"@type\":\"BreadcrumbList\",\"@id\":\"https:\/\/dev.antudigital.cl\/sites\/vc\/abierta-inscripciones-a-curso-para-emprendedores-creativos\/#breadcrumb\",\"itemListElement\":[{\"@type\":\"ListItem\",\"position\":1,\"name\":\"Home\",\"item\":\"https:\/\/dev.antudigital.cl\/sites\/vc\/\"},{\"@type\":\"ListItem\",\"position\":2,\"name\":\"Abierta inscripciones a curso para emprendedores creativos\"}]},{\"@type\":\"WebSite\",\"@id\":\"https:\/\/dev.antudigital.cl\/sites\/vc\/#website\",\"url\":\"https:\/\/dev.antudigital.cl\/sites\/vc\/\",\"name\":\"Valpara\u00ed\u00adso Creativo\",\"description\":\"\",\"potentialAction\":[{\"@type\":\"SearchAction\",\"target\":{\"@type\":\"EntryPoint\",\"urlTemplate\":\"https:\/\/dev.antudigital.cl\/sites\/vc\/?s={search_term_string}\"},\"query-input\":{\"@type\":\"PropertyValueSpecification\",\"valueRequired\":true,\"valueName\":\"search_term_string\"}}],\"inLanguage\":\"es\"},{\"@type\":\"Person\",\"@id\":\"https:\/\/dev.antudigital.cl\/sites\/vc\/#\/schema\/person\/81d1dcd51abd542b5dfc00f5f951a0f1\",\"name\":\"Valparaiso Creativo\",\"url\":\"https:\/\/dev.antudigital.cl\/sites\/vc\/author\/valparaiso-creativo\/\"}]}<\/script>\n<!-- \/ Yoast SEO plugin. -->","yoast_head_json":{"title":"Abierta inscripciones a curso para emprendedores creativos - Valpara\u00ed\u00adso Creativo","robots":{"index":"index","follow":"follow","max-snippet":"max-snippet:-1","max-image-preview":"max-image-preview:large","max-video-preview":"max-video-preview:-1"},"canonical":"https:\/\/dev.antudigital.cl\/sites\/vc\/abierta-inscripciones-a-curso-para-emprendedores-creativos\/","og_locale":"es_ES","og_type":"article","og_title":"Abierta inscripciones a curso para emprendedores creativos - Valpara\u00ed\u00adso Creativo","og_description":"Entre el 28 de mayo y el 9 de julio se realizar\u00e1 los cursos y workshops \u00abEmprende Creativo\u00bb dirigidos a emprendedores que est\u00e9n en una etapa inicial o que quieran iniciar un proyecto en las industrias creativas. Las inscripciones son gratuitas y con cupos limitados &nbsp; Una oportunidad para todas aquellas personas que tengan un [&hellip;]","og_url":"https:\/\/dev.antudigital.cl\/sites\/vc\/abierta-inscripciones-a-curso-para-emprendedores-creativos\/","og_site_name":"Valpara\u00ed\u00adso Creativo","article_published_time":"2019-05-15T12:56:12+00:00","og_image":[{"width":1146,"height":858,"url":"https:\/\/dev.antudigital.cl\/sites\/vc\/wp-content\/uploads\/2019\/05\/Cursos-EmprendeCreativo-afiche-e1557939290357.png","type":"image\/png"}],"author":"Valparaiso Creativo","twitter_card":"summary_large_image","twitter_misc":{"Escrito por":"Valparaiso Creativo","Tiempo de lectura":"2 minutos"},"schema":{"@context":"https:\/\/schema.org","@graph":[{"@type":"Article","@id":"https:\/\/dev.antudigital.cl\/sites\/vc\/abierta-inscripciones-a-curso-para-emprendedores-creativos\/#article","isPartOf":{"@id":"https:\/\/dev.antudigital.cl\/sites\/vc\/abierta-inscripciones-a-curso-para-emprendedores-creativos\/"},"author":{"name":"Valparaiso Creativo","@id":"https:\/\/dev.antudigital.cl\/sites\/vc\/#\/schema\/person\/81d1dcd51abd542b5dfc00f5f951a0f1"},"headline":"Abierta inscripciones a curso para emprendedores creativos","datePublished":"2019-05-15T12:56:12+00:00","mainEntityOfPage":{"@id":"https:\/\/dev.antudigital.cl\/sites\/vc\/abierta-inscripciones-a-curso-para-emprendedores-creativos\/"},"wordCount":314,"image":{"@id":"https:\/\/dev.antudigital.cl\/sites\/vc\/abierta-inscripciones-a-curso-para-emprendedores-creativos\/#primaryimage"},"thumbnailUrl":"https:\/\/dev.antudigital.cl\/sites\/vc\/wp-content\/uploads\/2019\/05\/Cursos-EmprendeCreativo-afiche-e1557939290357.png","articleSection":["Noticia"],"inLanguage":"es"},{"@type":"WebPage","@id":"https:\/\/dev.antudigital.cl\/sites\/vc\/abierta-inscripciones-a-curso-para-emprendedores-creativos\/","url":"https:\/\/dev.antudigital.cl\/sites\/vc\/abierta-inscripciones-a-curso-para-emprendedores-creativos\/","name":"Abierta inscripciones a curso para emprendedores creativos - Valpara\u00ed\u00adso Creativo","isPartOf":{"@id":"https:\/\/dev.antudigital.cl\/sites\/vc\/#website"},"primaryImageOfPage":{"@id":"https:\/\/dev.antudigital.cl\/sites\/vc\/abierta-inscripciones-a-curso-para-emprendedores-creativos\/#primaryimage"},"image":{"@id":"https:\/\/dev.antudigital.cl\/sites\/vc\/abierta-inscripciones-a-curso-para-emprendedores-creativos\/#primaryimage"},"thumbnailUrl":"https:\/\/dev.antudigital.cl\/sites\/vc\/wp-content\/uploads\/2019\/05\/Cursos-EmprendeCreativo-afiche-e1557939290357.png","datePublished":"2019-05-15T12:56:12+00:00","author":{"@id":"https:\/\/dev.antudigital.cl\/sites\/vc\/#\/schema\/person\/81d1dcd51abd542b5dfc00f5f951a0f1"},"breadcrumb":{"@id":"https:\/\/dev.antudigital.cl\/sites\/vc\/abierta-inscripciones-a-curso-para-emprendedores-creativos\/#breadcrumb"},"inLanguage":"es","potentialAction":[{"@type":"ReadAction","target":["https:\/\/dev.antudigital.cl\/sites\/vc\/abierta-inscripciones-a-curso-para-emprendedores-creativos\/"]}]},{"@type":"ImageObject","inLanguage":"es","@id":"https:\/\/dev.antudigital.cl\/sites\/vc\/abierta-inscripciones-a-curso-para-emprendedores-creativos\/#primaryimage","url":"https:\/\/dev.antudigital.cl\/sites\/vc\/wp-content\/uploads\/2019\/05\/Cursos-EmprendeCreativo-afiche-e1557939290357.png","contentUrl":"https:\/\/dev.antudigital.cl\/sites\/vc\/wp-content\/uploads\/2019\/05\/Cursos-EmprendeCreativo-afiche-e1557939290357.png","width":1146,"height":858},{"@type":"BreadcrumbList","@id":"https:\/\/dev.antudigital.cl\/sites\/vc\/abierta-inscripciones-a-curso-para-emprendedores-creativos\/#breadcrumb","itemListElement":[{"@type":"ListItem","position":1,"name":"Home","item":"https:\/\/dev.antudigital.cl\/sites\/vc\/"},{"@type":"ListItem","position":2,"name":"Abierta inscripciones a curso para emprendedores creativos"}]},{"@type":"WebSite","@id":"https:\/\/dev.antudigital.cl\/sites\/vc\/#website","url":"https:\/\/dev.antudigital.cl\/sites\/vc\/","name":"Valpara\u00ed\u00adso Creativo","description":"","potentialAction":[{"@type":"SearchAction","target":{"@type":"EntryPoint","urlTemplate":"https:\/\/dev.antudigital.cl\/sites\/vc\/?s={search_term_string}"},"query-input":{"@type":"PropertyValueSpecification","valueRequired":true,"valueName":"search_term_string"}}],"inLanguage":"es"},{"@type":"Person","@id":"https:\/\/dev.antudigital.cl\/sites\/vc\/#\/schema\/person\/81d1dcd51abd542b5dfc00f5f951a0f1","name":"Valparaiso Creativo","url":"https:\/\/dev.antudigital.cl\/sites\/vc\/author\/valparaiso-creativo\/"}]}},"_links":{"self":[{"href":"https:\/\/dev.antudigital.cl\/sites\/vc\/wp-json\/wp\/v2\/posts\/9047","targetHints":{"allow":["GET"]}}],"collection":[{"href":"https:\/\/dev.antudigital.cl\/sites\/vc\/wp-json\/wp\/v2\/posts"}],"about":[{"href":"https:\/\/dev.antudigital.cl\/sites\/vc\/wp-json\/wp\/v2\/types\/post"}],"author":[{"embeddable":true,"href":"https:\/\/dev.antudigital.cl\/sites\/vc\/wp-json\/wp\/v2\/users\/3"}],"replies":[{"embeddable":true,"href":"https:\/\/dev.antudigital.cl\/sites\/vc\/wp-json\/wp\/v2\/comments?post=9047"}],"version-history":[{"count":0,"href":"https:\/\/dev.antudigital.cl\/sites\/vc\/wp-json\/wp\/v2\/posts\/9047\/revisions"}],"wp:featuredmedia":[{"embeddable":true,"href":"https:\/\/dev.antudigital.cl\/sites\/vc\/wp-json\/wp\/v2\/media\/9048"}],"wp:attachment":[{"href":"https:\/\/dev.antudigital.cl\/sites\/vc\/wp-json\/wp\/v2\/media?parent=9047"}],"wp:term":[{"taxonomy":"category","embeddable":true,"href":"https:\/\/dev.antudigital.cl\/sites\/vc\/wp-json\/wp\/v2\/categories?post=9047"},{"taxonomy":"post_tag","embeddable":true,"href":"https:\/\/dev.antudigital.cl\/sites\/vc\/wp-json\/wp\/v2\/tags?post=9047"}],"curies":[{"name":"wp","href":"https:\/\/api.w.org\/{rel}","templated":true}]}}