{"id":9059,"date":"2019-05-09T13:13:20","date_gmt":"2019-05-09T13:13:20","guid":{"rendered":"http:\/\/www.valparaisocreativo.cl\/?p=3368"},"modified":"2019-05-09T13:13:20","modified_gmt":"2019-05-09T13:13:20","slug":"economia-creativa-oportunidades-y-desafios-para-dinamizar-el-sector-cultural","status":"publish","type":"post","link":"https:\/\/dev.antudigital.cl\/sites\/vc\/economia-creativa-oportunidades-y-desafios-para-dinamizar-el-sector-cultural\/","title":{"rendered":"Econom\u00eda creativa: oportunidades y desaf\u00edos para dinamizar el sector cultural"},"content":{"rendered":"<ul>\n<li>Conversatorio permiti\u00f3 conocer experiencias de emprendedores en diversas \u00e1reas.<\/li>\n<\/ul>\n<p>\u201cEconom\u00eda creativa \u00bfQui\u00e9n se beneficia\u201d fue el nombre del conversatorio organizado por la direcci\u00f3n de Innovaci\u00f3n y Transferencia Tecnol\u00f3gica de la UV y que cont\u00f3 con las exposiciones de emprendedores locales de diversas \u00e1reas, junto con la colaboraci\u00f3n de la Escuela de Gesti\u00f3n en Turismo y Cultural, GTC.<\/p>\n<p>Cristi\u00e1n Oyanedel, director de Innovaci\u00f3n y Transferencia Tecnol\u00f3gica UV, explic\u00f3 que \u201cel objetivo del conversatorio es acercarnos a la realidad, a lo que est\u00e1n viviendo las empresas que se dedican a la industria creativa. Los invitamos para que nos cuenten sus oportunidades y desaf\u00edos, pero especialmente para ver c\u00f3mo podemos tomar ese conocimiento y traerlo al mundo acad\u00e9mico\u201d.<\/p>\n<p>Oyanedel agreg\u00f3 que \u201cel inter\u00e9s fundamental es que los estudiantes empiecen a tomar la experiencia de los emprendedores y puedan aprender de lo que han tenido que vivir para que sean capaces de descubrir e identificar diversas oportunidades de valor vinculadas a sus disciplinas\u201d.<\/p>\n<p>La expositora Julieta Brodsky, representante de la Asociaci\u00f3n Cultural Tramados, se\u00f1al\u00f3 que \u201cestas iniciativas nos permiten dar cuenta de lo que hacemos y de nuestro trabajo en torno a la industria creativa y el emprendimiento cultural. Tramados es una plataforma que busca aportar al mejoramiento de las condiciones de vida, laborales y econ\u00f3micas en que se manejan los trabajadores culturales. Hemos desarrollado distintas l\u00edneas con una visi\u00f3n amplia sobre la econom\u00eda cultural, social, cooperativa y colaborativa, generando redes en Latinoam\u00e9rica sobre estos temas, con apoyo a emprendimientos con foco social\u201d.<\/p>\n<p>Otro de los expositores fue Horacio Silva, director del proyecto Valpara\u00edso en Colores y brazo operativo de Inti Castro, quien ha tapizado de sus dise\u00f1os importantes edificios de los cerros del puerto. Al respecto, Silva explic\u00f3 que \u201ces relevante poder difundir lo que estamos haciendo, que se trata de arte urbano, pintamos edificios y mejoramos barrios por medio del concepto de arte social. No es el arte que est\u00e1 en las galer\u00edas o en las universidades, lo nuestro est\u00e1 fusionado con los ciudadanos, con la poblaci\u00f3n y tiene otras l\u00f3gicas. Me interesa mucho debatir con los universitarios sobre c\u00f3mo se financian este tipo de iniciativas, c\u00f3mo se desarrollan las industrias creativas y c\u00f3mo se maneja la producci\u00f3n en ese \u00e1mbito\u201d.<\/p>\n<p>Como moderador del conversatorio particip\u00f3 <strong>Jorge Rosenthal, gerente del programa Valpara\u00edso Creativo<\/strong>, quien se\u00f1al\u00f3 que<\/p>\n<blockquote><p>\u201c\u00e9ste es un programa estrat\u00e9gico regional de Corfo que busca aprovechar el potencial que tienen la industrias creativas para el desarrollo econ\u00f3mico de la ciudad. La econom\u00eda creativa es el sector de la econom\u00eda que involucra la generaci\u00f3n de ideas y conocimiento, abarcando esencialmente la industria cultural y la econom\u00eda del conocimiento, y por eso es relevante potenciar la discusi\u00f3n en el \u00e1mbito acad\u00e9mico\u201d.<\/p><\/blockquote>\n<p><em>Fuente: www.uv.cl<\/em><\/p>\n","protected":false},"excerpt":{"rendered":"<p>Conversatorio permiti\u00f3 conocer experiencias de emprendedores en diversas \u00e1reas. \u201cEconom\u00eda creativa \u00bfQui\u00e9n se beneficia\u201d fue el nombre del conversatorio organizado por la direcci\u00f3n de Innovaci\u00f3n y Transferencia Tecnol\u00f3gica de la UV y que cont\u00f3 con las exposiciones de emprendedores locales de diversas \u00e1reas, junto con la colaboraci\u00f3n de la Escuela de Gesti\u00f3n en Turismo y [&hellip;]<\/p>\n","protected":false},"author":3,"featured_media":9060,"comment_status":"closed","ping_status":"closed","sticky":false,"template":"","format":"standard","meta":{"_acf_changed":false,"footnotes":""},"categories":[1],"tags":[],"class_list":["post-9059","post","type-post","status-publish","format-standard","has-post-thumbnail","hentry","category-uncategorized"],"acf":[],"yoast_head":"<!-- This site is optimized with the Yoast SEO plugin v27.1.1 - https:\/\/yoast.com\/product\/yoast-seo-wordpress\/ -->\n<title>Econom\u00eda creativa: oportunidades y desaf\u00edos para dinamizar el sector cultural - Valpara\u00ed\u00adso Creativo<\/title>\n<meta name=\"robots\" content=\"index, follow, max-snippet:-1, max-image-preview:large, max-video-preview:-1\" \/>\n<link rel=\"canonical\" href=\"https:\/\/dev.antudigital.cl\/sites\/vc\/economia-creativa-oportunidades-y-desafios-para-dinamizar-el-sector-cultural\/\" \/>\n<meta property=\"og:locale\" content=\"es_ES\" \/>\n<meta property=\"og:type\" content=\"article\" \/>\n<meta property=\"og:title\" content=\"Econom\u00eda creativa: oportunidades y desaf\u00edos para dinamizar el sector cultural - Valpara\u00ed\u00adso Creativo\" \/>\n<meta property=\"og:description\" content=\"Conversatorio permiti\u00f3 conocer experiencias de emprendedores en diversas \u00e1reas. \u201cEconom\u00eda creativa \u00bfQui\u00e9n se beneficia\u201d fue el nombre del conversatorio organizado por la direcci\u00f3n de Innovaci\u00f3n y Transferencia Tecnol\u00f3gica de la UV y que cont\u00f3 con las exposiciones de emprendedores locales de diversas \u00e1reas, junto con la colaboraci\u00f3n de la Escuela de Gesti\u00f3n en Turismo y [&hellip;]\" \/>\n<meta property=\"og:url\" content=\"https:\/\/dev.antudigital.cl\/sites\/vc\/economia-creativa-oportunidades-y-desafios-para-dinamizar-el-sector-cultural\/\" \/>\n<meta property=\"og:site_name\" content=\"Valpara\u00ed\u00adso Creativo\" \/>\n<meta property=\"article:published_time\" content=\"2019-05-09T13:13:20+00:00\" \/>\n<meta property=\"og:image\" content=\"https:\/\/dev.antudigital.cl\/sites\/vc\/wp-content\/uploads\/2019\/05\/GTC-6-de-14-e1557854486294.jpg\" \/>\n\t<meta property=\"og:image:width\" content=\"1200\" \/>\n\t<meta property=\"og:image:height\" content=\"800\" \/>\n\t<meta property=\"og:image:type\" content=\"image\/jpeg\" \/>\n<meta name=\"author\" content=\"Valparaiso Creativo\" \/>\n<meta name=\"twitter:card\" content=\"summary_large_image\" \/>\n<meta name=\"twitter:label1\" content=\"Escrito por\" \/>\n\t<meta name=\"twitter:data1\" content=\"Valparaiso Creativo\" \/>\n\t<meta name=\"twitter:label2\" content=\"Tiempo de lectura\" \/>\n\t<meta name=\"twitter:data2\" content=\"2 minutos\" \/>\n<script type=\"application\/ld+json\" class=\"yoast-schema-graph\">{\"@context\":\"https:\/\/schema.org\",\"@graph\":[{\"@type\":\"Article\",\"@id\":\"https:\/\/dev.antudigital.cl\/sites\/vc\/economia-creativa-oportunidades-y-desafios-para-dinamizar-el-sector-cultural\/#article\",\"isPartOf\":{\"@id\":\"https:\/\/dev.antudigital.cl\/sites\/vc\/economia-creativa-oportunidades-y-desafios-para-dinamizar-el-sector-cultural\/\"},\"author\":{\"name\":\"Valparaiso Creativo\",\"@id\":\"https:\/\/dev.antudigital.cl\/sites\/vc\/#\/schema\/person\/81d1dcd51abd542b5dfc00f5f951a0f1\"},\"headline\":\"Econom\u00eda creativa: oportunidades y desaf\u00edos para dinamizar el sector cultural\",\"datePublished\":\"2019-05-09T13:13:20+00:00\",\"mainEntityOfPage\":{\"@id\":\"https:\/\/dev.antudigital.cl\/sites\/vc\/economia-creativa-oportunidades-y-desafios-para-dinamizar-el-sector-cultural\/\"},\"wordCount\":505,\"image\":{\"@id\":\"https:\/\/dev.antudigital.cl\/sites\/vc\/economia-creativa-oportunidades-y-desafios-para-dinamizar-el-sector-cultural\/#primaryimage\"},\"thumbnailUrl\":\"https:\/\/dev.antudigital.cl\/sites\/vc\/wp-content\/uploads\/2019\/05\/GTC-6-de-14-e1557854486294.jpg\",\"articleSection\":[\"Uncategorized\"],\"inLanguage\":\"es\"},{\"@type\":\"WebPage\",\"@id\":\"https:\/\/dev.antudigital.cl\/sites\/vc\/economia-creativa-oportunidades-y-desafios-para-dinamizar-el-sector-cultural\/\",\"url\":\"https:\/\/dev.antudigital.cl\/sites\/vc\/economia-creativa-oportunidades-y-desafios-para-dinamizar-el-sector-cultural\/\",\"name\":\"Econom\u00eda creativa: oportunidades y desaf\u00edos para dinamizar el sector cultural - Valpara\u00ed\u00adso Creativo\",\"isPartOf\":{\"@id\":\"https:\/\/dev.antudigital.cl\/sites\/vc\/#website\"},\"primaryImageOfPage\":{\"@id\":\"https:\/\/dev.antudigital.cl\/sites\/vc\/economia-creativa-oportunidades-y-desafios-para-dinamizar-el-sector-cultural\/#primaryimage\"},\"image\":{\"@id\":\"https:\/\/dev.antudigital.cl\/sites\/vc\/economia-creativa-oportunidades-y-desafios-para-dinamizar-el-sector-cultural\/#primaryimage\"},\"thumbnailUrl\":\"https:\/\/dev.antudigital.cl\/sites\/vc\/wp-content\/uploads\/2019\/05\/GTC-6-de-14-e1557854486294.jpg\",\"datePublished\":\"2019-05-09T13:13:20+00:00\",\"author\":{\"@id\":\"https:\/\/dev.antudigital.cl\/sites\/vc\/#\/schema\/person\/81d1dcd51abd542b5dfc00f5f951a0f1\"},\"breadcrumb\":{\"@id\":\"https:\/\/dev.antudigital.cl\/sites\/vc\/economia-creativa-oportunidades-y-desafios-para-dinamizar-el-sector-cultural\/#breadcrumb\"},\"inLanguage\":\"es\",\"potentialAction\":[{\"@type\":\"ReadAction\",\"target\":[\"https:\/\/dev.antudigital.cl\/sites\/vc\/economia-creativa-oportunidades-y-desafios-para-dinamizar-el-sector-cultural\/\"]}]},{\"@type\":\"ImageObject\",\"inLanguage\":\"es\",\"@id\":\"https:\/\/dev.antudigital.cl\/sites\/vc\/economia-creativa-oportunidades-y-desafios-para-dinamizar-el-sector-cultural\/#primaryimage\",\"url\":\"https:\/\/dev.antudigital.cl\/sites\/vc\/wp-content\/uploads\/2019\/05\/GTC-6-de-14-e1557854486294.jpg\",\"contentUrl\":\"https:\/\/dev.antudigital.cl\/sites\/vc\/wp-content\/uploads\/2019\/05\/GTC-6-de-14-e1557854486294.jpg\",\"width\":1200,\"height\":800},{\"@type\":\"BreadcrumbList\",\"@id\":\"https:\/\/dev.antudigital.cl\/sites\/vc\/economia-creativa-oportunidades-y-desafios-para-dinamizar-el-sector-cultural\/#breadcrumb\",\"itemListElement\":[{\"@type\":\"ListItem\",\"position\":1,\"name\":\"Home\",\"item\":\"https:\/\/dev.antudigital.cl\/sites\/vc\/\"},{\"@type\":\"ListItem\",\"position\":2,\"name\":\"Econom\u00eda creativa: oportunidades y desaf\u00edos para dinamizar el sector cultural\"}]},{\"@type\":\"WebSite\",\"@id\":\"https:\/\/dev.antudigital.cl\/sites\/vc\/#website\",\"url\":\"https:\/\/dev.antudigital.cl\/sites\/vc\/\",\"name\":\"Valpara\u00ed\u00adso Creativo\",\"description\":\"\",\"potentialAction\":[{\"@type\":\"SearchAction\",\"target\":{\"@type\":\"EntryPoint\",\"urlTemplate\":\"https:\/\/dev.antudigital.cl\/sites\/vc\/?s={search_term_string}\"},\"query-input\":{\"@type\":\"PropertyValueSpecification\",\"valueRequired\":true,\"valueName\":\"search_term_string\"}}],\"inLanguage\":\"es\"},{\"@type\":\"Person\",\"@id\":\"https:\/\/dev.antudigital.cl\/sites\/vc\/#\/schema\/person\/81d1dcd51abd542b5dfc00f5f951a0f1\",\"name\":\"Valparaiso Creativo\",\"url\":\"https:\/\/dev.antudigital.cl\/sites\/vc\/author\/valparaiso-creativo\/\"}]}<\/script>\n<!-- \/ Yoast SEO plugin. -->","yoast_head_json":{"title":"Econom\u00eda creativa: oportunidades y desaf\u00edos para dinamizar el sector cultural - Valpara\u00ed\u00adso Creativo","robots":{"index":"index","follow":"follow","max-snippet":"max-snippet:-1","max-image-preview":"max-image-preview:large","max-video-preview":"max-video-preview:-1"},"canonical":"https:\/\/dev.antudigital.cl\/sites\/vc\/economia-creativa-oportunidades-y-desafios-para-dinamizar-el-sector-cultural\/","og_locale":"es_ES","og_type":"article","og_title":"Econom\u00eda creativa: oportunidades y desaf\u00edos para dinamizar el sector cultural - Valpara\u00ed\u00adso Creativo","og_description":"Conversatorio permiti\u00f3 conocer experiencias de emprendedores en diversas \u00e1reas. \u201cEconom\u00eda creativa \u00bfQui\u00e9n se beneficia\u201d fue el nombre del conversatorio organizado por la direcci\u00f3n de Innovaci\u00f3n y Transferencia Tecnol\u00f3gica de la UV y que cont\u00f3 con las exposiciones de emprendedores locales de diversas \u00e1reas, junto con la colaboraci\u00f3n de la Escuela de Gesti\u00f3n en Turismo y [&hellip;]","og_url":"https:\/\/dev.antudigital.cl\/sites\/vc\/economia-creativa-oportunidades-y-desafios-para-dinamizar-el-sector-cultural\/","og_site_name":"Valpara\u00ed\u00adso Creativo","article_published_time":"2019-05-09T13:13:20+00:00","og_image":[{"width":1200,"height":800,"url":"https:\/\/dev.antudigital.cl\/sites\/vc\/wp-content\/uploads\/2019\/05\/GTC-6-de-14-e1557854486294.jpg","type":"image\/jpeg"}],"author":"Valparaiso Creativo","twitter_card":"summary_large_image","twitter_misc":{"Escrito por":"Valparaiso Creativo","Tiempo de lectura":"2 minutos"},"schema":{"@context":"https:\/\/schema.org","@graph":[{"@type":"Article","@id":"https:\/\/dev.antudigital.cl\/sites\/vc\/economia-creativa-oportunidades-y-desafios-para-dinamizar-el-sector-cultural\/#article","isPartOf":{"@id":"https:\/\/dev.antudigital.cl\/sites\/vc\/economia-creativa-oportunidades-y-desafios-para-dinamizar-el-sector-cultural\/"},"author":{"name":"Valparaiso Creativo","@id":"https:\/\/dev.antudigital.cl\/sites\/vc\/#\/schema\/person\/81d1dcd51abd542b5dfc00f5f951a0f1"},"headline":"Econom\u00eda creativa: oportunidades y desaf\u00edos para dinamizar el sector cultural","datePublished":"2019-05-09T13:13:20+00:00","mainEntityOfPage":{"@id":"https:\/\/dev.antudigital.cl\/sites\/vc\/economia-creativa-oportunidades-y-desafios-para-dinamizar-el-sector-cultural\/"},"wordCount":505,"image":{"@id":"https:\/\/dev.antudigital.cl\/sites\/vc\/economia-creativa-oportunidades-y-desafios-para-dinamizar-el-sector-cultural\/#primaryimage"},"thumbnailUrl":"https:\/\/dev.antudigital.cl\/sites\/vc\/wp-content\/uploads\/2019\/05\/GTC-6-de-14-e1557854486294.jpg","articleSection":["Uncategorized"],"inLanguage":"es"},{"@type":"WebPage","@id":"https:\/\/dev.antudigital.cl\/sites\/vc\/economia-creativa-oportunidades-y-desafios-para-dinamizar-el-sector-cultural\/","url":"https:\/\/dev.antudigital.cl\/sites\/vc\/economia-creativa-oportunidades-y-desafios-para-dinamizar-el-sector-cultural\/","name":"Econom\u00eda creativa: oportunidades y desaf\u00edos para dinamizar el sector cultural - Valpara\u00ed\u00adso Creativo","isPartOf":{"@id":"https:\/\/dev.antudigital.cl\/sites\/vc\/#website"},"primaryImageOfPage":{"@id":"https:\/\/dev.antudigital.cl\/sites\/vc\/economia-creativa-oportunidades-y-desafios-para-dinamizar-el-sector-cultural\/#primaryimage"},"image":{"@id":"https:\/\/dev.antudigital.cl\/sites\/vc\/economia-creativa-oportunidades-y-desafios-para-dinamizar-el-sector-cultural\/#primaryimage"},"thumbnailUrl":"https:\/\/dev.antudigital.cl\/sites\/vc\/wp-content\/uploads\/2019\/05\/GTC-6-de-14-e1557854486294.jpg","datePublished":"2019-05-09T13:13:20+00:00","author":{"@id":"https:\/\/dev.antudigital.cl\/sites\/vc\/#\/schema\/person\/81d1dcd51abd542b5dfc00f5f951a0f1"},"breadcrumb":{"@id":"https:\/\/dev.antudigital.cl\/sites\/vc\/economia-creativa-oportunidades-y-desafios-para-dinamizar-el-sector-cultural\/#breadcrumb"},"inLanguage":"es","potentialAction":[{"@type":"ReadAction","target":["https:\/\/dev.antudigital.cl\/sites\/vc\/economia-creativa-oportunidades-y-desafios-para-dinamizar-el-sector-cultural\/"]}]},{"@type":"ImageObject","inLanguage":"es","@id":"https:\/\/dev.antudigital.cl\/sites\/vc\/economia-creativa-oportunidades-y-desafios-para-dinamizar-el-sector-cultural\/#primaryimage","url":"https:\/\/dev.antudigital.cl\/sites\/vc\/wp-content\/uploads\/2019\/05\/GTC-6-de-14-e1557854486294.jpg","contentUrl":"https:\/\/dev.antudigital.cl\/sites\/vc\/wp-content\/uploads\/2019\/05\/GTC-6-de-14-e1557854486294.jpg","width":1200,"height":800},{"@type":"BreadcrumbList","@id":"https:\/\/dev.antudigital.cl\/sites\/vc\/economia-creativa-oportunidades-y-desafios-para-dinamizar-el-sector-cultural\/#breadcrumb","itemListElement":[{"@type":"ListItem","position":1,"name":"Home","item":"https:\/\/dev.antudigital.cl\/sites\/vc\/"},{"@type":"ListItem","position":2,"name":"Econom\u00eda creativa: oportunidades y desaf\u00edos para dinamizar el sector cultural"}]},{"@type":"WebSite","@id":"https:\/\/dev.antudigital.cl\/sites\/vc\/#website","url":"https:\/\/dev.antudigital.cl\/sites\/vc\/","name":"Valpara\u00ed\u00adso Creativo","description":"","potentialAction":[{"@type":"SearchAction","target":{"@type":"EntryPoint","urlTemplate":"https:\/\/dev.antudigital.cl\/sites\/vc\/?s={search_term_string}"},"query-input":{"@type":"PropertyValueSpecification","valueRequired":true,"valueName":"search_term_string"}}],"inLanguage":"es"},{"@type":"Person","@id":"https:\/\/dev.antudigital.cl\/sites\/vc\/#\/schema\/person\/81d1dcd51abd542b5dfc00f5f951a0f1","name":"Valparaiso Creativo","url":"https:\/\/dev.antudigital.cl\/sites\/vc\/author\/valparaiso-creativo\/"}]}},"_links":{"self":[{"href":"https:\/\/dev.antudigital.cl\/sites\/vc\/wp-json\/wp\/v2\/posts\/9059","targetHints":{"allow":["GET"]}}],"collection":[{"href":"https:\/\/dev.antudigital.cl\/sites\/vc\/wp-json\/wp\/v2\/posts"}],"about":[{"href":"https:\/\/dev.antudigital.cl\/sites\/vc\/wp-json\/wp\/v2\/types\/post"}],"author":[{"embeddable":true,"href":"https:\/\/dev.antudigital.cl\/sites\/vc\/wp-json\/wp\/v2\/users\/3"}],"replies":[{"embeddable":true,"href":"https:\/\/dev.antudigital.cl\/sites\/vc\/wp-json\/wp\/v2\/comments?post=9059"}],"version-history":[{"count":0,"href":"https:\/\/dev.antudigital.cl\/sites\/vc\/wp-json\/wp\/v2\/posts\/9059\/revisions"}],"wp:featuredmedia":[{"embeddable":true,"href":"https:\/\/dev.antudigital.cl\/sites\/vc\/wp-json\/wp\/v2\/media\/9060"}],"wp:attachment":[{"href":"https:\/\/dev.antudigital.cl\/sites\/vc\/wp-json\/wp\/v2\/media?parent=9059"}],"wp:term":[{"taxonomy":"category","embeddable":true,"href":"https:\/\/dev.antudigital.cl\/sites\/vc\/wp-json\/wp\/v2\/categories?post=9059"},{"taxonomy":"post_tag","embeddable":true,"href":"https:\/\/dev.antudigital.cl\/sites\/vc\/wp-json\/wp\/v2\/tags?post=9059"}],"curies":[{"name":"wp","href":"https:\/\/api.w.org\/{rel}","templated":true}]}}