{"id":9063,"date":"2019-04-30T13:26:20","date_gmt":"2019-04-30T13:26:20","guid":{"rendered":"http:\/\/www.valparaisocreativo.cl\/?p=3359"},"modified":"2019-04-30T13:26:20","modified_gmt":"2019-04-30T13:26:20","slug":"conversatorio-sobre-economia-creativa-en-universidad-de-valparaiso","status":"publish","type":"post","link":"https:\/\/dev.antudigital.cl\/sites\/vc\/conversatorio-sobre-economia-creativa-en-universidad-de-valparaiso\/","title":{"rendered":"Conversatorio sobre Econom\u00eda Creativa en Universidad de Valpara\u00edso"},"content":{"rendered":"<p>El pr\u00f3ximo martes 7 de mayo, a las 11.30 horas, se realizar\u00e1 el \u00abConversarorio Econom\u00eda Creativa \u00bfQuien se Beneficia?\u00bb en el Auditorio Campus Las Heras de la Universidad de Valpara\u00edso como parte del proyecto UV \u00abMetodolog\u00eda de Apoyo al Emprendimiento en la Industria Creativa en la Regi\u00f3n de Valpara\u00edso\u00bb, que es financiado por el Programa de Apoyo al Emprendimiento y la Innovaci\u00f3n (PAEI) de Corfo Valpara\u00edso y el Gobierno Regional de Valpara\u00edso.<\/p>\n<p>La actividad tiene como finalidad generar una discusi\u00f3n en torno a la econom\u00eda creativa a trav\u00e9s de los invitados al panel quienes son Julieta Brodsky de Tramados, Horacio Silva de Valpara\u00edso en\u00a0 Colores y Cynthia Conrads de Lum\u00edfera Producciones.<\/p>\n<p>La actividad es gratuita y hay que inscribirse\u00a0<strong>\u00a0<a href=\"https:\/\/docs.google.com\/forms\/d\/e\/1FAIpQLSc6u8OI9EA0LtqlLL9wZB0fy6qvbgvWxYWHuGlpqS30Tx2EMQ\/viewform\" data-saferedirecturl=\"https:\/\/www.google.com\/url?q=https:\/\/docs.google.com\/forms\/d\/e\/1FAIpQLSc6u8OI9EA0LtqlLL9wZB0fy6qvbgvWxYWHuGlpqS30Tx2EMQ\/viewform&amp;source=gmail&amp;ust=1556726200701000&amp;usg=AFQjCNEeDTgIO5C-8WH5qbg606If1YE-Bw\">AQU\u00cd<\/a>.<\/strong><\/p>\n<p>Consultas a trav\u00e9s de\u00a0<a href=\"mailto:industrias.creativas@uv.cl\">industrias.creativas@uv.cl<\/a><\/p>\n","protected":false},"excerpt":{"rendered":"<p>El pr\u00f3ximo martes 7 de mayo, a las 11.30 horas, se realizar\u00e1 el \u00abConversarorio Econom\u00eda Creativa \u00bfQuien se Beneficia?\u00bb en el Auditorio Campus Las Heras de la Universidad de Valpara\u00edso como parte del proyecto UV \u00abMetodolog\u00eda de Apoyo al Emprendimiento en la Industria Creativa en la Regi\u00f3n de Valpara\u00edso\u00bb, que es financiado por el Programa [&hellip;]<\/p>\n","protected":false},"author":3,"featured_media":9064,"comment_status":"closed","ping_status":"closed","sticky":false,"template":"","format":"standard","meta":{"_acf_changed":false,"footnotes":""},"categories":[8],"tags":[],"class_list":["post-9063","post","type-post","status-publish","format-standard","has-post-thumbnail","hentry","category-noticia"],"acf":[],"yoast_head":"<!-- This site is optimized with the Yoast SEO plugin v27.1.1 - https:\/\/yoast.com\/product\/yoast-seo-wordpress\/ -->\n<title>Conversatorio sobre Econom\u00eda Creativa en Universidad de Valpara\u00edso - Valpara\u00ed\u00adso Creativo<\/title>\n<meta name=\"robots\" content=\"index, follow, max-snippet:-1, max-image-preview:large, max-video-preview:-1\" \/>\n<link rel=\"canonical\" href=\"https:\/\/dev.antudigital.cl\/sites\/vc\/conversatorio-sobre-economia-creativa-en-universidad-de-valparaiso\/\" \/>\n<meta property=\"og:locale\" content=\"es_ES\" \/>\n<meta property=\"og:type\" content=\"article\" \/>\n<meta property=\"og:title\" content=\"Conversatorio sobre Econom\u00eda Creativa en Universidad de Valpara\u00edso - Valpara\u00ed\u00adso Creativo\" \/>\n<meta property=\"og:description\" content=\"El pr\u00f3ximo martes 7 de mayo, a las 11.30 horas, se realizar\u00e1 el \u00abConversarorio Econom\u00eda Creativa \u00bfQuien se Beneficia?\u00bb en el Auditorio Campus Las Heras de la Universidad de Valpara\u00edso como parte del proyecto UV \u00abMetodolog\u00eda de Apoyo al Emprendimiento en la Industria Creativa en la Regi\u00f3n de Valpara\u00edso\u00bb, que es financiado por el Programa [&hellip;]\" \/>\n<meta property=\"og:url\" content=\"https:\/\/dev.antudigital.cl\/sites\/vc\/conversatorio-sobre-economia-creativa-en-universidad-de-valparaiso\/\" \/>\n<meta property=\"og:site_name\" content=\"Valpara\u00ed\u00adso Creativo\" \/>\n<meta property=\"article:published_time\" content=\"2019-04-30T13:26:20+00:00\" \/>\n<meta property=\"og:image\" content=\"https:\/\/dev.antudigital.cl\/sites\/vc\/wp-content\/uploads\/2019\/04\/Screen-Shot-2019-04-30-at-13.24.43.png\" \/>\n\t<meta property=\"og:image:width\" content=\"801\" \/>\n\t<meta property=\"og:image:height\" content=\"422\" \/>\n\t<meta property=\"og:image:type\" content=\"image\/png\" \/>\n<meta name=\"author\" content=\"Valparaiso Creativo\" \/>\n<meta name=\"twitter:card\" content=\"summary_large_image\" \/>\n<meta name=\"twitter:label1\" content=\"Escrito por\" \/>\n\t<meta name=\"twitter:data1\" content=\"Valparaiso Creativo\" \/>\n\t<meta name=\"twitter:label2\" content=\"Tiempo de lectura\" \/>\n\t<meta name=\"twitter:data2\" content=\"1 minuto\" \/>\n<script type=\"application\/ld+json\" class=\"yoast-schema-graph\">{\"@context\":\"https:\/\/schema.org\",\"@graph\":[{\"@type\":\"Article\",\"@id\":\"https:\/\/dev.antudigital.cl\/sites\/vc\/conversatorio-sobre-economia-creativa-en-universidad-de-valparaiso\/#article\",\"isPartOf\":{\"@id\":\"https:\/\/dev.antudigital.cl\/sites\/vc\/conversatorio-sobre-economia-creativa-en-universidad-de-valparaiso\/\"},\"author\":{\"name\":\"Valparaiso Creativo\",\"@id\":\"https:\/\/dev.antudigital.cl\/sites\/vc\/#\/schema\/person\/81d1dcd51abd542b5dfc00f5f951a0f1\"},\"headline\":\"Conversatorio sobre Econom\u00eda Creativa en Universidad de Valpara\u00edso\",\"datePublished\":\"2019-04-30T13:26:20+00:00\",\"mainEntityOfPage\":{\"@id\":\"https:\/\/dev.antudigital.cl\/sites\/vc\/conversatorio-sobre-economia-creativa-en-universidad-de-valparaiso\/\"},\"wordCount\":151,\"image\":{\"@id\":\"https:\/\/dev.antudigital.cl\/sites\/vc\/conversatorio-sobre-economia-creativa-en-universidad-de-valparaiso\/#primaryimage\"},\"thumbnailUrl\":\"https:\/\/dev.antudigital.cl\/sites\/vc\/wp-content\/uploads\/2019\/04\/Screen-Shot-2019-04-30-at-13.24.43.png\",\"articleSection\":[\"Noticia\"],\"inLanguage\":\"es\"},{\"@type\":\"WebPage\",\"@id\":\"https:\/\/dev.antudigital.cl\/sites\/vc\/conversatorio-sobre-economia-creativa-en-universidad-de-valparaiso\/\",\"url\":\"https:\/\/dev.antudigital.cl\/sites\/vc\/conversatorio-sobre-economia-creativa-en-universidad-de-valparaiso\/\",\"name\":\"Conversatorio sobre Econom\u00eda Creativa en Universidad de Valpara\u00edso - Valpara\u00ed\u00adso Creativo\",\"isPartOf\":{\"@id\":\"https:\/\/dev.antudigital.cl\/sites\/vc\/#website\"},\"primaryImageOfPage\":{\"@id\":\"https:\/\/dev.antudigital.cl\/sites\/vc\/conversatorio-sobre-economia-creativa-en-universidad-de-valparaiso\/#primaryimage\"},\"image\":{\"@id\":\"https:\/\/dev.antudigital.cl\/sites\/vc\/conversatorio-sobre-economia-creativa-en-universidad-de-valparaiso\/#primaryimage\"},\"thumbnailUrl\":\"https:\/\/dev.antudigital.cl\/sites\/vc\/wp-content\/uploads\/2019\/04\/Screen-Shot-2019-04-30-at-13.24.43.png\",\"datePublished\":\"2019-04-30T13:26:20+00:00\",\"author\":{\"@id\":\"https:\/\/dev.antudigital.cl\/sites\/vc\/#\/schema\/person\/81d1dcd51abd542b5dfc00f5f951a0f1\"},\"breadcrumb\":{\"@id\":\"https:\/\/dev.antudigital.cl\/sites\/vc\/conversatorio-sobre-economia-creativa-en-universidad-de-valparaiso\/#breadcrumb\"},\"inLanguage\":\"es\",\"potentialAction\":[{\"@type\":\"ReadAction\",\"target\":[\"https:\/\/dev.antudigital.cl\/sites\/vc\/conversatorio-sobre-economia-creativa-en-universidad-de-valparaiso\/\"]}]},{\"@type\":\"ImageObject\",\"inLanguage\":\"es\",\"@id\":\"https:\/\/dev.antudigital.cl\/sites\/vc\/conversatorio-sobre-economia-creativa-en-universidad-de-valparaiso\/#primaryimage\",\"url\":\"https:\/\/dev.antudigital.cl\/sites\/vc\/wp-content\/uploads\/2019\/04\/Screen-Shot-2019-04-30-at-13.24.43.png\",\"contentUrl\":\"https:\/\/dev.antudigital.cl\/sites\/vc\/wp-content\/uploads\/2019\/04\/Screen-Shot-2019-04-30-at-13.24.43.png\",\"width\":801,\"height\":422},{\"@type\":\"BreadcrumbList\",\"@id\":\"https:\/\/dev.antudigital.cl\/sites\/vc\/conversatorio-sobre-economia-creativa-en-universidad-de-valparaiso\/#breadcrumb\",\"itemListElement\":[{\"@type\":\"ListItem\",\"position\":1,\"name\":\"Home\",\"item\":\"https:\/\/dev.antudigital.cl\/sites\/vc\/\"},{\"@type\":\"ListItem\",\"position\":2,\"name\":\"Conversatorio sobre Econom\u00eda Creativa en Universidad de Valpara\u00edso\"}]},{\"@type\":\"WebSite\",\"@id\":\"https:\/\/dev.antudigital.cl\/sites\/vc\/#website\",\"url\":\"https:\/\/dev.antudigital.cl\/sites\/vc\/\",\"name\":\"Valpara\u00ed\u00adso Creativo\",\"description\":\"\",\"potentialAction\":[{\"@type\":\"SearchAction\",\"target\":{\"@type\":\"EntryPoint\",\"urlTemplate\":\"https:\/\/dev.antudigital.cl\/sites\/vc\/?s={search_term_string}\"},\"query-input\":{\"@type\":\"PropertyValueSpecification\",\"valueRequired\":true,\"valueName\":\"search_term_string\"}}],\"inLanguage\":\"es\"},{\"@type\":\"Person\",\"@id\":\"https:\/\/dev.antudigital.cl\/sites\/vc\/#\/schema\/person\/81d1dcd51abd542b5dfc00f5f951a0f1\",\"name\":\"Valparaiso Creativo\",\"url\":\"https:\/\/dev.antudigital.cl\/sites\/vc\/author\/valparaiso-creativo\/\"}]}<\/script>\n<!-- \/ Yoast SEO plugin. -->","yoast_head_json":{"title":"Conversatorio sobre Econom\u00eda Creativa en Universidad de Valpara\u00edso - Valpara\u00ed\u00adso Creativo","robots":{"index":"index","follow":"follow","max-snippet":"max-snippet:-1","max-image-preview":"max-image-preview:large","max-video-preview":"max-video-preview:-1"},"canonical":"https:\/\/dev.antudigital.cl\/sites\/vc\/conversatorio-sobre-economia-creativa-en-universidad-de-valparaiso\/","og_locale":"es_ES","og_type":"article","og_title":"Conversatorio sobre Econom\u00eda Creativa en Universidad de Valpara\u00edso - Valpara\u00ed\u00adso Creativo","og_description":"El pr\u00f3ximo martes 7 de mayo, a las 11.30 horas, se realizar\u00e1 el \u00abConversarorio Econom\u00eda Creativa \u00bfQuien se Beneficia?\u00bb en el Auditorio Campus Las Heras de la Universidad de Valpara\u00edso como parte del proyecto UV \u00abMetodolog\u00eda de Apoyo al Emprendimiento en la Industria Creativa en la Regi\u00f3n de Valpara\u00edso\u00bb, que es financiado por el Programa [&hellip;]","og_url":"https:\/\/dev.antudigital.cl\/sites\/vc\/conversatorio-sobre-economia-creativa-en-universidad-de-valparaiso\/","og_site_name":"Valpara\u00ed\u00adso Creativo","article_published_time":"2019-04-30T13:26:20+00:00","og_image":[{"width":801,"height":422,"url":"https:\/\/dev.antudigital.cl\/sites\/vc\/wp-content\/uploads\/2019\/04\/Screen-Shot-2019-04-30-at-13.24.43.png","type":"image\/png"}],"author":"Valparaiso Creativo","twitter_card":"summary_large_image","twitter_misc":{"Escrito por":"Valparaiso Creativo","Tiempo de lectura":"1 minuto"},"schema":{"@context":"https:\/\/schema.org","@graph":[{"@type":"Article","@id":"https:\/\/dev.antudigital.cl\/sites\/vc\/conversatorio-sobre-economia-creativa-en-universidad-de-valparaiso\/#article","isPartOf":{"@id":"https:\/\/dev.antudigital.cl\/sites\/vc\/conversatorio-sobre-economia-creativa-en-universidad-de-valparaiso\/"},"author":{"name":"Valparaiso Creativo","@id":"https:\/\/dev.antudigital.cl\/sites\/vc\/#\/schema\/person\/81d1dcd51abd542b5dfc00f5f951a0f1"},"headline":"Conversatorio sobre Econom\u00eda Creativa en Universidad de Valpara\u00edso","datePublished":"2019-04-30T13:26:20+00:00","mainEntityOfPage":{"@id":"https:\/\/dev.antudigital.cl\/sites\/vc\/conversatorio-sobre-economia-creativa-en-universidad-de-valparaiso\/"},"wordCount":151,"image":{"@id":"https:\/\/dev.antudigital.cl\/sites\/vc\/conversatorio-sobre-economia-creativa-en-universidad-de-valparaiso\/#primaryimage"},"thumbnailUrl":"https:\/\/dev.antudigital.cl\/sites\/vc\/wp-content\/uploads\/2019\/04\/Screen-Shot-2019-04-30-at-13.24.43.png","articleSection":["Noticia"],"inLanguage":"es"},{"@type":"WebPage","@id":"https:\/\/dev.antudigital.cl\/sites\/vc\/conversatorio-sobre-economia-creativa-en-universidad-de-valparaiso\/","url":"https:\/\/dev.antudigital.cl\/sites\/vc\/conversatorio-sobre-economia-creativa-en-universidad-de-valparaiso\/","name":"Conversatorio sobre Econom\u00eda Creativa en Universidad de Valpara\u00edso - Valpara\u00ed\u00adso Creativo","isPartOf":{"@id":"https:\/\/dev.antudigital.cl\/sites\/vc\/#website"},"primaryImageOfPage":{"@id":"https:\/\/dev.antudigital.cl\/sites\/vc\/conversatorio-sobre-economia-creativa-en-universidad-de-valparaiso\/#primaryimage"},"image":{"@id":"https:\/\/dev.antudigital.cl\/sites\/vc\/conversatorio-sobre-economia-creativa-en-universidad-de-valparaiso\/#primaryimage"},"thumbnailUrl":"https:\/\/dev.antudigital.cl\/sites\/vc\/wp-content\/uploads\/2019\/04\/Screen-Shot-2019-04-30-at-13.24.43.png","datePublished":"2019-04-30T13:26:20+00:00","author":{"@id":"https:\/\/dev.antudigital.cl\/sites\/vc\/#\/schema\/person\/81d1dcd51abd542b5dfc00f5f951a0f1"},"breadcrumb":{"@id":"https:\/\/dev.antudigital.cl\/sites\/vc\/conversatorio-sobre-economia-creativa-en-universidad-de-valparaiso\/#breadcrumb"},"inLanguage":"es","potentialAction":[{"@type":"ReadAction","target":["https:\/\/dev.antudigital.cl\/sites\/vc\/conversatorio-sobre-economia-creativa-en-universidad-de-valparaiso\/"]}]},{"@type":"ImageObject","inLanguage":"es","@id":"https:\/\/dev.antudigital.cl\/sites\/vc\/conversatorio-sobre-economia-creativa-en-universidad-de-valparaiso\/#primaryimage","url":"https:\/\/dev.antudigital.cl\/sites\/vc\/wp-content\/uploads\/2019\/04\/Screen-Shot-2019-04-30-at-13.24.43.png","contentUrl":"https:\/\/dev.antudigital.cl\/sites\/vc\/wp-content\/uploads\/2019\/04\/Screen-Shot-2019-04-30-at-13.24.43.png","width":801,"height":422},{"@type":"BreadcrumbList","@id":"https:\/\/dev.antudigital.cl\/sites\/vc\/conversatorio-sobre-economia-creativa-en-universidad-de-valparaiso\/#breadcrumb","itemListElement":[{"@type":"ListItem","position":1,"name":"Home","item":"https:\/\/dev.antudigital.cl\/sites\/vc\/"},{"@type":"ListItem","position":2,"name":"Conversatorio sobre Econom\u00eda Creativa en Universidad de Valpara\u00edso"}]},{"@type":"WebSite","@id":"https:\/\/dev.antudigital.cl\/sites\/vc\/#website","url":"https:\/\/dev.antudigital.cl\/sites\/vc\/","name":"Valpara\u00ed\u00adso Creativo","description":"","potentialAction":[{"@type":"SearchAction","target":{"@type":"EntryPoint","urlTemplate":"https:\/\/dev.antudigital.cl\/sites\/vc\/?s={search_term_string}"},"query-input":{"@type":"PropertyValueSpecification","valueRequired":true,"valueName":"search_term_string"}}],"inLanguage":"es"},{"@type":"Person","@id":"https:\/\/dev.antudigital.cl\/sites\/vc\/#\/schema\/person\/81d1dcd51abd542b5dfc00f5f951a0f1","name":"Valparaiso Creativo","url":"https:\/\/dev.antudigital.cl\/sites\/vc\/author\/valparaiso-creativo\/"}]}},"_links":{"self":[{"href":"https:\/\/dev.antudigital.cl\/sites\/vc\/wp-json\/wp\/v2\/posts\/9063","targetHints":{"allow":["GET"]}}],"collection":[{"href":"https:\/\/dev.antudigital.cl\/sites\/vc\/wp-json\/wp\/v2\/posts"}],"about":[{"href":"https:\/\/dev.antudigital.cl\/sites\/vc\/wp-json\/wp\/v2\/types\/post"}],"author":[{"embeddable":true,"href":"https:\/\/dev.antudigital.cl\/sites\/vc\/wp-json\/wp\/v2\/users\/3"}],"replies":[{"embeddable":true,"href":"https:\/\/dev.antudigital.cl\/sites\/vc\/wp-json\/wp\/v2\/comments?post=9063"}],"version-history":[{"count":0,"href":"https:\/\/dev.antudigital.cl\/sites\/vc\/wp-json\/wp\/v2\/posts\/9063\/revisions"}],"wp:featuredmedia":[{"embeddable":true,"href":"https:\/\/dev.antudigital.cl\/sites\/vc\/wp-json\/wp\/v2\/media\/9064"}],"wp:attachment":[{"href":"https:\/\/dev.antudigital.cl\/sites\/vc\/wp-json\/wp\/v2\/media?parent=9063"}],"wp:term":[{"taxonomy":"category","embeddable":true,"href":"https:\/\/dev.antudigital.cl\/sites\/vc\/wp-json\/wp\/v2\/categories?post=9063"},{"taxonomy":"post_tag","embeddable":true,"href":"https:\/\/dev.antudigital.cl\/sites\/vc\/wp-json\/wp\/v2\/tags?post=9063"}],"curies":[{"name":"wp","href":"https:\/\/api.w.org\/{rel}","templated":true}]}}