{"id":9065,"date":"2019-04-29T08:07:20","date_gmt":"2019-04-29T08:07:20","guid":{"rendered":"http:\/\/www.valparaisocreativo.cl\/?p=3352"},"modified":"2019-04-29T08:07:20","modified_gmt":"2019-04-29T08:07:20","slug":"seremi-de-las-culturas-se-reune-con-consejo-de-la-musica-para-presentar-proyecto-que-busca-declarar-a-valparaiso-como-ciudad-musical","status":"publish","type":"post","link":"https:\/\/dev.antudigital.cl\/sites\/vc\/seremi-de-las-culturas-se-reune-con-consejo-de-la-musica-para-presentar-proyecto-que-busca-declarar-a-valparaiso-como-ciudad-musical\/","title":{"rendered":"Seremi de las Culturas se re\u00fane con Consejo de la M\u00fasica para presentar proyecto que busca declarar a Valpara\u00edso como ciudad musical"},"content":{"rendered":"<p><b>La sesi\u00f3n encabezada por la seremi de las Culturas, Constance Harvey, cont\u00f3 con la participaci\u00f3n de la secretaria ejecutiva del Consejo de la M\u00fasica, Camila Gallardo, y representantes del Municipio de Valpara\u00edso, IMUVA y el programa \u201cValpara\u00edso Creativo\u201d. Iniciativa ser\u00e1 presentada ante la Unesco el pr\u00f3ximo 30 de junio.<\/b><\/p>\n<p><span style=\"font-weight: 400;\">Generar un plan estrat\u00e9gico y colaborativo entre instituciones p\u00fablicas y privadas para la postulaci\u00f3n de Valpara\u00edso como ciudad musical ante la Unesco, fue el objetivo de la reuni\u00f3n que sostuvo la seremi de las Culturas, las Artes y el Patrimonio de la Regi\u00f3n de Valpara\u00edso, Constance Harvey, junto al Consejo de Fomento de la M\u00fasica Nacional del Ministerio de las Culturas, las Artes y el Patrimonio, la Municipalidad de Valpara\u00edso, la Asociaci\u00f3n Gremial de la Industria de la M\u00fasica de la Regi\u00f3n de Valpara\u00edso (IMUVA) y el programa estrat\u00e9gico de Corfo \u201cValpara\u00edso Creativo\u201d.<\/span><\/p>\n<blockquote><p><span style=\"font-weight: 400;\">La seremi Constance Harvey, indic\u00f3 que \u201cestamos muy agradecidos desde la serem\u00eda por esta sesi\u00f3n del directorio del Consejo de la M\u00fasica que se realiz\u00f3 en Valpara\u00edso, donde han llegado todos los consejeros para poder sesionar y aprovechar de nosotros presentarles a ellos la postulaci\u00f3n de Valpara\u00edso a la Red de Ciudades Creativas de la Unesco, toda vez que esto contribuye al cumplimiento de nuestras pol\u00edticas de la m\u00fasica en promover lo que es la integraci\u00f3n de comunas de Chile a circuitos internacionales de ciudades musicales. Este trabajo lo hacemos en conjunto con la Municipalidad de Valpara\u00edso, Valpara\u00edso Creativo, IMUVA y el Ministerio de las Culturas tambi\u00e9n. El objetivo de esta reuni\u00f3n es ver de qu\u00e9 manera y a trav\u00e9s de qu\u00e9 programas podemos apoyar en la ejecuci\u00f3n de un plan de Valpara\u00edso como ciudad musical\u201d.<\/span><\/p><\/blockquote>\n<p><span style=\"font-weight: 400;\">Por su parte, Carlos Cabezas, miembro del Consejo de la M\u00fasica, manifest\u00f3 que \u201cesta idea de la postulaci\u00f3n de Valpara\u00edso como ciudad musical es una idea que fortalece, y hace que las distintas miradas de la sociedad del Puerto puedan trabajar juntas. Es algo que se est\u00e1n haciendo en otros lados y nos ayuda como comunidad y desarrollar ideas en com\u00fan para el desarrollo de estos proyectos\u201d.<\/span><\/p>\n<p><span style=\"font-weight: 400;\">Mientras que Isabella Mons\u00f3, directora del Departamento de Cultura de la Municipalidad de Valpara\u00edso, dijo que \u201ccomo Alcald\u00eda Ciudadana queremos agradecer al Consejo de la M\u00fasica por conocer el proyecto en el cual estamos trabajando desde hace m\u00e1s de un a\u00f1o de manera coordinada entre las instituciones (\u2026). Esa ha sido la intensi\u00f3n de todo el trabajo de postulaci\u00f3n, estamos en este momento en proceso de formulaci\u00f3n y generaci\u00f3n de alianzas para la postulaci\u00f3n que ya tiene fecha que es el 30 de junio y, por supuesto, se vendr\u00e1n nuevas jornadas de participaci\u00f3n para dar a conocer el trabajo de dise\u00f1o construido de manera colaborativa entre el sector musical, instituciones p\u00fablicas y privadas. Est\u00e1n todos cordialmente invitados a estar atentos a las convocatorias para que sean parte de esta \u00faltima fase de postulaci\u00f3n\u201d.<\/span><\/p>\n<p><img fetchpriority=\"high\" decoding=\"async\" class=\"alignleft size-medium wp-image-3355\" src=\"http:\/\/www.valparaisocreativo.cl\/wp-content\/uploads\/2019\/04\/IMG-9007-300x200.jpg\" alt=\"\" width=\"300\" height=\"200\" \/>En tanto, H\u00e9ctor Leiva, subdirector regional de Corfo Valpara\u00edso, sostuvo que<\/p>\n<blockquote><p><span style=\"font-weight: 400;\">\u201cnosotros creemos que Valpara\u00edso tiene todo el potencial para ser reconocida como una ciudad de la m\u00fasica, porque es una de las industrias que aporta m\u00e1s en esta ciudad con eventos, salas disponibles, y de un semillero creativo. Obviamente tenemos muchos desaf\u00edos que enfrentar con respecto a darle una f\u00f3rmula que permita a los m\u00fasicos ser sustentables y que cada d\u00eda ellos puedan generar ingresos tanto para ellos como para la ciudad, la comuna de Valpara\u00edso, y as\u00ed tambi\u00e9n a todo lo que se mueve en torno a \u00e9sta, como lo es el turismo\u00bb.\u00a0<\/span><\/p><\/blockquote>\n<p>Asimismo, Isidora Cabez\u00f3n, Coordinadora de Econom\u00eda Creativa de Corfo coment\u00f3<\/p>\n<blockquote><p>\u201cConsideramos importante el trabajo que se est\u00e1 generando desde Valpara\u00edso para obtener una nueva ciudad creativa de la m\u00fasica en la Red Unesco, aparte de Frutillar. Una de las medidas de Corfo es apoyar transversalmente las ciudades creativas, \u00a0ya que apostamos por el desarrollo del capital creativo existente en Chile y que \u00e9ste se transforme en industria\u00bb.<\/p><\/blockquote>\n<p>Adem\u00e1s, agreg\u00f3 que<\/p>\n<blockquote><p>\u00abnos hemos puesto como desaf\u00edo seguir apoyando y potenciando las industrias creativas, porque vemos en estos sectores una tremenda oportunidad de desarrollo para el pa\u00eds. Tenemos un especial inter\u00e9s en el sector musical por el gran impacto que genera a nivel transversal y el potencial que presenta para escalar internacionalmente. De esta forma, \u00a0estamos trabajando en delinear instrumento \u00a0que permita apoyar la etapa de distribuci\u00f3n y comercializaci\u00f3n de empresas musicales\u201d.<\/p><\/blockquote>\n<p><b>Valpara\u00edso, Puerto de M\u00fasicas<\/b><\/p>\n<p><span style=\"font-weight: 400;\">Es una es una iniciativa p\u00fablico-privada que busca desarrollar a Valpara\u00edso como ciudad \u00a0musical y que adem\u00e1s integra la Red de Ciudades Creativas de la Unesco, la que actualmente est\u00e1 compuesta por 180 ciudades de todo el mundo en diferentes \u00e1reas de la creatividad. En el caso de Valpara\u00edso, se busca obtener la denominaci\u00f3n en el \u00e1rea creativa de la m\u00fasica y el nombramiento de \u201cCiudad creativa de la m\u00fasica\u201d.<\/span><\/p>\n<p><span style=\"font-weight: 400;\">A trav\u00e9s del trabajo colaborativo se ha generado una instancia de trabajo con \u00a0la Municipalidad de Valpara\u00edso, a trav\u00e9s de su Direcci\u00f3n de Cultura; el Ministerio de las Culturas, las Artes y el Patrimonio; la Asociaci\u00f3n gremial de la industria musical de la regi\u00f3n de Valpara\u00edso (IMUVA); y el programa estrat\u00e9gico regional impulsado por Corfo, \u201cValpara\u00edso Creativo\u201d. \u00a0Peri\u00f3dicamente se han reunido para posicionar a nivel institucional y ciudadano a Valpara\u00edso como ciudad creativa. <\/span><\/p>\n<p>&nbsp;<\/p>\n","protected":false},"excerpt":{"rendered":"<p>La sesi\u00f3n encabezada por la seremi de las Culturas, Constance Harvey, cont\u00f3 con la participaci\u00f3n de la secretaria ejecutiva del Consejo de la M\u00fasica, Camila Gallardo, y representantes del Municipio de Valpara\u00edso, IMUVA y el programa \u201cValpara\u00edso Creativo\u201d. Iniciativa ser\u00e1 presentada ante la Unesco el pr\u00f3ximo 30 de junio. Generar un plan estrat\u00e9gico y colaborativo [&hellip;]<\/p>\n","protected":false},"author":3,"featured_media":9067,"comment_status":"closed","ping_status":"closed","sticky":false,"template":"","format":"standard","meta":{"_acf_changed":false,"footnotes":""},"categories":[8],"tags":[],"class_list":["post-9065","post","type-post","status-publish","format-standard","has-post-thumbnail","hentry","category-noticia"],"acf":[],"yoast_head":"<!-- This site is optimized with the Yoast SEO plugin v27.1.1 - https:\/\/yoast.com\/product\/yoast-seo-wordpress\/ -->\n<title>Seremi de las Culturas se re\u00fane con Consejo de la M\u00fasica para presentar proyecto que busca declarar a Valpara\u00edso como ciudad musical - Valpara\u00ed\u00adso Creativo<\/title>\n<meta name=\"robots\" content=\"index, follow, max-snippet:-1, max-image-preview:large, max-video-preview:-1\" \/>\n<link rel=\"canonical\" href=\"https:\/\/dev.antudigital.cl\/sites\/vc\/seremi-de-las-culturas-se-reune-con-consejo-de-la-musica-para-presentar-proyecto-que-busca-declarar-a-valparaiso-como-ciudad-musical\/\" \/>\n<meta property=\"og:locale\" content=\"es_ES\" \/>\n<meta property=\"og:type\" content=\"article\" \/>\n<meta property=\"og:title\" content=\"Seremi de las Culturas se re\u00fane con Consejo de la M\u00fasica para presentar proyecto que busca declarar a Valpara\u00edso como ciudad musical - Valpara\u00ed\u00adso Creativo\" \/>\n<meta property=\"og:description\" content=\"La sesi\u00f3n encabezada por la seremi de las Culturas, Constance Harvey, cont\u00f3 con la participaci\u00f3n de la secretaria ejecutiva del Consejo de la M\u00fasica, Camila Gallardo, y representantes del Municipio de Valpara\u00edso, IMUVA y el programa \u201cValpara\u00edso Creativo\u201d. Iniciativa ser\u00e1 presentada ante la Unesco el pr\u00f3ximo 30 de junio. Generar un plan estrat\u00e9gico y colaborativo [&hellip;]\" \/>\n<meta property=\"og:url\" content=\"https:\/\/dev.antudigital.cl\/sites\/vc\/seremi-de-las-culturas-se-reune-con-consejo-de-la-musica-para-presentar-proyecto-que-busca-declarar-a-valparaiso-como-ciudad-musical\/\" \/>\n<meta property=\"og:site_name\" content=\"Valpara\u00ed\u00adso Creativo\" \/>\n<meta property=\"article:published_time\" content=\"2019-04-29T08:07:20+00:00\" \/>\n<meta property=\"og:image\" content=\"https:\/\/dev.antudigital.cl\/sites\/vc\/wp-content\/uploads\/2019\/04\/IMG-8976-e1556591504269.jpg\" \/>\n\t<meta property=\"og:image:width\" content=\"1500\" \/>\n\t<meta property=\"og:image:height\" content=\"1000\" \/>\n\t<meta property=\"og:image:type\" content=\"image\/jpeg\" \/>\n<meta name=\"author\" content=\"Valparaiso Creativo\" \/>\n<meta name=\"twitter:card\" content=\"summary_large_image\" \/>\n<meta name=\"twitter:label1\" content=\"Escrito por\" \/>\n\t<meta name=\"twitter:data1\" content=\"Valparaiso Creativo\" \/>\n\t<meta name=\"twitter:label2\" content=\"Tiempo de lectura\" \/>\n\t<meta name=\"twitter:data2\" content=\"5 minutos\" \/>\n<script type=\"application\/ld+json\" class=\"yoast-schema-graph\">{\"@context\":\"https:\/\/schema.org\",\"@graph\":[{\"@type\":\"Article\",\"@id\":\"https:\/\/dev.antudigital.cl\/sites\/vc\/seremi-de-las-culturas-se-reune-con-consejo-de-la-musica-para-presentar-proyecto-que-busca-declarar-a-valparaiso-como-ciudad-musical\/#article\",\"isPartOf\":{\"@id\":\"https:\/\/dev.antudigital.cl\/sites\/vc\/seremi-de-las-culturas-se-reune-con-consejo-de-la-musica-para-presentar-proyecto-que-busca-declarar-a-valparaiso-como-ciudad-musical\/\"},\"author\":{\"name\":\"Valparaiso Creativo\",\"@id\":\"https:\/\/dev.antudigital.cl\/sites\/vc\/#\/schema\/person\/81d1dcd51abd542b5dfc00f5f951a0f1\"},\"headline\":\"Seremi de las Culturas se re\u00fane con Consejo de la M\u00fasica para presentar proyecto que busca declarar a Valpara\u00edso como ciudad musical\",\"datePublished\":\"2019-04-29T08:07:20+00:00\",\"mainEntityOfPage\":{\"@id\":\"https:\/\/dev.antudigital.cl\/sites\/vc\/seremi-de-las-culturas-se-reune-con-consejo-de-la-musica-para-presentar-proyecto-que-busca-declarar-a-valparaiso-como-ciudad-musical\/\"},\"wordCount\":991,\"image\":{\"@id\":\"https:\/\/dev.antudigital.cl\/sites\/vc\/seremi-de-las-culturas-se-reune-con-consejo-de-la-musica-para-presentar-proyecto-que-busca-declarar-a-valparaiso-como-ciudad-musical\/#primaryimage\"},\"thumbnailUrl\":\"https:\/\/dev.antudigital.cl\/sites\/vc\/wp-content\/uploads\/2019\/04\/IMG-8976-e1556591504269.jpg\",\"articleSection\":[\"Noticia\"],\"inLanguage\":\"es\"},{\"@type\":\"WebPage\",\"@id\":\"https:\/\/dev.antudigital.cl\/sites\/vc\/seremi-de-las-culturas-se-reune-con-consejo-de-la-musica-para-presentar-proyecto-que-busca-declarar-a-valparaiso-como-ciudad-musical\/\",\"url\":\"https:\/\/dev.antudigital.cl\/sites\/vc\/seremi-de-las-culturas-se-reune-con-consejo-de-la-musica-para-presentar-proyecto-que-busca-declarar-a-valparaiso-como-ciudad-musical\/\",\"name\":\"Seremi de las Culturas se re\u00fane con Consejo de la M\u00fasica para presentar proyecto que busca declarar a Valpara\u00edso como ciudad musical - Valpara\u00ed\u00adso Creativo\",\"isPartOf\":{\"@id\":\"https:\/\/dev.antudigital.cl\/sites\/vc\/#website\"},\"primaryImageOfPage\":{\"@id\":\"https:\/\/dev.antudigital.cl\/sites\/vc\/seremi-de-las-culturas-se-reune-con-consejo-de-la-musica-para-presentar-proyecto-que-busca-declarar-a-valparaiso-como-ciudad-musical\/#primaryimage\"},\"image\":{\"@id\":\"https:\/\/dev.antudigital.cl\/sites\/vc\/seremi-de-las-culturas-se-reune-con-consejo-de-la-musica-para-presentar-proyecto-que-busca-declarar-a-valparaiso-como-ciudad-musical\/#primaryimage\"},\"thumbnailUrl\":\"https:\/\/dev.antudigital.cl\/sites\/vc\/wp-content\/uploads\/2019\/04\/IMG-8976-e1556591504269.jpg\",\"datePublished\":\"2019-04-29T08:07:20+00:00\",\"author\":{\"@id\":\"https:\/\/dev.antudigital.cl\/sites\/vc\/#\/schema\/person\/81d1dcd51abd542b5dfc00f5f951a0f1\"},\"breadcrumb\":{\"@id\":\"https:\/\/dev.antudigital.cl\/sites\/vc\/seremi-de-las-culturas-se-reune-con-consejo-de-la-musica-para-presentar-proyecto-que-busca-declarar-a-valparaiso-como-ciudad-musical\/#breadcrumb\"},\"inLanguage\":\"es\",\"potentialAction\":[{\"@type\":\"ReadAction\",\"target\":[\"https:\/\/dev.antudigital.cl\/sites\/vc\/seremi-de-las-culturas-se-reune-con-consejo-de-la-musica-para-presentar-proyecto-que-busca-declarar-a-valparaiso-como-ciudad-musical\/\"]}]},{\"@type\":\"ImageObject\",\"inLanguage\":\"es\",\"@id\":\"https:\/\/dev.antudigital.cl\/sites\/vc\/seremi-de-las-culturas-se-reune-con-consejo-de-la-musica-para-presentar-proyecto-que-busca-declarar-a-valparaiso-como-ciudad-musical\/#primaryimage\",\"url\":\"https:\/\/dev.antudigital.cl\/sites\/vc\/wp-content\/uploads\/2019\/04\/IMG-8976-e1556591504269.jpg\",\"contentUrl\":\"https:\/\/dev.antudigital.cl\/sites\/vc\/wp-content\/uploads\/2019\/04\/IMG-8976-e1556591504269.jpg\",\"width\":1500,\"height\":1000},{\"@type\":\"BreadcrumbList\",\"@id\":\"https:\/\/dev.antudigital.cl\/sites\/vc\/seremi-de-las-culturas-se-reune-con-consejo-de-la-musica-para-presentar-proyecto-que-busca-declarar-a-valparaiso-como-ciudad-musical\/#breadcrumb\",\"itemListElement\":[{\"@type\":\"ListItem\",\"position\":1,\"name\":\"Home\",\"item\":\"https:\/\/dev.antudigital.cl\/sites\/vc\/\"},{\"@type\":\"ListItem\",\"position\":2,\"name\":\"Seremi de las Culturas se re\u00fane con Consejo de la M\u00fasica para presentar proyecto que busca declarar a Valpara\u00edso como ciudad musical\"}]},{\"@type\":\"WebSite\",\"@id\":\"https:\/\/dev.antudigital.cl\/sites\/vc\/#website\",\"url\":\"https:\/\/dev.antudigital.cl\/sites\/vc\/\",\"name\":\"Valpara\u00ed\u00adso Creativo\",\"description\":\"\",\"potentialAction\":[{\"@type\":\"SearchAction\",\"target\":{\"@type\":\"EntryPoint\",\"urlTemplate\":\"https:\/\/dev.antudigital.cl\/sites\/vc\/?s={search_term_string}\"},\"query-input\":{\"@type\":\"PropertyValueSpecification\",\"valueRequired\":true,\"valueName\":\"search_term_string\"}}],\"inLanguage\":\"es\"},{\"@type\":\"Person\",\"@id\":\"https:\/\/dev.antudigital.cl\/sites\/vc\/#\/schema\/person\/81d1dcd51abd542b5dfc00f5f951a0f1\",\"name\":\"Valparaiso Creativo\",\"url\":\"https:\/\/dev.antudigital.cl\/sites\/vc\/author\/valparaiso-creativo\/\"}]}<\/script>\n<!-- \/ Yoast SEO plugin. -->","yoast_head_json":{"title":"Seremi de las Culturas se re\u00fane con Consejo de la M\u00fasica para presentar proyecto que busca declarar a Valpara\u00edso como ciudad musical - Valpara\u00ed\u00adso Creativo","robots":{"index":"index","follow":"follow","max-snippet":"max-snippet:-1","max-image-preview":"max-image-preview:large","max-video-preview":"max-video-preview:-1"},"canonical":"https:\/\/dev.antudigital.cl\/sites\/vc\/seremi-de-las-culturas-se-reune-con-consejo-de-la-musica-para-presentar-proyecto-que-busca-declarar-a-valparaiso-como-ciudad-musical\/","og_locale":"es_ES","og_type":"article","og_title":"Seremi de las Culturas se re\u00fane con Consejo de la M\u00fasica para presentar proyecto que busca declarar a Valpara\u00edso como ciudad musical - Valpara\u00ed\u00adso Creativo","og_description":"La sesi\u00f3n encabezada por la seremi de las Culturas, Constance Harvey, cont\u00f3 con la participaci\u00f3n de la secretaria ejecutiva del Consejo de la M\u00fasica, Camila Gallardo, y representantes del Municipio de Valpara\u00edso, IMUVA y el programa \u201cValpara\u00edso Creativo\u201d. Iniciativa ser\u00e1 presentada ante la Unesco el pr\u00f3ximo 30 de junio. Generar un plan estrat\u00e9gico y colaborativo [&hellip;]","og_url":"https:\/\/dev.antudigital.cl\/sites\/vc\/seremi-de-las-culturas-se-reune-con-consejo-de-la-musica-para-presentar-proyecto-que-busca-declarar-a-valparaiso-como-ciudad-musical\/","og_site_name":"Valpara\u00ed\u00adso Creativo","article_published_time":"2019-04-29T08:07:20+00:00","og_image":[{"width":1500,"height":1000,"url":"https:\/\/dev.antudigital.cl\/sites\/vc\/wp-content\/uploads\/2019\/04\/IMG-8976-e1556591504269.jpg","type":"image\/jpeg"}],"author":"Valparaiso Creativo","twitter_card":"summary_large_image","twitter_misc":{"Escrito por":"Valparaiso Creativo","Tiempo de lectura":"5 minutos"},"schema":{"@context":"https:\/\/schema.org","@graph":[{"@type":"Article","@id":"https:\/\/dev.antudigital.cl\/sites\/vc\/seremi-de-las-culturas-se-reune-con-consejo-de-la-musica-para-presentar-proyecto-que-busca-declarar-a-valparaiso-como-ciudad-musical\/#article","isPartOf":{"@id":"https:\/\/dev.antudigital.cl\/sites\/vc\/seremi-de-las-culturas-se-reune-con-consejo-de-la-musica-para-presentar-proyecto-que-busca-declarar-a-valparaiso-como-ciudad-musical\/"},"author":{"name":"Valparaiso Creativo","@id":"https:\/\/dev.antudigital.cl\/sites\/vc\/#\/schema\/person\/81d1dcd51abd542b5dfc00f5f951a0f1"},"headline":"Seremi de las Culturas se re\u00fane con Consejo de la M\u00fasica para presentar proyecto que busca declarar a Valpara\u00edso como ciudad musical","datePublished":"2019-04-29T08:07:20+00:00","mainEntityOfPage":{"@id":"https:\/\/dev.antudigital.cl\/sites\/vc\/seremi-de-las-culturas-se-reune-con-consejo-de-la-musica-para-presentar-proyecto-que-busca-declarar-a-valparaiso-como-ciudad-musical\/"},"wordCount":991,"image":{"@id":"https:\/\/dev.antudigital.cl\/sites\/vc\/seremi-de-las-culturas-se-reune-con-consejo-de-la-musica-para-presentar-proyecto-que-busca-declarar-a-valparaiso-como-ciudad-musical\/#primaryimage"},"thumbnailUrl":"https:\/\/dev.antudigital.cl\/sites\/vc\/wp-content\/uploads\/2019\/04\/IMG-8976-e1556591504269.jpg","articleSection":["Noticia"],"inLanguage":"es"},{"@type":"WebPage","@id":"https:\/\/dev.antudigital.cl\/sites\/vc\/seremi-de-las-culturas-se-reune-con-consejo-de-la-musica-para-presentar-proyecto-que-busca-declarar-a-valparaiso-como-ciudad-musical\/","url":"https:\/\/dev.antudigital.cl\/sites\/vc\/seremi-de-las-culturas-se-reune-con-consejo-de-la-musica-para-presentar-proyecto-que-busca-declarar-a-valparaiso-como-ciudad-musical\/","name":"Seremi de las Culturas se re\u00fane con Consejo de la M\u00fasica para presentar proyecto que busca declarar a Valpara\u00edso como ciudad musical - Valpara\u00ed\u00adso Creativo","isPartOf":{"@id":"https:\/\/dev.antudigital.cl\/sites\/vc\/#website"},"primaryImageOfPage":{"@id":"https:\/\/dev.antudigital.cl\/sites\/vc\/seremi-de-las-culturas-se-reune-con-consejo-de-la-musica-para-presentar-proyecto-que-busca-declarar-a-valparaiso-como-ciudad-musical\/#primaryimage"},"image":{"@id":"https:\/\/dev.antudigital.cl\/sites\/vc\/seremi-de-las-culturas-se-reune-con-consejo-de-la-musica-para-presentar-proyecto-que-busca-declarar-a-valparaiso-como-ciudad-musical\/#primaryimage"},"thumbnailUrl":"https:\/\/dev.antudigital.cl\/sites\/vc\/wp-content\/uploads\/2019\/04\/IMG-8976-e1556591504269.jpg","datePublished":"2019-04-29T08:07:20+00:00","author":{"@id":"https:\/\/dev.antudigital.cl\/sites\/vc\/#\/schema\/person\/81d1dcd51abd542b5dfc00f5f951a0f1"},"breadcrumb":{"@id":"https:\/\/dev.antudigital.cl\/sites\/vc\/seremi-de-las-culturas-se-reune-con-consejo-de-la-musica-para-presentar-proyecto-que-busca-declarar-a-valparaiso-como-ciudad-musical\/#breadcrumb"},"inLanguage":"es","potentialAction":[{"@type":"ReadAction","target":["https:\/\/dev.antudigital.cl\/sites\/vc\/seremi-de-las-culturas-se-reune-con-consejo-de-la-musica-para-presentar-proyecto-que-busca-declarar-a-valparaiso-como-ciudad-musical\/"]}]},{"@type":"ImageObject","inLanguage":"es","@id":"https:\/\/dev.antudigital.cl\/sites\/vc\/seremi-de-las-culturas-se-reune-con-consejo-de-la-musica-para-presentar-proyecto-que-busca-declarar-a-valparaiso-como-ciudad-musical\/#primaryimage","url":"https:\/\/dev.antudigital.cl\/sites\/vc\/wp-content\/uploads\/2019\/04\/IMG-8976-e1556591504269.jpg","contentUrl":"https:\/\/dev.antudigital.cl\/sites\/vc\/wp-content\/uploads\/2019\/04\/IMG-8976-e1556591504269.jpg","width":1500,"height":1000},{"@type":"BreadcrumbList","@id":"https:\/\/dev.antudigital.cl\/sites\/vc\/seremi-de-las-culturas-se-reune-con-consejo-de-la-musica-para-presentar-proyecto-que-busca-declarar-a-valparaiso-como-ciudad-musical\/#breadcrumb","itemListElement":[{"@type":"ListItem","position":1,"name":"Home","item":"https:\/\/dev.antudigital.cl\/sites\/vc\/"},{"@type":"ListItem","position":2,"name":"Seremi de las Culturas se re\u00fane con Consejo de la M\u00fasica para presentar proyecto que busca declarar a Valpara\u00edso como ciudad musical"}]},{"@type":"WebSite","@id":"https:\/\/dev.antudigital.cl\/sites\/vc\/#website","url":"https:\/\/dev.antudigital.cl\/sites\/vc\/","name":"Valpara\u00ed\u00adso Creativo","description":"","potentialAction":[{"@type":"SearchAction","target":{"@type":"EntryPoint","urlTemplate":"https:\/\/dev.antudigital.cl\/sites\/vc\/?s={search_term_string}"},"query-input":{"@type":"PropertyValueSpecification","valueRequired":true,"valueName":"search_term_string"}}],"inLanguage":"es"},{"@type":"Person","@id":"https:\/\/dev.antudigital.cl\/sites\/vc\/#\/schema\/person\/81d1dcd51abd542b5dfc00f5f951a0f1","name":"Valparaiso Creativo","url":"https:\/\/dev.antudigital.cl\/sites\/vc\/author\/valparaiso-creativo\/"}]}},"_links":{"self":[{"href":"https:\/\/dev.antudigital.cl\/sites\/vc\/wp-json\/wp\/v2\/posts\/9065","targetHints":{"allow":["GET"]}}],"collection":[{"href":"https:\/\/dev.antudigital.cl\/sites\/vc\/wp-json\/wp\/v2\/posts"}],"about":[{"href":"https:\/\/dev.antudigital.cl\/sites\/vc\/wp-json\/wp\/v2\/types\/post"}],"author":[{"embeddable":true,"href":"https:\/\/dev.antudigital.cl\/sites\/vc\/wp-json\/wp\/v2\/users\/3"}],"replies":[{"embeddable":true,"href":"https:\/\/dev.antudigital.cl\/sites\/vc\/wp-json\/wp\/v2\/comments?post=9065"}],"version-history":[{"count":0,"href":"https:\/\/dev.antudigital.cl\/sites\/vc\/wp-json\/wp\/v2\/posts\/9065\/revisions"}],"wp:featuredmedia":[{"embeddable":true,"href":"https:\/\/dev.antudigital.cl\/sites\/vc\/wp-json\/wp\/v2\/media\/9067"}],"wp:attachment":[{"href":"https:\/\/dev.antudigital.cl\/sites\/vc\/wp-json\/wp\/v2\/media?parent=9065"}],"wp:term":[{"taxonomy":"category","embeddable":true,"href":"https:\/\/dev.antudigital.cl\/sites\/vc\/wp-json\/wp\/v2\/categories?post=9065"},{"taxonomy":"post_tag","embeddable":true,"href":"https:\/\/dev.antudigital.cl\/sites\/vc\/wp-json\/wp\/v2\/tags?post=9065"}],"curies":[{"name":"wp","href":"https:\/\/api.w.org\/{rel}","templated":true}]}}