{"id":9077,"date":"2019-04-03T11:52:35","date_gmt":"2019-04-03T11:52:35","guid":{"rendered":"http:\/\/www.valparaisocreativo.cl\/?p=3326"},"modified":"2019-04-03T11:52:35","modified_gmt":"2019-04-03T11:52:35","slug":"pro-chile-invita-a-empresas-de-valparaiso-a-participar-en-chilean-villages","status":"publish","type":"post","link":"https:\/\/dev.antudigital.cl\/sites\/vc\/pro-chile-invita-a-empresas-de-valparaiso-a-participar-en-chilean-villages\/","title":{"rendered":"Pro Chile invita a empresas de Valpara\u00edso a participar en \u201cChilean Villages\u201d"},"content":{"rendered":"<h4><span style=\"font-weight: 400;\">En el marco de la cumbre APEC a realizarse en mayo pr\u00f3ximo, la Direcci\u00f3n Regional de PRO Chile Valpara\u00edso, invita a participar en la \u201cChilean Villages\u201d a empresas chilenas de la regi\u00f3n de sectores productores gourmet, industria cosm\u00e9tica, productos textiles y accesorios de vestir y manufacturas creativas. \u00a0<\/span><\/h4>\n<p><span style=\"font-weight: 400;\">Hasta el 18 de abril est\u00e1 abierto la convocatoria para postular y ser parte de las Chilean Village. \u00a0<\/span><\/p>\n<p><span style=\"font-weight: 400;\">La convocatoria tiene por objetivo principal poner en relieve el patrimonio cultural de la regi\u00f3n y representarlo frente a otras Econom\u00edas Miembros de los pa\u00edses integrantes del foro APEC.<\/span><\/p>\n<p><span style=\"font-weight: 400;\">Los expositores de los rubros citados precedentemente podr\u00e1n exhibir sus productos en un stand individual, por un plazo de entre 3 y 6 d\u00edas entre las fechas del evento antes indicadas. En el evento APEC participar\u00e1n aproximadamente 400 personas diarias, que en total superar\u00e1n los 2.000 delegados de la cumbre del foro APEC. La Chilean Villages, tendr\u00e1 lugar en el Hotel Sheraton, entre el 2 y el 18 de mayo de 2019.<\/span><\/p>\n<p><span style=\"font-weight: 400;\">La finalidad de nuestra \u201cChilean Villages\u201d es que delegados de las econom\u00edas participantes en APEC, puedan comprar productos chilenos para llevar de regreso a sus lugares de origen. Para ello, se dispondr\u00e1 de stand en el espacio antes indicado sin costo para los participantes.<\/span><\/p>\n<p><span style=\"font-weight: 400;\">Las reuniones del foro se celebran anualmente en el territorio de la econom\u00eda miembro que ha asumido la presidencia del a\u00f1o. Este a\u00f1o a Chile le corresponde actuar como pa\u00eds anfitri\u00f3n en distintas ciudades.<\/span><\/p>\n<p><span style=\"font-weight: 400;\">Para aquellas empresas que est\u00e1n interesadas en participar de esta convocatoria pueden ingresar a este link: <\/span><\/p>\n<p><a href=\"https:\/\/www.prochile.gob.cl\/evento\/participacion-en-chilean-villages-vina-del-mar\/\"><span style=\"font-weight: 400;\">https:\/\/www.prochile.gob.cl\/evento\/participacion-en-chilean-villages-vina-del-mar\/<\/span><\/a><\/p>\n<p><span style=\"font-weight: 400;\">Fuente: Prochile.cl <\/span><\/p>\n","protected":false},"excerpt":{"rendered":"<p>En el marco de la cumbre APEC a realizarse en mayo pr\u00f3ximo, la Direcci\u00f3n Regional de PRO Chile Valpara\u00edso, invita a participar en la \u201cChilean Villages\u201d a empresas chilenas de la regi\u00f3n de sectores productores gourmet, industria cosm\u00e9tica, productos textiles y accesorios de vestir y manufacturas creativas. \u00a0 Hasta el 18 de abril est\u00e1 abierto [&hellip;]<\/p>\n","protected":false},"author":3,"featured_media":9078,"comment_status":"closed","ping_status":"closed","sticky":false,"template":"","format":"standard","meta":{"_acf_changed":false,"footnotes":""},"categories":[8],"tags":[],"class_list":["post-9077","post","type-post","status-publish","format-standard","has-post-thumbnail","hentry","category-noticia"],"acf":[],"yoast_head":"<!-- This site is optimized with the Yoast SEO plugin v27.1.1 - https:\/\/yoast.com\/product\/yoast-seo-wordpress\/ -->\n<title>Pro Chile invita a empresas de Valpara\u00edso a participar en \u201cChilean Villages\u201d - Valpara\u00ed\u00adso Creativo<\/title>\n<meta name=\"robots\" content=\"index, follow, max-snippet:-1, max-image-preview:large, max-video-preview:-1\" \/>\n<link rel=\"canonical\" href=\"https:\/\/dev.antudigital.cl\/sites\/vc\/pro-chile-invita-a-empresas-de-valparaiso-a-participar-en-chilean-villages\/\" \/>\n<meta property=\"og:locale\" content=\"es_ES\" \/>\n<meta property=\"og:type\" content=\"article\" \/>\n<meta property=\"og:title\" content=\"Pro Chile invita a empresas de Valpara\u00edso a participar en \u201cChilean Villages\u201d - Valpara\u00ed\u00adso Creativo\" \/>\n<meta property=\"og:description\" content=\"En el marco de la cumbre APEC a realizarse en mayo pr\u00f3ximo, la Direcci\u00f3n Regional de PRO Chile Valpara\u00edso, invita a participar en la \u201cChilean Villages\u201d a empresas chilenas de la regi\u00f3n de sectores productores gourmet, industria cosm\u00e9tica, productos textiles y accesorios de vestir y manufacturas creativas. \u00a0 Hasta el 18 de abril est\u00e1 abierto [&hellip;]\" \/>\n<meta property=\"og:url\" content=\"https:\/\/dev.antudigital.cl\/sites\/vc\/pro-chile-invita-a-empresas-de-valparaiso-a-participar-en-chilean-villages\/\" \/>\n<meta property=\"og:site_name\" content=\"Valpara\u00ed\u00adso Creativo\" \/>\n<meta property=\"article:published_time\" content=\"2019-04-03T11:52:35+00:00\" \/>\n<meta property=\"og:image\" content=\"https:\/\/dev.antudigital.cl\/sites\/vc\/wp-content\/uploads\/2019\/04\/ChileanVillages.png\" \/>\n\t<meta property=\"og:image:width\" content=\"942\" \/>\n\t<meta property=\"og:image:height\" content=\"230\" \/>\n\t<meta property=\"og:image:type\" content=\"image\/png\" \/>\n<meta name=\"author\" content=\"Valparaiso Creativo\" \/>\n<meta name=\"twitter:card\" content=\"summary_large_image\" \/>\n<meta name=\"twitter:label1\" content=\"Escrito por\" \/>\n\t<meta name=\"twitter:data1\" content=\"Valparaiso Creativo\" \/>\n\t<meta name=\"twitter:label2\" content=\"Tiempo de lectura\" \/>\n\t<meta name=\"twitter:data2\" content=\"1 minuto\" \/>\n<script type=\"application\/ld+json\" class=\"yoast-schema-graph\">{\"@context\":\"https:\/\/schema.org\",\"@graph\":[{\"@type\":\"Article\",\"@id\":\"https:\/\/dev.antudigital.cl\/sites\/vc\/pro-chile-invita-a-empresas-de-valparaiso-a-participar-en-chilean-villages\/#article\",\"isPartOf\":{\"@id\":\"https:\/\/dev.antudigital.cl\/sites\/vc\/pro-chile-invita-a-empresas-de-valparaiso-a-participar-en-chilean-villages\/\"},\"author\":{\"name\":\"Valparaiso Creativo\",\"@id\":\"https:\/\/dev.antudigital.cl\/sites\/vc\/#\/schema\/person\/81d1dcd51abd542b5dfc00f5f951a0f1\"},\"headline\":\"Pro Chile invita a empresas de Valpara\u00edso a participar en \u201cChilean Villages\u201d\",\"datePublished\":\"2019-04-03T11:52:35+00:00\",\"mainEntityOfPage\":{\"@id\":\"https:\/\/dev.antudigital.cl\/sites\/vc\/pro-chile-invita-a-empresas-de-valparaiso-a-participar-en-chilean-villages\/\"},\"wordCount\":294,\"image\":{\"@id\":\"https:\/\/dev.antudigital.cl\/sites\/vc\/pro-chile-invita-a-empresas-de-valparaiso-a-participar-en-chilean-villages\/#primaryimage\"},\"thumbnailUrl\":\"https:\/\/dev.antudigital.cl\/sites\/vc\/wp-content\/uploads\/2019\/04\/ChileanVillages.png\",\"articleSection\":[\"Noticia\"],\"inLanguage\":\"es\"},{\"@type\":\"WebPage\",\"@id\":\"https:\/\/dev.antudigital.cl\/sites\/vc\/pro-chile-invita-a-empresas-de-valparaiso-a-participar-en-chilean-villages\/\",\"url\":\"https:\/\/dev.antudigital.cl\/sites\/vc\/pro-chile-invita-a-empresas-de-valparaiso-a-participar-en-chilean-villages\/\",\"name\":\"Pro Chile invita a empresas de Valpara\u00edso a participar en \u201cChilean Villages\u201d - Valpara\u00ed\u00adso Creativo\",\"isPartOf\":{\"@id\":\"https:\/\/dev.antudigital.cl\/sites\/vc\/#website\"},\"primaryImageOfPage\":{\"@id\":\"https:\/\/dev.antudigital.cl\/sites\/vc\/pro-chile-invita-a-empresas-de-valparaiso-a-participar-en-chilean-villages\/#primaryimage\"},\"image\":{\"@id\":\"https:\/\/dev.antudigital.cl\/sites\/vc\/pro-chile-invita-a-empresas-de-valparaiso-a-participar-en-chilean-villages\/#primaryimage\"},\"thumbnailUrl\":\"https:\/\/dev.antudigital.cl\/sites\/vc\/wp-content\/uploads\/2019\/04\/ChileanVillages.png\",\"datePublished\":\"2019-04-03T11:52:35+00:00\",\"author\":{\"@id\":\"https:\/\/dev.antudigital.cl\/sites\/vc\/#\/schema\/person\/81d1dcd51abd542b5dfc00f5f951a0f1\"},\"breadcrumb\":{\"@id\":\"https:\/\/dev.antudigital.cl\/sites\/vc\/pro-chile-invita-a-empresas-de-valparaiso-a-participar-en-chilean-villages\/#breadcrumb\"},\"inLanguage\":\"es\",\"potentialAction\":[{\"@type\":\"ReadAction\",\"target\":[\"https:\/\/dev.antudigital.cl\/sites\/vc\/pro-chile-invita-a-empresas-de-valparaiso-a-participar-en-chilean-villages\/\"]}]},{\"@type\":\"ImageObject\",\"inLanguage\":\"es\",\"@id\":\"https:\/\/dev.antudigital.cl\/sites\/vc\/pro-chile-invita-a-empresas-de-valparaiso-a-participar-en-chilean-villages\/#primaryimage\",\"url\":\"https:\/\/dev.antudigital.cl\/sites\/vc\/wp-content\/uploads\/2019\/04\/ChileanVillages.png\",\"contentUrl\":\"https:\/\/dev.antudigital.cl\/sites\/vc\/wp-content\/uploads\/2019\/04\/ChileanVillages.png\",\"width\":942,\"height\":230},{\"@type\":\"BreadcrumbList\",\"@id\":\"https:\/\/dev.antudigital.cl\/sites\/vc\/pro-chile-invita-a-empresas-de-valparaiso-a-participar-en-chilean-villages\/#breadcrumb\",\"itemListElement\":[{\"@type\":\"ListItem\",\"position\":1,\"name\":\"Home\",\"item\":\"https:\/\/dev.antudigital.cl\/sites\/vc\/\"},{\"@type\":\"ListItem\",\"position\":2,\"name\":\"Pro Chile invita a empresas de Valpara\u00edso a participar en \u201cChilean Villages\u201d\"}]},{\"@type\":\"WebSite\",\"@id\":\"https:\/\/dev.antudigital.cl\/sites\/vc\/#website\",\"url\":\"https:\/\/dev.antudigital.cl\/sites\/vc\/\",\"name\":\"Valpara\u00ed\u00adso Creativo\",\"description\":\"\",\"potentialAction\":[{\"@type\":\"SearchAction\",\"target\":{\"@type\":\"EntryPoint\",\"urlTemplate\":\"https:\/\/dev.antudigital.cl\/sites\/vc\/?s={search_term_string}\"},\"query-input\":{\"@type\":\"PropertyValueSpecification\",\"valueRequired\":true,\"valueName\":\"search_term_string\"}}],\"inLanguage\":\"es\"},{\"@type\":\"Person\",\"@id\":\"https:\/\/dev.antudigital.cl\/sites\/vc\/#\/schema\/person\/81d1dcd51abd542b5dfc00f5f951a0f1\",\"name\":\"Valparaiso Creativo\",\"url\":\"https:\/\/dev.antudigital.cl\/sites\/vc\/author\/valparaiso-creativo\/\"}]}<\/script>\n<!-- \/ Yoast SEO plugin. -->","yoast_head_json":{"title":"Pro Chile invita a empresas de Valpara\u00edso a participar en \u201cChilean Villages\u201d - Valpara\u00ed\u00adso Creativo","robots":{"index":"index","follow":"follow","max-snippet":"max-snippet:-1","max-image-preview":"max-image-preview:large","max-video-preview":"max-video-preview:-1"},"canonical":"https:\/\/dev.antudigital.cl\/sites\/vc\/pro-chile-invita-a-empresas-de-valparaiso-a-participar-en-chilean-villages\/","og_locale":"es_ES","og_type":"article","og_title":"Pro Chile invita a empresas de Valpara\u00edso a participar en \u201cChilean Villages\u201d - Valpara\u00ed\u00adso Creativo","og_description":"En el marco de la cumbre APEC a realizarse en mayo pr\u00f3ximo, la Direcci\u00f3n Regional de PRO Chile Valpara\u00edso, invita a participar en la \u201cChilean Villages\u201d a empresas chilenas de la regi\u00f3n de sectores productores gourmet, industria cosm\u00e9tica, productos textiles y accesorios de vestir y manufacturas creativas. \u00a0 Hasta el 18 de abril est\u00e1 abierto [&hellip;]","og_url":"https:\/\/dev.antudigital.cl\/sites\/vc\/pro-chile-invita-a-empresas-de-valparaiso-a-participar-en-chilean-villages\/","og_site_name":"Valpara\u00ed\u00adso Creativo","article_published_time":"2019-04-03T11:52:35+00:00","og_image":[{"width":942,"height":230,"url":"https:\/\/dev.antudigital.cl\/sites\/vc\/wp-content\/uploads\/2019\/04\/ChileanVillages.png","type":"image\/png"}],"author":"Valparaiso Creativo","twitter_card":"summary_large_image","twitter_misc":{"Escrito por":"Valparaiso Creativo","Tiempo de lectura":"1 minuto"},"schema":{"@context":"https:\/\/schema.org","@graph":[{"@type":"Article","@id":"https:\/\/dev.antudigital.cl\/sites\/vc\/pro-chile-invita-a-empresas-de-valparaiso-a-participar-en-chilean-villages\/#article","isPartOf":{"@id":"https:\/\/dev.antudigital.cl\/sites\/vc\/pro-chile-invita-a-empresas-de-valparaiso-a-participar-en-chilean-villages\/"},"author":{"name":"Valparaiso Creativo","@id":"https:\/\/dev.antudigital.cl\/sites\/vc\/#\/schema\/person\/81d1dcd51abd542b5dfc00f5f951a0f1"},"headline":"Pro Chile invita a empresas de Valpara\u00edso a participar en \u201cChilean Villages\u201d","datePublished":"2019-04-03T11:52:35+00:00","mainEntityOfPage":{"@id":"https:\/\/dev.antudigital.cl\/sites\/vc\/pro-chile-invita-a-empresas-de-valparaiso-a-participar-en-chilean-villages\/"},"wordCount":294,"image":{"@id":"https:\/\/dev.antudigital.cl\/sites\/vc\/pro-chile-invita-a-empresas-de-valparaiso-a-participar-en-chilean-villages\/#primaryimage"},"thumbnailUrl":"https:\/\/dev.antudigital.cl\/sites\/vc\/wp-content\/uploads\/2019\/04\/ChileanVillages.png","articleSection":["Noticia"],"inLanguage":"es"},{"@type":"WebPage","@id":"https:\/\/dev.antudigital.cl\/sites\/vc\/pro-chile-invita-a-empresas-de-valparaiso-a-participar-en-chilean-villages\/","url":"https:\/\/dev.antudigital.cl\/sites\/vc\/pro-chile-invita-a-empresas-de-valparaiso-a-participar-en-chilean-villages\/","name":"Pro Chile invita a empresas de Valpara\u00edso a participar en \u201cChilean Villages\u201d - Valpara\u00ed\u00adso Creativo","isPartOf":{"@id":"https:\/\/dev.antudigital.cl\/sites\/vc\/#website"},"primaryImageOfPage":{"@id":"https:\/\/dev.antudigital.cl\/sites\/vc\/pro-chile-invita-a-empresas-de-valparaiso-a-participar-en-chilean-villages\/#primaryimage"},"image":{"@id":"https:\/\/dev.antudigital.cl\/sites\/vc\/pro-chile-invita-a-empresas-de-valparaiso-a-participar-en-chilean-villages\/#primaryimage"},"thumbnailUrl":"https:\/\/dev.antudigital.cl\/sites\/vc\/wp-content\/uploads\/2019\/04\/ChileanVillages.png","datePublished":"2019-04-03T11:52:35+00:00","author":{"@id":"https:\/\/dev.antudigital.cl\/sites\/vc\/#\/schema\/person\/81d1dcd51abd542b5dfc00f5f951a0f1"},"breadcrumb":{"@id":"https:\/\/dev.antudigital.cl\/sites\/vc\/pro-chile-invita-a-empresas-de-valparaiso-a-participar-en-chilean-villages\/#breadcrumb"},"inLanguage":"es","potentialAction":[{"@type":"ReadAction","target":["https:\/\/dev.antudigital.cl\/sites\/vc\/pro-chile-invita-a-empresas-de-valparaiso-a-participar-en-chilean-villages\/"]}]},{"@type":"ImageObject","inLanguage":"es","@id":"https:\/\/dev.antudigital.cl\/sites\/vc\/pro-chile-invita-a-empresas-de-valparaiso-a-participar-en-chilean-villages\/#primaryimage","url":"https:\/\/dev.antudigital.cl\/sites\/vc\/wp-content\/uploads\/2019\/04\/ChileanVillages.png","contentUrl":"https:\/\/dev.antudigital.cl\/sites\/vc\/wp-content\/uploads\/2019\/04\/ChileanVillages.png","width":942,"height":230},{"@type":"BreadcrumbList","@id":"https:\/\/dev.antudigital.cl\/sites\/vc\/pro-chile-invita-a-empresas-de-valparaiso-a-participar-en-chilean-villages\/#breadcrumb","itemListElement":[{"@type":"ListItem","position":1,"name":"Home","item":"https:\/\/dev.antudigital.cl\/sites\/vc\/"},{"@type":"ListItem","position":2,"name":"Pro Chile invita a empresas de Valpara\u00edso a participar en \u201cChilean Villages\u201d"}]},{"@type":"WebSite","@id":"https:\/\/dev.antudigital.cl\/sites\/vc\/#website","url":"https:\/\/dev.antudigital.cl\/sites\/vc\/","name":"Valpara\u00ed\u00adso Creativo","description":"","potentialAction":[{"@type":"SearchAction","target":{"@type":"EntryPoint","urlTemplate":"https:\/\/dev.antudigital.cl\/sites\/vc\/?s={search_term_string}"},"query-input":{"@type":"PropertyValueSpecification","valueRequired":true,"valueName":"search_term_string"}}],"inLanguage":"es"},{"@type":"Person","@id":"https:\/\/dev.antudigital.cl\/sites\/vc\/#\/schema\/person\/81d1dcd51abd542b5dfc00f5f951a0f1","name":"Valparaiso Creativo","url":"https:\/\/dev.antudigital.cl\/sites\/vc\/author\/valparaiso-creativo\/"}]}},"_links":{"self":[{"href":"https:\/\/dev.antudigital.cl\/sites\/vc\/wp-json\/wp\/v2\/posts\/9077","targetHints":{"allow":["GET"]}}],"collection":[{"href":"https:\/\/dev.antudigital.cl\/sites\/vc\/wp-json\/wp\/v2\/posts"}],"about":[{"href":"https:\/\/dev.antudigital.cl\/sites\/vc\/wp-json\/wp\/v2\/types\/post"}],"author":[{"embeddable":true,"href":"https:\/\/dev.antudigital.cl\/sites\/vc\/wp-json\/wp\/v2\/users\/3"}],"replies":[{"embeddable":true,"href":"https:\/\/dev.antudigital.cl\/sites\/vc\/wp-json\/wp\/v2\/comments?post=9077"}],"version-history":[{"count":0,"href":"https:\/\/dev.antudigital.cl\/sites\/vc\/wp-json\/wp\/v2\/posts\/9077\/revisions"}],"wp:featuredmedia":[{"embeddable":true,"href":"https:\/\/dev.antudigital.cl\/sites\/vc\/wp-json\/wp\/v2\/media\/9078"}],"wp:attachment":[{"href":"https:\/\/dev.antudigital.cl\/sites\/vc\/wp-json\/wp\/v2\/media?parent=9077"}],"wp:term":[{"taxonomy":"category","embeddable":true,"href":"https:\/\/dev.antudigital.cl\/sites\/vc\/wp-json\/wp\/v2\/categories?post=9077"},{"taxonomy":"post_tag","embeddable":true,"href":"https:\/\/dev.antudigital.cl\/sites\/vc\/wp-json\/wp\/v2\/tags?post=9077"}],"curies":[{"name":"wp","href":"https:\/\/api.w.org\/{rel}","templated":true}]}}