{"id":9079,"date":"2019-04-02T15:29:17","date_gmt":"2019-04-02T15:29:17","guid":{"rendered":"http:\/\/www.valparaisocreativo.cl\/?p=3312"},"modified":"2019-04-02T15:29:17","modified_gmt":"2019-04-02T15:29:17","slug":"taller-informativo-para-postular-a-fondos-de-sercotec","status":"publish","type":"post","link":"https:\/\/dev.antudigital.cl\/sites\/vc\/taller-informativo-para-postular-a-fondos-de-sercotec\/","title":{"rendered":"Taller informativo para postular a fondos de Sercotec"},"content":{"rendered":"<ul>\n<li>\n<h3><strong>Con el objetivo de facilitar el proceso de postulaci\u00f3n a los fondos de Sercotec, se realizar\u00e1 una charla informativa el pr\u00f3ximo martes 9 de abril con un foco especial a emprendedores de la industria creativa.<\/strong><\/h3>\n<\/li>\n<\/ul>\n<p>&nbsp;<\/p>\n<p>Una gran oportunidad para todos aquellos emprendedores que cuentan con gran idea pero les falta un impulso y apoyo. Durante abril estar\u00e1n abiertos los fondos de Sercotec cuyo objetivo es apoyar la puesta en marcha de nuevos emprendimientos, presentados por personas que tienen un proyecto de negocio.<\/p>\n<p>Durante el mes de abril estar\u00e1 abierta la convocatoria para postular a distintos fondos que otorga\u00a0 Sercotec. El primero,\u00a0 fue lanzado este <strong>martes 2 de abril<\/strong> y corresponde el <strong>Capital Abeja Emprende,\u00a0<\/strong>que apoya la puesta en marcha de proyectos de negocios presentados exclusivamente por mujeres. Este fondo se podr\u00e1 postular <strong>hasta el 16 de abril.<\/strong><\/p>\n<p>El capital Semilla abrir\u00e1 su convocatoria el pr\u00f3ximo <strong>martes 9 de abril<\/strong> y est\u00e1 enfocado en entregar un subsidio que cubre las \u00e1reas de asistencia t\u00e9nica, capacitaci\u00f3n, marketing, acompa\u00f1amiento y\/o inversiones necesarias para concretar el proyecto. Se podr\u00e1 postular hasta <strong>el 23 de abril<\/strong>.<\/p>\n<div dir=\"auto\"><\/div>\n<p>Para esta convocatoria, Sercotec simplific\u00f3 su proceso de postulaci\u00f3n, lo que implica que se redujo el cuestionario de preguntas de 146 a 11, se unific\u00f3 la plataforma para postular ya que todo se realizar\u00e1 a trav\u00e9s de www.sercotec.cl, y adem\u00e1s, el postulante tendr\u00e1 que elaborar un pitch (video de 90 segundos) para presentar su idea de negocio.<\/p>\n<p>&nbsp;<\/p>\n<p>Para resolver todas las dudas en cuanto a la convocatoria de Capital Abeja y Semilla, te invitamos a este taller informativo que se realizar\u00e1 el pr\u00f3ximo <strong>martes 9 de abril, a las 10 horas<\/strong>, en el <strong>punto MIPE de Sercotec<\/strong>, ubicado en Err\u00e1zuri 1178, piso 8, Valpara\u00edso.<\/p>\n<p>&nbsp;<\/p>\n<p>Para inscribirse <a href=\"https:\/\/forms.gle\/zmhttMNJj1EYG3i4A\">aqu\u00ed<\/a><\/p>\n<p>&nbsp;<\/p>\n<p>Para m\u00e1s informaci\u00f3n: <a href=\"http:\/\/www.sercotec.cl\">www.sercotec.cl\u00a0<\/a><\/p>\n<div><\/div>\n<div><\/div>\n<div id=\"u2739-14\" class=\"clearfix grpelem\">\n<p id=\"u2739-12\">\n<\/div>\n","protected":false},"excerpt":{"rendered":"<p>Con el objetivo de facilitar el proceso de postulaci\u00f3n a los fondos de Sercotec, se realizar\u00e1 una charla informativa el pr\u00f3ximo martes 9 de abril con un foco especial a emprendedores de la industria creativa. &nbsp; Una gran oportunidad para todos aquellos emprendedores que cuentan con gran idea pero les falta un impulso y apoyo. [&hellip;]<\/p>\n","protected":false},"author":3,"featured_media":9080,"comment_status":"closed","ping_status":"closed","sticky":false,"template":"","format":"standard","meta":{"_acf_changed":false,"footnotes":""},"categories":[8],"tags":[],"class_list":["post-9079","post","type-post","status-publish","format-standard","has-post-thumbnail","hentry","category-noticia"],"acf":[],"yoast_head":"<!-- This site is optimized with the Yoast SEO plugin v27.1.1 - https:\/\/yoast.com\/product\/yoast-seo-wordpress\/ -->\n<title>Taller informativo para postular a fondos de Sercotec - Valpara\u00ed\u00adso Creativo<\/title>\n<meta name=\"robots\" content=\"index, follow, max-snippet:-1, max-image-preview:large, max-video-preview:-1\" \/>\n<link rel=\"canonical\" href=\"https:\/\/dev.antudigital.cl\/sites\/vc\/taller-informativo-para-postular-a-fondos-de-sercotec\/\" \/>\n<meta property=\"og:locale\" content=\"es_ES\" \/>\n<meta property=\"og:type\" content=\"article\" \/>\n<meta property=\"og:title\" content=\"Taller informativo para postular a fondos de Sercotec - Valpara\u00ed\u00adso Creativo\" \/>\n<meta property=\"og:description\" content=\"Con el objetivo de facilitar el proceso de postulaci\u00f3n a los fondos de Sercotec, se realizar\u00e1 una charla informativa el pr\u00f3ximo martes 9 de abril con un foco especial a emprendedores de la industria creativa. &nbsp; Una gran oportunidad para todos aquellos emprendedores que cuentan con gran idea pero les falta un impulso y apoyo. [&hellip;]\" \/>\n<meta property=\"og:url\" content=\"https:\/\/dev.antudigital.cl\/sites\/vc\/taller-informativo-para-postular-a-fondos-de-sercotec\/\" \/>\n<meta property=\"og:site_name\" content=\"Valpara\u00ed\u00adso Creativo\" \/>\n<meta property=\"article:published_time\" content=\"2019-04-02T15:29:17+00:00\" \/>\n<meta property=\"og:image\" content=\"https:\/\/dev.antudigital.cl\/sites\/vc\/wp-content\/uploads\/2019\/04\/DSF2876.jpg\" \/>\n\t<meta property=\"og:image:width\" content=\"1200\" \/>\n\t<meta property=\"og:image:height\" content=\"800\" \/>\n\t<meta property=\"og:image:type\" content=\"image\/jpeg\" \/>\n<meta name=\"author\" content=\"Valparaiso Creativo\" \/>\n<meta name=\"twitter:card\" content=\"summary_large_image\" \/>\n<meta name=\"twitter:label1\" content=\"Escrito por\" \/>\n\t<meta name=\"twitter:data1\" content=\"Valparaiso Creativo\" \/>\n\t<meta name=\"twitter:label2\" content=\"Tiempo de lectura\" \/>\n\t<meta name=\"twitter:data2\" content=\"2 minutos\" \/>\n<script type=\"application\/ld+json\" class=\"yoast-schema-graph\">{\"@context\":\"https:\/\/schema.org\",\"@graph\":[{\"@type\":\"Article\",\"@id\":\"https:\/\/dev.antudigital.cl\/sites\/vc\/taller-informativo-para-postular-a-fondos-de-sercotec\/#article\",\"isPartOf\":{\"@id\":\"https:\/\/dev.antudigital.cl\/sites\/vc\/taller-informativo-para-postular-a-fondos-de-sercotec\/\"},\"author\":{\"name\":\"Valparaiso Creativo\",\"@id\":\"https:\/\/dev.antudigital.cl\/sites\/vc\/#\/schema\/person\/81d1dcd51abd542b5dfc00f5f951a0f1\"},\"headline\":\"Taller informativo para postular a fondos de Sercotec\",\"datePublished\":\"2019-04-02T15:29:17+00:00\",\"mainEntityOfPage\":{\"@id\":\"https:\/\/dev.antudigital.cl\/sites\/vc\/taller-informativo-para-postular-a-fondos-de-sercotec\/\"},\"wordCount\":313,\"image\":{\"@id\":\"https:\/\/dev.antudigital.cl\/sites\/vc\/taller-informativo-para-postular-a-fondos-de-sercotec\/#primaryimage\"},\"thumbnailUrl\":\"https:\/\/dev.antudigital.cl\/sites\/vc\/wp-content\/uploads\/2019\/04\/DSF2876.jpg\",\"articleSection\":[\"Noticia\"],\"inLanguage\":\"es\"},{\"@type\":\"WebPage\",\"@id\":\"https:\/\/dev.antudigital.cl\/sites\/vc\/taller-informativo-para-postular-a-fondos-de-sercotec\/\",\"url\":\"https:\/\/dev.antudigital.cl\/sites\/vc\/taller-informativo-para-postular-a-fondos-de-sercotec\/\",\"name\":\"Taller informativo para postular a fondos de Sercotec - Valpara\u00ed\u00adso Creativo\",\"isPartOf\":{\"@id\":\"https:\/\/dev.antudigital.cl\/sites\/vc\/#website\"},\"primaryImageOfPage\":{\"@id\":\"https:\/\/dev.antudigital.cl\/sites\/vc\/taller-informativo-para-postular-a-fondos-de-sercotec\/#primaryimage\"},\"image\":{\"@id\":\"https:\/\/dev.antudigital.cl\/sites\/vc\/taller-informativo-para-postular-a-fondos-de-sercotec\/#primaryimage\"},\"thumbnailUrl\":\"https:\/\/dev.antudigital.cl\/sites\/vc\/wp-content\/uploads\/2019\/04\/DSF2876.jpg\",\"datePublished\":\"2019-04-02T15:29:17+00:00\",\"author\":{\"@id\":\"https:\/\/dev.antudigital.cl\/sites\/vc\/#\/schema\/person\/81d1dcd51abd542b5dfc00f5f951a0f1\"},\"breadcrumb\":{\"@id\":\"https:\/\/dev.antudigital.cl\/sites\/vc\/taller-informativo-para-postular-a-fondos-de-sercotec\/#breadcrumb\"},\"inLanguage\":\"es\",\"potentialAction\":[{\"@type\":\"ReadAction\",\"target\":[\"https:\/\/dev.antudigital.cl\/sites\/vc\/taller-informativo-para-postular-a-fondos-de-sercotec\/\"]}]},{\"@type\":\"ImageObject\",\"inLanguage\":\"es\",\"@id\":\"https:\/\/dev.antudigital.cl\/sites\/vc\/taller-informativo-para-postular-a-fondos-de-sercotec\/#primaryimage\",\"url\":\"https:\/\/dev.antudigital.cl\/sites\/vc\/wp-content\/uploads\/2019\/04\/DSF2876.jpg\",\"contentUrl\":\"https:\/\/dev.antudigital.cl\/sites\/vc\/wp-content\/uploads\/2019\/04\/DSF2876.jpg\",\"width\":1200,\"height\":800},{\"@type\":\"BreadcrumbList\",\"@id\":\"https:\/\/dev.antudigital.cl\/sites\/vc\/taller-informativo-para-postular-a-fondos-de-sercotec\/#breadcrumb\",\"itemListElement\":[{\"@type\":\"ListItem\",\"position\":1,\"name\":\"Home\",\"item\":\"https:\/\/dev.antudigital.cl\/sites\/vc\/\"},{\"@type\":\"ListItem\",\"position\":2,\"name\":\"Taller informativo para postular a fondos de Sercotec\"}]},{\"@type\":\"WebSite\",\"@id\":\"https:\/\/dev.antudigital.cl\/sites\/vc\/#website\",\"url\":\"https:\/\/dev.antudigital.cl\/sites\/vc\/\",\"name\":\"Valpara\u00ed\u00adso Creativo\",\"description\":\"\",\"potentialAction\":[{\"@type\":\"SearchAction\",\"target\":{\"@type\":\"EntryPoint\",\"urlTemplate\":\"https:\/\/dev.antudigital.cl\/sites\/vc\/?s={search_term_string}\"},\"query-input\":{\"@type\":\"PropertyValueSpecification\",\"valueRequired\":true,\"valueName\":\"search_term_string\"}}],\"inLanguage\":\"es\"},{\"@type\":\"Person\",\"@id\":\"https:\/\/dev.antudigital.cl\/sites\/vc\/#\/schema\/person\/81d1dcd51abd542b5dfc00f5f951a0f1\",\"name\":\"Valparaiso Creativo\",\"url\":\"https:\/\/dev.antudigital.cl\/sites\/vc\/author\/valparaiso-creativo\/\"}]}<\/script>\n<!-- \/ Yoast SEO plugin. -->","yoast_head_json":{"title":"Taller informativo para postular a fondos de Sercotec - Valpara\u00ed\u00adso Creativo","robots":{"index":"index","follow":"follow","max-snippet":"max-snippet:-1","max-image-preview":"max-image-preview:large","max-video-preview":"max-video-preview:-1"},"canonical":"https:\/\/dev.antudigital.cl\/sites\/vc\/taller-informativo-para-postular-a-fondos-de-sercotec\/","og_locale":"es_ES","og_type":"article","og_title":"Taller informativo para postular a fondos de Sercotec - Valpara\u00ed\u00adso Creativo","og_description":"Con el objetivo de facilitar el proceso de postulaci\u00f3n a los fondos de Sercotec, se realizar\u00e1 una charla informativa el pr\u00f3ximo martes 9 de abril con un foco especial a emprendedores de la industria creativa. &nbsp; Una gran oportunidad para todos aquellos emprendedores que cuentan con gran idea pero les falta un impulso y apoyo. [&hellip;]","og_url":"https:\/\/dev.antudigital.cl\/sites\/vc\/taller-informativo-para-postular-a-fondos-de-sercotec\/","og_site_name":"Valpara\u00ed\u00adso Creativo","article_published_time":"2019-04-02T15:29:17+00:00","og_image":[{"width":1200,"height":800,"url":"https:\/\/dev.antudigital.cl\/sites\/vc\/wp-content\/uploads\/2019\/04\/DSF2876.jpg","type":"image\/jpeg"}],"author":"Valparaiso Creativo","twitter_card":"summary_large_image","twitter_misc":{"Escrito por":"Valparaiso Creativo","Tiempo de lectura":"2 minutos"},"schema":{"@context":"https:\/\/schema.org","@graph":[{"@type":"Article","@id":"https:\/\/dev.antudigital.cl\/sites\/vc\/taller-informativo-para-postular-a-fondos-de-sercotec\/#article","isPartOf":{"@id":"https:\/\/dev.antudigital.cl\/sites\/vc\/taller-informativo-para-postular-a-fondos-de-sercotec\/"},"author":{"name":"Valparaiso Creativo","@id":"https:\/\/dev.antudigital.cl\/sites\/vc\/#\/schema\/person\/81d1dcd51abd542b5dfc00f5f951a0f1"},"headline":"Taller informativo para postular a fondos de Sercotec","datePublished":"2019-04-02T15:29:17+00:00","mainEntityOfPage":{"@id":"https:\/\/dev.antudigital.cl\/sites\/vc\/taller-informativo-para-postular-a-fondos-de-sercotec\/"},"wordCount":313,"image":{"@id":"https:\/\/dev.antudigital.cl\/sites\/vc\/taller-informativo-para-postular-a-fondos-de-sercotec\/#primaryimage"},"thumbnailUrl":"https:\/\/dev.antudigital.cl\/sites\/vc\/wp-content\/uploads\/2019\/04\/DSF2876.jpg","articleSection":["Noticia"],"inLanguage":"es"},{"@type":"WebPage","@id":"https:\/\/dev.antudigital.cl\/sites\/vc\/taller-informativo-para-postular-a-fondos-de-sercotec\/","url":"https:\/\/dev.antudigital.cl\/sites\/vc\/taller-informativo-para-postular-a-fondos-de-sercotec\/","name":"Taller informativo para postular a fondos de Sercotec - Valpara\u00ed\u00adso Creativo","isPartOf":{"@id":"https:\/\/dev.antudigital.cl\/sites\/vc\/#website"},"primaryImageOfPage":{"@id":"https:\/\/dev.antudigital.cl\/sites\/vc\/taller-informativo-para-postular-a-fondos-de-sercotec\/#primaryimage"},"image":{"@id":"https:\/\/dev.antudigital.cl\/sites\/vc\/taller-informativo-para-postular-a-fondos-de-sercotec\/#primaryimage"},"thumbnailUrl":"https:\/\/dev.antudigital.cl\/sites\/vc\/wp-content\/uploads\/2019\/04\/DSF2876.jpg","datePublished":"2019-04-02T15:29:17+00:00","author":{"@id":"https:\/\/dev.antudigital.cl\/sites\/vc\/#\/schema\/person\/81d1dcd51abd542b5dfc00f5f951a0f1"},"breadcrumb":{"@id":"https:\/\/dev.antudigital.cl\/sites\/vc\/taller-informativo-para-postular-a-fondos-de-sercotec\/#breadcrumb"},"inLanguage":"es","potentialAction":[{"@type":"ReadAction","target":["https:\/\/dev.antudigital.cl\/sites\/vc\/taller-informativo-para-postular-a-fondos-de-sercotec\/"]}]},{"@type":"ImageObject","inLanguage":"es","@id":"https:\/\/dev.antudigital.cl\/sites\/vc\/taller-informativo-para-postular-a-fondos-de-sercotec\/#primaryimage","url":"https:\/\/dev.antudigital.cl\/sites\/vc\/wp-content\/uploads\/2019\/04\/DSF2876.jpg","contentUrl":"https:\/\/dev.antudigital.cl\/sites\/vc\/wp-content\/uploads\/2019\/04\/DSF2876.jpg","width":1200,"height":800},{"@type":"BreadcrumbList","@id":"https:\/\/dev.antudigital.cl\/sites\/vc\/taller-informativo-para-postular-a-fondos-de-sercotec\/#breadcrumb","itemListElement":[{"@type":"ListItem","position":1,"name":"Home","item":"https:\/\/dev.antudigital.cl\/sites\/vc\/"},{"@type":"ListItem","position":2,"name":"Taller informativo para postular a fondos de Sercotec"}]},{"@type":"WebSite","@id":"https:\/\/dev.antudigital.cl\/sites\/vc\/#website","url":"https:\/\/dev.antudigital.cl\/sites\/vc\/","name":"Valpara\u00ed\u00adso Creativo","description":"","potentialAction":[{"@type":"SearchAction","target":{"@type":"EntryPoint","urlTemplate":"https:\/\/dev.antudigital.cl\/sites\/vc\/?s={search_term_string}"},"query-input":{"@type":"PropertyValueSpecification","valueRequired":true,"valueName":"search_term_string"}}],"inLanguage":"es"},{"@type":"Person","@id":"https:\/\/dev.antudigital.cl\/sites\/vc\/#\/schema\/person\/81d1dcd51abd542b5dfc00f5f951a0f1","name":"Valparaiso Creativo","url":"https:\/\/dev.antudigital.cl\/sites\/vc\/author\/valparaiso-creativo\/"}]}},"_links":{"self":[{"href":"https:\/\/dev.antudigital.cl\/sites\/vc\/wp-json\/wp\/v2\/posts\/9079","targetHints":{"allow":["GET"]}}],"collection":[{"href":"https:\/\/dev.antudigital.cl\/sites\/vc\/wp-json\/wp\/v2\/posts"}],"about":[{"href":"https:\/\/dev.antudigital.cl\/sites\/vc\/wp-json\/wp\/v2\/types\/post"}],"author":[{"embeddable":true,"href":"https:\/\/dev.antudigital.cl\/sites\/vc\/wp-json\/wp\/v2\/users\/3"}],"replies":[{"embeddable":true,"href":"https:\/\/dev.antudigital.cl\/sites\/vc\/wp-json\/wp\/v2\/comments?post=9079"}],"version-history":[{"count":0,"href":"https:\/\/dev.antudigital.cl\/sites\/vc\/wp-json\/wp\/v2\/posts\/9079\/revisions"}],"wp:featuredmedia":[{"embeddable":true,"href":"https:\/\/dev.antudigital.cl\/sites\/vc\/wp-json\/wp\/v2\/media\/9080"}],"wp:attachment":[{"href":"https:\/\/dev.antudigital.cl\/sites\/vc\/wp-json\/wp\/v2\/media?parent=9079"}],"wp:term":[{"taxonomy":"category","embeddable":true,"href":"https:\/\/dev.antudigital.cl\/sites\/vc\/wp-json\/wp\/v2\/categories?post=9079"},{"taxonomy":"post_tag","embeddable":true,"href":"https:\/\/dev.antudigital.cl\/sites\/vc\/wp-json\/wp\/v2\/tags?post=9079"}],"curies":[{"name":"wp","href":"https:\/\/api.w.org\/{rel}","templated":true}]}}