{"id":9085,"date":"2019-03-27T18:09:35","date_gmt":"2019-03-27T18:09:35","guid":{"rendered":"http:\/\/www.valparaisocreativo.cl\/?p=3300"},"modified":"2019-03-27T18:09:35","modified_gmt":"2019-03-27T18:09:35","slug":"festival-ojo-de-pescado-certamen-de-cine-infantil-mas-antiguo-de-chile-abre-convocatoria-a-realizadores-de-chile-y-el-mundo","status":"publish","type":"post","link":"https:\/\/dev.antudigital.cl\/sites\/vc\/festival-ojo-de-pescado-certamen-de-cine-infantil-mas-antiguo-de-chile-abre-convocatoria-a-realizadores-de-chile-y-el-mundo\/","title":{"rendered":"Festival Ojo De Pescado: certamen de cine infantil m\u00e1s antiguo de Chile abre convocatoria a realizadores de Chile y el mundo"},"content":{"rendered":"<p><strong>8\u00aa versi\u00f3n del evento\u00a0<\/strong><strong><em>se realizar\u00e1 en Valpara\u00edso entre el 17 y 24 de agosto y recibir\u00e1 obras audiovisuales para ni\u00f1os, ni\u00f1as y j\u00f3venes hasta el 29 de abril.\u00a0<\/em><\/strong><\/p>\n<p>El 8\u00ba Festival Internacional de Cine para Ni\u00f1os, Ni\u00f1as y J\u00f3venes Ojo de Pescado, que se realizar\u00e1 en Valpara\u00edso entre el <strong>17 y 24 de agosto<\/strong> y que cuenta con el financiamiento del\u00a0Fondo de Fomento Audiovisual del Ministerio de las Culturas, las Artes y el Patrimonio, mantendr\u00e1 abierto hasta el 29 de abril el proceso de postulaci\u00f3n para realizadores de Chile y el mundo en sus categor\u00edas en competencia: Cortometrajes para Ni\u00f1os y Ni\u00f1as; Series de Televisi\u00f3n o Web para Ni\u00f1os y Ni\u00f1as; Largometrajes para Ni\u00f1os y Ni\u00f1as; y Cortometrajes de \u201cJ\u00f3venes Cineastas\u201d hechos por ni\u00f1os, ni\u00f1as o j\u00f3venes.<\/p>\n<p>Este a\u00f1o, el evento de cine para la infancia y juventud m\u00e1s antiguo de Chile se enmarca en\u00a0el 30\u00ba aniversario de la ratificaci\u00f3n por parte de nuestro pa\u00eds de la\u00a0Convenci\u00f3n de Derechos del Ni\u00f1o,\u00a0por lo que esta 8\u00aa versi\u00f3n del certamen privilegiar\u00e1 obras que\u00a0promuevan\u00a0la inclusi\u00f3n, participaci\u00f3n y opini\u00f3n de ni\u00f1os y ni\u00f1as, as\u00ed como aquellas\u00a0que innoven en el modo de acercar los contenidos audiovisuales a los p\u00fablicos infantiles.<\/p>\n<p>Al respecto,\u00a0la seremi de las Culturas, las Artes y el Patrimonio de la Regi\u00f3n de Valpara\u00edso, Constance Harvey Bohn, expres\u00f3 que \u201cnos parece muy relevante que uno de los temas que se aborde en esta versi\u00f3n se relacione con los derechos del ni\u00f1o, ya que tenemos que crear consciencia y educar en esta materia y todos estamos llamados a promocionar los derechos de ni\u00f1as y ni\u00f1os; el derecho a crear, a jugar, a tener acceso al arte y la cultura y a ser tratados como personas. As\u00ed que el llamado es a profundizar estas tem\u00e1ticas y desarrollar toda la creatividad para ser parte de esta nueva versi\u00f3n del Festival de Ojo de Pescado, realizando y enviando sus trabajos audiovisuales\u201d.<\/p>\n<p>Por otra parte,\u00a0la directora del 8\u00b0 Festival Internacional de Cine para Ni\u00f1os, Ni\u00f1as y J\u00f3venes Ojo de Pescado, <strong>Alejandra Fritis Zapata<\/strong>, destac\u00f3 que:<\/p>\n<blockquote><p>\u201cpara esta versi\u00f3n 2019, invitamos nuevamente a los realizadores del mundo que vuelcan su talento y creatividad en la infancia, a ser parte del principal festival de cine para ni\u00f1os, ni\u00f1as y j\u00f3venes de Chile. Ojo de Pescado ofrece una oportunidad \u00fanica de encuentro entre contenidos audiovisuales para p\u00fablicos infantiles, realizadores y productores del g\u00e9nero, con una masiva y entusiasta audiencia infantil que transforma nuestro Festival en una verdadera fiesta donde buscamos suplir, en parte, la escasez de producci\u00f3n y distribuci\u00f3n audiovisual para la infancia en Chile, junto con contribuir a que nuestro pa\u00eds se aproxime a dar garant\u00edas a sus derechos culturales, comunicacionales y educativos\u201d.<\/p><\/blockquote>\n<p>Las bases y formulario de postulaci\u00f3n para el 8\u00b0 Festival Internacional de Cine para Ni\u00f1os, Ni\u00f1as y J\u00f3venes Ojo de Pescado est\u00e1n disponibles en\u00a0<a href=\"http:\/\/www.ojodepescado.cl\/\"><strong>www.ojodepescado.cl<\/strong><\/a><strong>.\u00a0<\/strong>Para consultas, pueden escribir a\u00a0<strong><a href=\"mailto:programacion@ojodepescado.cl\">programacion@ojodepescado.cl<\/a>.\u00a0<\/strong><\/p>\n<p>&nbsp;<\/p>\n<p><em>Fuente: www.cultura.gob.cl\u00a0<\/em><\/p>\n","protected":false},"excerpt":{"rendered":"<p>8\u00aa versi\u00f3n del evento\u00a0se realizar\u00e1 en Valpara\u00edso entre el 17 y 24 de agosto y recibir\u00e1 obras audiovisuales para ni\u00f1os, ni\u00f1as y j\u00f3venes hasta el 29 de abril.\u00a0 El 8\u00ba Festival Internacional de Cine para Ni\u00f1os, Ni\u00f1as y J\u00f3venes Ojo de Pescado, que se realizar\u00e1 en Valpara\u00edso entre el 17 y 24 de agosto y [&hellip;]<\/p>\n","protected":false},"author":3,"featured_media":9086,"comment_status":"closed","ping_status":"closed","sticky":false,"template":"","format":"standard","meta":{"_acf_changed":false,"footnotes":""},"categories":[8],"tags":[],"class_list":["post-9085","post","type-post","status-publish","format-standard","has-post-thumbnail","hentry","category-noticia"],"acf":[],"yoast_head":"<!-- This site is optimized with the Yoast SEO plugin v27.1.1 - https:\/\/yoast.com\/product\/yoast-seo-wordpress\/ -->\n<title>Festival Ojo De Pescado: certamen de cine infantil m\u00e1s antiguo de Chile abre convocatoria a realizadores de Chile y el mundo - Valpara\u00ed\u00adso Creativo<\/title>\n<meta name=\"robots\" content=\"index, follow, max-snippet:-1, max-image-preview:large, max-video-preview:-1\" \/>\n<link rel=\"canonical\" href=\"https:\/\/dev.antudigital.cl\/sites\/vc\/festival-ojo-de-pescado-certamen-de-cine-infantil-mas-antiguo-de-chile-abre-convocatoria-a-realizadores-de-chile-y-el-mundo\/\" \/>\n<meta property=\"og:locale\" content=\"es_ES\" \/>\n<meta property=\"og:type\" content=\"article\" \/>\n<meta property=\"og:title\" content=\"Festival Ojo De Pescado: certamen de cine infantil m\u00e1s antiguo de Chile abre convocatoria a realizadores de Chile y el mundo - Valpara\u00ed\u00adso Creativo\" \/>\n<meta property=\"og:description\" content=\"8\u00aa versi\u00f3n del evento\u00a0se realizar\u00e1 en Valpara\u00edso entre el 17 y 24 de agosto y recibir\u00e1 obras audiovisuales para ni\u00f1os, ni\u00f1as y j\u00f3venes hasta el 29 de abril.\u00a0 El 8\u00ba Festival Internacional de Cine para Ni\u00f1os, Ni\u00f1as y J\u00f3venes Ojo de Pescado, que se realizar\u00e1 en Valpara\u00edso entre el 17 y 24 de agosto y [&hellip;]\" \/>\n<meta property=\"og:url\" content=\"https:\/\/dev.antudigital.cl\/sites\/vc\/festival-ojo-de-pescado-certamen-de-cine-infantil-mas-antiguo-de-chile-abre-convocatoria-a-realizadores-de-chile-y-el-mundo\/\" \/>\n<meta property=\"og:site_name\" content=\"Valpara\u00ed\u00adso Creativo\" \/>\n<meta property=\"article:published_time\" content=\"2019-03-27T18:09:35+00:00\" \/>\n<meta property=\"og:image\" content=\"https:\/\/dev.antudigital.cl\/sites\/vc\/wp-content\/uploads\/2019\/03\/ojopescado_-e1553720864359.jpeg\" \/>\n\t<meta property=\"og:image:width\" content=\"600\" \/>\n\t<meta property=\"og:image:height\" content=\"450\" \/>\n\t<meta property=\"og:image:type\" content=\"image\/jpeg\" \/>\n<meta name=\"author\" content=\"Valparaiso Creativo\" \/>\n<meta name=\"twitter:card\" content=\"summary_large_image\" \/>\n<meta name=\"twitter:label1\" content=\"Escrito por\" \/>\n\t<meta name=\"twitter:data1\" content=\"Valparaiso Creativo\" \/>\n\t<meta name=\"twitter:label2\" content=\"Tiempo de lectura\" \/>\n\t<meta name=\"twitter:data2\" content=\"3 minutos\" \/>\n<script type=\"application\/ld+json\" class=\"yoast-schema-graph\">{\"@context\":\"https:\/\/schema.org\",\"@graph\":[{\"@type\":\"Article\",\"@id\":\"https:\/\/dev.antudigital.cl\/sites\/vc\/festival-ojo-de-pescado-certamen-de-cine-infantil-mas-antiguo-de-chile-abre-convocatoria-a-realizadores-de-chile-y-el-mundo\/#article\",\"isPartOf\":{\"@id\":\"https:\/\/dev.antudigital.cl\/sites\/vc\/festival-ojo-de-pescado-certamen-de-cine-infantil-mas-antiguo-de-chile-abre-convocatoria-a-realizadores-de-chile-y-el-mundo\/\"},\"author\":{\"name\":\"Valparaiso Creativo\",\"@id\":\"https:\/\/dev.antudigital.cl\/sites\/vc\/#\/schema\/person\/81d1dcd51abd542b5dfc00f5f951a0f1\"},\"headline\":\"Festival Ojo De Pescado: certamen de cine infantil m\u00e1s antiguo de Chile abre convocatoria a realizadores de Chile y el mundo\",\"datePublished\":\"2019-03-27T18:09:35+00:00\",\"mainEntityOfPage\":{\"@id\":\"https:\/\/dev.antudigital.cl\/sites\/vc\/festival-ojo-de-pescado-certamen-de-cine-infantil-mas-antiguo-de-chile-abre-convocatoria-a-realizadores-de-chile-y-el-mundo\/\"},\"wordCount\":564,\"image\":{\"@id\":\"https:\/\/dev.antudigital.cl\/sites\/vc\/festival-ojo-de-pescado-certamen-de-cine-infantil-mas-antiguo-de-chile-abre-convocatoria-a-realizadores-de-chile-y-el-mundo\/#primaryimage\"},\"thumbnailUrl\":\"https:\/\/dev.antudigital.cl\/sites\/vc\/wp-content\/uploads\/2019\/03\/ojopescado_-e1553720864359.jpeg\",\"articleSection\":[\"Noticia\"],\"inLanguage\":\"es\"},{\"@type\":\"WebPage\",\"@id\":\"https:\/\/dev.antudigital.cl\/sites\/vc\/festival-ojo-de-pescado-certamen-de-cine-infantil-mas-antiguo-de-chile-abre-convocatoria-a-realizadores-de-chile-y-el-mundo\/\",\"url\":\"https:\/\/dev.antudigital.cl\/sites\/vc\/festival-ojo-de-pescado-certamen-de-cine-infantil-mas-antiguo-de-chile-abre-convocatoria-a-realizadores-de-chile-y-el-mundo\/\",\"name\":\"Festival Ojo De Pescado: certamen de cine infantil m\u00e1s antiguo de Chile abre convocatoria a realizadores de Chile y el mundo - Valpara\u00ed\u00adso Creativo\",\"isPartOf\":{\"@id\":\"https:\/\/dev.antudigital.cl\/sites\/vc\/#website\"},\"primaryImageOfPage\":{\"@id\":\"https:\/\/dev.antudigital.cl\/sites\/vc\/festival-ojo-de-pescado-certamen-de-cine-infantil-mas-antiguo-de-chile-abre-convocatoria-a-realizadores-de-chile-y-el-mundo\/#primaryimage\"},\"image\":{\"@id\":\"https:\/\/dev.antudigital.cl\/sites\/vc\/festival-ojo-de-pescado-certamen-de-cine-infantil-mas-antiguo-de-chile-abre-convocatoria-a-realizadores-de-chile-y-el-mundo\/#primaryimage\"},\"thumbnailUrl\":\"https:\/\/dev.antudigital.cl\/sites\/vc\/wp-content\/uploads\/2019\/03\/ojopescado_-e1553720864359.jpeg\",\"datePublished\":\"2019-03-27T18:09:35+00:00\",\"author\":{\"@id\":\"https:\/\/dev.antudigital.cl\/sites\/vc\/#\/schema\/person\/81d1dcd51abd542b5dfc00f5f951a0f1\"},\"breadcrumb\":{\"@id\":\"https:\/\/dev.antudigital.cl\/sites\/vc\/festival-ojo-de-pescado-certamen-de-cine-infantil-mas-antiguo-de-chile-abre-convocatoria-a-realizadores-de-chile-y-el-mundo\/#breadcrumb\"},\"inLanguage\":\"es\",\"potentialAction\":[{\"@type\":\"ReadAction\",\"target\":[\"https:\/\/dev.antudigital.cl\/sites\/vc\/festival-ojo-de-pescado-certamen-de-cine-infantil-mas-antiguo-de-chile-abre-convocatoria-a-realizadores-de-chile-y-el-mundo\/\"]}]},{\"@type\":\"ImageObject\",\"inLanguage\":\"es\",\"@id\":\"https:\/\/dev.antudigital.cl\/sites\/vc\/festival-ojo-de-pescado-certamen-de-cine-infantil-mas-antiguo-de-chile-abre-convocatoria-a-realizadores-de-chile-y-el-mundo\/#primaryimage\",\"url\":\"https:\/\/dev.antudigital.cl\/sites\/vc\/wp-content\/uploads\/2019\/03\/ojopescado_-e1553720864359.jpeg\",\"contentUrl\":\"https:\/\/dev.antudigital.cl\/sites\/vc\/wp-content\/uploads\/2019\/03\/ojopescado_-e1553720864359.jpeg\",\"width\":600,\"height\":450},{\"@type\":\"BreadcrumbList\",\"@id\":\"https:\/\/dev.antudigital.cl\/sites\/vc\/festival-ojo-de-pescado-certamen-de-cine-infantil-mas-antiguo-de-chile-abre-convocatoria-a-realizadores-de-chile-y-el-mundo\/#breadcrumb\",\"itemListElement\":[{\"@type\":\"ListItem\",\"position\":1,\"name\":\"Home\",\"item\":\"https:\/\/dev.antudigital.cl\/sites\/vc\/\"},{\"@type\":\"ListItem\",\"position\":2,\"name\":\"Festival Ojo De Pescado: certamen de cine infantil m\u00e1s antiguo de Chile abre convocatoria a realizadores de Chile y el mundo\"}]},{\"@type\":\"WebSite\",\"@id\":\"https:\/\/dev.antudigital.cl\/sites\/vc\/#website\",\"url\":\"https:\/\/dev.antudigital.cl\/sites\/vc\/\",\"name\":\"Valpara\u00ed\u00adso Creativo\",\"description\":\"\",\"potentialAction\":[{\"@type\":\"SearchAction\",\"target\":{\"@type\":\"EntryPoint\",\"urlTemplate\":\"https:\/\/dev.antudigital.cl\/sites\/vc\/?s={search_term_string}\"},\"query-input\":{\"@type\":\"PropertyValueSpecification\",\"valueRequired\":true,\"valueName\":\"search_term_string\"}}],\"inLanguage\":\"es\"},{\"@type\":\"Person\",\"@id\":\"https:\/\/dev.antudigital.cl\/sites\/vc\/#\/schema\/person\/81d1dcd51abd542b5dfc00f5f951a0f1\",\"name\":\"Valparaiso Creativo\",\"url\":\"https:\/\/dev.antudigital.cl\/sites\/vc\/author\/valparaiso-creativo\/\"}]}<\/script>\n<!-- \/ Yoast SEO plugin. -->","yoast_head_json":{"title":"Festival Ojo De Pescado: certamen de cine infantil m\u00e1s antiguo de Chile abre convocatoria a realizadores de Chile y el mundo - Valpara\u00ed\u00adso Creativo","robots":{"index":"index","follow":"follow","max-snippet":"max-snippet:-1","max-image-preview":"max-image-preview:large","max-video-preview":"max-video-preview:-1"},"canonical":"https:\/\/dev.antudigital.cl\/sites\/vc\/festival-ojo-de-pescado-certamen-de-cine-infantil-mas-antiguo-de-chile-abre-convocatoria-a-realizadores-de-chile-y-el-mundo\/","og_locale":"es_ES","og_type":"article","og_title":"Festival Ojo De Pescado: certamen de cine infantil m\u00e1s antiguo de Chile abre convocatoria a realizadores de Chile y el mundo - Valpara\u00ed\u00adso Creativo","og_description":"8\u00aa versi\u00f3n del evento\u00a0se realizar\u00e1 en Valpara\u00edso entre el 17 y 24 de agosto y recibir\u00e1 obras audiovisuales para ni\u00f1os, ni\u00f1as y j\u00f3venes hasta el 29 de abril.\u00a0 El 8\u00ba Festival Internacional de Cine para Ni\u00f1os, Ni\u00f1as y J\u00f3venes Ojo de Pescado, que se realizar\u00e1 en Valpara\u00edso entre el 17 y 24 de agosto y [&hellip;]","og_url":"https:\/\/dev.antudigital.cl\/sites\/vc\/festival-ojo-de-pescado-certamen-de-cine-infantil-mas-antiguo-de-chile-abre-convocatoria-a-realizadores-de-chile-y-el-mundo\/","og_site_name":"Valpara\u00ed\u00adso Creativo","article_published_time":"2019-03-27T18:09:35+00:00","og_image":[{"width":600,"height":450,"url":"https:\/\/dev.antudigital.cl\/sites\/vc\/wp-content\/uploads\/2019\/03\/ojopescado_-e1553720864359.jpeg","type":"image\/jpeg"}],"author":"Valparaiso Creativo","twitter_card":"summary_large_image","twitter_misc":{"Escrito por":"Valparaiso Creativo","Tiempo de lectura":"3 minutos"},"schema":{"@context":"https:\/\/schema.org","@graph":[{"@type":"Article","@id":"https:\/\/dev.antudigital.cl\/sites\/vc\/festival-ojo-de-pescado-certamen-de-cine-infantil-mas-antiguo-de-chile-abre-convocatoria-a-realizadores-de-chile-y-el-mundo\/#article","isPartOf":{"@id":"https:\/\/dev.antudigital.cl\/sites\/vc\/festival-ojo-de-pescado-certamen-de-cine-infantil-mas-antiguo-de-chile-abre-convocatoria-a-realizadores-de-chile-y-el-mundo\/"},"author":{"name":"Valparaiso Creativo","@id":"https:\/\/dev.antudigital.cl\/sites\/vc\/#\/schema\/person\/81d1dcd51abd542b5dfc00f5f951a0f1"},"headline":"Festival Ojo De Pescado: certamen de cine infantil m\u00e1s antiguo de Chile abre convocatoria a realizadores de Chile y el mundo","datePublished":"2019-03-27T18:09:35+00:00","mainEntityOfPage":{"@id":"https:\/\/dev.antudigital.cl\/sites\/vc\/festival-ojo-de-pescado-certamen-de-cine-infantil-mas-antiguo-de-chile-abre-convocatoria-a-realizadores-de-chile-y-el-mundo\/"},"wordCount":564,"image":{"@id":"https:\/\/dev.antudigital.cl\/sites\/vc\/festival-ojo-de-pescado-certamen-de-cine-infantil-mas-antiguo-de-chile-abre-convocatoria-a-realizadores-de-chile-y-el-mundo\/#primaryimage"},"thumbnailUrl":"https:\/\/dev.antudigital.cl\/sites\/vc\/wp-content\/uploads\/2019\/03\/ojopescado_-e1553720864359.jpeg","articleSection":["Noticia"],"inLanguage":"es"},{"@type":"WebPage","@id":"https:\/\/dev.antudigital.cl\/sites\/vc\/festival-ojo-de-pescado-certamen-de-cine-infantil-mas-antiguo-de-chile-abre-convocatoria-a-realizadores-de-chile-y-el-mundo\/","url":"https:\/\/dev.antudigital.cl\/sites\/vc\/festival-ojo-de-pescado-certamen-de-cine-infantil-mas-antiguo-de-chile-abre-convocatoria-a-realizadores-de-chile-y-el-mundo\/","name":"Festival Ojo De Pescado: certamen de cine infantil m\u00e1s antiguo de Chile abre convocatoria a realizadores de Chile y el mundo - Valpara\u00ed\u00adso Creativo","isPartOf":{"@id":"https:\/\/dev.antudigital.cl\/sites\/vc\/#website"},"primaryImageOfPage":{"@id":"https:\/\/dev.antudigital.cl\/sites\/vc\/festival-ojo-de-pescado-certamen-de-cine-infantil-mas-antiguo-de-chile-abre-convocatoria-a-realizadores-de-chile-y-el-mundo\/#primaryimage"},"image":{"@id":"https:\/\/dev.antudigital.cl\/sites\/vc\/festival-ojo-de-pescado-certamen-de-cine-infantil-mas-antiguo-de-chile-abre-convocatoria-a-realizadores-de-chile-y-el-mundo\/#primaryimage"},"thumbnailUrl":"https:\/\/dev.antudigital.cl\/sites\/vc\/wp-content\/uploads\/2019\/03\/ojopescado_-e1553720864359.jpeg","datePublished":"2019-03-27T18:09:35+00:00","author":{"@id":"https:\/\/dev.antudigital.cl\/sites\/vc\/#\/schema\/person\/81d1dcd51abd542b5dfc00f5f951a0f1"},"breadcrumb":{"@id":"https:\/\/dev.antudigital.cl\/sites\/vc\/festival-ojo-de-pescado-certamen-de-cine-infantil-mas-antiguo-de-chile-abre-convocatoria-a-realizadores-de-chile-y-el-mundo\/#breadcrumb"},"inLanguage":"es","potentialAction":[{"@type":"ReadAction","target":["https:\/\/dev.antudigital.cl\/sites\/vc\/festival-ojo-de-pescado-certamen-de-cine-infantil-mas-antiguo-de-chile-abre-convocatoria-a-realizadores-de-chile-y-el-mundo\/"]}]},{"@type":"ImageObject","inLanguage":"es","@id":"https:\/\/dev.antudigital.cl\/sites\/vc\/festival-ojo-de-pescado-certamen-de-cine-infantil-mas-antiguo-de-chile-abre-convocatoria-a-realizadores-de-chile-y-el-mundo\/#primaryimage","url":"https:\/\/dev.antudigital.cl\/sites\/vc\/wp-content\/uploads\/2019\/03\/ojopescado_-e1553720864359.jpeg","contentUrl":"https:\/\/dev.antudigital.cl\/sites\/vc\/wp-content\/uploads\/2019\/03\/ojopescado_-e1553720864359.jpeg","width":600,"height":450},{"@type":"BreadcrumbList","@id":"https:\/\/dev.antudigital.cl\/sites\/vc\/festival-ojo-de-pescado-certamen-de-cine-infantil-mas-antiguo-de-chile-abre-convocatoria-a-realizadores-de-chile-y-el-mundo\/#breadcrumb","itemListElement":[{"@type":"ListItem","position":1,"name":"Home","item":"https:\/\/dev.antudigital.cl\/sites\/vc\/"},{"@type":"ListItem","position":2,"name":"Festival Ojo De Pescado: certamen de cine infantil m\u00e1s antiguo de Chile abre convocatoria a realizadores de Chile y el mundo"}]},{"@type":"WebSite","@id":"https:\/\/dev.antudigital.cl\/sites\/vc\/#website","url":"https:\/\/dev.antudigital.cl\/sites\/vc\/","name":"Valpara\u00ed\u00adso Creativo","description":"","potentialAction":[{"@type":"SearchAction","target":{"@type":"EntryPoint","urlTemplate":"https:\/\/dev.antudigital.cl\/sites\/vc\/?s={search_term_string}"},"query-input":{"@type":"PropertyValueSpecification","valueRequired":true,"valueName":"search_term_string"}}],"inLanguage":"es"},{"@type":"Person","@id":"https:\/\/dev.antudigital.cl\/sites\/vc\/#\/schema\/person\/81d1dcd51abd542b5dfc00f5f951a0f1","name":"Valparaiso Creativo","url":"https:\/\/dev.antudigital.cl\/sites\/vc\/author\/valparaiso-creativo\/"}]}},"_links":{"self":[{"href":"https:\/\/dev.antudigital.cl\/sites\/vc\/wp-json\/wp\/v2\/posts\/9085","targetHints":{"allow":["GET"]}}],"collection":[{"href":"https:\/\/dev.antudigital.cl\/sites\/vc\/wp-json\/wp\/v2\/posts"}],"about":[{"href":"https:\/\/dev.antudigital.cl\/sites\/vc\/wp-json\/wp\/v2\/types\/post"}],"author":[{"embeddable":true,"href":"https:\/\/dev.antudigital.cl\/sites\/vc\/wp-json\/wp\/v2\/users\/3"}],"replies":[{"embeddable":true,"href":"https:\/\/dev.antudigital.cl\/sites\/vc\/wp-json\/wp\/v2\/comments?post=9085"}],"version-history":[{"count":0,"href":"https:\/\/dev.antudigital.cl\/sites\/vc\/wp-json\/wp\/v2\/posts\/9085\/revisions"}],"wp:featuredmedia":[{"embeddable":true,"href":"https:\/\/dev.antudigital.cl\/sites\/vc\/wp-json\/wp\/v2\/media\/9086"}],"wp:attachment":[{"href":"https:\/\/dev.antudigital.cl\/sites\/vc\/wp-json\/wp\/v2\/media?parent=9085"}],"wp:term":[{"taxonomy":"category","embeddable":true,"href":"https:\/\/dev.antudigital.cl\/sites\/vc\/wp-json\/wp\/v2\/categories?post=9085"},{"taxonomy":"post_tag","embeddable":true,"href":"https:\/\/dev.antudigital.cl\/sites\/vc\/wp-json\/wp\/v2\/tags?post=9085"}],"curies":[{"name":"wp","href":"https:\/\/api.w.org\/{rel}","templated":true}]}}