{"id":9087,"date":"2019-03-25T13:08:14","date_gmt":"2019-03-25T13:08:14","guid":{"rendered":"http:\/\/www.valparaisocreativo.cl\/?p=3295"},"modified":"2019-03-25T13:08:14","modified_gmt":"2019-03-25T13:08:14","slug":"delegacion-de-el-salvador-conoce-experiencia-de-programa-valparaiso-creativo-en-visita-a-la-ciudad","status":"publish","type":"post","link":"https:\/\/dev.antudigital.cl\/sites\/vc\/delegacion-de-el-salvador-conoce-experiencia-de-programa-valparaiso-creativo-en-visita-a-la-ciudad\/","title":{"rendered":"Delegaci\u00f3n de El Salvador conoce experiencia de programa \u201cValpara\u00edso Creativo\u201d en visita a la ciudad"},"content":{"rendered":"<ul>\n<li>El grupo Salvadore\u00f1o tuvo la posibilidad de visitar a Valpara\u00edso, conocer el CREAS (Centro Regional de Estudios de Alimentos Saludables), el Parque Cultural de Valpara\u00edso y el Espacio de Co Work Din-399.<\/li>\n<\/ul>\n<p>&nbsp;<\/p>\n<p><span style=\"font-weight: 400;\">Una comisi\u00f3n de 25 salvadore\u00f1os conformada por funcionarios de USAID de Educaci\u00f3n Superior para el Crecimiento Econ\u00f3mico, la Comisi\u00f3n Nacional de la Micro y Peque\u00f1a Empresa (CONAMYPE) y representantes del sector privado e instituciones de educaci\u00f3n superior de El Salvador estuvieron de visita en nuestro pa\u00eds gracias a la gesti\u00f3n de Corfo. <\/span><\/p>\n<p><span style=\"font-weight: 400;\">El objetivo de su venida fue conocer la experiencia chilena en relaci\u00f3n a buenas pr\u00e1cticas que se dan en torno a los modelos de funcionamiento y alianzas que promueven entre el sector empresarial, academia y gobierno. De esta forma, tener la posibilidad de apoyar en el dise\u00f1o e implementaci\u00f3n de instrumentos similares\u00a0en el pa\u00eds que faciliten articular en forma colaborativa ecosistemas productivos y sectores con alto potencial que proyecten a El Salvador hacia la nueva econom\u00eda del conocimiento, en el siglo XXI. <\/span><\/p>\n<p><span style=\"font-weight: 400;\">La delegaci\u00f3n estuvo en Santiago en donde pudo conocer diversas experiencias \u00a0y tambi\u00e9n en Valpara\u00edso. Fue ah\u00ed que tras una visita a las instalaciones del Parque Cultural -incluida la muestra de Gaud\u00ed- asistieron a una presentaci\u00f3n de la incubadora de negocio de la PUCV Chrysallis, a cargo de Etienne Choupay, Director de Incubaci\u00f3n y Negocios y Estudios Avanzados, \u00a0y luego Christian Aldayuz, gerente de la Incubadora. Para finalizar la ronda presentaciones, Jorge Rosenthal, gerente del programa Valpara\u00edso Creativo, expuso las principales ejes de acci\u00f3n del programa y c\u00f3mo es un articulador importante en el territorio con el fin de impulsar la econom\u00eda creativa de la ciudad. <\/span><\/p>\n<p><span style=\"font-weight: 400;\">Carlos Arce, parte de la delegaci\u00f3n y miembro de USAID se llev\u00f3 una grata experiencia de vuelta a El Salvador, seg\u00fan lo que cuenta \u201cme gust\u00f3 mucho ver c\u00f3mo han transformado a la ciudad en un centro cultural de artes y turismo. Esto producto de un an\u00e1lisis profundo para determinar donde estaban las fortalezas y oportunidades para transformar y re-posicionar la ciudad como un centro cultural y creativo lleno de espacio de gastronom\u00eda, talleres art\u00edsticos, museos y exposiciones, y centros de locaci\u00f3n f\u00edlmicas y de industrias creativas\u201d. <\/span><\/p>\n<p><span style=\"font-weight: 400;\">Por su parte, Janina \u00a0Khayali, Gerente de Proyecto de USAID expresa que \u201cLa experiencia ha sido inmensamente fruct\u00edfera, por todo el conocimiento adquirido y las conexiones que se han hecho\u201d. <\/span><\/p>\n<p><span style=\"font-weight: 400;\">Como \u00faltima parte de su vista a Valpara\u00edso, conocieron DIN 399, espacio de <\/span><i><span style=\"font-weight: 400;\">co-work <\/span><\/i><span style=\"font-weight: 400;\">dedicado principalmente a proyectos e iniciativas de la industria creativa. <\/span><\/p>\n","protected":false},"excerpt":{"rendered":"<p>El grupo Salvadore\u00f1o tuvo la posibilidad de visitar a Valpara\u00edso, conocer el CREAS (Centro Regional de Estudios de Alimentos Saludables), el Parque Cultural de Valpara\u00edso y el Espacio de Co Work Din-399. &nbsp; Una comisi\u00f3n de 25 salvadore\u00f1os conformada por funcionarios de USAID de Educaci\u00f3n Superior para el Crecimiento Econ\u00f3mico, la Comisi\u00f3n Nacional de la [&hellip;]<\/p>\n","protected":false},"author":3,"featured_media":9088,"comment_status":"closed","ping_status":"closed","sticky":false,"template":"","format":"standard","meta":{"_acf_changed":false,"footnotes":""},"categories":[8],"tags":[],"class_list":["post-9087","post","type-post","status-publish","format-standard","has-post-thumbnail","hentry","category-noticia"],"acf":[],"yoast_head":"<!-- This site is optimized with the Yoast SEO plugin v27.1.1 - https:\/\/yoast.com\/product\/yoast-seo-wordpress\/ -->\n<title>Delegaci\u00f3n de El Salvador conoce experiencia de programa \u201cValpara\u00edso Creativo\u201d en visita a la ciudad - Valpara\u00ed\u00adso Creativo<\/title>\n<meta name=\"robots\" content=\"index, follow, max-snippet:-1, max-image-preview:large, max-video-preview:-1\" \/>\n<link rel=\"canonical\" href=\"https:\/\/dev.antudigital.cl\/sites\/vc\/delegacion-de-el-salvador-conoce-experiencia-de-programa-valparaiso-creativo-en-visita-a-la-ciudad\/\" \/>\n<meta property=\"og:locale\" content=\"es_ES\" \/>\n<meta property=\"og:type\" content=\"article\" \/>\n<meta property=\"og:title\" content=\"Delegaci\u00f3n de El Salvador conoce experiencia de programa \u201cValpara\u00edso Creativo\u201d en visita a la ciudad - Valpara\u00ed\u00adso Creativo\" \/>\n<meta property=\"og:description\" content=\"El grupo Salvadore\u00f1o tuvo la posibilidad de visitar a Valpara\u00edso, conocer el CREAS (Centro Regional de Estudios de Alimentos Saludables), el Parque Cultural de Valpara\u00edso y el Espacio de Co Work Din-399. &nbsp; Una comisi\u00f3n de 25 salvadore\u00f1os conformada por funcionarios de USAID de Educaci\u00f3n Superior para el Crecimiento Econ\u00f3mico, la Comisi\u00f3n Nacional de la [&hellip;]\" \/>\n<meta property=\"og:url\" content=\"https:\/\/dev.antudigital.cl\/sites\/vc\/delegacion-de-el-salvador-conoce-experiencia-de-programa-valparaiso-creativo-en-visita-a-la-ciudad\/\" \/>\n<meta property=\"og:site_name\" content=\"Valpara\u00ed\u00adso Creativo\" \/>\n<meta property=\"article:published_time\" content=\"2019-03-25T13:08:14+00:00\" \/>\n<meta property=\"og:image\" content=\"https:\/\/dev.antudigital.cl\/sites\/vc\/wp-content\/uploads\/2019\/03\/IMG_6094-e1553286243481.jpg\" \/>\n\t<meta property=\"og:image:width\" content=\"788\" \/>\n\t<meta property=\"og:image:height\" content=\"533\" \/>\n\t<meta property=\"og:image:type\" content=\"image\/jpeg\" \/>\n<meta name=\"author\" content=\"Valparaiso Creativo\" \/>\n<meta name=\"twitter:card\" content=\"summary_large_image\" \/>\n<meta name=\"twitter:label1\" content=\"Escrito por\" \/>\n\t<meta name=\"twitter:data1\" content=\"Valparaiso Creativo\" \/>\n\t<meta name=\"twitter:label2\" content=\"Tiempo de lectura\" \/>\n\t<meta name=\"twitter:data2\" content=\"2 minutos\" \/>\n<script type=\"application\/ld+json\" class=\"yoast-schema-graph\">{\"@context\":\"https:\/\/schema.org\",\"@graph\":[{\"@type\":\"Article\",\"@id\":\"https:\/\/dev.antudigital.cl\/sites\/vc\/delegacion-de-el-salvador-conoce-experiencia-de-programa-valparaiso-creativo-en-visita-a-la-ciudad\/#article\",\"isPartOf\":{\"@id\":\"https:\/\/dev.antudigital.cl\/sites\/vc\/delegacion-de-el-salvador-conoce-experiencia-de-programa-valparaiso-creativo-en-visita-a-la-ciudad\/\"},\"author\":{\"name\":\"Valparaiso Creativo\",\"@id\":\"https:\/\/dev.antudigital.cl\/sites\/vc\/#\/schema\/person\/81d1dcd51abd542b5dfc00f5f951a0f1\"},\"headline\":\"Delegaci\u00f3n de El Salvador conoce experiencia de programa \u201cValpara\u00edso Creativo\u201d en visita a la ciudad\",\"datePublished\":\"2019-03-25T13:08:14+00:00\",\"mainEntityOfPage\":{\"@id\":\"https:\/\/dev.antudigital.cl\/sites\/vc\/delegacion-de-el-salvador-conoce-experiencia-de-programa-valparaiso-creativo-en-visita-a-la-ciudad\/\"},\"wordCount\":468,\"image\":{\"@id\":\"https:\/\/dev.antudigital.cl\/sites\/vc\/delegacion-de-el-salvador-conoce-experiencia-de-programa-valparaiso-creativo-en-visita-a-la-ciudad\/#primaryimage\"},\"thumbnailUrl\":\"https:\/\/dev.antudigital.cl\/sites\/vc\/wp-content\/uploads\/2019\/03\/IMG_6094-e1553286243481.jpg\",\"articleSection\":[\"Noticia\"],\"inLanguage\":\"es\"},{\"@type\":\"WebPage\",\"@id\":\"https:\/\/dev.antudigital.cl\/sites\/vc\/delegacion-de-el-salvador-conoce-experiencia-de-programa-valparaiso-creativo-en-visita-a-la-ciudad\/\",\"url\":\"https:\/\/dev.antudigital.cl\/sites\/vc\/delegacion-de-el-salvador-conoce-experiencia-de-programa-valparaiso-creativo-en-visita-a-la-ciudad\/\",\"name\":\"Delegaci\u00f3n de El Salvador conoce experiencia de programa \u201cValpara\u00edso Creativo\u201d en visita a la ciudad - Valpara\u00ed\u00adso Creativo\",\"isPartOf\":{\"@id\":\"https:\/\/dev.antudigital.cl\/sites\/vc\/#website\"},\"primaryImageOfPage\":{\"@id\":\"https:\/\/dev.antudigital.cl\/sites\/vc\/delegacion-de-el-salvador-conoce-experiencia-de-programa-valparaiso-creativo-en-visita-a-la-ciudad\/#primaryimage\"},\"image\":{\"@id\":\"https:\/\/dev.antudigital.cl\/sites\/vc\/delegacion-de-el-salvador-conoce-experiencia-de-programa-valparaiso-creativo-en-visita-a-la-ciudad\/#primaryimage\"},\"thumbnailUrl\":\"https:\/\/dev.antudigital.cl\/sites\/vc\/wp-content\/uploads\/2019\/03\/IMG_6094-e1553286243481.jpg\",\"datePublished\":\"2019-03-25T13:08:14+00:00\",\"author\":{\"@id\":\"https:\/\/dev.antudigital.cl\/sites\/vc\/#\/schema\/person\/81d1dcd51abd542b5dfc00f5f951a0f1\"},\"breadcrumb\":{\"@id\":\"https:\/\/dev.antudigital.cl\/sites\/vc\/delegacion-de-el-salvador-conoce-experiencia-de-programa-valparaiso-creativo-en-visita-a-la-ciudad\/#breadcrumb\"},\"inLanguage\":\"es\",\"potentialAction\":[{\"@type\":\"ReadAction\",\"target\":[\"https:\/\/dev.antudigital.cl\/sites\/vc\/delegacion-de-el-salvador-conoce-experiencia-de-programa-valparaiso-creativo-en-visita-a-la-ciudad\/\"]}]},{\"@type\":\"ImageObject\",\"inLanguage\":\"es\",\"@id\":\"https:\/\/dev.antudigital.cl\/sites\/vc\/delegacion-de-el-salvador-conoce-experiencia-de-programa-valparaiso-creativo-en-visita-a-la-ciudad\/#primaryimage\",\"url\":\"https:\/\/dev.antudigital.cl\/sites\/vc\/wp-content\/uploads\/2019\/03\/IMG_6094-e1553286243481.jpg\",\"contentUrl\":\"https:\/\/dev.antudigital.cl\/sites\/vc\/wp-content\/uploads\/2019\/03\/IMG_6094-e1553286243481.jpg\",\"width\":788,\"height\":533},{\"@type\":\"BreadcrumbList\",\"@id\":\"https:\/\/dev.antudigital.cl\/sites\/vc\/delegacion-de-el-salvador-conoce-experiencia-de-programa-valparaiso-creativo-en-visita-a-la-ciudad\/#breadcrumb\",\"itemListElement\":[{\"@type\":\"ListItem\",\"position\":1,\"name\":\"Home\",\"item\":\"https:\/\/dev.antudigital.cl\/sites\/vc\/\"},{\"@type\":\"ListItem\",\"position\":2,\"name\":\"Delegaci\u00f3n de El Salvador conoce experiencia de programa \u201cValpara\u00edso Creativo\u201d en visita a la ciudad\"}]},{\"@type\":\"WebSite\",\"@id\":\"https:\/\/dev.antudigital.cl\/sites\/vc\/#website\",\"url\":\"https:\/\/dev.antudigital.cl\/sites\/vc\/\",\"name\":\"Valpara\u00ed\u00adso Creativo\",\"description\":\"\",\"potentialAction\":[{\"@type\":\"SearchAction\",\"target\":{\"@type\":\"EntryPoint\",\"urlTemplate\":\"https:\/\/dev.antudigital.cl\/sites\/vc\/?s={search_term_string}\"},\"query-input\":{\"@type\":\"PropertyValueSpecification\",\"valueRequired\":true,\"valueName\":\"search_term_string\"}}],\"inLanguage\":\"es\"},{\"@type\":\"Person\",\"@id\":\"https:\/\/dev.antudigital.cl\/sites\/vc\/#\/schema\/person\/81d1dcd51abd542b5dfc00f5f951a0f1\",\"name\":\"Valparaiso Creativo\",\"url\":\"https:\/\/dev.antudigital.cl\/sites\/vc\/author\/valparaiso-creativo\/\"}]}<\/script>\n<!-- \/ Yoast SEO plugin. -->","yoast_head_json":{"title":"Delegaci\u00f3n de El Salvador conoce experiencia de programa \u201cValpara\u00edso Creativo\u201d en visita a la ciudad - Valpara\u00ed\u00adso Creativo","robots":{"index":"index","follow":"follow","max-snippet":"max-snippet:-1","max-image-preview":"max-image-preview:large","max-video-preview":"max-video-preview:-1"},"canonical":"https:\/\/dev.antudigital.cl\/sites\/vc\/delegacion-de-el-salvador-conoce-experiencia-de-programa-valparaiso-creativo-en-visita-a-la-ciudad\/","og_locale":"es_ES","og_type":"article","og_title":"Delegaci\u00f3n de El Salvador conoce experiencia de programa \u201cValpara\u00edso Creativo\u201d en visita a la ciudad - Valpara\u00ed\u00adso Creativo","og_description":"El grupo Salvadore\u00f1o tuvo la posibilidad de visitar a Valpara\u00edso, conocer el CREAS (Centro Regional de Estudios de Alimentos Saludables), el Parque Cultural de Valpara\u00edso y el Espacio de Co Work Din-399. &nbsp; Una comisi\u00f3n de 25 salvadore\u00f1os conformada por funcionarios de USAID de Educaci\u00f3n Superior para el Crecimiento Econ\u00f3mico, la Comisi\u00f3n Nacional de la [&hellip;]","og_url":"https:\/\/dev.antudigital.cl\/sites\/vc\/delegacion-de-el-salvador-conoce-experiencia-de-programa-valparaiso-creativo-en-visita-a-la-ciudad\/","og_site_name":"Valpara\u00ed\u00adso Creativo","article_published_time":"2019-03-25T13:08:14+00:00","og_image":[{"width":788,"height":533,"url":"https:\/\/dev.antudigital.cl\/sites\/vc\/wp-content\/uploads\/2019\/03\/IMG_6094-e1553286243481.jpg","type":"image\/jpeg"}],"author":"Valparaiso Creativo","twitter_card":"summary_large_image","twitter_misc":{"Escrito por":"Valparaiso Creativo","Tiempo de lectura":"2 minutos"},"schema":{"@context":"https:\/\/schema.org","@graph":[{"@type":"Article","@id":"https:\/\/dev.antudigital.cl\/sites\/vc\/delegacion-de-el-salvador-conoce-experiencia-de-programa-valparaiso-creativo-en-visita-a-la-ciudad\/#article","isPartOf":{"@id":"https:\/\/dev.antudigital.cl\/sites\/vc\/delegacion-de-el-salvador-conoce-experiencia-de-programa-valparaiso-creativo-en-visita-a-la-ciudad\/"},"author":{"name":"Valparaiso Creativo","@id":"https:\/\/dev.antudigital.cl\/sites\/vc\/#\/schema\/person\/81d1dcd51abd542b5dfc00f5f951a0f1"},"headline":"Delegaci\u00f3n de El Salvador conoce experiencia de programa \u201cValpara\u00edso Creativo\u201d en visita a la ciudad","datePublished":"2019-03-25T13:08:14+00:00","mainEntityOfPage":{"@id":"https:\/\/dev.antudigital.cl\/sites\/vc\/delegacion-de-el-salvador-conoce-experiencia-de-programa-valparaiso-creativo-en-visita-a-la-ciudad\/"},"wordCount":468,"image":{"@id":"https:\/\/dev.antudigital.cl\/sites\/vc\/delegacion-de-el-salvador-conoce-experiencia-de-programa-valparaiso-creativo-en-visita-a-la-ciudad\/#primaryimage"},"thumbnailUrl":"https:\/\/dev.antudigital.cl\/sites\/vc\/wp-content\/uploads\/2019\/03\/IMG_6094-e1553286243481.jpg","articleSection":["Noticia"],"inLanguage":"es"},{"@type":"WebPage","@id":"https:\/\/dev.antudigital.cl\/sites\/vc\/delegacion-de-el-salvador-conoce-experiencia-de-programa-valparaiso-creativo-en-visita-a-la-ciudad\/","url":"https:\/\/dev.antudigital.cl\/sites\/vc\/delegacion-de-el-salvador-conoce-experiencia-de-programa-valparaiso-creativo-en-visita-a-la-ciudad\/","name":"Delegaci\u00f3n de El Salvador conoce experiencia de programa \u201cValpara\u00edso Creativo\u201d en visita a la ciudad - Valpara\u00ed\u00adso Creativo","isPartOf":{"@id":"https:\/\/dev.antudigital.cl\/sites\/vc\/#website"},"primaryImageOfPage":{"@id":"https:\/\/dev.antudigital.cl\/sites\/vc\/delegacion-de-el-salvador-conoce-experiencia-de-programa-valparaiso-creativo-en-visita-a-la-ciudad\/#primaryimage"},"image":{"@id":"https:\/\/dev.antudigital.cl\/sites\/vc\/delegacion-de-el-salvador-conoce-experiencia-de-programa-valparaiso-creativo-en-visita-a-la-ciudad\/#primaryimage"},"thumbnailUrl":"https:\/\/dev.antudigital.cl\/sites\/vc\/wp-content\/uploads\/2019\/03\/IMG_6094-e1553286243481.jpg","datePublished":"2019-03-25T13:08:14+00:00","author":{"@id":"https:\/\/dev.antudigital.cl\/sites\/vc\/#\/schema\/person\/81d1dcd51abd542b5dfc00f5f951a0f1"},"breadcrumb":{"@id":"https:\/\/dev.antudigital.cl\/sites\/vc\/delegacion-de-el-salvador-conoce-experiencia-de-programa-valparaiso-creativo-en-visita-a-la-ciudad\/#breadcrumb"},"inLanguage":"es","potentialAction":[{"@type":"ReadAction","target":["https:\/\/dev.antudigital.cl\/sites\/vc\/delegacion-de-el-salvador-conoce-experiencia-de-programa-valparaiso-creativo-en-visita-a-la-ciudad\/"]}]},{"@type":"ImageObject","inLanguage":"es","@id":"https:\/\/dev.antudigital.cl\/sites\/vc\/delegacion-de-el-salvador-conoce-experiencia-de-programa-valparaiso-creativo-en-visita-a-la-ciudad\/#primaryimage","url":"https:\/\/dev.antudigital.cl\/sites\/vc\/wp-content\/uploads\/2019\/03\/IMG_6094-e1553286243481.jpg","contentUrl":"https:\/\/dev.antudigital.cl\/sites\/vc\/wp-content\/uploads\/2019\/03\/IMG_6094-e1553286243481.jpg","width":788,"height":533},{"@type":"BreadcrumbList","@id":"https:\/\/dev.antudigital.cl\/sites\/vc\/delegacion-de-el-salvador-conoce-experiencia-de-programa-valparaiso-creativo-en-visita-a-la-ciudad\/#breadcrumb","itemListElement":[{"@type":"ListItem","position":1,"name":"Home","item":"https:\/\/dev.antudigital.cl\/sites\/vc\/"},{"@type":"ListItem","position":2,"name":"Delegaci\u00f3n de El Salvador conoce experiencia de programa \u201cValpara\u00edso Creativo\u201d en visita a la ciudad"}]},{"@type":"WebSite","@id":"https:\/\/dev.antudigital.cl\/sites\/vc\/#website","url":"https:\/\/dev.antudigital.cl\/sites\/vc\/","name":"Valpara\u00ed\u00adso Creativo","description":"","potentialAction":[{"@type":"SearchAction","target":{"@type":"EntryPoint","urlTemplate":"https:\/\/dev.antudigital.cl\/sites\/vc\/?s={search_term_string}"},"query-input":{"@type":"PropertyValueSpecification","valueRequired":true,"valueName":"search_term_string"}}],"inLanguage":"es"},{"@type":"Person","@id":"https:\/\/dev.antudigital.cl\/sites\/vc\/#\/schema\/person\/81d1dcd51abd542b5dfc00f5f951a0f1","name":"Valparaiso Creativo","url":"https:\/\/dev.antudigital.cl\/sites\/vc\/author\/valparaiso-creativo\/"}]}},"_links":{"self":[{"href":"https:\/\/dev.antudigital.cl\/sites\/vc\/wp-json\/wp\/v2\/posts\/9087","targetHints":{"allow":["GET"]}}],"collection":[{"href":"https:\/\/dev.antudigital.cl\/sites\/vc\/wp-json\/wp\/v2\/posts"}],"about":[{"href":"https:\/\/dev.antudigital.cl\/sites\/vc\/wp-json\/wp\/v2\/types\/post"}],"author":[{"embeddable":true,"href":"https:\/\/dev.antudigital.cl\/sites\/vc\/wp-json\/wp\/v2\/users\/3"}],"replies":[{"embeddable":true,"href":"https:\/\/dev.antudigital.cl\/sites\/vc\/wp-json\/wp\/v2\/comments?post=9087"}],"version-history":[{"count":0,"href":"https:\/\/dev.antudigital.cl\/sites\/vc\/wp-json\/wp\/v2\/posts\/9087\/revisions"}],"wp:featuredmedia":[{"embeddable":true,"href":"https:\/\/dev.antudigital.cl\/sites\/vc\/wp-json\/wp\/v2\/media\/9088"}],"wp:attachment":[{"href":"https:\/\/dev.antudigital.cl\/sites\/vc\/wp-json\/wp\/v2\/media?parent=9087"}],"wp:term":[{"taxonomy":"category","embeddable":true,"href":"https:\/\/dev.antudigital.cl\/sites\/vc\/wp-json\/wp\/v2\/categories?post=9087"},{"taxonomy":"post_tag","embeddable":true,"href":"https:\/\/dev.antudigital.cl\/sites\/vc\/wp-json\/wp\/v2\/tags?post=9087"}],"curies":[{"name":"wp","href":"https:\/\/api.w.org\/{rel}","templated":true}]}}