{"id":9100,"date":"2019-03-01T14:00:51","date_gmt":"2019-03-01T14:00:51","guid":{"rendered":"http:\/\/www.valparaisocreativo.cl\/?p=3159"},"modified":"2019-03-01T14:00:51","modified_gmt":"2019-03-01T14:00:51","slug":"corfo-abre-convocatoria-para-postular-a-financiamiento-prae","status":"publish","type":"post","link":"https:\/\/dev.antudigital.cl\/sites\/vc\/corfo-abre-convocatoria-para-postular-a-financiamiento-prae\/","title":{"rendered":"Se extiende plazo para postular a fondo PRAE en la regi\u00f3n de Valpara\u00edso"},"content":{"rendered":"<ul>\n<li>Hasta el 11 de marzo estar\u00e1 abierta la convocatoria para postular al PRAE, el cual es un instrumento de Corfo,\u00a0 dirigido a empredendores innovadores de alto impacto, en donde pueden optar a un co-financimiento de hasta un 75% del costo total del proyecto.<\/li>\n<\/ul>\n<p>&nbsp;<\/p>\n<p>Uno de los puntos clave para Corfo es apoyar a los emprendedores de la regi\u00f3n, ya que forman son fundamentales para el desarrollo del pa\u00eds. De este modo, es que el instrumento PRAE -Programa Regional de Apoyo al Emprendimiento- abre la convocatoria, para la regi\u00f3n de Valpara\u00edso, en la que invita a emprendedores a postular con su proyecto.<\/p>\n<p>El empredimiento tiene que tener la caracter\u00edstica que pueda crecer el doble cada 3 o 4 a\u00f1os y que cuente con un alto poder de innovaci\u00f3n. Los proyectos podr\u00e1n optar a un financimiento de hasta 25 millones de pesos, los que cubren un 75% del costo total de proyecto.\u00a0 Es decir, deben aportar con un 1\/3 del financimiento en efectivo.<\/p>\n<p>El programa est\u00e1 orientado a personas naturales mayores de 18 a\u00f1os y personas jur\u00eddicas constituidas en Chile, con fines de lucro con menos de tres a\u00f1os de existencia.<\/p>\n<p>Se espera que el proyecto alcance a lo menos dos de los siguientes resultados:<\/p>\n<ul>\n<li>Ventas iniciales.<\/li>\n<li>Crecimiento de las ventas.<\/li>\n<li>Aumento en n\u00famero de clientes o usuarios.<\/li>\n<li>Capital levantado en forma de financiamiento privado u otra.<\/li>\n<li>Realizar al menos 3 actividades de vinculaci\u00f3n con el medio durante la ejecuci\u00f3n del proyecto.<\/li>\n<\/ul>\n<p><strong>Para postular,\u00a0 descarga de bases <a href=\"https:\/\/www.corfo.cl\/sites\/cpp\/convocatorias\/prae_region_de_valparaiso\">aqu\u00ed\u00a0\u00a0<\/a><\/strong><\/p>\n<p>Para m\u00e1s informaci\u00f3n:\u00a0<a href=\"mailto:prae.valpara%C3%ADso@corfo.cl\">prae.valpara\u00edso@corfo.cl<\/a><\/p>\n<p><strong>Fono central:<\/strong>\u00a032-2517900<\/p>\n<p><em>Fuente: www.corfo.cl<\/em><\/p>\n","protected":false},"excerpt":{"rendered":"<p>Hasta el 11 de marzo estar\u00e1 abierta la convocatoria para postular al PRAE, el cual es un instrumento de Corfo,\u00a0 dirigido a empredendores innovadores de alto impacto, en donde pueden optar a un co-financimiento de hasta un 75% del costo total del proyecto. &nbsp; Uno de los puntos clave para Corfo es apoyar a los [&hellip;]<\/p>\n","protected":false},"author":3,"featured_media":9101,"comment_status":"closed","ping_status":"closed","sticky":false,"template":"","format":"standard","meta":{"_acf_changed":false,"footnotes":""},"categories":[8],"tags":[],"class_list":["post-9100","post","type-post","status-publish","format-standard","has-post-thumbnail","hentry","category-noticia"],"acf":[],"yoast_head":"<!-- This site is optimized with the Yoast SEO plugin v27.1.1 - https:\/\/yoast.com\/product\/yoast-seo-wordpress\/ -->\n<title>Se extiende plazo para postular a fondo PRAE en la regi\u00f3n de Valpara\u00edso - Valpara\u00ed\u00adso Creativo<\/title>\n<meta name=\"robots\" content=\"index, follow, max-snippet:-1, max-image-preview:large, max-video-preview:-1\" \/>\n<link rel=\"canonical\" href=\"https:\/\/dev.antudigital.cl\/sites\/vc\/corfo-abre-convocatoria-para-postular-a-financiamiento-prae\/\" \/>\n<meta property=\"og:locale\" content=\"es_ES\" \/>\n<meta property=\"og:type\" content=\"article\" \/>\n<meta property=\"og:title\" content=\"Se extiende plazo para postular a fondo PRAE en la regi\u00f3n de Valpara\u00edso - Valpara\u00ed\u00adso Creativo\" \/>\n<meta property=\"og:description\" content=\"Hasta el 11 de marzo estar\u00e1 abierta la convocatoria para postular al PRAE, el cual es un instrumento de Corfo,\u00a0 dirigido a empredendores innovadores de alto impacto, en donde pueden optar a un co-financimiento de hasta un 75% del costo total del proyecto. &nbsp; Uno de los puntos clave para Corfo es apoyar a los [&hellip;]\" \/>\n<meta property=\"og:url\" content=\"https:\/\/dev.antudigital.cl\/sites\/vc\/corfo-abre-convocatoria-para-postular-a-financiamiento-prae\/\" \/>\n<meta property=\"og:site_name\" content=\"Valpara\u00ed\u00adso Creativo\" \/>\n<meta property=\"article:published_time\" content=\"2019-03-01T14:00:51+00:00\" \/>\n<meta property=\"og:image\" content=\"https:\/\/dev.antudigital.cl\/sites\/vc\/wp-content\/uploads\/2019\/02\/prae-corfo-e1549118219790-750x430.png\" \/>\n\t<meta property=\"og:image:width\" content=\"750\" \/>\n\t<meta property=\"og:image:height\" content=\"430\" \/>\n\t<meta property=\"og:image:type\" content=\"image\/png\" \/>\n<meta name=\"author\" content=\"Valparaiso Creativo\" \/>\n<meta name=\"twitter:card\" content=\"summary_large_image\" \/>\n<meta name=\"twitter:label1\" content=\"Escrito por\" \/>\n\t<meta name=\"twitter:data1\" content=\"Valparaiso Creativo\" \/>\n\t<meta name=\"twitter:label2\" content=\"Tiempo de lectura\" \/>\n\t<meta name=\"twitter:data2\" content=\"1 minuto\" \/>\n<script type=\"application\/ld+json\" class=\"yoast-schema-graph\">{\"@context\":\"https:\/\/schema.org\",\"@graph\":[{\"@type\":\"Article\",\"@id\":\"https:\/\/dev.antudigital.cl\/sites\/vc\/corfo-abre-convocatoria-para-postular-a-financiamiento-prae\/#article\",\"isPartOf\":{\"@id\":\"https:\/\/dev.antudigital.cl\/sites\/vc\/corfo-abre-convocatoria-para-postular-a-financiamiento-prae\/\"},\"author\":{\"name\":\"Valparaiso Creativo\",\"@id\":\"https:\/\/dev.antudigital.cl\/sites\/vc\/#\/schema\/person\/81d1dcd51abd542b5dfc00f5f951a0f1\"},\"headline\":\"Se extiende plazo para postular a fondo PRAE en la regi\u00f3n de Valpara\u00edso\",\"datePublished\":\"2019-03-01T14:00:51+00:00\",\"mainEntityOfPage\":{\"@id\":\"https:\/\/dev.antudigital.cl\/sites\/vc\/corfo-abre-convocatoria-para-postular-a-financiamiento-prae\/\"},\"wordCount\":284,\"image\":{\"@id\":\"https:\/\/dev.antudigital.cl\/sites\/vc\/corfo-abre-convocatoria-para-postular-a-financiamiento-prae\/#primaryimage\"},\"thumbnailUrl\":\"https:\/\/dev.antudigital.cl\/sites\/vc\/wp-content\/uploads\/2019\/02\/prae-corfo-e1549118219790-750x430.png\",\"articleSection\":[\"Noticia\"],\"inLanguage\":\"es\"},{\"@type\":\"WebPage\",\"@id\":\"https:\/\/dev.antudigital.cl\/sites\/vc\/corfo-abre-convocatoria-para-postular-a-financiamiento-prae\/\",\"url\":\"https:\/\/dev.antudigital.cl\/sites\/vc\/corfo-abre-convocatoria-para-postular-a-financiamiento-prae\/\",\"name\":\"Se extiende plazo para postular a fondo PRAE en la regi\u00f3n de Valpara\u00edso - Valpara\u00ed\u00adso Creativo\",\"isPartOf\":{\"@id\":\"https:\/\/dev.antudigital.cl\/sites\/vc\/#website\"},\"primaryImageOfPage\":{\"@id\":\"https:\/\/dev.antudigital.cl\/sites\/vc\/corfo-abre-convocatoria-para-postular-a-financiamiento-prae\/#primaryimage\"},\"image\":{\"@id\":\"https:\/\/dev.antudigital.cl\/sites\/vc\/corfo-abre-convocatoria-para-postular-a-financiamiento-prae\/#primaryimage\"},\"thumbnailUrl\":\"https:\/\/dev.antudigital.cl\/sites\/vc\/wp-content\/uploads\/2019\/02\/prae-corfo-e1549118219790-750x430.png\",\"datePublished\":\"2019-03-01T14:00:51+00:00\",\"author\":{\"@id\":\"https:\/\/dev.antudigital.cl\/sites\/vc\/#\/schema\/person\/81d1dcd51abd542b5dfc00f5f951a0f1\"},\"breadcrumb\":{\"@id\":\"https:\/\/dev.antudigital.cl\/sites\/vc\/corfo-abre-convocatoria-para-postular-a-financiamiento-prae\/#breadcrumb\"},\"inLanguage\":\"es\",\"potentialAction\":[{\"@type\":\"ReadAction\",\"target\":[\"https:\/\/dev.antudigital.cl\/sites\/vc\/corfo-abre-convocatoria-para-postular-a-financiamiento-prae\/\"]}]},{\"@type\":\"ImageObject\",\"inLanguage\":\"es\",\"@id\":\"https:\/\/dev.antudigital.cl\/sites\/vc\/corfo-abre-convocatoria-para-postular-a-financiamiento-prae\/#primaryimage\",\"url\":\"https:\/\/dev.antudigital.cl\/sites\/vc\/wp-content\/uploads\/2019\/02\/prae-corfo-e1549118219790-750x430.png\",\"contentUrl\":\"https:\/\/dev.antudigital.cl\/sites\/vc\/wp-content\/uploads\/2019\/02\/prae-corfo-e1549118219790-750x430.png\",\"width\":750,\"height\":430},{\"@type\":\"BreadcrumbList\",\"@id\":\"https:\/\/dev.antudigital.cl\/sites\/vc\/corfo-abre-convocatoria-para-postular-a-financiamiento-prae\/#breadcrumb\",\"itemListElement\":[{\"@type\":\"ListItem\",\"position\":1,\"name\":\"Home\",\"item\":\"https:\/\/dev.antudigital.cl\/sites\/vc\/\"},{\"@type\":\"ListItem\",\"position\":2,\"name\":\"Se extiende plazo para postular a fondo PRAE en la regi\u00f3n de Valpara\u00edso\"}]},{\"@type\":\"WebSite\",\"@id\":\"https:\/\/dev.antudigital.cl\/sites\/vc\/#website\",\"url\":\"https:\/\/dev.antudigital.cl\/sites\/vc\/\",\"name\":\"Valpara\u00ed\u00adso Creativo\",\"description\":\"\",\"potentialAction\":[{\"@type\":\"SearchAction\",\"target\":{\"@type\":\"EntryPoint\",\"urlTemplate\":\"https:\/\/dev.antudigital.cl\/sites\/vc\/?s={search_term_string}\"},\"query-input\":{\"@type\":\"PropertyValueSpecification\",\"valueRequired\":true,\"valueName\":\"search_term_string\"}}],\"inLanguage\":\"es\"},{\"@type\":\"Person\",\"@id\":\"https:\/\/dev.antudigital.cl\/sites\/vc\/#\/schema\/person\/81d1dcd51abd542b5dfc00f5f951a0f1\",\"name\":\"Valparaiso Creativo\",\"url\":\"https:\/\/dev.antudigital.cl\/sites\/vc\/author\/valparaiso-creativo\/\"}]}<\/script>\n<!-- \/ Yoast SEO plugin. -->","yoast_head_json":{"title":"Se extiende plazo para postular a fondo PRAE en la regi\u00f3n de Valpara\u00edso - Valpara\u00ed\u00adso Creativo","robots":{"index":"index","follow":"follow","max-snippet":"max-snippet:-1","max-image-preview":"max-image-preview:large","max-video-preview":"max-video-preview:-1"},"canonical":"https:\/\/dev.antudigital.cl\/sites\/vc\/corfo-abre-convocatoria-para-postular-a-financiamiento-prae\/","og_locale":"es_ES","og_type":"article","og_title":"Se extiende plazo para postular a fondo PRAE en la regi\u00f3n de Valpara\u00edso - Valpara\u00ed\u00adso Creativo","og_description":"Hasta el 11 de marzo estar\u00e1 abierta la convocatoria para postular al PRAE, el cual es un instrumento de Corfo,\u00a0 dirigido a empredendores innovadores de alto impacto, en donde pueden optar a un co-financimiento de hasta un 75% del costo total del proyecto. &nbsp; Uno de los puntos clave para Corfo es apoyar a los [&hellip;]","og_url":"https:\/\/dev.antudigital.cl\/sites\/vc\/corfo-abre-convocatoria-para-postular-a-financiamiento-prae\/","og_site_name":"Valpara\u00ed\u00adso Creativo","article_published_time":"2019-03-01T14:00:51+00:00","og_image":[{"width":750,"height":430,"url":"https:\/\/dev.antudigital.cl\/sites\/vc\/wp-content\/uploads\/2019\/02\/prae-corfo-e1549118219790-750x430.png","type":"image\/png"}],"author":"Valparaiso Creativo","twitter_card":"summary_large_image","twitter_misc":{"Escrito por":"Valparaiso Creativo","Tiempo de lectura":"1 minuto"},"schema":{"@context":"https:\/\/schema.org","@graph":[{"@type":"Article","@id":"https:\/\/dev.antudigital.cl\/sites\/vc\/corfo-abre-convocatoria-para-postular-a-financiamiento-prae\/#article","isPartOf":{"@id":"https:\/\/dev.antudigital.cl\/sites\/vc\/corfo-abre-convocatoria-para-postular-a-financiamiento-prae\/"},"author":{"name":"Valparaiso Creativo","@id":"https:\/\/dev.antudigital.cl\/sites\/vc\/#\/schema\/person\/81d1dcd51abd542b5dfc00f5f951a0f1"},"headline":"Se extiende plazo para postular a fondo PRAE en la regi\u00f3n de Valpara\u00edso","datePublished":"2019-03-01T14:00:51+00:00","mainEntityOfPage":{"@id":"https:\/\/dev.antudigital.cl\/sites\/vc\/corfo-abre-convocatoria-para-postular-a-financiamiento-prae\/"},"wordCount":284,"image":{"@id":"https:\/\/dev.antudigital.cl\/sites\/vc\/corfo-abre-convocatoria-para-postular-a-financiamiento-prae\/#primaryimage"},"thumbnailUrl":"https:\/\/dev.antudigital.cl\/sites\/vc\/wp-content\/uploads\/2019\/02\/prae-corfo-e1549118219790-750x430.png","articleSection":["Noticia"],"inLanguage":"es"},{"@type":"WebPage","@id":"https:\/\/dev.antudigital.cl\/sites\/vc\/corfo-abre-convocatoria-para-postular-a-financiamiento-prae\/","url":"https:\/\/dev.antudigital.cl\/sites\/vc\/corfo-abre-convocatoria-para-postular-a-financiamiento-prae\/","name":"Se extiende plazo para postular a fondo PRAE en la regi\u00f3n de Valpara\u00edso - Valpara\u00ed\u00adso Creativo","isPartOf":{"@id":"https:\/\/dev.antudigital.cl\/sites\/vc\/#website"},"primaryImageOfPage":{"@id":"https:\/\/dev.antudigital.cl\/sites\/vc\/corfo-abre-convocatoria-para-postular-a-financiamiento-prae\/#primaryimage"},"image":{"@id":"https:\/\/dev.antudigital.cl\/sites\/vc\/corfo-abre-convocatoria-para-postular-a-financiamiento-prae\/#primaryimage"},"thumbnailUrl":"https:\/\/dev.antudigital.cl\/sites\/vc\/wp-content\/uploads\/2019\/02\/prae-corfo-e1549118219790-750x430.png","datePublished":"2019-03-01T14:00:51+00:00","author":{"@id":"https:\/\/dev.antudigital.cl\/sites\/vc\/#\/schema\/person\/81d1dcd51abd542b5dfc00f5f951a0f1"},"breadcrumb":{"@id":"https:\/\/dev.antudigital.cl\/sites\/vc\/corfo-abre-convocatoria-para-postular-a-financiamiento-prae\/#breadcrumb"},"inLanguage":"es","potentialAction":[{"@type":"ReadAction","target":["https:\/\/dev.antudigital.cl\/sites\/vc\/corfo-abre-convocatoria-para-postular-a-financiamiento-prae\/"]}]},{"@type":"ImageObject","inLanguage":"es","@id":"https:\/\/dev.antudigital.cl\/sites\/vc\/corfo-abre-convocatoria-para-postular-a-financiamiento-prae\/#primaryimage","url":"https:\/\/dev.antudigital.cl\/sites\/vc\/wp-content\/uploads\/2019\/02\/prae-corfo-e1549118219790-750x430.png","contentUrl":"https:\/\/dev.antudigital.cl\/sites\/vc\/wp-content\/uploads\/2019\/02\/prae-corfo-e1549118219790-750x430.png","width":750,"height":430},{"@type":"BreadcrumbList","@id":"https:\/\/dev.antudigital.cl\/sites\/vc\/corfo-abre-convocatoria-para-postular-a-financiamiento-prae\/#breadcrumb","itemListElement":[{"@type":"ListItem","position":1,"name":"Home","item":"https:\/\/dev.antudigital.cl\/sites\/vc\/"},{"@type":"ListItem","position":2,"name":"Se extiende plazo para postular a fondo PRAE en la regi\u00f3n de Valpara\u00edso"}]},{"@type":"WebSite","@id":"https:\/\/dev.antudigital.cl\/sites\/vc\/#website","url":"https:\/\/dev.antudigital.cl\/sites\/vc\/","name":"Valpara\u00ed\u00adso Creativo","description":"","potentialAction":[{"@type":"SearchAction","target":{"@type":"EntryPoint","urlTemplate":"https:\/\/dev.antudigital.cl\/sites\/vc\/?s={search_term_string}"},"query-input":{"@type":"PropertyValueSpecification","valueRequired":true,"valueName":"search_term_string"}}],"inLanguage":"es"},{"@type":"Person","@id":"https:\/\/dev.antudigital.cl\/sites\/vc\/#\/schema\/person\/81d1dcd51abd542b5dfc00f5f951a0f1","name":"Valparaiso Creativo","url":"https:\/\/dev.antudigital.cl\/sites\/vc\/author\/valparaiso-creativo\/"}]}},"_links":{"self":[{"href":"https:\/\/dev.antudigital.cl\/sites\/vc\/wp-json\/wp\/v2\/posts\/9100","targetHints":{"allow":["GET"]}}],"collection":[{"href":"https:\/\/dev.antudigital.cl\/sites\/vc\/wp-json\/wp\/v2\/posts"}],"about":[{"href":"https:\/\/dev.antudigital.cl\/sites\/vc\/wp-json\/wp\/v2\/types\/post"}],"author":[{"embeddable":true,"href":"https:\/\/dev.antudigital.cl\/sites\/vc\/wp-json\/wp\/v2\/users\/3"}],"replies":[{"embeddable":true,"href":"https:\/\/dev.antudigital.cl\/sites\/vc\/wp-json\/wp\/v2\/comments?post=9100"}],"version-history":[{"count":0,"href":"https:\/\/dev.antudigital.cl\/sites\/vc\/wp-json\/wp\/v2\/posts\/9100\/revisions"}],"wp:featuredmedia":[{"embeddable":true,"href":"https:\/\/dev.antudigital.cl\/sites\/vc\/wp-json\/wp\/v2\/media\/9101"}],"wp:attachment":[{"href":"https:\/\/dev.antudigital.cl\/sites\/vc\/wp-json\/wp\/v2\/media?parent=9100"}],"wp:term":[{"taxonomy":"category","embeddable":true,"href":"https:\/\/dev.antudigital.cl\/sites\/vc\/wp-json\/wp\/v2\/categories?post=9100"},{"taxonomy":"post_tag","embeddable":true,"href":"https:\/\/dev.antudigital.cl\/sites\/vc\/wp-json\/wp\/v2\/tags?post=9100"}],"curies":[{"name":"wp","href":"https:\/\/api.w.org\/{rel}","templated":true}]}}