{"id":9106,"date":"2019-02-21T13:21:34","date_gmt":"2019-02-21T13:21:34","guid":{"rendered":"http:\/\/www.valparaisocreativo.cl\/?p=3206"},"modified":"2019-02-21T13:21:34","modified_gmt":"2019-02-21T13:21:34","slug":"del-puerto-para-el-mundo-conciertos-de-mediodia-en-teatro-mauri-scd","status":"publish","type":"post","link":"https:\/\/dev.antudigital.cl\/sites\/vc\/del-puerto-para-el-mundo-conciertos-de-mediodia-en-teatro-mauri-scd\/","title":{"rendered":"Del Puerto para el Mundo: Conciertos de Mediod\u00eda en Teatro Mauri SCD"},"content":{"rendered":"<p>Una muestra tur\u00edstica de lo mejor del repertorio t\u00edpico porte\u00f1o con boleros, cuecas choras y valses en vivo es lo que ofrece Teatro Mauri SCD para cada martes de febrero a las 12:30 horas en Av. Alemania #6985, Valpara\u00edso.<\/p>\n<p>&nbsp;<\/p>\n<p>La instancia que ofrece este m\u00edtico e hist\u00f3rico recinto que reabri\u00f3 sus puertas en agosto del a\u00f1o pasado, invita al p\u00fablico a bailar y vivir una experiencia musical profundamente arraigada en la bohemia y la vida porte\u00f1a.<\/p>\n<p>&nbsp;<\/p>\n<p>La actividad es abierta al p\u00fablico general con un valor de $4.000, mientras que quienes asisten a trav\u00e9s de tour operadores que compren la entrada en la boleter\u00eda del teatro, podr\u00e1n adquirir su ticket a $3.000.<\/p>\n<p>&nbsp;<\/p>\n<p>Fuente: SCD<\/p>\n","protected":false},"excerpt":{"rendered":"<p>Una muestra tur\u00edstica de lo mejor del repertorio t\u00edpico porte\u00f1o con boleros, cuecas choras y valses en vivo es lo que ofrece Teatro Mauri SCD para cada martes de febrero a las 12:30 horas en Av. Alemania #6985, Valpara\u00edso. &nbsp; La instancia que ofrece este m\u00edtico e hist\u00f3rico recinto que reabri\u00f3 sus puertas en agosto [&hellip;]<\/p>\n","protected":false},"author":3,"featured_media":9107,"comment_status":"closed","ping_status":"closed","sticky":false,"template":"","format":"standard","meta":{"_acf_changed":false,"footnotes":""},"categories":[8],"tags":[],"class_list":["post-9106","post","type-post","status-publish","format-standard","has-post-thumbnail","hentry","category-noticia"],"acf":[],"yoast_head":"<!-- This site is optimized with the Yoast SEO plugin v27.1.1 - https:\/\/yoast.com\/product\/yoast-seo-wordpress\/ -->\n<title>Del Puerto para el Mundo: Conciertos de Mediod\u00eda en Teatro Mauri SCD - Valpara\u00ed\u00adso Creativo<\/title>\n<meta name=\"robots\" content=\"index, follow, max-snippet:-1, max-image-preview:large, max-video-preview:-1\" \/>\n<link rel=\"canonical\" href=\"https:\/\/dev.antudigital.cl\/sites\/vc\/del-puerto-para-el-mundo-conciertos-de-mediodia-en-teatro-mauri-scd\/\" \/>\n<meta property=\"og:locale\" content=\"es_ES\" \/>\n<meta property=\"og:type\" content=\"article\" \/>\n<meta property=\"og:title\" content=\"Del Puerto para el Mundo: Conciertos de Mediod\u00eda en Teatro Mauri SCD - Valpara\u00ed\u00adso Creativo\" \/>\n<meta property=\"og:description\" content=\"Una muestra tur\u00edstica de lo mejor del repertorio t\u00edpico porte\u00f1o con boleros, cuecas choras y valses en vivo es lo que ofrece Teatro Mauri SCD para cada martes de febrero a las 12:30 horas en Av. Alemania #6985, Valpara\u00edso. &nbsp; La instancia que ofrece este m\u00edtico e hist\u00f3rico recinto que reabri\u00f3 sus puertas en agosto [&hellip;]\" \/>\n<meta property=\"og:url\" content=\"https:\/\/dev.antudigital.cl\/sites\/vc\/del-puerto-para-el-mundo-conciertos-de-mediodia-en-teatro-mauri-scd\/\" \/>\n<meta property=\"og:site_name\" content=\"Valpara\u00ed\u00adso Creativo\" \/>\n<meta property=\"article:published_time\" content=\"2019-02-21T13:21:34+00:00\" \/>\n<meta property=\"og:image\" content=\"https:\/\/dev.antudigital.cl\/sites\/vc\/wp-content\/uploads\/2019\/02\/scd_promocion.jpg\" \/>\n\t<meta property=\"og:image:width\" content=\"876\" \/>\n\t<meta property=\"og:image:height\" content=\"843\" \/>\n\t<meta property=\"og:image:type\" content=\"image\/jpeg\" \/>\n<meta name=\"author\" content=\"Valparaiso Creativo\" \/>\n<meta name=\"twitter:card\" content=\"summary_large_image\" \/>\n<meta name=\"twitter:label1\" content=\"Escrito por\" \/>\n\t<meta name=\"twitter:data1\" content=\"Valparaiso Creativo\" \/>\n\t<meta name=\"twitter:label2\" content=\"Tiempo de lectura\" \/>\n\t<meta name=\"twitter:data2\" content=\"1 minuto\" \/>\n<script type=\"application\/ld+json\" class=\"yoast-schema-graph\">{\"@context\":\"https:\/\/schema.org\",\"@graph\":[{\"@type\":\"Article\",\"@id\":\"https:\/\/dev.antudigital.cl\/sites\/vc\/del-puerto-para-el-mundo-conciertos-de-mediodia-en-teatro-mauri-scd\/#article\",\"isPartOf\":{\"@id\":\"https:\/\/dev.antudigital.cl\/sites\/vc\/del-puerto-para-el-mundo-conciertos-de-mediodia-en-teatro-mauri-scd\/\"},\"author\":{\"name\":\"Valparaiso Creativo\",\"@id\":\"https:\/\/dev.antudigital.cl\/sites\/vc\/#\/schema\/person\/81d1dcd51abd542b5dfc00f5f951a0f1\"},\"headline\":\"Del Puerto para el Mundo: Conciertos de Mediod\u00eda en Teatro Mauri SCD\",\"datePublished\":\"2019-02-21T13:21:34+00:00\",\"mainEntityOfPage\":{\"@id\":\"https:\/\/dev.antudigital.cl\/sites\/vc\/del-puerto-para-el-mundo-conciertos-de-mediodia-en-teatro-mauri-scd\/\"},\"wordCount\":139,\"image\":{\"@id\":\"https:\/\/dev.antudigital.cl\/sites\/vc\/del-puerto-para-el-mundo-conciertos-de-mediodia-en-teatro-mauri-scd\/#primaryimage\"},\"thumbnailUrl\":\"https:\/\/dev.antudigital.cl\/sites\/vc\/wp-content\/uploads\/2019\/02\/scd_promocion.jpg\",\"articleSection\":[\"Noticia\"],\"inLanguage\":\"es\"},{\"@type\":\"WebPage\",\"@id\":\"https:\/\/dev.antudigital.cl\/sites\/vc\/del-puerto-para-el-mundo-conciertos-de-mediodia-en-teatro-mauri-scd\/\",\"url\":\"https:\/\/dev.antudigital.cl\/sites\/vc\/del-puerto-para-el-mundo-conciertos-de-mediodia-en-teatro-mauri-scd\/\",\"name\":\"Del Puerto para el Mundo: Conciertos de Mediod\u00eda en Teatro Mauri SCD - Valpara\u00ed\u00adso Creativo\",\"isPartOf\":{\"@id\":\"https:\/\/dev.antudigital.cl\/sites\/vc\/#website\"},\"primaryImageOfPage\":{\"@id\":\"https:\/\/dev.antudigital.cl\/sites\/vc\/del-puerto-para-el-mundo-conciertos-de-mediodia-en-teatro-mauri-scd\/#primaryimage\"},\"image\":{\"@id\":\"https:\/\/dev.antudigital.cl\/sites\/vc\/del-puerto-para-el-mundo-conciertos-de-mediodia-en-teatro-mauri-scd\/#primaryimage\"},\"thumbnailUrl\":\"https:\/\/dev.antudigital.cl\/sites\/vc\/wp-content\/uploads\/2019\/02\/scd_promocion.jpg\",\"datePublished\":\"2019-02-21T13:21:34+00:00\",\"author\":{\"@id\":\"https:\/\/dev.antudigital.cl\/sites\/vc\/#\/schema\/person\/81d1dcd51abd542b5dfc00f5f951a0f1\"},\"breadcrumb\":{\"@id\":\"https:\/\/dev.antudigital.cl\/sites\/vc\/del-puerto-para-el-mundo-conciertos-de-mediodia-en-teatro-mauri-scd\/#breadcrumb\"},\"inLanguage\":\"es\",\"potentialAction\":[{\"@type\":\"ReadAction\",\"target\":[\"https:\/\/dev.antudigital.cl\/sites\/vc\/del-puerto-para-el-mundo-conciertos-de-mediodia-en-teatro-mauri-scd\/\"]}]},{\"@type\":\"ImageObject\",\"inLanguage\":\"es\",\"@id\":\"https:\/\/dev.antudigital.cl\/sites\/vc\/del-puerto-para-el-mundo-conciertos-de-mediodia-en-teatro-mauri-scd\/#primaryimage\",\"url\":\"https:\/\/dev.antudigital.cl\/sites\/vc\/wp-content\/uploads\/2019\/02\/scd_promocion.jpg\",\"contentUrl\":\"https:\/\/dev.antudigital.cl\/sites\/vc\/wp-content\/uploads\/2019\/02\/scd_promocion.jpg\",\"width\":876,\"height\":843},{\"@type\":\"BreadcrumbList\",\"@id\":\"https:\/\/dev.antudigital.cl\/sites\/vc\/del-puerto-para-el-mundo-conciertos-de-mediodia-en-teatro-mauri-scd\/#breadcrumb\",\"itemListElement\":[{\"@type\":\"ListItem\",\"position\":1,\"name\":\"Home\",\"item\":\"https:\/\/dev.antudigital.cl\/sites\/vc\/\"},{\"@type\":\"ListItem\",\"position\":2,\"name\":\"Del Puerto para el Mundo: Conciertos de Mediod\u00eda en Teatro Mauri SCD\"}]},{\"@type\":\"WebSite\",\"@id\":\"https:\/\/dev.antudigital.cl\/sites\/vc\/#website\",\"url\":\"https:\/\/dev.antudigital.cl\/sites\/vc\/\",\"name\":\"Valpara\u00ed\u00adso Creativo\",\"description\":\"\",\"potentialAction\":[{\"@type\":\"SearchAction\",\"target\":{\"@type\":\"EntryPoint\",\"urlTemplate\":\"https:\/\/dev.antudigital.cl\/sites\/vc\/?s={search_term_string}\"},\"query-input\":{\"@type\":\"PropertyValueSpecification\",\"valueRequired\":true,\"valueName\":\"search_term_string\"}}],\"inLanguage\":\"es\"},{\"@type\":\"Person\",\"@id\":\"https:\/\/dev.antudigital.cl\/sites\/vc\/#\/schema\/person\/81d1dcd51abd542b5dfc00f5f951a0f1\",\"name\":\"Valparaiso Creativo\",\"url\":\"https:\/\/dev.antudigital.cl\/sites\/vc\/author\/valparaiso-creativo\/\"}]}<\/script>\n<!-- \/ Yoast SEO plugin. -->","yoast_head_json":{"title":"Del Puerto para el Mundo: Conciertos de Mediod\u00eda en Teatro Mauri SCD - Valpara\u00ed\u00adso Creativo","robots":{"index":"index","follow":"follow","max-snippet":"max-snippet:-1","max-image-preview":"max-image-preview:large","max-video-preview":"max-video-preview:-1"},"canonical":"https:\/\/dev.antudigital.cl\/sites\/vc\/del-puerto-para-el-mundo-conciertos-de-mediodia-en-teatro-mauri-scd\/","og_locale":"es_ES","og_type":"article","og_title":"Del Puerto para el Mundo: Conciertos de Mediod\u00eda en Teatro Mauri SCD - Valpara\u00ed\u00adso Creativo","og_description":"Una muestra tur\u00edstica de lo mejor del repertorio t\u00edpico porte\u00f1o con boleros, cuecas choras y valses en vivo es lo que ofrece Teatro Mauri SCD para cada martes de febrero a las 12:30 horas en Av. Alemania #6985, Valpara\u00edso. &nbsp; La instancia que ofrece este m\u00edtico e hist\u00f3rico recinto que reabri\u00f3 sus puertas en agosto [&hellip;]","og_url":"https:\/\/dev.antudigital.cl\/sites\/vc\/del-puerto-para-el-mundo-conciertos-de-mediodia-en-teatro-mauri-scd\/","og_site_name":"Valpara\u00ed\u00adso Creativo","article_published_time":"2019-02-21T13:21:34+00:00","og_image":[{"width":876,"height":843,"url":"https:\/\/dev.antudigital.cl\/sites\/vc\/wp-content\/uploads\/2019\/02\/scd_promocion.jpg","type":"image\/jpeg"}],"author":"Valparaiso Creativo","twitter_card":"summary_large_image","twitter_misc":{"Escrito por":"Valparaiso Creativo","Tiempo de lectura":"1 minuto"},"schema":{"@context":"https:\/\/schema.org","@graph":[{"@type":"Article","@id":"https:\/\/dev.antudigital.cl\/sites\/vc\/del-puerto-para-el-mundo-conciertos-de-mediodia-en-teatro-mauri-scd\/#article","isPartOf":{"@id":"https:\/\/dev.antudigital.cl\/sites\/vc\/del-puerto-para-el-mundo-conciertos-de-mediodia-en-teatro-mauri-scd\/"},"author":{"name":"Valparaiso Creativo","@id":"https:\/\/dev.antudigital.cl\/sites\/vc\/#\/schema\/person\/81d1dcd51abd542b5dfc00f5f951a0f1"},"headline":"Del Puerto para el Mundo: Conciertos de Mediod\u00eda en Teatro Mauri SCD","datePublished":"2019-02-21T13:21:34+00:00","mainEntityOfPage":{"@id":"https:\/\/dev.antudigital.cl\/sites\/vc\/del-puerto-para-el-mundo-conciertos-de-mediodia-en-teatro-mauri-scd\/"},"wordCount":139,"image":{"@id":"https:\/\/dev.antudigital.cl\/sites\/vc\/del-puerto-para-el-mundo-conciertos-de-mediodia-en-teatro-mauri-scd\/#primaryimage"},"thumbnailUrl":"https:\/\/dev.antudigital.cl\/sites\/vc\/wp-content\/uploads\/2019\/02\/scd_promocion.jpg","articleSection":["Noticia"],"inLanguage":"es"},{"@type":"WebPage","@id":"https:\/\/dev.antudigital.cl\/sites\/vc\/del-puerto-para-el-mundo-conciertos-de-mediodia-en-teatro-mauri-scd\/","url":"https:\/\/dev.antudigital.cl\/sites\/vc\/del-puerto-para-el-mundo-conciertos-de-mediodia-en-teatro-mauri-scd\/","name":"Del Puerto para el Mundo: Conciertos de Mediod\u00eda en Teatro Mauri SCD - Valpara\u00ed\u00adso Creativo","isPartOf":{"@id":"https:\/\/dev.antudigital.cl\/sites\/vc\/#website"},"primaryImageOfPage":{"@id":"https:\/\/dev.antudigital.cl\/sites\/vc\/del-puerto-para-el-mundo-conciertos-de-mediodia-en-teatro-mauri-scd\/#primaryimage"},"image":{"@id":"https:\/\/dev.antudigital.cl\/sites\/vc\/del-puerto-para-el-mundo-conciertos-de-mediodia-en-teatro-mauri-scd\/#primaryimage"},"thumbnailUrl":"https:\/\/dev.antudigital.cl\/sites\/vc\/wp-content\/uploads\/2019\/02\/scd_promocion.jpg","datePublished":"2019-02-21T13:21:34+00:00","author":{"@id":"https:\/\/dev.antudigital.cl\/sites\/vc\/#\/schema\/person\/81d1dcd51abd542b5dfc00f5f951a0f1"},"breadcrumb":{"@id":"https:\/\/dev.antudigital.cl\/sites\/vc\/del-puerto-para-el-mundo-conciertos-de-mediodia-en-teatro-mauri-scd\/#breadcrumb"},"inLanguage":"es","potentialAction":[{"@type":"ReadAction","target":["https:\/\/dev.antudigital.cl\/sites\/vc\/del-puerto-para-el-mundo-conciertos-de-mediodia-en-teatro-mauri-scd\/"]}]},{"@type":"ImageObject","inLanguage":"es","@id":"https:\/\/dev.antudigital.cl\/sites\/vc\/del-puerto-para-el-mundo-conciertos-de-mediodia-en-teatro-mauri-scd\/#primaryimage","url":"https:\/\/dev.antudigital.cl\/sites\/vc\/wp-content\/uploads\/2019\/02\/scd_promocion.jpg","contentUrl":"https:\/\/dev.antudigital.cl\/sites\/vc\/wp-content\/uploads\/2019\/02\/scd_promocion.jpg","width":876,"height":843},{"@type":"BreadcrumbList","@id":"https:\/\/dev.antudigital.cl\/sites\/vc\/del-puerto-para-el-mundo-conciertos-de-mediodia-en-teatro-mauri-scd\/#breadcrumb","itemListElement":[{"@type":"ListItem","position":1,"name":"Home","item":"https:\/\/dev.antudigital.cl\/sites\/vc\/"},{"@type":"ListItem","position":2,"name":"Del Puerto para el Mundo: Conciertos de Mediod\u00eda en Teatro Mauri SCD"}]},{"@type":"WebSite","@id":"https:\/\/dev.antudigital.cl\/sites\/vc\/#website","url":"https:\/\/dev.antudigital.cl\/sites\/vc\/","name":"Valpara\u00ed\u00adso Creativo","description":"","potentialAction":[{"@type":"SearchAction","target":{"@type":"EntryPoint","urlTemplate":"https:\/\/dev.antudigital.cl\/sites\/vc\/?s={search_term_string}"},"query-input":{"@type":"PropertyValueSpecification","valueRequired":true,"valueName":"search_term_string"}}],"inLanguage":"es"},{"@type":"Person","@id":"https:\/\/dev.antudigital.cl\/sites\/vc\/#\/schema\/person\/81d1dcd51abd542b5dfc00f5f951a0f1","name":"Valparaiso Creativo","url":"https:\/\/dev.antudigital.cl\/sites\/vc\/author\/valparaiso-creativo\/"}]}},"_links":{"self":[{"href":"https:\/\/dev.antudigital.cl\/sites\/vc\/wp-json\/wp\/v2\/posts\/9106","targetHints":{"allow":["GET"]}}],"collection":[{"href":"https:\/\/dev.antudigital.cl\/sites\/vc\/wp-json\/wp\/v2\/posts"}],"about":[{"href":"https:\/\/dev.antudigital.cl\/sites\/vc\/wp-json\/wp\/v2\/types\/post"}],"author":[{"embeddable":true,"href":"https:\/\/dev.antudigital.cl\/sites\/vc\/wp-json\/wp\/v2\/users\/3"}],"replies":[{"embeddable":true,"href":"https:\/\/dev.antudigital.cl\/sites\/vc\/wp-json\/wp\/v2\/comments?post=9106"}],"version-history":[{"count":0,"href":"https:\/\/dev.antudigital.cl\/sites\/vc\/wp-json\/wp\/v2\/posts\/9106\/revisions"}],"wp:featuredmedia":[{"embeddable":true,"href":"https:\/\/dev.antudigital.cl\/sites\/vc\/wp-json\/wp\/v2\/media\/9107"}],"wp:attachment":[{"href":"https:\/\/dev.antudigital.cl\/sites\/vc\/wp-json\/wp\/v2\/media?parent=9106"}],"wp:term":[{"taxonomy":"category","embeddable":true,"href":"https:\/\/dev.antudigital.cl\/sites\/vc\/wp-json\/wp\/v2\/categories?post=9106"},{"taxonomy":"post_tag","embeddable":true,"href":"https:\/\/dev.antudigital.cl\/sites\/vc\/wp-json\/wp\/v2\/tags?post=9106"}],"curies":[{"name":"wp","href":"https:\/\/api.w.org\/{rel}","templated":true}]}}