{"id":9118,"date":"2019-02-07T13:12:59","date_gmt":"2019-02-07T13:12:59","guid":{"rendered":"http:\/\/www.valparaisocreativo.cl\/?p=3151"},"modified":"2021-12-26T21:43:06","modified_gmt":"2021-12-26T21:43:06","slug":"municipalidad-de-valparaiso-lanza-convocatoria-para-programacion-2019-del-teatro-municipal","status":"publish","type":"post","link":"https:\/\/dev.antudigital.cl\/sites\/vc\/municipalidad-de-valparaiso-lanza-convocatoria-para-programacion-2019-del-teatro-municipal\/","title":{"rendered":"Municipalidad de Valpara\u00edso lanza convocatoria para programaci\u00f3n 2019 del Teatro Municipal"},"content":{"rendered":"<ul>\n<li>La Direcci\u00f3n de Cultura de la Ilustre Municipalidad de Valpara\u00edso hace un llamado a toda la comunidad art\u00edstica de la regi\u00f3n a participar de la convocatoria denominada \u00abJueves Porte\u00f1os\u00bb para la programaci\u00f3n 2019 del Teatro Municipal.<\/li>\n<\/ul>\n<p>&nbsp;<\/p>\n<p>Con el objetivo de fomentar el desarrollo ec\u00f3nomico de las agrupaciones art\u00edsticas porte\u00f1as y su vinculaci\u00f3n con la comunidad local es que el municipio de Valpara\u00edso invita a artistas de la regi\u00f3n a que participen de ser parte de la programaci\u00f3n denominada \u00abJueves Porte\u00f1os\u00bb, presentaciones art\u00edsticas los primeros jueves de cada mes, entre marzo y diciembre 2019.<\/p>\n<p>De esta forma, aquellas agrupaciones art\u00edsticas que aspiren a la exenci\u00f3n de pago por el uso del Teatro Municipal de Valpara\u00edso, podr\u00e1n hacerlo mediante una postulaci\u00f3n. Una comisi\u00f3n evaluar\u00e1 y elegir\u00e1 a 10 propuestas art\u00edsticas, que deber\u00e1n suscribir un Convenio de Colaboraci\u00f3n con el Municipio.<\/p>\n<div class=\"text_exposed_show\">\n<p>La elaboraci\u00f3n de dicho Convenio de Colaboraci\u00f3n requerir\u00e1 estipular al menos una contraprestaci\u00f3n de servicio por parte de los artistas que implique <strong>un beneficio directo para la comunidad porte\u00f1a.<\/strong> A modo de ejemplo, se espera que la agrupaci\u00f3n art\u00edstica proponga una actividad de mediaci\u00f3n escolar, un muestra art\u00edstica en alguna poblaci\u00f3n porte\u00f1a, talleres con enfoque para determinada comunidad local u otra que la agrupaci\u00f3n art\u00edstica desee plantear.<\/p>\n<p>El cierre de la convocatoria ser\u00e1 hasta completar la disponibilidad de fechas otorgadas.<\/p>\n<\/div>\n<p><a href=\"http:\/\/www.valparaisocreativo.cl\/wp-content\/uploads\/2019\/02\/CONVOCATORIA_JUEVES_PORTEN\u0303OS_ENERO_2019.zip\">DESCARGA BASES\u00a0<\/a><\/p>\n<p>Para dudas y consultas escribir al correo <strong>cultura.alcaldiaciudadana@gmail.com<\/strong><\/p>\n<p><em>Cr\u00e9ditos fotograf\u00eda: Direcci\u00f3n Cultura IMV\u00a0<\/em><\/p>\n<p>&nbsp;<\/p>\n","protected":false},"excerpt":{"rendered":"<p>La Direcci\u00f3n de Cultura de la Ilustre Municipalidad de Valpara\u00edso hace un llamado a toda la comunidad art\u00edstica de la regi\u00f3n a participar de la convocatoria denominada \u00abJueves Porte\u00f1os\u00bb para la programaci\u00f3n 2019 del Teatro Municipal. &nbsp; Con el objetivo de fomentar el desarrollo ec\u00f3nomico de las agrupaciones art\u00edsticas porte\u00f1as y su vinculaci\u00f3n con la [&hellip;]<\/p>\n","protected":false},"author":3,"featured_media":9119,"comment_status":"closed","ping_status":"closed","sticky":false,"template":"","format":"standard","meta":{"_acf_changed":false,"footnotes":""},"categories":[8],"tags":[],"class_list":["post-9118","post","type-post","status-publish","format-standard","has-post-thumbnail","hentry","category-noticia"],"acf":[],"yoast_head":"<!-- This site is optimized with the Yoast SEO plugin v27.1.1 - https:\/\/yoast.com\/product\/yoast-seo-wordpress\/ -->\n<title>Municipalidad de Valpara\u00edso lanza convocatoria para programaci\u00f3n 2019 del Teatro Municipal - Valpara\u00ed\u00adso Creativo<\/title>\n<meta name=\"robots\" content=\"index, follow, max-snippet:-1, max-image-preview:large, max-video-preview:-1\" \/>\n<link rel=\"canonical\" href=\"https:\/\/dev.antudigital.cl\/sites\/vc\/municipalidad-de-valparaiso-lanza-convocatoria-para-programacion-2019-del-teatro-municipal\/\" \/>\n<meta property=\"og:locale\" content=\"es_ES\" \/>\n<meta property=\"og:type\" content=\"article\" \/>\n<meta property=\"og:title\" content=\"Municipalidad de Valpara\u00edso lanza convocatoria para programaci\u00f3n 2019 del Teatro Municipal - Valpara\u00ed\u00adso Creativo\" \/>\n<meta property=\"og:description\" content=\"La Direcci\u00f3n de Cultura de la Ilustre Municipalidad de Valpara\u00edso hace un llamado a toda la comunidad art\u00edstica de la regi\u00f3n a participar de la convocatoria denominada \u00abJueves Porte\u00f1os\u00bb para la programaci\u00f3n 2019 del Teatro Municipal. &nbsp; Con el objetivo de fomentar el desarrollo ec\u00f3nomico de las agrupaciones art\u00edsticas porte\u00f1as y su vinculaci\u00f3n con la [&hellip;]\" \/>\n<meta property=\"og:url\" content=\"https:\/\/dev.antudigital.cl\/sites\/vc\/municipalidad-de-valparaiso-lanza-convocatoria-para-programacion-2019-del-teatro-municipal\/\" \/>\n<meta property=\"og:site_name\" content=\"Valpara\u00ed\u00adso Creativo\" \/>\n<meta property=\"article:published_time\" content=\"2019-02-07T13:12:59+00:00\" \/>\n<meta property=\"article:modified_time\" content=\"2021-12-26T21:43:06+00:00\" \/>\n<meta property=\"og:image\" content=\"https:\/\/dev.antudigital.cl\/sites\/vc\/wp-content\/uploads\/2019\/02\/fotoTeatroMunicipalIMV.jpg\" \/>\n\t<meta property=\"og:image:width\" content=\"960\" \/>\n\t<meta property=\"og:image:height\" content=\"640\" \/>\n\t<meta property=\"og:image:type\" content=\"image\/jpeg\" \/>\n<meta name=\"author\" content=\"Valparaiso Creativo\" \/>\n<meta name=\"twitter:card\" content=\"summary_large_image\" \/>\n<meta name=\"twitter:label1\" content=\"Escrito por\" \/>\n\t<meta name=\"twitter:data1\" content=\"Valparaiso Creativo\" \/>\n\t<meta name=\"twitter:label2\" content=\"Tiempo de lectura\" \/>\n\t<meta name=\"twitter:data2\" content=\"1 minuto\" \/>\n<script type=\"application\/ld+json\" class=\"yoast-schema-graph\">{\"@context\":\"https:\/\/schema.org\",\"@graph\":[{\"@type\":\"Article\",\"@id\":\"https:\/\/dev.antudigital.cl\/sites\/vc\/municipalidad-de-valparaiso-lanza-convocatoria-para-programacion-2019-del-teatro-municipal\/#article\",\"isPartOf\":{\"@id\":\"https:\/\/dev.antudigital.cl\/sites\/vc\/municipalidad-de-valparaiso-lanza-convocatoria-para-programacion-2019-del-teatro-municipal\/\"},\"author\":{\"name\":\"Valparaiso Creativo\",\"@id\":\"https:\/\/dev.antudigital.cl\/sites\/vc\/#\/schema\/person\/81d1dcd51abd542b5dfc00f5f951a0f1\"},\"headline\":\"Municipalidad de Valpara\u00edso lanza convocatoria para programaci\u00f3n 2019 del Teatro Municipal\",\"datePublished\":\"2019-02-07T13:12:59+00:00\",\"dateModified\":\"2021-12-26T21:43:06+00:00\",\"mainEntityOfPage\":{\"@id\":\"https:\/\/dev.antudigital.cl\/sites\/vc\/municipalidad-de-valparaiso-lanza-convocatoria-para-programacion-2019-del-teatro-municipal\/\"},\"wordCount\":286,\"image\":{\"@id\":\"https:\/\/dev.antudigital.cl\/sites\/vc\/municipalidad-de-valparaiso-lanza-convocatoria-para-programacion-2019-del-teatro-municipal\/#primaryimage\"},\"thumbnailUrl\":\"https:\/\/dev.antudigital.cl\/sites\/vc\/wp-content\/uploads\/2019\/02\/fotoTeatroMunicipalIMV.jpg\",\"articleSection\":[\"Noticia\"],\"inLanguage\":\"es\"},{\"@type\":\"WebPage\",\"@id\":\"https:\/\/dev.antudigital.cl\/sites\/vc\/municipalidad-de-valparaiso-lanza-convocatoria-para-programacion-2019-del-teatro-municipal\/\",\"url\":\"https:\/\/dev.antudigital.cl\/sites\/vc\/municipalidad-de-valparaiso-lanza-convocatoria-para-programacion-2019-del-teatro-municipal\/\",\"name\":\"Municipalidad de Valpara\u00edso lanza convocatoria para programaci\u00f3n 2019 del Teatro Municipal - Valpara\u00ed\u00adso Creativo\",\"isPartOf\":{\"@id\":\"https:\/\/dev.antudigital.cl\/sites\/vc\/#website\"},\"primaryImageOfPage\":{\"@id\":\"https:\/\/dev.antudigital.cl\/sites\/vc\/municipalidad-de-valparaiso-lanza-convocatoria-para-programacion-2019-del-teatro-municipal\/#primaryimage\"},\"image\":{\"@id\":\"https:\/\/dev.antudigital.cl\/sites\/vc\/municipalidad-de-valparaiso-lanza-convocatoria-para-programacion-2019-del-teatro-municipal\/#primaryimage\"},\"thumbnailUrl\":\"https:\/\/dev.antudigital.cl\/sites\/vc\/wp-content\/uploads\/2019\/02\/fotoTeatroMunicipalIMV.jpg\",\"datePublished\":\"2019-02-07T13:12:59+00:00\",\"dateModified\":\"2021-12-26T21:43:06+00:00\",\"author\":{\"@id\":\"https:\/\/dev.antudigital.cl\/sites\/vc\/#\/schema\/person\/81d1dcd51abd542b5dfc00f5f951a0f1\"},\"breadcrumb\":{\"@id\":\"https:\/\/dev.antudigital.cl\/sites\/vc\/municipalidad-de-valparaiso-lanza-convocatoria-para-programacion-2019-del-teatro-municipal\/#breadcrumb\"},\"inLanguage\":\"es\",\"potentialAction\":[{\"@type\":\"ReadAction\",\"target\":[\"https:\/\/dev.antudigital.cl\/sites\/vc\/municipalidad-de-valparaiso-lanza-convocatoria-para-programacion-2019-del-teatro-municipal\/\"]}]},{\"@type\":\"ImageObject\",\"inLanguage\":\"es\",\"@id\":\"https:\/\/dev.antudigital.cl\/sites\/vc\/municipalidad-de-valparaiso-lanza-convocatoria-para-programacion-2019-del-teatro-municipal\/#primaryimage\",\"url\":\"https:\/\/dev.antudigital.cl\/sites\/vc\/wp-content\/uploads\/2019\/02\/fotoTeatroMunicipalIMV.jpg\",\"contentUrl\":\"https:\/\/dev.antudigital.cl\/sites\/vc\/wp-content\/uploads\/2019\/02\/fotoTeatroMunicipalIMV.jpg\",\"width\":960,\"height\":640},{\"@type\":\"BreadcrumbList\",\"@id\":\"https:\/\/dev.antudigital.cl\/sites\/vc\/municipalidad-de-valparaiso-lanza-convocatoria-para-programacion-2019-del-teatro-municipal\/#breadcrumb\",\"itemListElement\":[{\"@type\":\"ListItem\",\"position\":1,\"name\":\"Home\",\"item\":\"https:\/\/dev.antudigital.cl\/sites\/vc\/\"},{\"@type\":\"ListItem\",\"position\":2,\"name\":\"Municipalidad de Valpara\u00edso lanza convocatoria para programaci\u00f3n 2019 del Teatro Municipal\"}]},{\"@type\":\"WebSite\",\"@id\":\"https:\/\/dev.antudigital.cl\/sites\/vc\/#website\",\"url\":\"https:\/\/dev.antudigital.cl\/sites\/vc\/\",\"name\":\"Valpara\u00ed\u00adso Creativo\",\"description\":\"\",\"potentialAction\":[{\"@type\":\"SearchAction\",\"target\":{\"@type\":\"EntryPoint\",\"urlTemplate\":\"https:\/\/dev.antudigital.cl\/sites\/vc\/?s={search_term_string}\"},\"query-input\":{\"@type\":\"PropertyValueSpecification\",\"valueRequired\":true,\"valueName\":\"search_term_string\"}}],\"inLanguage\":\"es\"},{\"@type\":\"Person\",\"@id\":\"https:\/\/dev.antudigital.cl\/sites\/vc\/#\/schema\/person\/81d1dcd51abd542b5dfc00f5f951a0f1\",\"name\":\"Valparaiso Creativo\",\"url\":\"https:\/\/dev.antudigital.cl\/sites\/vc\/author\/valparaiso-creativo\/\"}]}<\/script>\n<!-- \/ Yoast SEO plugin. -->","yoast_head_json":{"title":"Municipalidad de Valpara\u00edso lanza convocatoria para programaci\u00f3n 2019 del Teatro Municipal - Valpara\u00ed\u00adso Creativo","robots":{"index":"index","follow":"follow","max-snippet":"max-snippet:-1","max-image-preview":"max-image-preview:large","max-video-preview":"max-video-preview:-1"},"canonical":"https:\/\/dev.antudigital.cl\/sites\/vc\/municipalidad-de-valparaiso-lanza-convocatoria-para-programacion-2019-del-teatro-municipal\/","og_locale":"es_ES","og_type":"article","og_title":"Municipalidad de Valpara\u00edso lanza convocatoria para programaci\u00f3n 2019 del Teatro Municipal - Valpara\u00ed\u00adso Creativo","og_description":"La Direcci\u00f3n de Cultura de la Ilustre Municipalidad de Valpara\u00edso hace un llamado a toda la comunidad art\u00edstica de la regi\u00f3n a participar de la convocatoria denominada \u00abJueves Porte\u00f1os\u00bb para la programaci\u00f3n 2019 del Teatro Municipal. &nbsp; Con el objetivo de fomentar el desarrollo ec\u00f3nomico de las agrupaciones art\u00edsticas porte\u00f1as y su vinculaci\u00f3n con la [&hellip;]","og_url":"https:\/\/dev.antudigital.cl\/sites\/vc\/municipalidad-de-valparaiso-lanza-convocatoria-para-programacion-2019-del-teatro-municipal\/","og_site_name":"Valpara\u00ed\u00adso Creativo","article_published_time":"2019-02-07T13:12:59+00:00","article_modified_time":"2021-12-26T21:43:06+00:00","og_image":[{"width":960,"height":640,"url":"https:\/\/dev.antudigital.cl\/sites\/vc\/wp-content\/uploads\/2019\/02\/fotoTeatroMunicipalIMV.jpg","type":"image\/jpeg"}],"author":"Valparaiso Creativo","twitter_card":"summary_large_image","twitter_misc":{"Escrito por":"Valparaiso Creativo","Tiempo de lectura":"1 minuto"},"schema":{"@context":"https:\/\/schema.org","@graph":[{"@type":"Article","@id":"https:\/\/dev.antudigital.cl\/sites\/vc\/municipalidad-de-valparaiso-lanza-convocatoria-para-programacion-2019-del-teatro-municipal\/#article","isPartOf":{"@id":"https:\/\/dev.antudigital.cl\/sites\/vc\/municipalidad-de-valparaiso-lanza-convocatoria-para-programacion-2019-del-teatro-municipal\/"},"author":{"name":"Valparaiso Creativo","@id":"https:\/\/dev.antudigital.cl\/sites\/vc\/#\/schema\/person\/81d1dcd51abd542b5dfc00f5f951a0f1"},"headline":"Municipalidad de Valpara\u00edso lanza convocatoria para programaci\u00f3n 2019 del Teatro Municipal","datePublished":"2019-02-07T13:12:59+00:00","dateModified":"2021-12-26T21:43:06+00:00","mainEntityOfPage":{"@id":"https:\/\/dev.antudigital.cl\/sites\/vc\/municipalidad-de-valparaiso-lanza-convocatoria-para-programacion-2019-del-teatro-municipal\/"},"wordCount":286,"image":{"@id":"https:\/\/dev.antudigital.cl\/sites\/vc\/municipalidad-de-valparaiso-lanza-convocatoria-para-programacion-2019-del-teatro-municipal\/#primaryimage"},"thumbnailUrl":"https:\/\/dev.antudigital.cl\/sites\/vc\/wp-content\/uploads\/2019\/02\/fotoTeatroMunicipalIMV.jpg","articleSection":["Noticia"],"inLanguage":"es"},{"@type":"WebPage","@id":"https:\/\/dev.antudigital.cl\/sites\/vc\/municipalidad-de-valparaiso-lanza-convocatoria-para-programacion-2019-del-teatro-municipal\/","url":"https:\/\/dev.antudigital.cl\/sites\/vc\/municipalidad-de-valparaiso-lanza-convocatoria-para-programacion-2019-del-teatro-municipal\/","name":"Municipalidad de Valpara\u00edso lanza convocatoria para programaci\u00f3n 2019 del Teatro Municipal - Valpara\u00ed\u00adso Creativo","isPartOf":{"@id":"https:\/\/dev.antudigital.cl\/sites\/vc\/#website"},"primaryImageOfPage":{"@id":"https:\/\/dev.antudigital.cl\/sites\/vc\/municipalidad-de-valparaiso-lanza-convocatoria-para-programacion-2019-del-teatro-municipal\/#primaryimage"},"image":{"@id":"https:\/\/dev.antudigital.cl\/sites\/vc\/municipalidad-de-valparaiso-lanza-convocatoria-para-programacion-2019-del-teatro-municipal\/#primaryimage"},"thumbnailUrl":"https:\/\/dev.antudigital.cl\/sites\/vc\/wp-content\/uploads\/2019\/02\/fotoTeatroMunicipalIMV.jpg","datePublished":"2019-02-07T13:12:59+00:00","dateModified":"2021-12-26T21:43:06+00:00","author":{"@id":"https:\/\/dev.antudigital.cl\/sites\/vc\/#\/schema\/person\/81d1dcd51abd542b5dfc00f5f951a0f1"},"breadcrumb":{"@id":"https:\/\/dev.antudigital.cl\/sites\/vc\/municipalidad-de-valparaiso-lanza-convocatoria-para-programacion-2019-del-teatro-municipal\/#breadcrumb"},"inLanguage":"es","potentialAction":[{"@type":"ReadAction","target":["https:\/\/dev.antudigital.cl\/sites\/vc\/municipalidad-de-valparaiso-lanza-convocatoria-para-programacion-2019-del-teatro-municipal\/"]}]},{"@type":"ImageObject","inLanguage":"es","@id":"https:\/\/dev.antudigital.cl\/sites\/vc\/municipalidad-de-valparaiso-lanza-convocatoria-para-programacion-2019-del-teatro-municipal\/#primaryimage","url":"https:\/\/dev.antudigital.cl\/sites\/vc\/wp-content\/uploads\/2019\/02\/fotoTeatroMunicipalIMV.jpg","contentUrl":"https:\/\/dev.antudigital.cl\/sites\/vc\/wp-content\/uploads\/2019\/02\/fotoTeatroMunicipalIMV.jpg","width":960,"height":640},{"@type":"BreadcrumbList","@id":"https:\/\/dev.antudigital.cl\/sites\/vc\/municipalidad-de-valparaiso-lanza-convocatoria-para-programacion-2019-del-teatro-municipal\/#breadcrumb","itemListElement":[{"@type":"ListItem","position":1,"name":"Home","item":"https:\/\/dev.antudigital.cl\/sites\/vc\/"},{"@type":"ListItem","position":2,"name":"Municipalidad de Valpara\u00edso lanza convocatoria para programaci\u00f3n 2019 del Teatro Municipal"}]},{"@type":"WebSite","@id":"https:\/\/dev.antudigital.cl\/sites\/vc\/#website","url":"https:\/\/dev.antudigital.cl\/sites\/vc\/","name":"Valpara\u00ed\u00adso Creativo","description":"","potentialAction":[{"@type":"SearchAction","target":{"@type":"EntryPoint","urlTemplate":"https:\/\/dev.antudigital.cl\/sites\/vc\/?s={search_term_string}"},"query-input":{"@type":"PropertyValueSpecification","valueRequired":true,"valueName":"search_term_string"}}],"inLanguage":"es"},{"@type":"Person","@id":"https:\/\/dev.antudigital.cl\/sites\/vc\/#\/schema\/person\/81d1dcd51abd542b5dfc00f5f951a0f1","name":"Valparaiso Creativo","url":"https:\/\/dev.antudigital.cl\/sites\/vc\/author\/valparaiso-creativo\/"}]}},"_links":{"self":[{"href":"https:\/\/dev.antudigital.cl\/sites\/vc\/wp-json\/wp\/v2\/posts\/9118","targetHints":{"allow":["GET"]}}],"collection":[{"href":"https:\/\/dev.antudigital.cl\/sites\/vc\/wp-json\/wp\/v2\/posts"}],"about":[{"href":"https:\/\/dev.antudigital.cl\/sites\/vc\/wp-json\/wp\/v2\/types\/post"}],"author":[{"embeddable":true,"href":"https:\/\/dev.antudigital.cl\/sites\/vc\/wp-json\/wp\/v2\/users\/3"}],"replies":[{"embeddable":true,"href":"https:\/\/dev.antudigital.cl\/sites\/vc\/wp-json\/wp\/v2\/comments?post=9118"}],"version-history":[{"count":1,"href":"https:\/\/dev.antudigital.cl\/sites\/vc\/wp-json\/wp\/v2\/posts\/9118\/revisions"}],"predecessor-version":[{"id":9123,"href":"https:\/\/dev.antudigital.cl\/sites\/vc\/wp-json\/wp\/v2\/posts\/9118\/revisions\/9123"}],"wp:featuredmedia":[{"embeddable":true,"href":"https:\/\/dev.antudigital.cl\/sites\/vc\/wp-json\/wp\/v2\/media\/9119"}],"wp:attachment":[{"href":"https:\/\/dev.antudigital.cl\/sites\/vc\/wp-json\/wp\/v2\/media?parent=9118"}],"wp:term":[{"taxonomy":"category","embeddable":true,"href":"https:\/\/dev.antudigital.cl\/sites\/vc\/wp-json\/wp\/v2\/categories?post=9118"},{"taxonomy":"post_tag","embeddable":true,"href":"https:\/\/dev.antudigital.cl\/sites\/vc\/wp-json\/wp\/v2\/tags?post=9118"}],"curies":[{"name":"wp","href":"https:\/\/api.w.org\/{rel}","templated":true}]}}