{"id":9121,"date":"2019-01-31T17:51:21","date_gmt":"2019-01-31T17:51:21","guid":{"rendered":"http:\/\/www.valparaisocreativo.cl\/?p=3120"},"modified":"2021-12-26T21:49:13","modified_gmt":"2021-12-26T21:49:13","slug":"puerto-de-musicas-instituciones-publicas-del-sector-economico-y-turistico-se-juntan-en-jornada-de-trabajo","status":"publish","type":"post","link":"https:\/\/dev.antudigital.cl\/sites\/vc\/puerto-de-musicas-instituciones-publicas-del-sector-economico-y-turistico-se-juntan-en-jornada-de-trabajo\/","title":{"rendered":"Puerto de M\u00fasicas: Instituciones p\u00fablicas del sector econ\u00f3mico y tur\u00edstico se juntan en jornada de trabajo"},"content":{"rendered":"<ul>\n<li style=\"font-weight: 400;\"><span style=\"font-weight: 400;\">Representantes de entidades de Corfo, ProChile, Sercotec, Sernatur, Seremi de Econom\u00eda y la Direcci\u00f3n de Turismo del municipio porte\u00f1o, &nbsp;se dieron cita para avanzar en un dise\u00f1o de ciudad musical para Valpara\u00edso. <\/span><\/li>\n<\/ul>\n<p><span style=\"font-weight: 400;\">Como parte de la agenda de actividades del proyecto Valpara\u00edso, Puerto de M\u00fasicas -que involucra la preparaci\u00f3n de la postulaci\u00f3n de Valpara\u00edso, a la red de ciudades creativas de Unesco, en la categor\u00eda de m\u00fasica- se realiz\u00f3 una reuni\u00f3n de trabajo interinstitucional con el objetivo de crear lazos de confianza y procesos de co-creaci\u00f3n con agentes, en esta oportunidad, del sector econ\u00f3mico y tur\u00edstico de la ciudad de Valpara\u00edso. <\/span><\/p>\n<p><span style=\"font-weight: 400;\"><img fetchpriority=\"high\" decoding=\"async\" class=\"alignleft size-medium wp-image-3123\" src=\"http:\/\/www.valparaisocreativo.cl\/wp-content\/uploads\/2019\/02\/DSC08965-300x225.jpg\" alt=\"\" width=\"300\" height=\"225\">La reuni\u00f3n se realiz\u00f3 en el Ministerio de las Culturas, las Artes y el Patrimonio, siendo Constance Harvey, Seremi de Cultura de la Regi\u00f3n de Valpara\u00edso la anfitriona. En \u00e9sta particip\u00f3 el subdirector regional de Corfo, H\u00e9ctor Leiva junto a dos ejecutivos m\u00e1s de la entidad; el director de ProChile, Vicente Alti; la ejecutiva fomento de Sercotec, Ana Correa Toloza, el asesor del Seremi de Econom\u00eda, Alexandro Cea; Cristi\u00e1n Salazar, representante de Sernatur, y Osvaldo Jara de la Direcci\u00f3n de Turismo de Valpara\u00edso. <\/span><\/p>\n<p><span style=\"font-weight: 400;\"><img decoding=\"async\" class=\"size-medium wp-image-3124 alignright\" src=\"http:\/\/www.valparaisocreativo.cl\/wp-content\/uploads\/2019\/02\/DSC08968-300x225.jpg\" alt=\"\" width=\"300\" height=\"225\">El foco de la reuni\u00f3n estuvo puesto en el co dise\u00f1o de un plan de trabajo que incluir\u00e1 la postulaci\u00f3n. Fue as\u00ed, que a trav\u00e9s de un ejercicio pr\u00e1ctico se realiz\u00f3 un levantamiento de informaci\u00f3n sobre iniciativas y medidas desde cada entidad, ligadas a cuatro \u00e1mbitos y visiones estrat\u00e9gicas para el dise\u00f1o de una ciudad musical: dinamizaci\u00f3n del sector musical, destino de turismo musical; comunidad y calidad de vida; y la incorporaci\u00f3n de la m\u00fasica en el proceso de educaci\u00f3n y formaci\u00f3n de la comunidad. <\/span><\/p>\n<p><span style=\"font-weight: 400;\">La cita, fue convocada por la mesa t\u00e9cnica del proyecto <\/span><b>Valpara\u00edso, Puerto de M\u00fasicas<\/b><span style=\"font-weight: 400;\"> -cuyo objetivo es aprovechar el potencial de la m\u00fasica para el desarrollo sustentable de la ciudad de Valpara\u00edso- y est\u00e1 conformada por la Ilustre Municipalidad de Valpara\u00edso, el Ministerio de las Culturas, las Artes y el Patrimonio, el programa estrat\u00e9gico de Corfo, Valpara\u00edso Creativo y la asociaci\u00f3n gremial de la industria musical de Valpara\u00edso, IMUVA. &nbsp;Este ejercicio, se repetir\u00e1 con otros actores y sectores de la ciudad con el fin de consensuar un dise\u00f1o y plan estrat\u00e9gico para la ciudad musical. <\/span><\/p>\n<p><b>Ciudad creativa musical<\/b><\/p>\n<p><span style=\"font-weight: 400;\">Poner a la m\u00fasica al centro de una estrategia de desarrollo territorial, es algo totalmente innovador y entender desde otra perspectiva el impulso y dise\u00f1o de una ciudad. <\/span><\/p>\n<p><span style=\"font-weight: 400;\">Para entender lo que implica tener un modelo de desarrollo basado en una ciudad musical, rescatamos la definici\u00f3n que desarrolla Sounds Diplomacy -consultora estrat\u00e9gica en ecosistemas musicales- sobre qu\u00e9 es una ciudad musical: <\/span><\/p>\n<p><span style=\"font-weight: 400;\">\u201cLas ciudades musicales proveen significativos beneficios econ\u00f3micos, de empleabilidad, culturales y sociales. La m\u00fasica contribuye a la deseabilidad de las ciudades como lugares para vivir, trabajar y visitar. La infraestructura requerida para la m\u00fasica incluyendo locales y festivales no solo nutren el talento, crean comunidades y germinan la innovaci\u00f3n, sino que tambi\u00e9n contribuyen a la construcci\u00f3n de una marca ciudad\u00bb. <\/span><\/p>\n<p><span style=\"font-weight: 400;\">Por otra parte, la Red de Ciudades Creativas de Unesco, la componen 180 ciudades y son 30 ciudades musicales, 5 en Latinoam\u00e9rica, y s\u00f3lo una en Chile que es Frutillar. &nbsp;<\/span><\/p>\n<p><span style=\"font-weight: 400;\">Ser reconocida como una ciudad creativa, es posicionar la creatividad y las industrias culturales en el centro de su plan de desarrollo local y cooperar activamente a nivel internacional en la materia. Es as\u00ed implica un compromiso a largo plazo, proceso de participaci\u00f3n y enfoque orientada al futuro. <\/span><\/p>\n<p>&nbsp;<\/p>\n","protected":false},"excerpt":{"rendered":"<p>Representantes de entidades de Corfo, ProChile, Sercotec, Sernatur, Seremi de Econom\u00eda y la Direcci\u00f3n de Turismo del municipio porte\u00f1o, &nbsp;se dieron cita para avanzar en un dise\u00f1o de ciudad musical para Valpara\u00edso. Como parte de la agenda de actividades del proyecto Valpara\u00edso, Puerto de M\u00fasicas -que involucra la preparaci\u00f3n de la postulaci\u00f3n de Valpara\u00edso, a [&hellip;]<\/p>\n","protected":false},"author":3,"featured_media":9125,"comment_status":"closed","ping_status":"closed","sticky":false,"template":"","format":"standard","meta":{"_acf_changed":false,"footnotes":""},"categories":[8],"tags":[],"class_list":["post-9121","post","type-post","status-publish","format-standard","has-post-thumbnail","hentry","category-noticia"],"acf":[],"yoast_head":"<!-- This site is optimized with the Yoast SEO plugin v27.1.1 - https:\/\/yoast.com\/product\/yoast-seo-wordpress\/ -->\n<title>Puerto de M\u00fasicas: Instituciones p\u00fablicas del sector econ\u00f3mico y tur\u00edstico se juntan en jornada de trabajo - Valpara\u00ed\u00adso Creativo<\/title>\n<meta name=\"robots\" content=\"index, follow, max-snippet:-1, max-image-preview:large, max-video-preview:-1\" \/>\n<link rel=\"canonical\" href=\"https:\/\/dev.antudigital.cl\/sites\/vc\/puerto-de-musicas-instituciones-publicas-del-sector-economico-y-turistico-se-juntan-en-jornada-de-trabajo\/\" \/>\n<meta property=\"og:locale\" content=\"es_ES\" \/>\n<meta property=\"og:type\" content=\"article\" \/>\n<meta property=\"og:title\" content=\"Puerto de M\u00fasicas: Instituciones p\u00fablicas del sector econ\u00f3mico y tur\u00edstico se juntan en jornada de trabajo - Valpara\u00ed\u00adso Creativo\" \/>\n<meta property=\"og:description\" content=\"Representantes de entidades de Corfo, ProChile, Sercotec, Sernatur, Seremi de Econom\u00eda y la Direcci\u00f3n de Turismo del municipio porte\u00f1o, &nbsp;se dieron cita para avanzar en un dise\u00f1o de ciudad musical para Valpara\u00edso. Como parte de la agenda de actividades del proyecto Valpara\u00edso, Puerto de M\u00fasicas -que involucra la preparaci\u00f3n de la postulaci\u00f3n de Valpara\u00edso, a [&hellip;]\" \/>\n<meta property=\"og:url\" content=\"https:\/\/dev.antudigital.cl\/sites\/vc\/puerto-de-musicas-instituciones-publicas-del-sector-economico-y-turistico-se-juntan-en-jornada-de-trabajo\/\" \/>\n<meta property=\"og:site_name\" content=\"Valpara\u00ed\u00adso Creativo\" \/>\n<meta property=\"article:published_time\" content=\"2019-01-31T17:51:21+00:00\" \/>\n<meta property=\"article:modified_time\" content=\"2021-12-26T21:49:13+00:00\" \/>\n<meta property=\"og:image\" content=\"https:\/\/dev.antudigital.cl\/sites\/vc\/wp-content\/uploads\/2019\/01\/DSC08937-scaled.jpg\" \/>\n\t<meta property=\"og:image:width\" content=\"2560\" \/>\n\t<meta property=\"og:image:height\" content=\"1920\" \/>\n\t<meta property=\"og:image:type\" content=\"image\/jpeg\" \/>\n<meta name=\"author\" content=\"Valparaiso Creativo\" \/>\n<meta name=\"twitter:card\" content=\"summary_large_image\" \/>\n<meta name=\"twitter:label1\" content=\"Escrito por\" \/>\n\t<meta name=\"twitter:data1\" content=\"Valparaiso Creativo\" \/>\n\t<meta name=\"twitter:label2\" content=\"Tiempo de lectura\" \/>\n\t<meta name=\"twitter:data2\" content=\"4 minutos\" \/>\n<script type=\"application\/ld+json\" class=\"yoast-schema-graph\">{\"@context\":\"https:\/\/schema.org\",\"@graph\":[{\"@type\":\"Article\",\"@id\":\"https:\/\/dev.antudigital.cl\/sites\/vc\/puerto-de-musicas-instituciones-publicas-del-sector-economico-y-turistico-se-juntan-en-jornada-de-trabajo\/#article\",\"isPartOf\":{\"@id\":\"https:\/\/dev.antudigital.cl\/sites\/vc\/puerto-de-musicas-instituciones-publicas-del-sector-economico-y-turistico-se-juntan-en-jornada-de-trabajo\/\"},\"author\":{\"name\":\"Valparaiso Creativo\",\"@id\":\"https:\/\/dev.antudigital.cl\/sites\/vc\/#\/schema\/person\/81d1dcd51abd542b5dfc00f5f951a0f1\"},\"headline\":\"Puerto de M\u00fasicas: Instituciones p\u00fablicas del sector econ\u00f3mico y tur\u00edstico se juntan en jornada de trabajo\",\"datePublished\":\"2019-01-31T17:51:21+00:00\",\"dateModified\":\"2021-12-26T21:49:13+00:00\",\"mainEntityOfPage\":{\"@id\":\"https:\/\/dev.antudigital.cl\/sites\/vc\/puerto-de-musicas-instituciones-publicas-del-sector-economico-y-turistico-se-juntan-en-jornada-de-trabajo\/\"},\"wordCount\":651,\"image\":{\"@id\":\"https:\/\/dev.antudigital.cl\/sites\/vc\/puerto-de-musicas-instituciones-publicas-del-sector-economico-y-turistico-se-juntan-en-jornada-de-trabajo\/#primaryimage\"},\"thumbnailUrl\":\"https:\/\/dev.antudigital.cl\/sites\/vc\/wp-content\/uploads\/2019\/01\/DSC08937-scaled.jpg\",\"articleSection\":[\"Noticia\"],\"inLanguage\":\"es\"},{\"@type\":\"WebPage\",\"@id\":\"https:\/\/dev.antudigital.cl\/sites\/vc\/puerto-de-musicas-instituciones-publicas-del-sector-economico-y-turistico-se-juntan-en-jornada-de-trabajo\/\",\"url\":\"https:\/\/dev.antudigital.cl\/sites\/vc\/puerto-de-musicas-instituciones-publicas-del-sector-economico-y-turistico-se-juntan-en-jornada-de-trabajo\/\",\"name\":\"Puerto de M\u00fasicas: Instituciones p\u00fablicas del sector econ\u00f3mico y tur\u00edstico se juntan en jornada de trabajo - Valpara\u00ed\u00adso Creativo\",\"isPartOf\":{\"@id\":\"https:\/\/dev.antudigital.cl\/sites\/vc\/#website\"},\"primaryImageOfPage\":{\"@id\":\"https:\/\/dev.antudigital.cl\/sites\/vc\/puerto-de-musicas-instituciones-publicas-del-sector-economico-y-turistico-se-juntan-en-jornada-de-trabajo\/#primaryimage\"},\"image\":{\"@id\":\"https:\/\/dev.antudigital.cl\/sites\/vc\/puerto-de-musicas-instituciones-publicas-del-sector-economico-y-turistico-se-juntan-en-jornada-de-trabajo\/#primaryimage\"},\"thumbnailUrl\":\"https:\/\/dev.antudigital.cl\/sites\/vc\/wp-content\/uploads\/2019\/01\/DSC08937-scaled.jpg\",\"datePublished\":\"2019-01-31T17:51:21+00:00\",\"dateModified\":\"2021-12-26T21:49:13+00:00\",\"author\":{\"@id\":\"https:\/\/dev.antudigital.cl\/sites\/vc\/#\/schema\/person\/81d1dcd51abd542b5dfc00f5f951a0f1\"},\"breadcrumb\":{\"@id\":\"https:\/\/dev.antudigital.cl\/sites\/vc\/puerto-de-musicas-instituciones-publicas-del-sector-economico-y-turistico-se-juntan-en-jornada-de-trabajo\/#breadcrumb\"},\"inLanguage\":\"es\",\"potentialAction\":[{\"@type\":\"ReadAction\",\"target\":[\"https:\/\/dev.antudigital.cl\/sites\/vc\/puerto-de-musicas-instituciones-publicas-del-sector-economico-y-turistico-se-juntan-en-jornada-de-trabajo\/\"]}]},{\"@type\":\"ImageObject\",\"inLanguage\":\"es\",\"@id\":\"https:\/\/dev.antudigital.cl\/sites\/vc\/puerto-de-musicas-instituciones-publicas-del-sector-economico-y-turistico-se-juntan-en-jornada-de-trabajo\/#primaryimage\",\"url\":\"https:\/\/dev.antudigital.cl\/sites\/vc\/wp-content\/uploads\/2019\/01\/DSC08937-scaled.jpg\",\"contentUrl\":\"https:\/\/dev.antudigital.cl\/sites\/vc\/wp-content\/uploads\/2019\/01\/DSC08937-scaled.jpg\",\"width\":2560,\"height\":1920},{\"@type\":\"BreadcrumbList\",\"@id\":\"https:\/\/dev.antudigital.cl\/sites\/vc\/puerto-de-musicas-instituciones-publicas-del-sector-economico-y-turistico-se-juntan-en-jornada-de-trabajo\/#breadcrumb\",\"itemListElement\":[{\"@type\":\"ListItem\",\"position\":1,\"name\":\"Home\",\"item\":\"https:\/\/dev.antudigital.cl\/sites\/vc\/\"},{\"@type\":\"ListItem\",\"position\":2,\"name\":\"Puerto de M\u00fasicas: Instituciones p\u00fablicas del sector econ\u00f3mico y tur\u00edstico se juntan en jornada de trabajo\"}]},{\"@type\":\"WebSite\",\"@id\":\"https:\/\/dev.antudigital.cl\/sites\/vc\/#website\",\"url\":\"https:\/\/dev.antudigital.cl\/sites\/vc\/\",\"name\":\"Valpara\u00ed\u00adso Creativo\",\"description\":\"\",\"potentialAction\":[{\"@type\":\"SearchAction\",\"target\":{\"@type\":\"EntryPoint\",\"urlTemplate\":\"https:\/\/dev.antudigital.cl\/sites\/vc\/?s={search_term_string}\"},\"query-input\":{\"@type\":\"PropertyValueSpecification\",\"valueRequired\":true,\"valueName\":\"search_term_string\"}}],\"inLanguage\":\"es\"},{\"@type\":\"Person\",\"@id\":\"https:\/\/dev.antudigital.cl\/sites\/vc\/#\/schema\/person\/81d1dcd51abd542b5dfc00f5f951a0f1\",\"name\":\"Valparaiso Creativo\",\"url\":\"https:\/\/dev.antudigital.cl\/sites\/vc\/author\/valparaiso-creativo\/\"}]}<\/script>\n<!-- \/ Yoast SEO plugin. -->","yoast_head_json":{"title":"Puerto de M\u00fasicas: Instituciones p\u00fablicas del sector econ\u00f3mico y tur\u00edstico se juntan en jornada de trabajo - Valpara\u00ed\u00adso Creativo","robots":{"index":"index","follow":"follow","max-snippet":"max-snippet:-1","max-image-preview":"max-image-preview:large","max-video-preview":"max-video-preview:-1"},"canonical":"https:\/\/dev.antudigital.cl\/sites\/vc\/puerto-de-musicas-instituciones-publicas-del-sector-economico-y-turistico-se-juntan-en-jornada-de-trabajo\/","og_locale":"es_ES","og_type":"article","og_title":"Puerto de M\u00fasicas: Instituciones p\u00fablicas del sector econ\u00f3mico y tur\u00edstico se juntan en jornada de trabajo - Valpara\u00ed\u00adso Creativo","og_description":"Representantes de entidades de Corfo, ProChile, Sercotec, Sernatur, Seremi de Econom\u00eda y la Direcci\u00f3n de Turismo del municipio porte\u00f1o, &nbsp;se dieron cita para avanzar en un dise\u00f1o de ciudad musical para Valpara\u00edso. Como parte de la agenda de actividades del proyecto Valpara\u00edso, Puerto de M\u00fasicas -que involucra la preparaci\u00f3n de la postulaci\u00f3n de Valpara\u00edso, a [&hellip;]","og_url":"https:\/\/dev.antudigital.cl\/sites\/vc\/puerto-de-musicas-instituciones-publicas-del-sector-economico-y-turistico-se-juntan-en-jornada-de-trabajo\/","og_site_name":"Valpara\u00ed\u00adso Creativo","article_published_time":"2019-01-31T17:51:21+00:00","article_modified_time":"2021-12-26T21:49:13+00:00","og_image":[{"width":2560,"height":1920,"url":"https:\/\/dev.antudigital.cl\/sites\/vc\/wp-content\/uploads\/2019\/01\/DSC08937-scaled.jpg","type":"image\/jpeg"}],"author":"Valparaiso Creativo","twitter_card":"summary_large_image","twitter_misc":{"Escrito por":"Valparaiso Creativo","Tiempo de lectura":"4 minutos"},"schema":{"@context":"https:\/\/schema.org","@graph":[{"@type":"Article","@id":"https:\/\/dev.antudigital.cl\/sites\/vc\/puerto-de-musicas-instituciones-publicas-del-sector-economico-y-turistico-se-juntan-en-jornada-de-trabajo\/#article","isPartOf":{"@id":"https:\/\/dev.antudigital.cl\/sites\/vc\/puerto-de-musicas-instituciones-publicas-del-sector-economico-y-turistico-se-juntan-en-jornada-de-trabajo\/"},"author":{"name":"Valparaiso Creativo","@id":"https:\/\/dev.antudigital.cl\/sites\/vc\/#\/schema\/person\/81d1dcd51abd542b5dfc00f5f951a0f1"},"headline":"Puerto de M\u00fasicas: Instituciones p\u00fablicas del sector econ\u00f3mico y tur\u00edstico se juntan en jornada de trabajo","datePublished":"2019-01-31T17:51:21+00:00","dateModified":"2021-12-26T21:49:13+00:00","mainEntityOfPage":{"@id":"https:\/\/dev.antudigital.cl\/sites\/vc\/puerto-de-musicas-instituciones-publicas-del-sector-economico-y-turistico-se-juntan-en-jornada-de-trabajo\/"},"wordCount":651,"image":{"@id":"https:\/\/dev.antudigital.cl\/sites\/vc\/puerto-de-musicas-instituciones-publicas-del-sector-economico-y-turistico-se-juntan-en-jornada-de-trabajo\/#primaryimage"},"thumbnailUrl":"https:\/\/dev.antudigital.cl\/sites\/vc\/wp-content\/uploads\/2019\/01\/DSC08937-scaled.jpg","articleSection":["Noticia"],"inLanguage":"es"},{"@type":"WebPage","@id":"https:\/\/dev.antudigital.cl\/sites\/vc\/puerto-de-musicas-instituciones-publicas-del-sector-economico-y-turistico-se-juntan-en-jornada-de-trabajo\/","url":"https:\/\/dev.antudigital.cl\/sites\/vc\/puerto-de-musicas-instituciones-publicas-del-sector-economico-y-turistico-se-juntan-en-jornada-de-trabajo\/","name":"Puerto de M\u00fasicas: Instituciones p\u00fablicas del sector econ\u00f3mico y tur\u00edstico se juntan en jornada de trabajo - Valpara\u00ed\u00adso Creativo","isPartOf":{"@id":"https:\/\/dev.antudigital.cl\/sites\/vc\/#website"},"primaryImageOfPage":{"@id":"https:\/\/dev.antudigital.cl\/sites\/vc\/puerto-de-musicas-instituciones-publicas-del-sector-economico-y-turistico-se-juntan-en-jornada-de-trabajo\/#primaryimage"},"image":{"@id":"https:\/\/dev.antudigital.cl\/sites\/vc\/puerto-de-musicas-instituciones-publicas-del-sector-economico-y-turistico-se-juntan-en-jornada-de-trabajo\/#primaryimage"},"thumbnailUrl":"https:\/\/dev.antudigital.cl\/sites\/vc\/wp-content\/uploads\/2019\/01\/DSC08937-scaled.jpg","datePublished":"2019-01-31T17:51:21+00:00","dateModified":"2021-12-26T21:49:13+00:00","author":{"@id":"https:\/\/dev.antudigital.cl\/sites\/vc\/#\/schema\/person\/81d1dcd51abd542b5dfc00f5f951a0f1"},"breadcrumb":{"@id":"https:\/\/dev.antudigital.cl\/sites\/vc\/puerto-de-musicas-instituciones-publicas-del-sector-economico-y-turistico-se-juntan-en-jornada-de-trabajo\/#breadcrumb"},"inLanguage":"es","potentialAction":[{"@type":"ReadAction","target":["https:\/\/dev.antudigital.cl\/sites\/vc\/puerto-de-musicas-instituciones-publicas-del-sector-economico-y-turistico-se-juntan-en-jornada-de-trabajo\/"]}]},{"@type":"ImageObject","inLanguage":"es","@id":"https:\/\/dev.antudigital.cl\/sites\/vc\/puerto-de-musicas-instituciones-publicas-del-sector-economico-y-turistico-se-juntan-en-jornada-de-trabajo\/#primaryimage","url":"https:\/\/dev.antudigital.cl\/sites\/vc\/wp-content\/uploads\/2019\/01\/DSC08937-scaled.jpg","contentUrl":"https:\/\/dev.antudigital.cl\/sites\/vc\/wp-content\/uploads\/2019\/01\/DSC08937-scaled.jpg","width":2560,"height":1920},{"@type":"BreadcrumbList","@id":"https:\/\/dev.antudigital.cl\/sites\/vc\/puerto-de-musicas-instituciones-publicas-del-sector-economico-y-turistico-se-juntan-en-jornada-de-trabajo\/#breadcrumb","itemListElement":[{"@type":"ListItem","position":1,"name":"Home","item":"https:\/\/dev.antudigital.cl\/sites\/vc\/"},{"@type":"ListItem","position":2,"name":"Puerto de M\u00fasicas: Instituciones p\u00fablicas del sector econ\u00f3mico y tur\u00edstico se juntan en jornada de trabajo"}]},{"@type":"WebSite","@id":"https:\/\/dev.antudigital.cl\/sites\/vc\/#website","url":"https:\/\/dev.antudigital.cl\/sites\/vc\/","name":"Valpara\u00ed\u00adso Creativo","description":"","potentialAction":[{"@type":"SearchAction","target":{"@type":"EntryPoint","urlTemplate":"https:\/\/dev.antudigital.cl\/sites\/vc\/?s={search_term_string}"},"query-input":{"@type":"PropertyValueSpecification","valueRequired":true,"valueName":"search_term_string"}}],"inLanguage":"es"},{"@type":"Person","@id":"https:\/\/dev.antudigital.cl\/sites\/vc\/#\/schema\/person\/81d1dcd51abd542b5dfc00f5f951a0f1","name":"Valparaiso Creativo","url":"https:\/\/dev.antudigital.cl\/sites\/vc\/author\/valparaiso-creativo\/"}]}},"_links":{"self":[{"href":"https:\/\/dev.antudigital.cl\/sites\/vc\/wp-json\/wp\/v2\/posts\/9121","targetHints":{"allow":["GET"]}}],"collection":[{"href":"https:\/\/dev.antudigital.cl\/sites\/vc\/wp-json\/wp\/v2\/posts"}],"about":[{"href":"https:\/\/dev.antudigital.cl\/sites\/vc\/wp-json\/wp\/v2\/types\/post"}],"author":[{"embeddable":true,"href":"https:\/\/dev.antudigital.cl\/sites\/vc\/wp-json\/wp\/v2\/users\/3"}],"replies":[{"embeddable":true,"href":"https:\/\/dev.antudigital.cl\/sites\/vc\/wp-json\/wp\/v2\/comments?post=9121"}],"version-history":[{"count":2,"href":"https:\/\/dev.antudigital.cl\/sites\/vc\/wp-json\/wp\/v2\/posts\/9121\/revisions"}],"predecessor-version":[{"id":9130,"href":"https:\/\/dev.antudigital.cl\/sites\/vc\/wp-json\/wp\/v2\/posts\/9121\/revisions\/9130"}],"wp:featuredmedia":[{"embeddable":true,"href":"https:\/\/dev.antudigital.cl\/sites\/vc\/wp-json\/wp\/v2\/media\/9125"}],"wp:attachment":[{"href":"https:\/\/dev.antudigital.cl\/sites\/vc\/wp-json\/wp\/v2\/media?parent=9121"}],"wp:term":[{"taxonomy":"category","embeddable":true,"href":"https:\/\/dev.antudigital.cl\/sites\/vc\/wp-json\/wp\/v2\/categories?post=9121"},{"taxonomy":"post_tag","embeddable":true,"href":"https:\/\/dev.antudigital.cl\/sites\/vc\/wp-json\/wp\/v2\/tags?post=9121"}],"curies":[{"name":"wp","href":"https:\/\/api.w.org\/{rel}","templated":true}]}}