{"id":9126,"date":"2019-01-18T14:08:01","date_gmt":"2019-01-18T14:08:01","guid":{"rendered":"http:\/\/www.valparaisocreativo.cl\/?p=3109"},"modified":"2019-01-18T14:08:01","modified_gmt":"2019-01-18T14:08:01","slug":"empresas-e-iniciativas-del-area-soluciones-tecnologicas-estan-invitados-a-participar-en-convocatoria-de-prochile","status":"publish","type":"post","link":"https:\/\/dev.antudigital.cl\/sites\/vc\/empresas-e-iniciativas-del-area-soluciones-tecnologicas-estan-invitados-a-participar-en-convocatoria-de-prochile\/","title":{"rendered":"Empresas e iniciativas del \u00e1rea soluciones tecnol\u00f3gicas est\u00e1n invitados a participar en convocatoria de ProChile"},"content":{"rendered":"<ul>\n<li>Hasta el <strong>28 de enero<\/strong> estar\u00e1 abierta la convocatoria de Pro Chile, enfocada a empresas que ofrezcan productos o servicios, altamente innovadores y exportables en el \u00e1rea soluciones tecnolog\u00edas, para participar en el <strong>Festival de Innovaci\u00f3n South by Southwest.\u00a0<\/strong><\/li>\n<\/ul>\n<p>ProChile invita a empresas chilenas con un producto o servicio exportable innovador y altamente escalable, a participar en el festival de innovaci\u00f3n South by Southwest, entre el 08 y el 16 de marzo de 2019, per\u00edodo durante el cual se implementar\u00e1 un pabell\u00f3n pa\u00eds para <strong>posicionar a Chile como un hub de innovaci\u00f3n y emprendimiento tecnol\u00f3gico desde el 10 al 13 de marzo<\/strong>. El pabell\u00f3n ser\u00e1 de uso compartido por la delegaci\u00f3n chilena para que exhiban sus empresas.<\/p>\n<p>Los beneficiarios podr\u00e1n acceder a una red de networking, que incluir\u00e1 a inversionistas \u00e1ngel y venture capital, desarrollada por PROCHILE.<\/p>\n<p>South by South West (o SXSW, por sus siglas en ingl\u00e9s), con m\u00e1s de 70.000 asistentes durante el 2017, se caracteriza por brindar la oportunidad a profesionales de diversas industrias innovadoras de hacer networking con importantes contrapartes del \u00e1rea tecnol\u00f3gica, cultural y de entretenimiento. Adem\u00e1s de la posibilidad de participar en un sinn\u00famero de conferencias y actividades paralelas.<\/p>\n<p><i class=\"fa fa-info-circle\"><\/i>\u00a0M\u00e1s informaci\u00f3n de la Feria en\u00a0<a href=\"http:\/\/www.sxsw.com\/\" target=\"_blank\" rel=\"noopener\">www.sxsw.com<\/a><\/p>\n<h3>\u00bfQui\u00e9nes pueden postular?<\/h3>\n<p><strong>1.<\/strong>\u00a0Empresas chilenas, con calidad de personas jur\u00eddicas o personas naturales, que tributen en primera categor\u00eda, y que posean alguna de las siguientes calidades:<\/p>\n<ol type=\"a\">\n<li type=\"a\">Micro: Aquellas empresas cuyos ingresos anuales en el a\u00f1o 2016 por ventas y servicios y otras actividades del giro sean superior a 0 y hasta 2.400 unidades de fomento (UF), conforme a la informaci\u00f3n que proporcionar\u00e1 a ProChile el Servicio de Impuestos Internos (SII).<\/li>\n<li type=\"a\">PYME: Aquellas empresas cuyos ingresos anuales en el a\u00f1o 2016 por ventas y servicios y otras actividades del giro sean superior a 2.400 y hasta 100.000 unidades de fomento, conforme a la informaci\u00f3n que proporcionar\u00e1 a ProChile el Servicio de Impuestos Internos.<\/li>\n<li type=\"a\">Grande: Aquellas empresas cuyos ingresos anuales por ventas y servicios y otras actividades del giro sean superiores a 100.001 UF (ventas totales anuales 2016). El tama\u00f1o de la empresa se obtiene de informaci\u00f3n proporcionada por el SII anualmente.<\/li>\n<\/ol>\n<p><strong>2.<\/strong>\u00a0Las empresas deben ser creadoras de un producto o servicio altamente innovador y exportable principalmente del \u00e1rea soluciones tecnolog\u00edas, tales como: aplicaciones web, software y otros desarrollos innovadores.<\/p>\n<p><a href=\"https:\/\/www.prochile.gob.cl\/evento\/festival-south-by-southwest\/\">M\u00e1s informaci\u00f3n<\/a>:<\/p>\n<p><strong>Fuente: Pro Chile\u00a0<\/strong><\/p>\n<p>&nbsp;<\/p>\n","protected":false},"excerpt":{"rendered":"<p>Hasta el 28 de enero estar\u00e1 abierta la convocatoria de Pro Chile, enfocada a empresas que ofrezcan productos o servicios, altamente innovadores y exportables en el \u00e1rea soluciones tecnolog\u00edas, para participar en el Festival de Innovaci\u00f3n South by Southwest.\u00a0 ProChile invita a empresas chilenas con un producto o servicio exportable innovador y altamente escalable, a [&hellip;]<\/p>\n","protected":false},"author":3,"featured_media":9127,"comment_status":"closed","ping_status":"closed","sticky":false,"template":"","format":"standard","meta":{"_acf_changed":false,"footnotes":""},"categories":[8],"tags":[],"class_list":["post-9126","post","type-post","status-publish","format-standard","has-post-thumbnail","hentry","category-noticia"],"acf":[],"yoast_head":"<!-- This site is optimized with the Yoast SEO plugin v27.1.1 - https:\/\/yoast.com\/product\/yoast-seo-wordpress\/ -->\n<title>Empresas e iniciativas del \u00e1rea soluciones tecnol\u00f3gicas est\u00e1n invitados a participar en convocatoria de ProChile - Valpara\u00ed\u00adso Creativo<\/title>\n<meta name=\"robots\" content=\"index, follow, max-snippet:-1, max-image-preview:large, max-video-preview:-1\" \/>\n<link rel=\"canonical\" href=\"https:\/\/dev.antudigital.cl\/sites\/vc\/empresas-e-iniciativas-del-area-soluciones-tecnologicas-estan-invitados-a-participar-en-convocatoria-de-prochile\/\" \/>\n<meta property=\"og:locale\" content=\"es_ES\" \/>\n<meta property=\"og:type\" content=\"article\" \/>\n<meta property=\"og:title\" content=\"Empresas e iniciativas del \u00e1rea soluciones tecnol\u00f3gicas est\u00e1n invitados a participar en convocatoria de ProChile - Valpara\u00ed\u00adso Creativo\" \/>\n<meta property=\"og:description\" content=\"Hasta el 28 de enero estar\u00e1 abierta la convocatoria de Pro Chile, enfocada a empresas que ofrezcan productos o servicios, altamente innovadores y exportables en el \u00e1rea soluciones tecnolog\u00edas, para participar en el Festival de Innovaci\u00f3n South by Southwest.\u00a0 ProChile invita a empresas chilenas con un producto o servicio exportable innovador y altamente escalable, a [&hellip;]\" \/>\n<meta property=\"og:url\" content=\"https:\/\/dev.antudigital.cl\/sites\/vc\/empresas-e-iniciativas-del-area-soluciones-tecnologicas-estan-invitados-a-participar-en-convocatoria-de-prochile\/\" \/>\n<meta property=\"og:site_name\" content=\"Valpara\u00ed\u00adso Creativo\" \/>\n<meta property=\"article:published_time\" content=\"2019-01-18T14:08:01+00:00\" \/>\n<meta property=\"og:image\" content=\"https:\/\/dev.antudigital.cl\/sites\/vc\/wp-content\/uploads\/2019\/01\/DSF2810.jpg\" \/>\n\t<meta property=\"og:image:width\" content=\"1200\" \/>\n\t<meta property=\"og:image:height\" content=\"800\" \/>\n\t<meta property=\"og:image:type\" content=\"image\/jpeg\" \/>\n<meta name=\"author\" content=\"Valparaiso Creativo\" \/>\n<meta name=\"twitter:card\" content=\"summary_large_image\" \/>\n<meta name=\"twitter:label1\" content=\"Escrito por\" \/>\n\t<meta name=\"twitter:data1\" content=\"Valparaiso Creativo\" \/>\n\t<meta name=\"twitter:label2\" content=\"Tiempo de lectura\" \/>\n\t<meta name=\"twitter:data2\" content=\"2 minutos\" \/>\n<script type=\"application\/ld+json\" class=\"yoast-schema-graph\">{\"@context\":\"https:\/\/schema.org\",\"@graph\":[{\"@type\":\"Article\",\"@id\":\"https:\/\/dev.antudigital.cl\/sites\/vc\/empresas-e-iniciativas-del-area-soluciones-tecnologicas-estan-invitados-a-participar-en-convocatoria-de-prochile\/#article\",\"isPartOf\":{\"@id\":\"https:\/\/dev.antudigital.cl\/sites\/vc\/empresas-e-iniciativas-del-area-soluciones-tecnologicas-estan-invitados-a-participar-en-convocatoria-de-prochile\/\"},\"author\":{\"name\":\"Valparaiso Creativo\",\"@id\":\"https:\/\/dev.antudigital.cl\/sites\/vc\/#\/schema\/person\/81d1dcd51abd542b5dfc00f5f951a0f1\"},\"headline\":\"Empresas e iniciativas del \u00e1rea soluciones tecnol\u00f3gicas est\u00e1n invitados a participar en convocatoria de ProChile\",\"datePublished\":\"2019-01-18T14:08:01+00:00\",\"mainEntityOfPage\":{\"@id\":\"https:\/\/dev.antudigital.cl\/sites\/vc\/empresas-e-iniciativas-del-area-soluciones-tecnologicas-estan-invitados-a-participar-en-convocatoria-de-prochile\/\"},\"wordCount\":419,\"image\":{\"@id\":\"https:\/\/dev.antudigital.cl\/sites\/vc\/empresas-e-iniciativas-del-area-soluciones-tecnologicas-estan-invitados-a-participar-en-convocatoria-de-prochile\/#primaryimage\"},\"thumbnailUrl\":\"https:\/\/dev.antudigital.cl\/sites\/vc\/wp-content\/uploads\/2019\/01\/DSF2810.jpg\",\"articleSection\":[\"Noticia\"],\"inLanguage\":\"es\"},{\"@type\":\"WebPage\",\"@id\":\"https:\/\/dev.antudigital.cl\/sites\/vc\/empresas-e-iniciativas-del-area-soluciones-tecnologicas-estan-invitados-a-participar-en-convocatoria-de-prochile\/\",\"url\":\"https:\/\/dev.antudigital.cl\/sites\/vc\/empresas-e-iniciativas-del-area-soluciones-tecnologicas-estan-invitados-a-participar-en-convocatoria-de-prochile\/\",\"name\":\"Empresas e iniciativas del \u00e1rea soluciones tecnol\u00f3gicas est\u00e1n invitados a participar en convocatoria de ProChile - Valpara\u00ed\u00adso Creativo\",\"isPartOf\":{\"@id\":\"https:\/\/dev.antudigital.cl\/sites\/vc\/#website\"},\"primaryImageOfPage\":{\"@id\":\"https:\/\/dev.antudigital.cl\/sites\/vc\/empresas-e-iniciativas-del-area-soluciones-tecnologicas-estan-invitados-a-participar-en-convocatoria-de-prochile\/#primaryimage\"},\"image\":{\"@id\":\"https:\/\/dev.antudigital.cl\/sites\/vc\/empresas-e-iniciativas-del-area-soluciones-tecnologicas-estan-invitados-a-participar-en-convocatoria-de-prochile\/#primaryimage\"},\"thumbnailUrl\":\"https:\/\/dev.antudigital.cl\/sites\/vc\/wp-content\/uploads\/2019\/01\/DSF2810.jpg\",\"datePublished\":\"2019-01-18T14:08:01+00:00\",\"author\":{\"@id\":\"https:\/\/dev.antudigital.cl\/sites\/vc\/#\/schema\/person\/81d1dcd51abd542b5dfc00f5f951a0f1\"},\"breadcrumb\":{\"@id\":\"https:\/\/dev.antudigital.cl\/sites\/vc\/empresas-e-iniciativas-del-area-soluciones-tecnologicas-estan-invitados-a-participar-en-convocatoria-de-prochile\/#breadcrumb\"},\"inLanguage\":\"es\",\"potentialAction\":[{\"@type\":\"ReadAction\",\"target\":[\"https:\/\/dev.antudigital.cl\/sites\/vc\/empresas-e-iniciativas-del-area-soluciones-tecnologicas-estan-invitados-a-participar-en-convocatoria-de-prochile\/\"]}]},{\"@type\":\"ImageObject\",\"inLanguage\":\"es\",\"@id\":\"https:\/\/dev.antudigital.cl\/sites\/vc\/empresas-e-iniciativas-del-area-soluciones-tecnologicas-estan-invitados-a-participar-en-convocatoria-de-prochile\/#primaryimage\",\"url\":\"https:\/\/dev.antudigital.cl\/sites\/vc\/wp-content\/uploads\/2019\/01\/DSF2810.jpg\",\"contentUrl\":\"https:\/\/dev.antudigital.cl\/sites\/vc\/wp-content\/uploads\/2019\/01\/DSF2810.jpg\",\"width\":1200,\"height\":800},{\"@type\":\"BreadcrumbList\",\"@id\":\"https:\/\/dev.antudigital.cl\/sites\/vc\/empresas-e-iniciativas-del-area-soluciones-tecnologicas-estan-invitados-a-participar-en-convocatoria-de-prochile\/#breadcrumb\",\"itemListElement\":[{\"@type\":\"ListItem\",\"position\":1,\"name\":\"Home\",\"item\":\"https:\/\/dev.antudigital.cl\/sites\/vc\/\"},{\"@type\":\"ListItem\",\"position\":2,\"name\":\"Empresas e iniciativas del \u00e1rea soluciones tecnol\u00f3gicas est\u00e1n invitados a participar en convocatoria de ProChile\"}]},{\"@type\":\"WebSite\",\"@id\":\"https:\/\/dev.antudigital.cl\/sites\/vc\/#website\",\"url\":\"https:\/\/dev.antudigital.cl\/sites\/vc\/\",\"name\":\"Valpara\u00ed\u00adso Creativo\",\"description\":\"\",\"potentialAction\":[{\"@type\":\"SearchAction\",\"target\":{\"@type\":\"EntryPoint\",\"urlTemplate\":\"https:\/\/dev.antudigital.cl\/sites\/vc\/?s={search_term_string}\"},\"query-input\":{\"@type\":\"PropertyValueSpecification\",\"valueRequired\":true,\"valueName\":\"search_term_string\"}}],\"inLanguage\":\"es\"},{\"@type\":\"Person\",\"@id\":\"https:\/\/dev.antudigital.cl\/sites\/vc\/#\/schema\/person\/81d1dcd51abd542b5dfc00f5f951a0f1\",\"name\":\"Valparaiso Creativo\",\"url\":\"https:\/\/dev.antudigital.cl\/sites\/vc\/author\/valparaiso-creativo\/\"}]}<\/script>\n<!-- \/ Yoast SEO plugin. -->","yoast_head_json":{"title":"Empresas e iniciativas del \u00e1rea soluciones tecnol\u00f3gicas est\u00e1n invitados a participar en convocatoria de ProChile - Valpara\u00ed\u00adso Creativo","robots":{"index":"index","follow":"follow","max-snippet":"max-snippet:-1","max-image-preview":"max-image-preview:large","max-video-preview":"max-video-preview:-1"},"canonical":"https:\/\/dev.antudigital.cl\/sites\/vc\/empresas-e-iniciativas-del-area-soluciones-tecnologicas-estan-invitados-a-participar-en-convocatoria-de-prochile\/","og_locale":"es_ES","og_type":"article","og_title":"Empresas e iniciativas del \u00e1rea soluciones tecnol\u00f3gicas est\u00e1n invitados a participar en convocatoria de ProChile - Valpara\u00ed\u00adso Creativo","og_description":"Hasta el 28 de enero estar\u00e1 abierta la convocatoria de Pro Chile, enfocada a empresas que ofrezcan productos o servicios, altamente innovadores y exportables en el \u00e1rea soluciones tecnolog\u00edas, para participar en el Festival de Innovaci\u00f3n South by Southwest.\u00a0 ProChile invita a empresas chilenas con un producto o servicio exportable innovador y altamente escalable, a [&hellip;]","og_url":"https:\/\/dev.antudigital.cl\/sites\/vc\/empresas-e-iniciativas-del-area-soluciones-tecnologicas-estan-invitados-a-participar-en-convocatoria-de-prochile\/","og_site_name":"Valpara\u00ed\u00adso Creativo","article_published_time":"2019-01-18T14:08:01+00:00","og_image":[{"width":1200,"height":800,"url":"https:\/\/dev.antudigital.cl\/sites\/vc\/wp-content\/uploads\/2019\/01\/DSF2810.jpg","type":"image\/jpeg"}],"author":"Valparaiso Creativo","twitter_card":"summary_large_image","twitter_misc":{"Escrito por":"Valparaiso Creativo","Tiempo de lectura":"2 minutos"},"schema":{"@context":"https:\/\/schema.org","@graph":[{"@type":"Article","@id":"https:\/\/dev.antudigital.cl\/sites\/vc\/empresas-e-iniciativas-del-area-soluciones-tecnologicas-estan-invitados-a-participar-en-convocatoria-de-prochile\/#article","isPartOf":{"@id":"https:\/\/dev.antudigital.cl\/sites\/vc\/empresas-e-iniciativas-del-area-soluciones-tecnologicas-estan-invitados-a-participar-en-convocatoria-de-prochile\/"},"author":{"name":"Valparaiso Creativo","@id":"https:\/\/dev.antudigital.cl\/sites\/vc\/#\/schema\/person\/81d1dcd51abd542b5dfc00f5f951a0f1"},"headline":"Empresas e iniciativas del \u00e1rea soluciones tecnol\u00f3gicas est\u00e1n invitados a participar en convocatoria de ProChile","datePublished":"2019-01-18T14:08:01+00:00","mainEntityOfPage":{"@id":"https:\/\/dev.antudigital.cl\/sites\/vc\/empresas-e-iniciativas-del-area-soluciones-tecnologicas-estan-invitados-a-participar-en-convocatoria-de-prochile\/"},"wordCount":419,"image":{"@id":"https:\/\/dev.antudigital.cl\/sites\/vc\/empresas-e-iniciativas-del-area-soluciones-tecnologicas-estan-invitados-a-participar-en-convocatoria-de-prochile\/#primaryimage"},"thumbnailUrl":"https:\/\/dev.antudigital.cl\/sites\/vc\/wp-content\/uploads\/2019\/01\/DSF2810.jpg","articleSection":["Noticia"],"inLanguage":"es"},{"@type":"WebPage","@id":"https:\/\/dev.antudigital.cl\/sites\/vc\/empresas-e-iniciativas-del-area-soluciones-tecnologicas-estan-invitados-a-participar-en-convocatoria-de-prochile\/","url":"https:\/\/dev.antudigital.cl\/sites\/vc\/empresas-e-iniciativas-del-area-soluciones-tecnologicas-estan-invitados-a-participar-en-convocatoria-de-prochile\/","name":"Empresas e iniciativas del \u00e1rea soluciones tecnol\u00f3gicas est\u00e1n invitados a participar en convocatoria de ProChile - Valpara\u00ed\u00adso Creativo","isPartOf":{"@id":"https:\/\/dev.antudigital.cl\/sites\/vc\/#website"},"primaryImageOfPage":{"@id":"https:\/\/dev.antudigital.cl\/sites\/vc\/empresas-e-iniciativas-del-area-soluciones-tecnologicas-estan-invitados-a-participar-en-convocatoria-de-prochile\/#primaryimage"},"image":{"@id":"https:\/\/dev.antudigital.cl\/sites\/vc\/empresas-e-iniciativas-del-area-soluciones-tecnologicas-estan-invitados-a-participar-en-convocatoria-de-prochile\/#primaryimage"},"thumbnailUrl":"https:\/\/dev.antudigital.cl\/sites\/vc\/wp-content\/uploads\/2019\/01\/DSF2810.jpg","datePublished":"2019-01-18T14:08:01+00:00","author":{"@id":"https:\/\/dev.antudigital.cl\/sites\/vc\/#\/schema\/person\/81d1dcd51abd542b5dfc00f5f951a0f1"},"breadcrumb":{"@id":"https:\/\/dev.antudigital.cl\/sites\/vc\/empresas-e-iniciativas-del-area-soluciones-tecnologicas-estan-invitados-a-participar-en-convocatoria-de-prochile\/#breadcrumb"},"inLanguage":"es","potentialAction":[{"@type":"ReadAction","target":["https:\/\/dev.antudigital.cl\/sites\/vc\/empresas-e-iniciativas-del-area-soluciones-tecnologicas-estan-invitados-a-participar-en-convocatoria-de-prochile\/"]}]},{"@type":"ImageObject","inLanguage":"es","@id":"https:\/\/dev.antudigital.cl\/sites\/vc\/empresas-e-iniciativas-del-area-soluciones-tecnologicas-estan-invitados-a-participar-en-convocatoria-de-prochile\/#primaryimage","url":"https:\/\/dev.antudigital.cl\/sites\/vc\/wp-content\/uploads\/2019\/01\/DSF2810.jpg","contentUrl":"https:\/\/dev.antudigital.cl\/sites\/vc\/wp-content\/uploads\/2019\/01\/DSF2810.jpg","width":1200,"height":800},{"@type":"BreadcrumbList","@id":"https:\/\/dev.antudigital.cl\/sites\/vc\/empresas-e-iniciativas-del-area-soluciones-tecnologicas-estan-invitados-a-participar-en-convocatoria-de-prochile\/#breadcrumb","itemListElement":[{"@type":"ListItem","position":1,"name":"Home","item":"https:\/\/dev.antudigital.cl\/sites\/vc\/"},{"@type":"ListItem","position":2,"name":"Empresas e iniciativas del \u00e1rea soluciones tecnol\u00f3gicas est\u00e1n invitados a participar en convocatoria de ProChile"}]},{"@type":"WebSite","@id":"https:\/\/dev.antudigital.cl\/sites\/vc\/#website","url":"https:\/\/dev.antudigital.cl\/sites\/vc\/","name":"Valpara\u00ed\u00adso Creativo","description":"","potentialAction":[{"@type":"SearchAction","target":{"@type":"EntryPoint","urlTemplate":"https:\/\/dev.antudigital.cl\/sites\/vc\/?s={search_term_string}"},"query-input":{"@type":"PropertyValueSpecification","valueRequired":true,"valueName":"search_term_string"}}],"inLanguage":"es"},{"@type":"Person","@id":"https:\/\/dev.antudigital.cl\/sites\/vc\/#\/schema\/person\/81d1dcd51abd542b5dfc00f5f951a0f1","name":"Valparaiso Creativo","url":"https:\/\/dev.antudigital.cl\/sites\/vc\/author\/valparaiso-creativo\/"}]}},"_links":{"self":[{"href":"https:\/\/dev.antudigital.cl\/sites\/vc\/wp-json\/wp\/v2\/posts\/9126","targetHints":{"allow":["GET"]}}],"collection":[{"href":"https:\/\/dev.antudigital.cl\/sites\/vc\/wp-json\/wp\/v2\/posts"}],"about":[{"href":"https:\/\/dev.antudigital.cl\/sites\/vc\/wp-json\/wp\/v2\/types\/post"}],"author":[{"embeddable":true,"href":"https:\/\/dev.antudigital.cl\/sites\/vc\/wp-json\/wp\/v2\/users\/3"}],"replies":[{"embeddable":true,"href":"https:\/\/dev.antudigital.cl\/sites\/vc\/wp-json\/wp\/v2\/comments?post=9126"}],"version-history":[{"count":0,"href":"https:\/\/dev.antudigital.cl\/sites\/vc\/wp-json\/wp\/v2\/posts\/9126\/revisions"}],"wp:featuredmedia":[{"embeddable":true,"href":"https:\/\/dev.antudigital.cl\/sites\/vc\/wp-json\/wp\/v2\/media\/9127"}],"wp:attachment":[{"href":"https:\/\/dev.antudigital.cl\/sites\/vc\/wp-json\/wp\/v2\/media?parent=9126"}],"wp:term":[{"taxonomy":"category","embeddable":true,"href":"https:\/\/dev.antudigital.cl\/sites\/vc\/wp-json\/wp\/v2\/categories?post=9126"},{"taxonomy":"post_tag","embeddable":true,"href":"https:\/\/dev.antudigital.cl\/sites\/vc\/wp-json\/wp\/v2\/tags?post=9126"}],"curies":[{"name":"wp","href":"https:\/\/api.w.org\/{rel}","templated":true}]}}