{"id":9128,"date":"2019-01-16T13:26:30","date_gmt":"2019-01-16T13:26:30","guid":{"rendered":"http:\/\/www.valparaisocreativo.cl\/?p=3104"},"modified":"2019-01-16T13:26:30","modified_gmt":"2019-01-16T13:26:30","slug":"encuentro-nacional-de-corfo-reune-a-21-programas-en-santa-cruz","status":"publish","type":"post","link":"https:\/\/dev.antudigital.cl\/sites\/vc\/encuentro-nacional-de-corfo-reune-a-21-programas-en-santa-cruz\/","title":{"rendered":"Encuentro nacional de Corfo reune a 21 programas en Santa Cruz"},"content":{"rendered":"<ul>\n<li>El gerente de Valpara\u00edso Creativo particip\u00f3 de esta instancia que celebra la red de colaboraci\u00f3n de actores p\u00fablicos y privados, de las iniciativas que impulsa Corfo.<\/li>\n<\/ul>\n<p>Con el fin de compartir aprendizajes y dise\u00f1ar en conjunto las acciones prioritarias para enfrentar los desaf\u00edos 2019 \u2013 2022, llegaron a Santa Cruz, Regi\u00f3n de O\u2019Higgins, actores p\u00fablicos y privados de las 21 iniciativas que impulsa Corfo y que forman parte de su Red de Colaboraci\u00f3n P\u00fablico Privada.<\/p>\n<p>Estos 21 programas buscan transformar la econom\u00eda y la industria basada en recursos naturales hacia una econom\u00eda especializada y una industria diversa, basada en la innovaci\u00f3n y la tecnolog\u00eda, que asegure m\u00e1s opciones de empleos de calidad y emprendimiento.<\/p>\n<p>As\u00ed lo manifest\u00f3 a trav\u00e9s de un saludo por video el vicepresidente ejecutivo de Corfo, Sebasti\u00e1n Sichel, quien asegur\u00f3 que estos programas \u201cson pieza clave para la estrategia que tenemos como Gobierno y Estado porque se focalizan en aquellos sectores que hemos definido como estrat\u00e9gicos, que permiten avanzar m\u00e1s r\u00e1pido hacia el desarrollo de Chile\u201d.<\/p>\n<p>En una primera etapa, estas iniciativas han logrado construir un capital social inicial en torno a una red de actores que se ha movilizado para el desarrollo de bienes p\u00fablicos, capacidades habilitantes, e iniciativas piloto.<\/p>\n<p><strong>Fuente: El Rancaguino.\u00a0<\/strong><\/p>\n","protected":false},"excerpt":{"rendered":"<p>El gerente de Valpara\u00edso Creativo particip\u00f3 de esta instancia que celebra la red de colaboraci\u00f3n de actores p\u00fablicos y privados, de las iniciativas que impulsa Corfo. Con el fin de compartir aprendizajes y dise\u00f1ar en conjunto las acciones prioritarias para enfrentar los desaf\u00edos 2019 \u2013 2022, llegaron a Santa Cruz, Regi\u00f3n de O\u2019Higgins, actores p\u00fablicos [&hellip;]<\/p>\n","protected":false},"author":3,"featured_media":9129,"comment_status":"closed","ping_status":"closed","sticky":false,"template":"","format":"standard","meta":{"_acf_changed":false,"footnotes":""},"categories":[8],"tags":[],"class_list":["post-9128","post","type-post","status-publish","format-standard","has-post-thumbnail","hentry","category-noticia"],"acf":[],"yoast_head":"<!-- This site is optimized with the Yoast SEO plugin v27.1.1 - https:\/\/yoast.com\/product\/yoast-seo-wordpress\/ -->\n<title>Encuentro nacional de Corfo reune a 21 programas en Santa Cruz - Valpara\u00ed\u00adso Creativo<\/title>\n<meta name=\"robots\" content=\"index, follow, max-snippet:-1, max-image-preview:large, max-video-preview:-1\" \/>\n<link rel=\"canonical\" href=\"https:\/\/dev.antudigital.cl\/sites\/vc\/encuentro-nacional-de-corfo-reune-a-21-programas-en-santa-cruz\/\" \/>\n<meta property=\"og:locale\" content=\"es_ES\" \/>\n<meta property=\"og:type\" content=\"article\" \/>\n<meta property=\"og:title\" content=\"Encuentro nacional de Corfo reune a 21 programas en Santa Cruz - Valpara\u00ed\u00adso Creativo\" \/>\n<meta property=\"og:description\" content=\"El gerente de Valpara\u00edso Creativo particip\u00f3 de esta instancia que celebra la red de colaboraci\u00f3n de actores p\u00fablicos y privados, de las iniciativas que impulsa Corfo. Con el fin de compartir aprendizajes y dise\u00f1ar en conjunto las acciones prioritarias para enfrentar los desaf\u00edos 2019 \u2013 2022, llegaron a Santa Cruz, Regi\u00f3n de O\u2019Higgins, actores p\u00fablicos [&hellip;]\" \/>\n<meta property=\"og:url\" content=\"https:\/\/dev.antudigital.cl\/sites\/vc\/encuentro-nacional-de-corfo-reune-a-21-programas-en-santa-cruz\/\" \/>\n<meta property=\"og:site_name\" content=\"Valpara\u00ed\u00adso Creativo\" \/>\n<meta property=\"article:published_time\" content=\"2019-01-16T13:26:30+00:00\" \/>\n<meta property=\"og:image\" content=\"https:\/\/dev.antudigital.cl\/sites\/vc\/wp-content\/uploads\/2019\/01\/corfoStaCruz.jpeg\" \/>\n\t<meta property=\"og:image:width\" content=\"620\" \/>\n\t<meta property=\"og:image:height\" content=\"330\" \/>\n\t<meta property=\"og:image:type\" content=\"image\/jpeg\" \/>\n<meta name=\"author\" content=\"Valparaiso Creativo\" \/>\n<meta name=\"twitter:card\" content=\"summary_large_image\" \/>\n<meta name=\"twitter:label1\" content=\"Escrito por\" \/>\n\t<meta name=\"twitter:data1\" content=\"Valparaiso Creativo\" \/>\n\t<meta name=\"twitter:label2\" content=\"Tiempo de lectura\" \/>\n\t<meta name=\"twitter:data2\" content=\"1 minuto\" \/>\n<script type=\"application\/ld+json\" class=\"yoast-schema-graph\">{\"@context\":\"https:\/\/schema.org\",\"@graph\":[{\"@type\":\"Article\",\"@id\":\"https:\/\/dev.antudigital.cl\/sites\/vc\/encuentro-nacional-de-corfo-reune-a-21-programas-en-santa-cruz\/#article\",\"isPartOf\":{\"@id\":\"https:\/\/dev.antudigital.cl\/sites\/vc\/encuentro-nacional-de-corfo-reune-a-21-programas-en-santa-cruz\/\"},\"author\":{\"name\":\"Valparaiso Creativo\",\"@id\":\"https:\/\/dev.antudigital.cl\/sites\/vc\/#\/schema\/person\/81d1dcd51abd542b5dfc00f5f951a0f1\"},\"headline\":\"Encuentro nacional de Corfo reune a 21 programas en Santa Cruz\",\"datePublished\":\"2019-01-16T13:26:30+00:00\",\"mainEntityOfPage\":{\"@id\":\"https:\/\/dev.antudigital.cl\/sites\/vc\/encuentro-nacional-de-corfo-reune-a-21-programas-en-santa-cruz\/\"},\"wordCount\":233,\"image\":{\"@id\":\"https:\/\/dev.antudigital.cl\/sites\/vc\/encuentro-nacional-de-corfo-reune-a-21-programas-en-santa-cruz\/#primaryimage\"},\"thumbnailUrl\":\"https:\/\/dev.antudigital.cl\/sites\/vc\/wp-content\/uploads\/2019\/01\/corfoStaCruz.jpeg\",\"articleSection\":[\"Noticia\"],\"inLanguage\":\"es\"},{\"@type\":\"WebPage\",\"@id\":\"https:\/\/dev.antudigital.cl\/sites\/vc\/encuentro-nacional-de-corfo-reune-a-21-programas-en-santa-cruz\/\",\"url\":\"https:\/\/dev.antudigital.cl\/sites\/vc\/encuentro-nacional-de-corfo-reune-a-21-programas-en-santa-cruz\/\",\"name\":\"Encuentro nacional de Corfo reune a 21 programas en Santa Cruz - Valpara\u00ed\u00adso Creativo\",\"isPartOf\":{\"@id\":\"https:\/\/dev.antudigital.cl\/sites\/vc\/#website\"},\"primaryImageOfPage\":{\"@id\":\"https:\/\/dev.antudigital.cl\/sites\/vc\/encuentro-nacional-de-corfo-reune-a-21-programas-en-santa-cruz\/#primaryimage\"},\"image\":{\"@id\":\"https:\/\/dev.antudigital.cl\/sites\/vc\/encuentro-nacional-de-corfo-reune-a-21-programas-en-santa-cruz\/#primaryimage\"},\"thumbnailUrl\":\"https:\/\/dev.antudigital.cl\/sites\/vc\/wp-content\/uploads\/2019\/01\/corfoStaCruz.jpeg\",\"datePublished\":\"2019-01-16T13:26:30+00:00\",\"author\":{\"@id\":\"https:\/\/dev.antudigital.cl\/sites\/vc\/#\/schema\/person\/81d1dcd51abd542b5dfc00f5f951a0f1\"},\"breadcrumb\":{\"@id\":\"https:\/\/dev.antudigital.cl\/sites\/vc\/encuentro-nacional-de-corfo-reune-a-21-programas-en-santa-cruz\/#breadcrumb\"},\"inLanguage\":\"es\",\"potentialAction\":[{\"@type\":\"ReadAction\",\"target\":[\"https:\/\/dev.antudigital.cl\/sites\/vc\/encuentro-nacional-de-corfo-reune-a-21-programas-en-santa-cruz\/\"]}]},{\"@type\":\"ImageObject\",\"inLanguage\":\"es\",\"@id\":\"https:\/\/dev.antudigital.cl\/sites\/vc\/encuentro-nacional-de-corfo-reune-a-21-programas-en-santa-cruz\/#primaryimage\",\"url\":\"https:\/\/dev.antudigital.cl\/sites\/vc\/wp-content\/uploads\/2019\/01\/corfoStaCruz.jpeg\",\"contentUrl\":\"https:\/\/dev.antudigital.cl\/sites\/vc\/wp-content\/uploads\/2019\/01\/corfoStaCruz.jpeg\",\"width\":620,\"height\":330},{\"@type\":\"BreadcrumbList\",\"@id\":\"https:\/\/dev.antudigital.cl\/sites\/vc\/encuentro-nacional-de-corfo-reune-a-21-programas-en-santa-cruz\/#breadcrumb\",\"itemListElement\":[{\"@type\":\"ListItem\",\"position\":1,\"name\":\"Home\",\"item\":\"https:\/\/dev.antudigital.cl\/sites\/vc\/\"},{\"@type\":\"ListItem\",\"position\":2,\"name\":\"Encuentro nacional de Corfo reune a 21 programas en Santa Cruz\"}]},{\"@type\":\"WebSite\",\"@id\":\"https:\/\/dev.antudigital.cl\/sites\/vc\/#website\",\"url\":\"https:\/\/dev.antudigital.cl\/sites\/vc\/\",\"name\":\"Valpara\u00ed\u00adso Creativo\",\"description\":\"\",\"potentialAction\":[{\"@type\":\"SearchAction\",\"target\":{\"@type\":\"EntryPoint\",\"urlTemplate\":\"https:\/\/dev.antudigital.cl\/sites\/vc\/?s={search_term_string}\"},\"query-input\":{\"@type\":\"PropertyValueSpecification\",\"valueRequired\":true,\"valueName\":\"search_term_string\"}}],\"inLanguage\":\"es\"},{\"@type\":\"Person\",\"@id\":\"https:\/\/dev.antudigital.cl\/sites\/vc\/#\/schema\/person\/81d1dcd51abd542b5dfc00f5f951a0f1\",\"name\":\"Valparaiso Creativo\",\"url\":\"https:\/\/dev.antudigital.cl\/sites\/vc\/author\/valparaiso-creativo\/\"}]}<\/script>\n<!-- \/ Yoast SEO plugin. -->","yoast_head_json":{"title":"Encuentro nacional de Corfo reune a 21 programas en Santa Cruz - Valpara\u00ed\u00adso Creativo","robots":{"index":"index","follow":"follow","max-snippet":"max-snippet:-1","max-image-preview":"max-image-preview:large","max-video-preview":"max-video-preview:-1"},"canonical":"https:\/\/dev.antudigital.cl\/sites\/vc\/encuentro-nacional-de-corfo-reune-a-21-programas-en-santa-cruz\/","og_locale":"es_ES","og_type":"article","og_title":"Encuentro nacional de Corfo reune a 21 programas en Santa Cruz - Valpara\u00ed\u00adso Creativo","og_description":"El gerente de Valpara\u00edso Creativo particip\u00f3 de esta instancia que celebra la red de colaboraci\u00f3n de actores p\u00fablicos y privados, de las iniciativas que impulsa Corfo. Con el fin de compartir aprendizajes y dise\u00f1ar en conjunto las acciones prioritarias para enfrentar los desaf\u00edos 2019 \u2013 2022, llegaron a Santa Cruz, Regi\u00f3n de O\u2019Higgins, actores p\u00fablicos [&hellip;]","og_url":"https:\/\/dev.antudigital.cl\/sites\/vc\/encuentro-nacional-de-corfo-reune-a-21-programas-en-santa-cruz\/","og_site_name":"Valpara\u00ed\u00adso Creativo","article_published_time":"2019-01-16T13:26:30+00:00","og_image":[{"width":620,"height":330,"url":"https:\/\/dev.antudigital.cl\/sites\/vc\/wp-content\/uploads\/2019\/01\/corfoStaCruz.jpeg","type":"image\/jpeg"}],"author":"Valparaiso Creativo","twitter_card":"summary_large_image","twitter_misc":{"Escrito por":"Valparaiso Creativo","Tiempo de lectura":"1 minuto"},"schema":{"@context":"https:\/\/schema.org","@graph":[{"@type":"Article","@id":"https:\/\/dev.antudigital.cl\/sites\/vc\/encuentro-nacional-de-corfo-reune-a-21-programas-en-santa-cruz\/#article","isPartOf":{"@id":"https:\/\/dev.antudigital.cl\/sites\/vc\/encuentro-nacional-de-corfo-reune-a-21-programas-en-santa-cruz\/"},"author":{"name":"Valparaiso Creativo","@id":"https:\/\/dev.antudigital.cl\/sites\/vc\/#\/schema\/person\/81d1dcd51abd542b5dfc00f5f951a0f1"},"headline":"Encuentro nacional de Corfo reune a 21 programas en Santa Cruz","datePublished":"2019-01-16T13:26:30+00:00","mainEntityOfPage":{"@id":"https:\/\/dev.antudigital.cl\/sites\/vc\/encuentro-nacional-de-corfo-reune-a-21-programas-en-santa-cruz\/"},"wordCount":233,"image":{"@id":"https:\/\/dev.antudigital.cl\/sites\/vc\/encuentro-nacional-de-corfo-reune-a-21-programas-en-santa-cruz\/#primaryimage"},"thumbnailUrl":"https:\/\/dev.antudigital.cl\/sites\/vc\/wp-content\/uploads\/2019\/01\/corfoStaCruz.jpeg","articleSection":["Noticia"],"inLanguage":"es"},{"@type":"WebPage","@id":"https:\/\/dev.antudigital.cl\/sites\/vc\/encuentro-nacional-de-corfo-reune-a-21-programas-en-santa-cruz\/","url":"https:\/\/dev.antudigital.cl\/sites\/vc\/encuentro-nacional-de-corfo-reune-a-21-programas-en-santa-cruz\/","name":"Encuentro nacional de Corfo reune a 21 programas en Santa Cruz - Valpara\u00ed\u00adso Creativo","isPartOf":{"@id":"https:\/\/dev.antudigital.cl\/sites\/vc\/#website"},"primaryImageOfPage":{"@id":"https:\/\/dev.antudigital.cl\/sites\/vc\/encuentro-nacional-de-corfo-reune-a-21-programas-en-santa-cruz\/#primaryimage"},"image":{"@id":"https:\/\/dev.antudigital.cl\/sites\/vc\/encuentro-nacional-de-corfo-reune-a-21-programas-en-santa-cruz\/#primaryimage"},"thumbnailUrl":"https:\/\/dev.antudigital.cl\/sites\/vc\/wp-content\/uploads\/2019\/01\/corfoStaCruz.jpeg","datePublished":"2019-01-16T13:26:30+00:00","author":{"@id":"https:\/\/dev.antudigital.cl\/sites\/vc\/#\/schema\/person\/81d1dcd51abd542b5dfc00f5f951a0f1"},"breadcrumb":{"@id":"https:\/\/dev.antudigital.cl\/sites\/vc\/encuentro-nacional-de-corfo-reune-a-21-programas-en-santa-cruz\/#breadcrumb"},"inLanguage":"es","potentialAction":[{"@type":"ReadAction","target":["https:\/\/dev.antudigital.cl\/sites\/vc\/encuentro-nacional-de-corfo-reune-a-21-programas-en-santa-cruz\/"]}]},{"@type":"ImageObject","inLanguage":"es","@id":"https:\/\/dev.antudigital.cl\/sites\/vc\/encuentro-nacional-de-corfo-reune-a-21-programas-en-santa-cruz\/#primaryimage","url":"https:\/\/dev.antudigital.cl\/sites\/vc\/wp-content\/uploads\/2019\/01\/corfoStaCruz.jpeg","contentUrl":"https:\/\/dev.antudigital.cl\/sites\/vc\/wp-content\/uploads\/2019\/01\/corfoStaCruz.jpeg","width":620,"height":330},{"@type":"BreadcrumbList","@id":"https:\/\/dev.antudigital.cl\/sites\/vc\/encuentro-nacional-de-corfo-reune-a-21-programas-en-santa-cruz\/#breadcrumb","itemListElement":[{"@type":"ListItem","position":1,"name":"Home","item":"https:\/\/dev.antudigital.cl\/sites\/vc\/"},{"@type":"ListItem","position":2,"name":"Encuentro nacional de Corfo reune a 21 programas en Santa Cruz"}]},{"@type":"WebSite","@id":"https:\/\/dev.antudigital.cl\/sites\/vc\/#website","url":"https:\/\/dev.antudigital.cl\/sites\/vc\/","name":"Valpara\u00ed\u00adso Creativo","description":"","potentialAction":[{"@type":"SearchAction","target":{"@type":"EntryPoint","urlTemplate":"https:\/\/dev.antudigital.cl\/sites\/vc\/?s={search_term_string}"},"query-input":{"@type":"PropertyValueSpecification","valueRequired":true,"valueName":"search_term_string"}}],"inLanguage":"es"},{"@type":"Person","@id":"https:\/\/dev.antudigital.cl\/sites\/vc\/#\/schema\/person\/81d1dcd51abd542b5dfc00f5f951a0f1","name":"Valparaiso Creativo","url":"https:\/\/dev.antudigital.cl\/sites\/vc\/author\/valparaiso-creativo\/"}]}},"_links":{"self":[{"href":"https:\/\/dev.antudigital.cl\/sites\/vc\/wp-json\/wp\/v2\/posts\/9128","targetHints":{"allow":["GET"]}}],"collection":[{"href":"https:\/\/dev.antudigital.cl\/sites\/vc\/wp-json\/wp\/v2\/posts"}],"about":[{"href":"https:\/\/dev.antudigital.cl\/sites\/vc\/wp-json\/wp\/v2\/types\/post"}],"author":[{"embeddable":true,"href":"https:\/\/dev.antudigital.cl\/sites\/vc\/wp-json\/wp\/v2\/users\/3"}],"replies":[{"embeddable":true,"href":"https:\/\/dev.antudigital.cl\/sites\/vc\/wp-json\/wp\/v2\/comments?post=9128"}],"version-history":[{"count":0,"href":"https:\/\/dev.antudigital.cl\/sites\/vc\/wp-json\/wp\/v2\/posts\/9128\/revisions"}],"wp:featuredmedia":[{"embeddable":true,"href":"https:\/\/dev.antudigital.cl\/sites\/vc\/wp-json\/wp\/v2\/media\/9129"}],"wp:attachment":[{"href":"https:\/\/dev.antudigital.cl\/sites\/vc\/wp-json\/wp\/v2\/media?parent=9128"}],"wp:term":[{"taxonomy":"category","embeddable":true,"href":"https:\/\/dev.antudigital.cl\/sites\/vc\/wp-json\/wp\/v2\/categories?post=9128"},{"taxonomy":"post_tag","embeddable":true,"href":"https:\/\/dev.antudigital.cl\/sites\/vc\/wp-json\/wp\/v2\/tags?post=9128"}],"curies":[{"name":"wp","href":"https:\/\/api.w.org\/{rel}","templated":true}]}}