{"id":9230,"date":"2018-11-28T15:21:38","date_gmt":"2018-11-28T15:21:38","guid":{"rendered":"http:\/\/www.valparaisocreativo.cl\/?p=2509"},"modified":"2021-12-26T23:18:49","modified_gmt":"2021-12-26T23:18:49","slug":"presentan-proyecto-para-conseguir-reconocimiento-de-valparaiso-como-ciudad-musical-de-unesco","status":"publish","type":"post","link":"https:\/\/dev.antudigital.cl\/sites\/vc\/presentan-proyecto-para-conseguir-reconocimiento-de-valparaiso-como-ciudad-musical-de-unesco\/","title":{"rendered":"Presentan proyecto para conseguir reconocimiento de Valpara\u00edso como ciudad musical de Unesco"},"content":{"rendered":"<ul>\n<li>En una actividad articulada junto al sector p\u00fablico y privado, se present\u00f3 en el Centro de Extensi\u00f3n del Ministerio de las Culturas, las Artes y el Patrimonio, el proyecto <strong>\u201cValpara\u00edso, Puerto de M\u00fasicas\u201d<\/strong> cuyo uno de sus prop\u00f3sitos es postular a la ciudad a la red de ciudades creativas de Unesco.<\/li>\n<\/ul>\n<p>&nbsp;<\/p>\n<p>Al evento asistieron distintas autoridades y personalidades de instituciones tanto p\u00fablicas como privadas, adem\u00e1s de representantes del sector musical de la ciudad de Valpara\u00edso, adem\u00e1s cont\u00f3 con la presentaci\u00f3n musical de Los Cracks del Puerto.&nbsp; En la actividad se dio a conocer el proyecto \u201cValpara\u00edso, Puerto de M\u00fasicas\u201d, cuyo fin es valerse del potencial musical que posee la ciudad para el desarrollo sostenible de \u00e9sta.<\/p>\n<p><a href=\"http:\/\/www.valparaisocreativo.cl\/wp-content\/uploads\/2018\/11\/musica4.jpg\"><img fetchpriority=\"high\" decoding=\"async\" class=\"alignleft size-medium wp-image-2515\" src=\"http:\/\/www.valparaisocreativo.cl\/wp-content\/uploads\/2018\/11\/musica4-300x200.jpg\" alt=\"\" width=\"300\" height=\"200\"><\/a>Tras el anuncio, de hace ya un a\u00f1o, de la voluntad de postular a Valpara\u00edso a la Red de Ciudades Creativas de la Unesco, en su categor\u00eda de Ciudad Musical, es que durante el 2018 se conform\u00f3 una mesa t\u00e9cnica de trabajo en la que participan la Ilustre Municipalidad de Valpara\u00edso, el Ministerio de las Culturas, las Artes y el Patrimonio, <strong>el programa estrat\u00e9gico regional de Corfo, Valpara\u00edso Creativo<\/strong>, y el gremio de la Industria Musical de la regi\u00f3n de Valpara\u00edso, IMUVA. Durante estos meses, se ha llevado a cabo un trabajo de diagn\u00f3stico, participaci\u00f3n y planificaci\u00f3n para presentar la postulaci\u00f3n ante Unesco el primer semestre del 2019.<\/p>\n<p>&nbsp;<\/p>\n<p><a href=\"http:\/\/www.valparaisocreativo.cl\/wp-content\/uploads\/2018\/11\/musica2.jpg\"><img decoding=\"async\" class=\"size-medium wp-image-2511 alignright\" src=\"http:\/\/www.valparaisocreativo.cl\/wp-content\/uploads\/2018\/11\/musica2-300x200.jpg\" alt=\"\" width=\"300\" height=\"200\"><\/a>Con respecto a esta materia, <strong>el alcalde de Valpara\u00edso, Jorge Sharp, <\/strong>&nbsp;quien estuvo presente en la actividad, manifest\u00f3 que \u201cValpara\u00edso es por s\u00ed misma una ciudad musical y que la postulaci\u00f3n ante Unesco nos tiene poniendo todos los esfuerzos en conseguir esta nominaci\u00f3n. Y en esto debemos reconocer el trabajo de una serie de gremios y sindicatos, relacionados a la producci\u00f3n musical, que han estado a la altura del desaf\u00edo. Nosotros como municipio hemos dispuesto todo lo necesario para que Valpara\u00edso nuevamente tenga una categor\u00eda de nivel mundial\u201d<strong>.<\/strong><\/p>\n<p>&nbsp;<\/p>\n<p>Por otra parte, <strong>Constance Harvey, seremi de las Culturas, las Artes y el Patrimonio de Valpara\u00edso,<\/strong> destaca la iniciativa que se est\u00e1 llevando a cabo, \u201cla m\u00fasica ha sido protagonista del desarrollo y la identidad de Valpara\u00edso. Con este proyecto, sumamos fuerzas entre instituciones p\u00fablicas y privadas, la sociedad civil y los artistas, porque estamos convencidos de que las artes y la creatividad deben estar al centro de las estrategias de una ciudad que podemos definir como el epicentro de la m\u00fasica popular chilena\u00bb.<\/p>\n<p>&nbsp;<\/p>\n<p><a href=\"http:\/\/www.valparaisocreativo.cl\/wp-content\/uploads\/2018\/11\/musica8.jpg\"><img decoding=\"async\" class=\"alignright size-medium wp-image-2512\" src=\"http:\/\/www.valparaisocreativo.cl\/wp-content\/uploads\/2018\/11\/musica8-300x200.jpg\" alt=\"\" width=\"300\" height=\"200\"><\/a>De esta forma, tambi\u00e9n se destac\u00f3 que el nombramiento de Unesco, le dar\u00eda un impulso econ\u00f3mico a la ciudad. <strong>Jorge Rosenthal, Gerente del programa estrat\u00e9gico regional de Corfo, Valpara\u00edso Creativo,<\/strong> manifest\u00f3 que impulsar un nuevo modelo de desarrollo para la ciudad, en donde la industria creativa juegue un rol fundamental, es apostar por un dise\u00f1o que pone el foco en los servicios creativos y junto con ello, la articulaci\u00f3n de distintos actores de la ciudad. Existen referentes en otras ciudades y los resultados han sido favorables, esperamos, en ese sentido, un mejor futuro para Valpara\u00edso\u201d.<\/p>\n<p>&nbsp;<\/p>\n<p><a href=\"http:\/\/www.valparaisocreativo.cl\/wp-content\/uploads\/2018\/11\/musica7.jpg\"><img loading=\"lazy\" decoding=\"async\" class=\"size-medium wp-image-2513 alignleft\" src=\"http:\/\/www.valparaisocreativo.cl\/wp-content\/uploads\/2018\/11\/musica7-300x200.jpg\" alt=\"\" width=\"300\" height=\"200\"><\/a>Del mismo modo, lo enfatiza el <strong>presidente del gremio de la industria musical IMUVA, Mat\u00edas Mancisidor<\/strong>, \u00abhasta hoy, jam\u00e1s se hab\u00eda puesto un elemento cultural como un elemento estrat\u00e9gico de una sociedad para desarrollarla y eso es algo muy novedoso y contempor\u00e1neo. La ciudad musical no se trata solamente de buscar las mejores condiciones para los m\u00fasicos y el sector musical, esa es la forma antigua de pensar. La gracia de esto es que tiene una concepci\u00f3n m\u00e1s amplia, de ver c\u00f3mo la m\u00fasica puede dinamizar otros sectores econ\u00f3micos y expresiones art\u00edsticas\u201d.<\/p>\n<p>&nbsp;<\/p>\n<p><strong>Ciudad musical<\/strong><\/p>\n<p><a href=\"http:\/\/www.valparaisocreativo.cl\/wp-content\/uploads\/2018\/11\/musica19.jpg\"><img loading=\"lazy\" decoding=\"async\" class=\"alignright size-medium wp-image-2514\" src=\"http:\/\/www.valparaisocreativo.cl\/wp-content\/uploads\/2018\/11\/musica19-300x200.jpg\" alt=\"\" width=\"300\" height=\"200\"><\/a>Valpara\u00edso tiene ya los atributos para reconocerse como una ciudad musical, ahora el trabajo debe enfocarse en el desarrollo de un modelo como tal, que implica la dinamizaci\u00f3n de los diversos sectores, y que la nominaci\u00f3n a Unesco sea un hito para que se lleve a cabo.<\/p>\n<p><em>&nbsp;<\/em>En la presentaci\u00f3n de \u201cValpara\u00edso, Puerto de M\u00fasicas\u201d, se destac\u00f3 la importancia del rescate hist\u00f3rico en este proyecto, para lo cual ya est\u00e1 desarrollando una l\u00ednea de trabajo que permita recuperar y poner en valor la historia de la m\u00fasica en Valpara\u00edso y su \u00edntima relaci\u00f3n con el desarrollo de la ciudad.<\/p>\n<p>Por otra parte, se dio a conocer el escenario actual de la escena musical en Valpara\u00edso, compartiendo algunas cifras del mapeo de la actividad musical en la ciudad, realizado por Fanear Labs con datos recogidos entre el 2015 y 2017. En \u00e9ste se destaca la fuerte presencia de m\u00fasicos porte\u00f1os activos, sumando un total de 1.753; la existencia de 117 locaciones para m\u00fasica en vivo y un registro de 1.149 eventos. Adem\u00e1s, la presencia de artistas porte\u00f1os en circuitos extranjeros alcanza 161 presentaciones en vivo.<\/p>\n<p>En miras a la postulaci\u00f3n a Unesco, el plan de trabajo es ahora concentrarse en el dise\u00f1o de las iniciativas del proyecto, para lo cual se espera que la construcci\u00f3n de \u00e9stas se haga en conjunto con los diversos actores y representantes de organizaciones, instituciones, asociaciones, gremios de los distintos sectores que componen la ciudad.<\/p>\n<p>&nbsp;<\/p>\n","protected":false},"excerpt":{"rendered":"<p>En una actividad articulada junto al sector p\u00fablico y privado, se present\u00f3 en el Centro de Extensi\u00f3n del Ministerio de las Culturas, las Artes y el Patrimonio, el proyecto \u201cValpara\u00edso, Puerto de M\u00fasicas\u201d cuyo uno de sus prop\u00f3sitos es postular a la ciudad a la red de ciudades creativas de Unesco. &nbsp; Al evento asistieron [&hellip;]<\/p>\n","protected":false},"author":8,"featured_media":0,"comment_status":"open","ping_status":"closed","sticky":false,"template":"","format":"standard","meta":{"_acf_changed":false,"footnotes":""},"categories":[8],"tags":[],"class_list":["post-9230","post","type-post","status-publish","format-standard","hentry","category-noticia"],"acf":[],"yoast_head":"<!-- This site is optimized with the Yoast SEO plugin v27.1.1 - https:\/\/yoast.com\/product\/yoast-seo-wordpress\/ -->\n<title>Presentan proyecto para conseguir reconocimiento de Valpara\u00edso como ciudad musical de Unesco - Valpara\u00ed\u00adso Creativo<\/title>\n<meta name=\"robots\" content=\"index, follow, max-snippet:-1, max-image-preview:large, max-video-preview:-1\" \/>\n<link rel=\"canonical\" href=\"https:\/\/dev.antudigital.cl\/sites\/vc\/presentan-proyecto-para-conseguir-reconocimiento-de-valparaiso-como-ciudad-musical-de-unesco\/\" \/>\n<meta property=\"og:locale\" content=\"es_ES\" \/>\n<meta property=\"og:type\" content=\"article\" \/>\n<meta property=\"og:title\" content=\"Presentan proyecto para conseguir reconocimiento de Valpara\u00edso como ciudad musical de Unesco - Valpara\u00ed\u00adso Creativo\" \/>\n<meta property=\"og:description\" content=\"En una actividad articulada junto al sector p\u00fablico y privado, se present\u00f3 en el Centro de Extensi\u00f3n del Ministerio de las Culturas, las Artes y el Patrimonio, el proyecto \u201cValpara\u00edso, Puerto de M\u00fasicas\u201d cuyo uno de sus prop\u00f3sitos es postular a la ciudad a la red de ciudades creativas de Unesco. &nbsp; Al evento asistieron [&hellip;]\" \/>\n<meta property=\"og:url\" content=\"https:\/\/dev.antudigital.cl\/sites\/vc\/presentan-proyecto-para-conseguir-reconocimiento-de-valparaiso-como-ciudad-musical-de-unesco\/\" \/>\n<meta property=\"og:site_name\" content=\"Valpara\u00ed\u00adso Creativo\" \/>\n<meta property=\"article:published_time\" content=\"2018-11-28T15:21:38+00:00\" \/>\n<meta property=\"article:modified_time\" content=\"2021-12-26T23:18:49+00:00\" \/>\n<meta property=\"og:image\" content=\"http:\/\/www.valparaisocreativo.cl\/wp-content\/uploads\/2018\/11\/musica4-300x200.jpg\" \/>\n<meta name=\"twitter:card\" content=\"summary_large_image\" \/>\n<meta name=\"twitter:label1\" content=\"Escrito por\" \/>\n\t<meta name=\"twitter:data1\" content=\"\" \/>\n\t<meta name=\"twitter:label2\" content=\"Tiempo de lectura\" \/>\n\t<meta name=\"twitter:data2\" content=\"5 minutos\" \/>\n<script type=\"application\/ld+json\" class=\"yoast-schema-graph\">{\"@context\":\"https:\/\/schema.org\",\"@graph\":[{\"@type\":\"Article\",\"@id\":\"https:\/\/dev.antudigital.cl\/sites\/vc\/presentan-proyecto-para-conseguir-reconocimiento-de-valparaiso-como-ciudad-musical-de-unesco\/#article\",\"isPartOf\":{\"@id\":\"https:\/\/dev.antudigital.cl\/sites\/vc\/presentan-proyecto-para-conseguir-reconocimiento-de-valparaiso-como-ciudad-musical-de-unesco\/\"},\"author\":{\"name\":\"\",\"@id\":\"\"},\"headline\":\"Presentan proyecto para conseguir reconocimiento de Valpara\u00edso como ciudad musical de Unesco\",\"datePublished\":\"2018-11-28T15:21:38+00:00\",\"dateModified\":\"2021-12-26T23:18:49+00:00\",\"mainEntityOfPage\":{\"@id\":\"https:\/\/dev.antudigital.cl\/sites\/vc\/presentan-proyecto-para-conseguir-reconocimiento-de-valparaiso-como-ciudad-musical-de-unesco\/\"},\"wordCount\":917,\"commentCount\":0,\"image\":{\"@id\":\"https:\/\/dev.antudigital.cl\/sites\/vc\/presentan-proyecto-para-conseguir-reconocimiento-de-valparaiso-como-ciudad-musical-de-unesco\/#primaryimage\"},\"thumbnailUrl\":\"http:\/\/www.valparaisocreativo.cl\/wp-content\/uploads\/2018\/11\/musica4-300x200.jpg\",\"articleSection\":[\"Noticia\"],\"inLanguage\":\"es\",\"potentialAction\":[{\"@type\":\"CommentAction\",\"name\":\"Comment\",\"target\":[\"https:\/\/dev.antudigital.cl\/sites\/vc\/presentan-proyecto-para-conseguir-reconocimiento-de-valparaiso-como-ciudad-musical-de-unesco\/#respond\"]}]},{\"@type\":\"WebPage\",\"@id\":\"https:\/\/dev.antudigital.cl\/sites\/vc\/presentan-proyecto-para-conseguir-reconocimiento-de-valparaiso-como-ciudad-musical-de-unesco\/\",\"url\":\"https:\/\/dev.antudigital.cl\/sites\/vc\/presentan-proyecto-para-conseguir-reconocimiento-de-valparaiso-como-ciudad-musical-de-unesco\/\",\"name\":\"Presentan proyecto para conseguir reconocimiento de Valpara\u00edso como ciudad musical de Unesco - Valpara\u00ed\u00adso Creativo\",\"isPartOf\":{\"@id\":\"https:\/\/dev.antudigital.cl\/sites\/vc\/#website\"},\"primaryImageOfPage\":{\"@id\":\"https:\/\/dev.antudigital.cl\/sites\/vc\/presentan-proyecto-para-conseguir-reconocimiento-de-valparaiso-como-ciudad-musical-de-unesco\/#primaryimage\"},\"image\":{\"@id\":\"https:\/\/dev.antudigital.cl\/sites\/vc\/presentan-proyecto-para-conseguir-reconocimiento-de-valparaiso-como-ciudad-musical-de-unesco\/#primaryimage\"},\"thumbnailUrl\":\"http:\/\/www.valparaisocreativo.cl\/wp-content\/uploads\/2018\/11\/musica4-300x200.jpg\",\"datePublished\":\"2018-11-28T15:21:38+00:00\",\"dateModified\":\"2021-12-26T23:18:49+00:00\",\"author\":{\"@id\":\"\"},\"breadcrumb\":{\"@id\":\"https:\/\/dev.antudigital.cl\/sites\/vc\/presentan-proyecto-para-conseguir-reconocimiento-de-valparaiso-como-ciudad-musical-de-unesco\/#breadcrumb\"},\"inLanguage\":\"es\",\"potentialAction\":[{\"@type\":\"ReadAction\",\"target\":[\"https:\/\/dev.antudigital.cl\/sites\/vc\/presentan-proyecto-para-conseguir-reconocimiento-de-valparaiso-como-ciudad-musical-de-unesco\/\"]}]},{\"@type\":\"ImageObject\",\"inLanguage\":\"es\",\"@id\":\"https:\/\/dev.antudigital.cl\/sites\/vc\/presentan-proyecto-para-conseguir-reconocimiento-de-valparaiso-como-ciudad-musical-de-unesco\/#primaryimage\",\"url\":\"http:\/\/www.valparaisocreativo.cl\/wp-content\/uploads\/2018\/11\/musica4-300x200.jpg\",\"contentUrl\":\"http:\/\/www.valparaisocreativo.cl\/wp-content\/uploads\/2018\/11\/musica4-300x200.jpg\"},{\"@type\":\"BreadcrumbList\",\"@id\":\"https:\/\/dev.antudigital.cl\/sites\/vc\/presentan-proyecto-para-conseguir-reconocimiento-de-valparaiso-como-ciudad-musical-de-unesco\/#breadcrumb\",\"itemListElement\":[{\"@type\":\"ListItem\",\"position\":1,\"name\":\"Home\",\"item\":\"https:\/\/dev.antudigital.cl\/sites\/vc\/\"},{\"@type\":\"ListItem\",\"position\":2,\"name\":\"Presentan proyecto para conseguir reconocimiento de Valpara\u00edso como ciudad musical de Unesco\"}]},{\"@type\":\"WebSite\",\"@id\":\"https:\/\/dev.antudigital.cl\/sites\/vc\/#website\",\"url\":\"https:\/\/dev.antudigital.cl\/sites\/vc\/\",\"name\":\"Valpara\u00ed\u00adso Creativo\",\"description\":\"\",\"potentialAction\":[{\"@type\":\"SearchAction\",\"target\":{\"@type\":\"EntryPoint\",\"urlTemplate\":\"https:\/\/dev.antudigital.cl\/sites\/vc\/?s={search_term_string}\"},\"query-input\":{\"@type\":\"PropertyValueSpecification\",\"valueRequired\":true,\"valueName\":\"search_term_string\"}}],\"inLanguage\":\"es\"},{\"@type\":\"Person\",\"@id\":\"\",\"url\":\"https:\/\/dev.antudigital.cl\/sites\/vc\/author\/\"}]}<\/script>\n<!-- \/ Yoast SEO plugin. -->","yoast_head_json":{"title":"Presentan proyecto para conseguir reconocimiento de Valpara\u00edso como ciudad musical de Unesco - Valpara\u00ed\u00adso Creativo","robots":{"index":"index","follow":"follow","max-snippet":"max-snippet:-1","max-image-preview":"max-image-preview:large","max-video-preview":"max-video-preview:-1"},"canonical":"https:\/\/dev.antudigital.cl\/sites\/vc\/presentan-proyecto-para-conseguir-reconocimiento-de-valparaiso-como-ciudad-musical-de-unesco\/","og_locale":"es_ES","og_type":"article","og_title":"Presentan proyecto para conseguir reconocimiento de Valpara\u00edso como ciudad musical de Unesco - Valpara\u00ed\u00adso Creativo","og_description":"En una actividad articulada junto al sector p\u00fablico y privado, se present\u00f3 en el Centro de Extensi\u00f3n del Ministerio de las Culturas, las Artes y el Patrimonio, el proyecto \u201cValpara\u00edso, Puerto de M\u00fasicas\u201d cuyo uno de sus prop\u00f3sitos es postular a la ciudad a la red de ciudades creativas de Unesco. &nbsp; Al evento asistieron [&hellip;]","og_url":"https:\/\/dev.antudigital.cl\/sites\/vc\/presentan-proyecto-para-conseguir-reconocimiento-de-valparaiso-como-ciudad-musical-de-unesco\/","og_site_name":"Valpara\u00ed\u00adso Creativo","article_published_time":"2018-11-28T15:21:38+00:00","article_modified_time":"2021-12-26T23:18:49+00:00","og_image":[{"url":"http:\/\/www.valparaisocreativo.cl\/wp-content\/uploads\/2018\/11\/musica4-300x200.jpg","type":"","width":"","height":""}],"twitter_card":"summary_large_image","twitter_misc":{"Escrito por":"","Tiempo de lectura":"5 minutos"},"schema":{"@context":"https:\/\/schema.org","@graph":[{"@type":"Article","@id":"https:\/\/dev.antudigital.cl\/sites\/vc\/presentan-proyecto-para-conseguir-reconocimiento-de-valparaiso-como-ciudad-musical-de-unesco\/#article","isPartOf":{"@id":"https:\/\/dev.antudigital.cl\/sites\/vc\/presentan-proyecto-para-conseguir-reconocimiento-de-valparaiso-como-ciudad-musical-de-unesco\/"},"author":{"name":"","@id":""},"headline":"Presentan proyecto para conseguir reconocimiento de Valpara\u00edso como ciudad musical de Unesco","datePublished":"2018-11-28T15:21:38+00:00","dateModified":"2021-12-26T23:18:49+00:00","mainEntityOfPage":{"@id":"https:\/\/dev.antudigital.cl\/sites\/vc\/presentan-proyecto-para-conseguir-reconocimiento-de-valparaiso-como-ciudad-musical-de-unesco\/"},"wordCount":917,"commentCount":0,"image":{"@id":"https:\/\/dev.antudigital.cl\/sites\/vc\/presentan-proyecto-para-conseguir-reconocimiento-de-valparaiso-como-ciudad-musical-de-unesco\/#primaryimage"},"thumbnailUrl":"http:\/\/www.valparaisocreativo.cl\/wp-content\/uploads\/2018\/11\/musica4-300x200.jpg","articleSection":["Noticia"],"inLanguage":"es","potentialAction":[{"@type":"CommentAction","name":"Comment","target":["https:\/\/dev.antudigital.cl\/sites\/vc\/presentan-proyecto-para-conseguir-reconocimiento-de-valparaiso-como-ciudad-musical-de-unesco\/#respond"]}]},{"@type":"WebPage","@id":"https:\/\/dev.antudigital.cl\/sites\/vc\/presentan-proyecto-para-conseguir-reconocimiento-de-valparaiso-como-ciudad-musical-de-unesco\/","url":"https:\/\/dev.antudigital.cl\/sites\/vc\/presentan-proyecto-para-conseguir-reconocimiento-de-valparaiso-como-ciudad-musical-de-unesco\/","name":"Presentan proyecto para conseguir reconocimiento de Valpara\u00edso como ciudad musical de Unesco - Valpara\u00ed\u00adso Creativo","isPartOf":{"@id":"https:\/\/dev.antudigital.cl\/sites\/vc\/#website"},"primaryImageOfPage":{"@id":"https:\/\/dev.antudigital.cl\/sites\/vc\/presentan-proyecto-para-conseguir-reconocimiento-de-valparaiso-como-ciudad-musical-de-unesco\/#primaryimage"},"image":{"@id":"https:\/\/dev.antudigital.cl\/sites\/vc\/presentan-proyecto-para-conseguir-reconocimiento-de-valparaiso-como-ciudad-musical-de-unesco\/#primaryimage"},"thumbnailUrl":"http:\/\/www.valparaisocreativo.cl\/wp-content\/uploads\/2018\/11\/musica4-300x200.jpg","datePublished":"2018-11-28T15:21:38+00:00","dateModified":"2021-12-26T23:18:49+00:00","author":{"@id":""},"breadcrumb":{"@id":"https:\/\/dev.antudigital.cl\/sites\/vc\/presentan-proyecto-para-conseguir-reconocimiento-de-valparaiso-como-ciudad-musical-de-unesco\/#breadcrumb"},"inLanguage":"es","potentialAction":[{"@type":"ReadAction","target":["https:\/\/dev.antudigital.cl\/sites\/vc\/presentan-proyecto-para-conseguir-reconocimiento-de-valparaiso-como-ciudad-musical-de-unesco\/"]}]},{"@type":"ImageObject","inLanguage":"es","@id":"https:\/\/dev.antudigital.cl\/sites\/vc\/presentan-proyecto-para-conseguir-reconocimiento-de-valparaiso-como-ciudad-musical-de-unesco\/#primaryimage","url":"http:\/\/www.valparaisocreativo.cl\/wp-content\/uploads\/2018\/11\/musica4-300x200.jpg","contentUrl":"http:\/\/www.valparaisocreativo.cl\/wp-content\/uploads\/2018\/11\/musica4-300x200.jpg"},{"@type":"BreadcrumbList","@id":"https:\/\/dev.antudigital.cl\/sites\/vc\/presentan-proyecto-para-conseguir-reconocimiento-de-valparaiso-como-ciudad-musical-de-unesco\/#breadcrumb","itemListElement":[{"@type":"ListItem","position":1,"name":"Home","item":"https:\/\/dev.antudigital.cl\/sites\/vc\/"},{"@type":"ListItem","position":2,"name":"Presentan proyecto para conseguir reconocimiento de Valpara\u00edso como ciudad musical de Unesco"}]},{"@type":"WebSite","@id":"https:\/\/dev.antudigital.cl\/sites\/vc\/#website","url":"https:\/\/dev.antudigital.cl\/sites\/vc\/","name":"Valpara\u00ed\u00adso Creativo","description":"","potentialAction":[{"@type":"SearchAction","target":{"@type":"EntryPoint","urlTemplate":"https:\/\/dev.antudigital.cl\/sites\/vc\/?s={search_term_string}"},"query-input":{"@type":"PropertyValueSpecification","valueRequired":true,"valueName":"search_term_string"}}],"inLanguage":"es"},{"@type":"Person","@id":"","url":"https:\/\/dev.antudigital.cl\/sites\/vc\/author\/"}]}},"_links":{"self":[{"href":"https:\/\/dev.antudigital.cl\/sites\/vc\/wp-json\/wp\/v2\/posts\/9230","targetHints":{"allow":["GET"]}}],"collection":[{"href":"https:\/\/dev.antudigital.cl\/sites\/vc\/wp-json\/wp\/v2\/posts"}],"about":[{"href":"https:\/\/dev.antudigital.cl\/sites\/vc\/wp-json\/wp\/v2\/types\/post"}],"author":[{"embeddable":true,"href":"https:\/\/dev.antudigital.cl\/sites\/vc\/wp-json\/wp\/v2\/users\/8"}],"replies":[{"embeddable":true,"href":"https:\/\/dev.antudigital.cl\/sites\/vc\/wp-json\/wp\/v2\/comments?post=9230"}],"version-history":[{"count":1,"href":"https:\/\/dev.antudigital.cl\/sites\/vc\/wp-json\/wp\/v2\/posts\/9230\/revisions"}],"predecessor-version":[{"id":9232,"href":"https:\/\/dev.antudigital.cl\/sites\/vc\/wp-json\/wp\/v2\/posts\/9230\/revisions\/9232"}],"wp:attachment":[{"href":"https:\/\/dev.antudigital.cl\/sites\/vc\/wp-json\/wp\/v2\/media?parent=9230"}],"wp:term":[{"taxonomy":"category","embeddable":true,"href":"https:\/\/dev.antudigital.cl\/sites\/vc\/wp-json\/wp\/v2\/categories?post=9230"},{"taxonomy":"post_tag","embeddable":true,"href":"https:\/\/dev.antudigital.cl\/sites\/vc\/wp-json\/wp\/v2\/tags?post=9230"}],"curies":[{"name":"wp","href":"https:\/\/api.w.org\/{rel}","templated":true}]}}